{"id":10025,"date":"2019-04-02T18:15:26","date_gmt":"2019-04-03T01:15:26","guid":{"rendered":"http:\/\/13.53.127.146\/?p=10025"},"modified":"2019-03-31T18:30:34","modified_gmt":"2019-04-01T01:30:34","slug":"keskuskirjasto-sai-lopultakin-kattopuutarhan","status":"publish","type":"post","link":"https:\/\/www.vuosiamaailmalla.fi\/blog\/2019\/keskuskirjasto-sai-lopultakin-kattopuutarhan\/","title":{"rendered":"Keskuskirjasto sai viimein kattopuutarhan"},"content":{"rendered":"<p style=\"text-align: justify;\">Vancouverin keskustakirjaston vuonna 1995 valmistunut soikionmuotoinen p\u00e4\u00e4rakennus esiintyy monen Vancouverissa vierailevan valokuvissa. Sangen n\u00e4ytt\u00e4v\u00e4 yhdeks\u00e4nkerroksinen rakennus on n\u00e4hty my\u00f6s monessa kaupungissa kuvatussa televisiosarjassa ja on kuuluisan kanadalais-israelilaisen arkkitehti Moshe Safdien k\u00e4sialaa. Safdie on suunnitellut monia merkkirakennuksia ymp\u00e4ri maailmaa, esimerkiksi Singaporen kuuluisan <em>Marina Bay Sands<\/em> -hotellin.<\/p>\n<p><!--more--><\/p>\n<p style=\"text-align: center;\"><a href=\"\/blog\/wp-content\/uploads\/2019\/vancouverin_keskuskirjasto_rakenteilla1.jpg\"><img decoding=\"async\" src=\"\/blog\/wp-content\/uploads\/2019\/thumbs\/thumbs_vancouverin_keskuskirjasto_rakenteilla1.jpg\" \/><\/a><a href=\"\/blog\/wp-content\/uploads\/2019\/vancouverin_keskuskirjasto_rakenteilla2.jpg\"><img decoding=\"async\" src=\"\/blog\/wp-content\/uploads\/2019\/thumbs\/thumbs_vancouverin_keskuskirjasto_rakenteilla2.jpg\" \/><\/a><\/p>\n<p style=\"text-align: center;\"><em>Keskuskirjasto rakenteilla<\/em><\/p>\n<p style=\"text-align: center;\"><a href=\"\/blog\/wp-content\/uploads\/2015\/vancouver_city_library.jpg\"><img decoding=\"async\" src=\"\/blog\/wp-content\/uploads\/2015\/vancouver_city_library.jpg\" \/><\/a><\/p>\n<p style=\"text-align: center;\"><em>Ymp\u00e4r\u00f6iv\u00e4 alue nykyisin<\/em><\/p>\n<p style=\"text-align: justify;\">Kirjasto on j\u00e4rjestyksess\u00e4\u00e4n kaupungin historian kolmas p\u00e4\u00e4kirjasto ja se oli ehdotetuista kilpailut\u00f6ist\u00e4 kaikkein erilaisin ja rohkein vaihtoehto. Perinteisest\u00e4 poikkeava tyylisuunta, joka huokuu <a title=\"\u00d6inen Rooma sek\u00e4 palatsien ja puutarhojen Tivoli\" href=\"https:\/\/www.vuosiamaailmalla.fi\/?p=2859\">roomalaista<\/a> tyylisuuntaa, oli yleis\u00f6n suuri suosikki ja voitti ylivoimaisesti arkkitehtikilpailun. Rakennuksen rakentaminen aloitettiin vuonna 1993 tuolloin viel\u00e4 kovin r\u00e4hj\u00e4iselle Yaletownin nurkalle, korttelien p\u00e4\u00e4h\u00e4n silloisesta keskusta-alueesta. 90-luvun j\u00e4lkeen alue on kuitenkin muuttunut voimakkaasti ja kahden vuosikymmenen aikana rakennuksen ymp\u00e4rille on rakentunut Vancouverin halutuimpiin kuuluva asuinalue.<\/p>\n<p style=\"text-align: center;\"><a href=\"\/blog\/wp-content\/uploads\/2013\/vancouverin_keskuskirjasto1.jpg\"><img decoding=\"async\" src=\"\/blog\/wp-content\/uploads\/2013\/thumbs\/thumbs_vancouverin_keskuskirjasto1.jpg\" \/><\/a><a href=\"\/blog\/wp-content\/uploads\/2013\/vancouverin_keskuskirjasto2.jpg\"><img decoding=\"async\" src=\"\/blog\/wp-content\/uploads\/2013\/thumbs\/thumbs_vancouverin_keskuskirjasto2.jpg\" \/><\/a><a href=\"\/blog\/wp-content\/uploads\/2019\/keskuskirjastolla1.jpg\"><img decoding=\"async\" src=\"\/blog\/wp-content\/uploads\/2019\/thumbs\/thumbs_keskuskirjastolla1.jpg\" \/><\/a><\/p>\n<p style=\"text-align: center;\"><em>P\u00e4\u00e4kirjasto ulkoa ja sis\u00e4lt\u00e4<\/em><\/p>\n<p style=\"text-align: justify;\">Kirjasto rakentui uskollisena Safdien alkuper\u00e4iselle visiolle, joskin siin\u00e4 rakennuksen kaikki yhdeks\u00e4n kerrosta oli pyhitetty kirjaston k\u00e4ytt\u00f6\u00f6n. Kuitenkin viimeisten 20 vuoden ajan Kanadan liittovaltio on pit\u00e4nyt kahta ylint\u00e4 kerrosta, sek\u00e4 viereist\u00e4 21-kerroksista toimistotornia, omina toimitiloinaan aina vuoteen 2017 asti, jolloin yl\u00e4kerrokset vapautuivat kirjaston k\u00e4ytt\u00f6\u00f6n. Samassa yhteydess\u00e4 katolle alettiin rakentamaan alkuper\u00e4iseen arkkitehtisuunnitelmaan kuulunutta julkista puutarhaa.<\/p>\n<p style=\"text-align: center;\"><a href=\"\/blog\/wp-content\/uploads\/2019\/keskuskirjaston_katolla1.jpg\"><img decoding=\"async\" src=\"\/blog\/wp-content\/uploads\/2019\/thumbs\/thumbs_keskuskirjaston_katolla1.jpg\" \/><\/a><a href=\"\/blog\/wp-content\/uploads\/2019\/keskuskirjaston_katolla4.jpg\"><img decoding=\"async\" src=\"\/blog\/wp-content\/uploads\/2019\/thumbs\/thumbs_keskuskirjaston_katolla4.jpg\" \/><\/a><a href=\"\/blog\/wp-content\/uploads\/2019\/keskuskirjaston_katolla7.jpg\"><img decoding=\"async\" src=\"\/blog\/wp-content\/uploads\/2019\/thumbs\/thumbs_keskuskirjaston_katolla7.jpg\" \/><\/a><\/p>\n<p style=\"text-align: center;\"><em>Uusi puutarha on kauniina p\u00e4iv\u00e4n\u00e4 upea<\/em><\/p>\n<p style=\"text-align: justify;\">Reilun 15 miljoonan dollarin hintainen remontti valmistui viime syksyll\u00e4, mutta en ole ehtinyt katsastamaan puutarhaa ennen viime viikonlopun aurinkoista lauantaita. Kaunis ja l\u00e4mmin kev\u00e4t on saanut luonnon jo monin paikoin kukkimaan ja kattopuutarha olikin jo alkanut vihert\u00e4\u00e4. Kes\u00e4aikaan puutarhalla riitt\u00e4\u00e4 varmasti kiirett\u00e4, sill\u00e4 se vaikuttaa suositulta paikalta rauhoittua esimerkiksi hyv\u00e4n kirjan \u00e4\u00e4ress\u00e4 tai vain nauttia kahvista ja maisemista katutason liikenteen yl\u00e4puolella.<\/p>\n<p style=\"text-align: center;\"><a href=\"\/blog\/wp-content\/uploads\/2019\/keskuskirjaston_katolla3.jpg\"><img decoding=\"async\" src=\"\/blog\/wp-content\/uploads\/2019\/thumbs\/thumbs_keskuskirjaston_katolla3.jpg\" \/><\/a><a href=\"\/blog\/wp-content\/uploads\/2019\/keskuskirjaston_katolla2.jpg\"><img decoding=\"async\" src=\"\/blog\/wp-content\/uploads\/2019\/thumbs\/thumbs_keskuskirjaston_katolla2.jpg\" \/><\/a><a href=\"\/blog\/wp-content\/uploads\/2019\/keskuskirjaston_katolla6.jpg\"><img decoding=\"async\" src=\"\/blog\/wp-content\/uploads\/2019\/thumbs\/thumbs_keskuskirjaston_katolla6.jpg\" \/><\/a><\/p>\n<p style=\"text-align: center;\"><em>Ymp\u00e4r\u00f6iv\u00e4\u00e4 Yaletownia voi ihailla uudesta kuvakulmasta<\/em><\/p>\n<p style=\"text-align: justify;\">Katolta aukeavat mukiinmenev\u00e4t maisemat l\u00e4hiymp\u00e4rist\u00f6\u00f6n, jossa on paraikaa rakentumassa valtavasti uutta toimistotilaa ja asuntoja. Eri projektien tiirailuun kattotasanne tarjoaakin hyv\u00e4t olosuhteet ja olin ilahtunut n\u00e4hty\u00e4ni mit\u00e4 aiemmin t\u00e4ysin joutilaana olleelle tilalle oli tehty. Ihmiset n\u00e4ytt\u00e4v\u00e4t my\u00f6s jo l\u00f6yt\u00e4neen uuden julkisen kaupunkitilan ja paikka pit\u00e4\u00e4kin katsastaa uudelleen jonain kauniina kes\u00e4viikonloppuna. \ud83d\ude42<\/p>\n<p style=\"text-align: center;\"><a href=\"\/blog\/wp-content\/uploads\/2019\/keskuskirjaston_katolla5.jpg\"><img decoding=\"async\" src=\"\/blog\/wp-content\/uploads\/2019\/keskuskirjaston_katolla5.jpg\" \/><\/a><\/p>\n<p style=\"text-align: center;\"><em>Alueelle rakentuu paraikaa valtavasti uutta<\/em><\/p>\n","protected":false},"excerpt":{"rendered":"<p>Vancouverin keskustakirjaston vuonna 1995 valmistunut soikionmuotoinen p\u00e4\u00e4rakennus esiintyy monen Vancouverissa vierailevan valokuvissa. Sangen n\u00e4ytt\u00e4v\u00e4 yhdeks\u00e4nkerroksinen rakennus on n\u00e4hty my\u00f6s monessa kaupungissa kuvatussa televisiosarjassa ja on kuuluisan kanadalais-israelilaisen arkkitehti Moshe Safdien k\u00e4sialaa. Safdie on suunnitellut monia merkkirakennuksia ymp\u00e4ri maailmaa, esimerkiksi Singaporen kuuluisan Marina Bay Sands -hotellin.<\/p>\n","protected":false},"author":1,"featured_media":10026,"comment_status":"open","ping_status":"open","sticky":false,"template":"","format":"standard","meta":{"_jetpack_memberships_contains_paid_content":false,"footnotes":""},"categories":[17,3],"tags":[34,229,139,935,939,1398,215],"class_list":["post-10025","post","type-post","status-publish","format-standard","has-post-thumbnail","hentry","category-arki-kanadassa","category-arki-ulkomailla","tag-arki","tag-arkkitehtuuri","tag-historiaa-2","tag-kanada","tag-vancouver","tag-vancouver-public-library","tag-vancouver-yaletown"],"jetpack_featured_media_url":"https:\/\/www.vuosiamaailmalla.fi\/blog\/wp-content\/uploads\/keskuskirjaston_katolla_banner.jpg","jetpack_sharing_enabled":true,"_links":{"self":[{"href":"https:\/\/www.vuosiamaailmalla.fi\/blog\/wp-json\/wp\/v2\/posts\/10025","targetHints":{"allow":["GET"]}}],"collection":[{"href":"https:\/\/www.vuosiamaailmalla.fi\/blog\/wp-json\/wp\/v2\/posts"}],"about":[{"href":"https:\/\/www.vuosiamaailmalla.fi\/blog\/wp-json\/wp\/v2\/types\/post"}],"author":[{"embeddable":true,"href":"https:\/\/www.vuosiamaailmalla.fi\/blog\/wp-json\/wp\/v2\/users\/1"}],"replies":[{"embeddable":true,"href":"https:\/\/www.vuosiamaailmalla.fi\/blog\/wp-json\/wp\/v2\/comments?post=10025"}],"version-history":[{"count":0,"href":"https:\/\/www.vuosiamaailmalla.fi\/blog\/wp-json\/wp\/v2\/posts\/10025\/revisions"}],"wp:featuredmedia":[{"embeddable":true,"href":"https:\/\/www.vuosiamaailmalla.fi\/blog\/wp-json\/wp\/v2\/media\/10026"}],"wp:attachment":[{"href":"https:\/\/www.vuosiamaailmalla.fi\/blog\/wp-json\/wp\/v2\/media?parent=10025"}],"wp:term":[{"taxonomy":"category","embeddable":true,"href":"https:\/\/www.vuosiamaailmalla.fi\/blog\/wp-json\/wp\/v2\/categories?post=10025"},{"taxonomy":"post_tag","embeddable":true,"href":"https:\/\/www.vuosiamaailmalla.fi\/blog\/wp-json\/wp\/v2\/tags?post=10025"}],"curies":[{"name":"wp","href":"https:\/\/api.w.org\/{rel}","templated":true}]}}