{"id":10045,"date":"2019-04-27T16:32:55","date_gmt":"2019-04-27T23:32:55","guid":{"rendered":"http:\/\/13.53.127.146\/?p=10045"},"modified":"2021-07-25T17:06:06","modified_gmt":"2021-07-26T00:06:06","slug":"perhospilvenpiirtaja-saa-naapureita","status":"publish","type":"post","link":"https:\/\/www.vuosiamaailmalla.fi\/blog\/2019\/perhospilvenpiirtaja-saa-naapureita\/","title":{"rendered":"Perhospilvenpiirt\u00e4j\u00e4 saa naapureita"},"content":{"rendered":"<p style=\"text-align: justify;\">Vancouverin yksi t\u00e4m\u00e4n hetken <a title=\"Kiivasta rakentamista Downtownissa\" href=\"https:\/\/www.vuosiamaailmalla.fi\/blog\/2021\/kiivasta-rakentamista-downtownissa\/\">kuumimpia rakennusalueita<\/a> on <em>Burrard<\/em> ja <em>Nelson Streetin<\/em> risteys, vain kivenheiton p\u00e4\u00e4ss\u00e4 Downtownin maastollisesti korkeimmasta pisteest\u00e4 <em>Nelson Parkin<\/em>\u00a0puistosta. Alueen maamerkkin\u00e4 on jo sadan vuoden ajan seissyt vuonna 1911 valmistunut kaunis <em>First Baptist Church<\/em>, jonka vastap\u00e4\u00e4t\u00e4 sijaitsee <em>St. Andrew&#8217;s Wesley Churchin<\/em> kivikirkko vuodelta 1933. Kaksoiskirkot luovat alueelle Vancouverissa varsin harvinaista historiallista arvokkuutta, vierell\u00e4\u00e4n entinen kotimme, 150 metri\u00e4 korkea moderni lasipilvenpiirt\u00e4j\u00e4 <em>One Wall Centre<\/em>.<\/p>\n<p><!--more--><\/p>\n<p style=\"text-align: center;\"><a href=\"\/blog\/wp-content\/uploads\/2019\/butterfly_tower_panoraama2.jpg\"><img decoding=\"async\" src=\"\/blog\/wp-content\/uploads\/2019\/butterfly_tower_panoraama2_pieni.jpg\" \/><\/a><\/p>\n<p style=\"text-align: center;\"><em>Vancouverin siluettiin nousee uusia maamerkkej\u00e4<\/em><\/p>\n<p style=\"text-align: center;\"><a href=\"\/blog\/wp-content\/uploads\/2019\/butterfly_tower12.jpg\"><img decoding=\"async\" src=\"\/blog\/wp-content\/uploads\/2019\/butterfly_tower12.jpg\" \/><\/a><\/p>\n<p style=\"text-align: center;\"><em>N\u00e4kym\u00e4 Nelson Parkin suunnalta<\/em><\/p>\n<p style=\"text-align: justify;\">Sijainti on \u00e4\u00e4rimm\u00e4isen keskeinen ja sielt\u00e4 on lyhyt k\u00e4velymatka kaikkialle. Ei olekaan yll\u00e4tys, ett\u00e4 meneill\u00e4\u00e4n oleva <a title=\"Tulikuumana hohkaava talous\" href=\"https:\/\/www.vuosiamaailmalla.fi\/?p=8332\">valtaisa rakennusbuumi<\/a> on tavoittanut my\u00f6s alueen ja k\u00e4ynniss\u00e4 on per\u00e4ti kolme merkitt\u00e4v\u00e4\u00e4 projektia sek\u00e4 nelj\u00e4 korkeaa tornia. N\u00e4ist\u00e4 ehk\u00e4 kiintoisin on jo k\u00e4ynniss\u00e4 oleva <em>The Butterfly<\/em>, josta tulee valmistuessaan mahdollisesti Vancouverin yleellisin asuinpilvenpiirt\u00e4j\u00e4. Arkkitehti Bing Thomin laatimasta 179 metri\u00e4 korkeasta pilvenpiirt\u00e4j\u00e4st\u00e4 tulee valmistuessaan kaupungin kolmanneksi korkein ja sen erikoinen nelj\u00e4\u00e4 yhteen niputettua urkupilli\u00e4 muistuttava muoto tulee varmasti her\u00e4tt\u00e4m\u00e4\u00e4n huomiota kaupungin siluetissa.<\/p>\n<p style=\"text-align: center;\"><a href=\"\/blog\/wp-content\/uploads\/2019\/butterfly_tower5.jpg\"><img decoding=\"async\" src=\"\/blog\/wp-content\/uploads\/2019\/thumbs\/thumbs_butterfly_tower5.jpg\" \/><\/a><a href=\"\/blog\/wp-content\/uploads\/2019\/butterfly_tower4.jpg\"><img decoding=\"async\" src=\"\/blog\/wp-content\/uploads\/2019\/thumbs\/thumbs_butterfly_tower4.jpg\" \/><\/a><a href=\"\/blog\/wp-content\/uploads\/2019\/butterfly_tower1.jpg\"><img decoding=\"async\" src=\"\/blog\/wp-content\/uploads\/2019\/thumbs\/thumbs_butterfly_tower1.jpg\" \/><\/a><a href=\"\/blog\/wp-content\/uploads\/2019\/butterfly_tower2.jpg\"><img decoding=\"async\" src=\"\/blog\/wp-content\/uploads\/2019\/thumbs\/thumbs_butterfly_tower2.jpg\" \/><\/a><\/p>\n<p style=\"text-align: center;\"><em>Perhospilvenpiirt\u00e4j\u00e4 kohoaa kirkon kupeeseen<\/em><\/p>\n<p style=\"text-align: center;\"><iframe loading=\"lazy\" src=\"https:\/\/www.youtube-nocookie.com\/embed\/1PDd5nn6q-8\" width=\"560\" height=\"315\" frameborder=\"0\" allowfullscreen=\"allowfullscreen\"><\/iframe><\/p>\n<p style=\"text-align: justify;\">Korkean tornin 57 asuinkerrokseen tulevista asunnoista tulee prameita ja niist\u00e4 aukeaa upeat maisemat yli keskustan. Py\u00f6re\u00e4sein\u00e4isiin asuntoihin tulee jokaiseen isot suojatut parvekkeet ja sis\u00e4\u00e4nk\u00e4ynti tapahtuu jokaiseen kerrokseen tulevan ulkotilan kautta, mink\u00e4 k\u00e4yt\u00e4nn\u00f6llisyys sateella ja syysmyrskyn aikaan tulee olemaan kiintoisa n\u00e4hd\u00e4. Kaikkein yleellisimpi\u00e4 tulee tietenkin ylimm\u00e4n kerroksen kahdesta, l\u00e4hes 500-neli\u00f6isest\u00e4 kattohuoneistosta. Kaksikerroksisten luksusasuntojen katolta l\u00f6ytyy laaja kattoterassi omalla uima-altaalla. Altaisiin tulee <a title=\"Kaaritorni Arc nousi huippuunsa\" href=\"https:\/\/www.vuosiamaailmalla.fi\/?p=10032\">lasinen pohja<\/a>, joista n\u00e4kee sis\u00e4lle alapuoleiseen olohuoneeseen! Altaat toimivat t\u00e4ten my\u00f6s alempaan kerrokseen valoa tuovina kattoikkunoina.<\/p>\n<p style=\"text-align: center;\"><a href=\"\/blog\/wp-content\/uploads\/2019\/butterfly_tower11.jpg\"><img decoding=\"async\" src=\"\/blog\/wp-content\/uploads\/2019\/thumbs\/thumbs_butterfly_tower11.jpg\" \/><\/a><a href=\"\/blog\/wp-content\/uploads\/2019\/butterfly_tower10.jpg\"><img decoding=\"async\" src=\"\/blog\/wp-content\/uploads\/2019\/thumbs\/thumbs_butterfly_tower10.jpg\" \/><\/a><a href=\"\/blog\/wp-content\/uploads\/2019\/butterfly_tower21.jpg\"><img decoding=\"async\" src=\"\/blog\/wp-content\/uploads\/2019\/thumbs\/thumbs_butterfly_tower21.jpg\" \/><\/a><\/p>\n<p style=\"text-align: center;\"><em>Kattohuoneistoista tulee kaupungin hulppeimmat<\/em><\/p>\n<p style=\"text-align: center;\"><a href=\"\/blog\/wp-content\/uploads\/2019\/butterfly_tower16.jpg\"><img decoding=\"async\" src=\"\/blog\/wp-content\/uploads\/2019\/thumbs\/thumbs_butterfly_tower16.jpg\" \/><\/a><a href=\"\/blog\/wp-content\/uploads\/2019\/butterfly_tower18.jpg\"><img decoding=\"async\" src=\"\/blog\/wp-content\/uploads\/2019\/thumbs\/thumbs_butterfly_tower18.jpg\" \/><\/a><a href=\"\/blog\/wp-content\/uploads\/2019\/butterfly_tower20.jpg\"><img decoding=\"async\" src=\"\/blog\/wp-content\/uploads\/2019\/thumbs\/thumbs_butterfly_tower20.jpg\" \/><\/a><\/p>\n<p style=\"text-align: center;\"><em>Yl\u00e4kerroksiin tulee isoja asuntoja<\/em><\/p>\n<p style=\"text-align: justify;\">Kattohuoneistojen hintoja ei ole paljastettu, mutta niiden hinnan oletetaan olevan reilusti yli 25 miljoonaa dollaria ja suurella todenn\u00e4k\u00f6isyydell\u00e4 ne myyd\u00e4\u00e4n ulkomaalaisille omistajille. Asuntoja ei ole edes markkinoitu t\u00e4\u00e4ll\u00e4 Vancouverissa, vaan ainoastaan Aasian suurkaupungeissa j\u00e4rjestetyiss\u00e4 tilaisuuksissa.<\/p>\n<p style=\"text-align: center;\"><a href=\"\/blog\/wp-content\/uploads\/2019\/butterfly_tower_panoraama1.jpg\"><img decoding=\"async\" src=\"\/blog\/wp-content\/uploads\/2019\/butterfly_tower_panoraama1_pieni.jpg\" \/><\/a><\/p>\n<p style=\"text-align: center;\"><em>Keskell\u00e4 entist\u00e4 maisemaamme<\/em><\/p>\n<p style=\"text-align: center;\"><a href=\"\/blog\/wp-content\/uploads\/2019\/butterfly_tower22.jpg\"><img decoding=\"async\" src=\"\/blog\/wp-content\/uploads\/2019\/butterfly_tower22.jpg\" \/><\/a><\/p>\n<p style=\"text-align: center;\"><em>Yleellinen kylpyhuone<\/em><\/p>\n<p style=\"text-align: justify;\">Tornin muiden asukkaiden pit\u00e4\u00e4 tyyty\u00e4 rakennuksen juureen valmistuvaan upeaan uima-altaaseen, jonka holvikatto syleilee historiallista kirkkorakennusta. My\u00f6s rakennuksen aulasta on havainnekuvien perusteella tulossa \u00e4\u00e4rimm\u00e4isen futuristinen kaarikattoinen avoin ja eritt\u00e4in valoisa tila, jollaista on vaikea kuvitella.<\/p>\n<p style=\"text-align: center;\"><a href=\"\/blog\/wp-content\/uploads\/2019\/butterfly_tower9.jpg\"><img decoding=\"async\" src=\"\/blog\/wp-content\/uploads\/2019\/thumbs\/thumbs_butterfly_tower9.jpg\" \/><\/a><a href=\"\/blog\/wp-content\/uploads\/2019\/butterfly_tower8.jpg\"><img decoding=\"async\" src=\"\/blog\/wp-content\/uploads\/2019\/thumbs\/thumbs_butterfly_tower8.jpg\" \/><\/a><a href=\"\/blog\/wp-content\/uploads\/2019\/butterfly_tower17.jpg\"><img decoding=\"async\" src=\"\/blog\/wp-content\/uploads\/2019\/thumbs\/thumbs_butterfly_tower17.jpg\" \/><\/a><\/p>\n<p style=\"text-align: center;\"><em>Eteisaula tulevaisuudesta<\/em><\/p>\n<p style=\"text-align: center;\"><a href=\"\/blog\/wp-content\/uploads\/2019\/butterfly_tower13.jpg\"><img decoding=\"async\" src=\"\/blog\/wp-content\/uploads\/2019\/thumbs\/thumbs_butterfly_tower13.jpg\" \/><\/a><a href=\"\/blog\/wp-content\/uploads\/2019\/butterfly_tower14.jpg\"><img decoding=\"async\" src=\"\/blog\/wp-content\/uploads\/2019\/thumbs\/thumbs_butterfly_tower14.jpg\" \/><\/a><a href=\"\/blog\/wp-content\/uploads\/2019\/butterfly_tower19.jpg\"><img decoding=\"async\" src=\"\/blog\/wp-content\/uploads\/2019\/thumbs\/thumbs_butterfly_tower19.jpg\" \/><\/a><br \/>\n<a href=\"\/blog\/wp-content\/uploads\/2019\/butterfly_tower6.jpg\"><img decoding=\"async\" src=\"\/blog\/wp-content\/uploads\/2019\/thumbs\/thumbs_butterfly_tower6.jpg\" \/><\/a><a href=\"\/blog\/wp-content\/uploads\/2019\/butterfly_tower7.jpg\"><img decoding=\"async\" src=\"\/blog\/wp-content\/uploads\/2019\/thumbs\/thumbs_butterfly_tower7.jpg\" \/><\/a><\/p>\n<p style=\"text-align: center;\"><em>Asukkaiden fiinit yhteistilat<\/em><\/p>\n<p style=\"text-align: justify;\">Hieman yll\u00e4tt\u00e4en pramea luksuspilvenpiirt\u00e4j\u00e4 ei ole kohdannut juurikaan vastustusta ja siit\u00e4 tulee parin vuoden sis\u00e4ll\u00e4 uusi huomattava maamerkki. Torni ei j\u00e4\u00e4 kuitenkaan yksin\u00e4iseksi, sill\u00e4 se saa mit\u00e4 todenn\u00e4k\u00f6isimmin naapuriinsa t\u00e4sm\u00e4lleen yht\u00e4 korkean, my\u00f6skin 179-metrisen mutta 60-kerroksisen, aaltoilevan pilvenpiirt\u00e4j\u00e4n. Vastik\u00e4\u00e4n esitelty uusi ehdotus on jo toinen suunnitelma kyseiselle tontille, jonka ensimm\u00e4inen vuonna 2015 esitelty versio <a title=\"Kilpailu korkeimmasta pilvenpiirt\u00e4j\u00e4st\u00e4\" href=\"https:\/\/www.vuosiamaailmalla.fi\/?p=11013\">korkeasta pilvenpiirt\u00e4j\u00e4st\u00e4<\/a> &#8221;piksel\u00f6idyll\u00e4&#8221; kruunulla joutui\u00a0 valitettavasti ulkomaisen kiinteist\u00f6spekuloinnin uhriksi.<\/p>\n<p style=\"text-align: center;\"><a href=\"\/blog\/wp-content\/uploads\/2019\/pixel_tower1.jpg\"><img decoding=\"async\" src=\"\/blog\/wp-content\/uploads\/2019\/thumbs\/thumbs_pixel_tower1.jpg\" \/><\/a><a href=\"\/blog\/wp-content\/uploads\/2019\/pixel_tower2.jpg\"><img decoding=\"async\" src=\"\/blog\/wp-content\/uploads\/2019\/thumbs\/thumbs_pixel_tower2.jpg\" \/><\/a><\/p>\n<p style=\"text-align: center;\"><em>Aiemmin suunniteltu pikselipilvenpiirt\u00e4j\u00e4<\/em><\/p>\n<p style=\"text-align: justify;\">Tontin osti vuonna 2013 Vancouverissa laajasti vaikuttavien Peter ja Bruno Wallin omistava suuri rakennusliike 16,8 miljoonan dollarin hintaan. Wallien (joiden k\u00e4denj\u00e4lki my\u00f6s One Wall Centre on) tarkoituksena oli rakentaa tontille ensiksi esitelty luksuspilvenpiirt\u00e4j\u00e4, mutta n\u00e4m\u00e4 p\u00e4\u00e4tyiv\u00e4t myym\u00e4\u00e4n tontin saatuaan siit\u00e4 uskomattoman 60 miljoonan dollarin tarjouksen. Melkein nelinkertainen ylihinta pelk\u00e4st\u00e4 tontista oli mahdotonta ohittaa ja niinp\u00e4 tontti p\u00e4\u00e4tyi kiinalaisen omistajan k\u00e4siin. T\u00e4m\u00e4 kuitenkin flippasi tontin vain <strong>kuukautta<\/strong> my\u00f6hemmin 68 miljoonalla dollarilla h\u00e4m\u00e4r\u00e4lle kiinalaismiljon\u00e4\u00e4rille, jonka nimi muistuttaa erehdytt\u00e4v\u00e4sti kahta Kiinassa aiemmin vankeuteen tuomittua huijaria. Tutkivaa journalismia harrastava lehti tutki tapauksen uskomattomia yksityiskohtia perinpohjaisesti, mutta valitettavasti massiiviseen rahanpesuun viittaava k\u00e4hmint\u00e4 teki mahdottomaksi rakentaa tontille kannattavasti mit\u00e4\u00e4n muuta kuin huippukalliita luksusasuntoja .<\/p>\n<p style=\"text-align: center;\"><a href=\"\/blog\/wp-content\/uploads\/2019\/1059_nelson1.jpg\"><img decoding=\"async\" src=\"\/blog\/wp-content\/uploads\/2019\/thumbs\/thumbs_1059_nelson1.jpg\" \/><\/a><a href=\"\/blog\/wp-content\/uploads\/2019\/1059_nelson2.jpg\"><img decoding=\"async\" src=\"\/blog\/wp-content\/uploads\/2019\/thumbs\/thumbs_1059_nelson2.jpg\" \/><\/a><a href=\"\/blog\/wp-content\/uploads\/2019\/1059_nelson3.jpg\"><img decoding=\"async\" src=\"\/blog\/wp-content\/uploads\/2019\/thumbs\/thumbs_1059_nelson3.jpg\" \/><\/a><\/p>\n<p style=\"text-align: center;\"><em>Uusi yritys naapuritornista<\/em><\/p>\n<p style=\"text-align: justify;\">Tuleekin olemaan kiintoisaa n\u00e4hd\u00e4 josko nyt esitelty suunnitelma tullaan koskaan rakentamaan, vai onko sekin vain markkinointia tontin flippaamiseksi seuraavalle rahanpesij\u00e4lle.<\/p>\n<p style=\"text-align: justify;\">Varmemmalla pohjalla ovat sen sijaan n\u00e4iden kahden tornin pohjoispuolelle tulevat t\u00e4htiarkkitehti Ole Scheeren suunnittelemat 140-metriset kaksoistornit. Viel\u00e4 ilman nime\u00e4 oleva projekti on kuuluisan arkkitehdin toinen suunnitelma Vancouveriin, ensimm\u00e4isen ollessa West Endiin tuleva kiehtova <a title=\"Wow-arkkitehtuuri valtasi Vancouverin\" href=\"https:\/\/www.vuosiamaailmalla.fi\/?p=5266\">jenga-torni<\/a>, jonka tyylisuuntaa on l\u00f6ydett\u00e4viss\u00e4 my\u00f6s n\u00e4ist\u00e4 kahdesta tornista.<\/p>\n<p style=\"text-align: center;\"><a href=\"\/blog\/wp-content\/uploads\/2019\/1070_barclay_kaksoistornit4.jpg\"><img decoding=\"async\" src=\"\/blog\/wp-content\/uploads\/2019\/thumbs\/thumbs_1070_barclay_kaksoistornit4.jpg\" \/><\/a><\/p>\n<p style=\"text-align: center;\"><em>Pohjoispuolelle kohoavat kaksoistornit<\/em><\/p>\n<p style=\"text-align: justify;\">Kaksoistorneista ei tiedet\u00e4 paljoa ensimm\u00e4isi\u00e4 havainnekuvia enemp\u00e4\u00e4, mutta sen rakennuslupahakemus on edennut tasaiseen tahtiin kaupungin <a title=\"Vancouverin p\u00f6lh\u00f6t p\u00e4\u00e4tt\u00e4j\u00e4t\" href=\"https:\/\/www.vuosiamaailmalla.fi\/blog\/2021\/vancouverin-polhot-paattajat\/\">byrokratian rattaissa<\/a> ja se voinee l\u00e4hte\u00e4 rakenteille viel\u00e4 t\u00e4n\u00e4 tai viimeist\u00e4\u00e4n ensi vuonna, jos vain buumissa riitt\u00e4\u00e4 h\u00f6nk\u00e4\u00e4.<\/p>\n<p style=\"text-align: center;\"><a href=\"\/blog\/wp-content\/uploads\/2019\/1070_barclay_kaksoistornit2.jpg\"><img decoding=\"async\" src=\"\/blog\/wp-content\/uploads\/2019\/thumbs\/thumbs_1070_barclay_kaksoistornit2.jpg\" \/><\/a><a href=\"\/blog\/wp-content\/uploads\/2019\/1070_barclay_kaksoistornit3.jpg\"><img decoding=\"async\" src=\"\/blog\/wp-content\/uploads\/2019\/thumbs\/thumbs_1070_barclay_kaksoistornit3.jpg\" \/><\/a><a href=\"\/blog\/wp-content\/uploads\/2019\/1070_barclay_kaksoistornit1.jpg\"><img decoding=\"async\" src=\"\/blog\/wp-content\/uploads\/2019\/thumbs\/thumbs_1070_barclay_kaksoistornit1.jpg\" \/><\/a><\/p>\n<p style=\"text-align: center;\"><em>Ole Scheeren tyyli on erehtym\u00e4t\u00f6n<\/em><\/p>\n<p style=\"text-align: justify;\">N\u00e4m\u00e4 nelj\u00e4 tornia tulevat valmistuessaan muuttamaan aluetta melkoisesti ja j\u00e4tt\u00e4m\u00e4\u00e4n kyseist\u00e4 korttelia viel\u00e4 t\u00e4ll\u00e4 hetkell\u00e4 hallitsevan 42-kerroksisen <em>Patinan<\/em> pikkuruiseksi ja korkeiden tornien ymp\u00e4r\u00f6im\u00e4ksi.<\/p>\n<p style=\"text-align: center;\"><a href=\"\/blog\/wp-content\/uploads\/2019\/nelsonin_megakortteli.jpg\"><img decoding=\"async\" src=\"\/blog\/wp-content\/uploads\/2019\/nelsonin_megakortteli.jpg\" \/><\/a><\/p>\n<p style=\"text-align: center;\"><em>Tuleva superkortteli<\/em><\/p>\n<p style=\"text-align: justify;\">Hankkeet kertovat my\u00f6s omaa kielt\u00e4\u00e4n Vancouverin <a title=\"Karannut kanadalainen unelma\" href=\"https:\/\/www.vuosiamaailmalla.fi\/?p=7518\">p\u00e4hk\u00e4hulluista asuntomarkkinoista<\/a>, joilla poliittinen korruptio sek\u00e4 ulkomaiset miljardit k\u00e4ttelev\u00e4t toisiaan. Vaikka kaupungin virkamiehet ovatkin poikkiteloin suunnilleen <a title=\"Uusi korkein toimistopilvenpiirt\u00e4j\u00e4\" href=\"https:\/\/www.vuosiamaailmalla.fi\/?p=9806\">kaikessa mahdollisessa<\/a> uudisprojektien kohdalla, iloitsevat kaupungin p\u00e4\u00e4tt\u00e4j\u00e4t hankkeista saatavista verotuloista. Esimerkiksi The Butterfly maksaa kaupungille kaikkien verojen lis\u00e4ksi per\u00e4ti 90 miljoonaa dollaria &#8221;kehitysrahaa&#8221;, joka k\u00e4ytet\u00e4\u00e4n alueen puistoihin sek\u00e4 kaupungin omiin asuntoprojekteihin.<\/p>\n<p style=\"text-align: justify;\">Jos asuisimme edelleen One Wall Centress\u00e4, olisi n\u00e4ill\u00e4 projekteilla suuri vaikutus entisiin maisemiimme. Nyt kun n\u00e4in ei ole, toivon niiden pikaista kohoamista osaksi kaupunkikuvaa. The Butterfly on jo rakenteilla ja sen pit\u00e4isi alkaa ottamaan muotoa ensi vuoden aikana, joten n\u00e4iden rakennusten kohoamista tuleekin olemaan kiva katsella.<\/p>\n","protected":false},"excerpt":{"rendered":"<p>Vancouverin yksi t\u00e4m\u00e4n hetken kuumimpia rakennusalueita on Burrard ja Nelson Streetin risteys, vain kivenheiton p\u00e4\u00e4ss\u00e4 Downtownin maastollisesti korkeimmasta pisteest\u00e4 Nelson Parkin\u00a0puistosta. Alueen maamerkkin\u00e4 on jo sadan vuoden ajan seissyt vuonna 1911 valmistunut kaunis First Baptist Church, jonka vastap\u00e4\u00e4t\u00e4 sijaitsee St. Andrew&#8217;s Wesley Churchin kivikirkko vuodelta 1933. Kaksoiskirkot luovat alueelle Vancouverissa varsin harvinaista historiallista arvokkuutta, vierell\u00e4\u00e4n &hellip; <a href=\"https:\/\/www.vuosiamaailmalla.fi\/blog\/2019\/perhospilvenpiirtaja-saa-naapureita\/\" class=\"more-link\">Jatka lukemista<span class=\"screen-reader-text\"> &#8221;Perhospilvenpiirt\u00e4j\u00e4 saa naapureita&#8221;<\/span><\/a><\/p>\n","protected":false},"author":1,"featured_media":10048,"comment_status":"open","ping_status":"open","sticky":false,"template":"","format":"standard","meta":{"_jetpack_memberships_contains_paid_content":false,"footnotes":""},"categories":[17,3],"tags":[229,935,301,1399,939,238],"class_list":["post-10045","post","type-post","status-publish","format-standard","has-post-thumbnail","hentry","category-arki-kanadassa","category-arki-ulkomailla","tag-arkkitehtuuri","tag-kanada","tag-rakennustyomaa","tag-the-butterfly","tag-vancouver","tag-vancouver-west-end"],"jetpack_featured_media_url":"https:\/\/www.vuosiamaailmalla.fi\/blog\/wp-content\/uploads\/perhostorni_banner.jpg","jetpack_sharing_enabled":true,"_links":{"self":[{"href":"https:\/\/www.vuosiamaailmalla.fi\/blog\/wp-json\/wp\/v2\/posts\/10045","targetHints":{"allow":["GET"]}}],"collection":[{"href":"https:\/\/www.vuosiamaailmalla.fi\/blog\/wp-json\/wp\/v2\/posts"}],"about":[{"href":"https:\/\/www.vuosiamaailmalla.fi\/blog\/wp-json\/wp\/v2\/types\/post"}],"author":[{"embeddable":true,"href":"https:\/\/www.vuosiamaailmalla.fi\/blog\/wp-json\/wp\/v2\/users\/1"}],"replies":[{"embeddable":true,"href":"https:\/\/www.vuosiamaailmalla.fi\/blog\/wp-json\/wp\/v2\/comments?post=10045"}],"version-history":[{"count":2,"href":"https:\/\/www.vuosiamaailmalla.fi\/blog\/wp-json\/wp\/v2\/posts\/10045\/revisions"}],"predecessor-version":[{"id":12360,"href":"https:\/\/www.vuosiamaailmalla.fi\/blog\/wp-json\/wp\/v2\/posts\/10045\/revisions\/12360"}],"wp:featuredmedia":[{"embeddable":true,"href":"https:\/\/www.vuosiamaailmalla.fi\/blog\/wp-json\/wp\/v2\/media\/10048"}],"wp:attachment":[{"href":"https:\/\/www.vuosiamaailmalla.fi\/blog\/wp-json\/wp\/v2\/media?parent=10045"}],"wp:term":[{"taxonomy":"category","embeddable":true,"href":"https:\/\/www.vuosiamaailmalla.fi\/blog\/wp-json\/wp\/v2\/categories?post=10045"},{"taxonomy":"post_tag","embeddable":true,"href":"https:\/\/www.vuosiamaailmalla.fi\/blog\/wp-json\/wp\/v2\/tags?post=10045"}],"curies":[{"name":"wp","href":"https:\/\/api.w.org\/{rel}","templated":true}]}}