{"id":10079,"date":"2019-06-01T10:15:52","date_gmt":"2019-06-01T17:15:52","guid":{"rendered":"http:\/\/13.53.127.146\/?p=10079"},"modified":"2019-06-01T10:44:21","modified_gmt":"2019-06-01T17:44:21","slug":"ilta-carrie-underwoodin-kanssa","status":"publish","type":"post","link":"https:\/\/www.vuosiamaailmalla.fi\/blog\/2019\/ilta-carrie-underwoodin-kanssa\/","title":{"rendered":"Ilta Carrie Underwoodin kanssa"},"content":{"rendered":"<p style=\"text-align: justify;\">Lokakuussa n\u00e4kem\u00e4mme country-musiikin <a title=\"Kantrimusiikin maailmant\u00e4hti\u00e4 kuulemassa\" href=\"https:\/\/www.vuosiamaailmalla.fi\/?p=9835\">maailmant\u00e4hti Luke Bryanin<\/a> suuri stadionkeikka Vancouverissa j\u00e4tti meille sen verta hyv\u00e4t fiilikset, ett\u00e4 varasimme talvella liput kuulemaan nyt toukokuussa kaupunkiin saapunutta toista meganime\u00e4, Carrie Underwoodia. Underwood on yksi country-musiikin menestyneimpi\u00e4 t\u00e4hti\u00e4, joka teki l\u00e4pimurtonsa vuonna 2005, voitettuaan huippusuositun <em>American Idol<\/em> -laulukilpailun nelj\u00e4nnen tuotantokauden.<\/p>\n<p><!--more--><\/p>\n<p style=\"text-align: center;\"><a href=\"\/blog\/wp-content\/uploads\/2019\/carrie_underwood3.jpg\"><img decoding=\"async\" src=\"\/blog\/wp-content\/uploads\/2019\/thumbs\/thumbs_carrie_underwood3.jpg\" \/><\/a><a href=\"\/blog\/wp-content\/uploads\/2019\/carrie_underwood2.jpg\"><img decoding=\"async\" src=\"\/blog\/wp-content\/uploads\/2019\/thumbs\/thumbs_carrie_underwood2.jpg\" \/><\/a><a href=\"\/blog\/wp-content\/uploads\/2019\/carrie_underwoodia_katsomassa4.jpg\"><img decoding=\"async\" src=\"\/blog\/wp-content\/uploads\/2019\/thumbs\/thumbs_carrie_underwoodia_katsomassa4.jpg\" \/><\/a><\/p>\n<p style=\"text-align: center;\"><em>Ilmi\u00f6m\u00e4inen Underwood<\/em><\/p>\n<p style=\"text-align: justify;\">Nykyisin 36-vuotias Underwood on tuottanut kilpailun kuusi studioalbumia ja voittanut yhteens\u00e4 seitsem\u00e4n Grammy-palkintoa, mik\u00e4 tekee h\u00e4nest\u00e4 yhden kaikkien aikojen menestyneimmist\u00e4 naispuolisista country-laulajista. Laulajan albumeita on myyty maailmanlaajuisesti yli 65 miljoonaa kappaletta ja t\u00e4m\u00e4 onkin kaikkein menestynein American Idolsin voittaja.<\/p>\n<p style=\"text-align: justify;\"><a title=\"Oklahoman preerialla\" href=\"https:\/\/www.vuosiamaailmalla.fi\/?p=7963\">Oklahomalaisesta pikkukaupungista<\/a> kotoisin oleva Underwood on harras kristitty, jonka musiikki on vasta viime vuosina siirtynyt kohti populaarimpaa suuntaa. Siirto on taannut paljon soittoaikaa radiokanavilla ja Underwoodin lukuisat hitit ovatkin tulleet eritt\u00e4in tunnetuiksi radiota kuunteleville varsinkin t\u00e4\u00e4ll\u00e4 Pohjois-Amerikassa. \ud83d\udca1<\/p>\n<p style=\"text-align: center;\"><a href=\"\/blog\/wp-content\/uploads\/2019\/carrie_underwood_tour.jpg\"><img decoding=\"async\" src=\"\/blog\/wp-content\/uploads\/2019\/carrie_underwood_tour.jpg\" \/><\/a><\/p>\n<p style=\"text-align: center;\"><em>Carrien uusin kuudes kiertue<\/em><\/p>\n<p style=\"text-align: justify;\">Carrie Underwoodin toi menneen\u00e4 viikonloppuna Vancouveriin toukokuun alussa startannut laulajan kuudes konserttikiertue, jonka nelj\u00e4stoista pys\u00e4kki Vancouver on. Kiertueen nimi on Underwoodin uusimman albumin mukaan <em>Cry Pretty Tour 360<\/em> ja kyseess\u00e4 on sis\u00e4areenoilla j\u00e4rjestett\u00e4v\u00e4 360-asteen kiertue. Siin\u00e4 katsojat istuvat areenan keskell\u00e4 sijaitsevan t\u00e4ysin avoimen konserttilavan kaikilla laidoilla ja suuri lava mahdollistaa artistien liikkua esityksen aikana runsaasti. N\u00e4kyvyys on kaikista suunnista loistava, sill\u00e4 videotauluina toimivat katosta eri muodoissa laskettavat valkeat kankaat, joiden l\u00e4pi esiintyj\u00e4 on n\u00e4ht\u00e4viss\u00e4 koko ajan.<\/p>\n<p style=\"text-align: center;\"><a href=\"\/blog\/wp-content\/uploads\/2019\/carrie_underwoodia_katsomassa1.jpg\"><img decoding=\"async\" src=\"\/blog\/wp-content\/uploads\/2019\/thumbs\/thumbs_carrie_underwoodia_katsomassa1.jpg\" \/><\/a><a href=\"\/blog\/wp-content\/uploads\/2019\/carrie_underwoodia_katsomassa2.jpg\"><img decoding=\"async\" src=\"\/blog\/wp-content\/uploads\/2019\/thumbs\/thumbs_carrie_underwoodia_katsomassa2.jpg\" \/><\/a><a href=\"\/blog\/wp-content\/uploads\/2019\/carrie_underwoodia_katsomassa3.jpg\"><img decoding=\"async\" src=\"\/blog\/wp-content\/uploads\/2019\/thumbs\/thumbs_carrie_underwoodia_katsomassa3.jpg\" \/><\/a><\/p>\n<p style=\"text-align: center;\"><em>Hyv\u00e4 n\u00e4kym\u00e4 konserttilavalle<\/em><\/p>\n<p style=\"text-align: justify;\">Kiertueen l\u00e4mpp\u00e4rein\u00e4 toimivat v\u00e4hemm\u00e4n tunnettu country-trio <em>Runaway June<\/em> sek\u00e4 viime aikoina my\u00f6s hieman radioaikaa saaneet <em>Maddie &amp; Tae<\/em>. Molemmat suorittivat osansa kunnialla, mutta tuntemattomat kappaleet eiv\u00e4t onnistuneet t\u00e4ysin sytytt\u00e4m\u00e4\u00e4n vasta saapumassa olevaa yleis\u00f6\u00e4.<\/p>\n<p style=\"text-align: center;\"><a href=\"\/blog\/wp-content\/uploads\/2019\/carrie_underwood7.jpg\"><img decoding=\"async\" src=\"\/blog\/wp-content\/uploads\/2019\/carrie_underwood7.jpg\" \/><\/a><\/p>\n<p style=\"text-align: center;\"><em>L\u00e4mpp\u00e4rit lavalla<\/em><\/p>\n<p style=\"text-align: justify;\">Toista oli itse Carrie Underwoodin l\u00e4hes kaksituntinen esitys, joka oli yhdistelm\u00e4 vuosien mittaista hittikavalkaadia, uusia kappaleita sek\u00e4 muutamia toisia naisartisteja kunnioittavia covereita n\u00e4iden suurimmista hiteist\u00e4. Underwood liikkui esityksen aikana runsaasti ja k\u00e4ytti koko lavan hyv\u00e4kseen. Musiikkia riitti ja Underwoodin laulu\u00e4\u00e4ni on kerrassaan uskomaton, mist\u00e4 t\u00e4m\u00e4 onkin saanut runsaasti tunnustusta. T\u00e4m\u00e4n kyky pitkitt\u00e4\u00e4 vaativia nuotteja on ilmi\u00f6m\u00e4inen ja muistutti meit\u00e4 maaliskuussa n\u00e4kem\u00e4st\u00e4mme Celine Dionin konsertista Las Vegasissa. \ud83d\ude2e<\/p>\n<p style=\"text-align: center;\"><a href=\"\/blog\/wp-content\/uploads\/2019\/carrie_underwood6.jpg\"><img decoding=\"async\" src=\"\/blog\/wp-content\/uploads\/2019\/thumbs\/thumbs_carrie_underwood6.jpg\" \/><\/a><a href=\"\/blog\/wp-content\/uploads\/2019\/carrie_underwood8.jpg\"><img decoding=\"async\" src=\"\/blog\/wp-content\/uploads\/2019\/thumbs\/thumbs_carrie_underwood8.jpg\" \/><\/a><a href=\"\/blog\/wp-content\/uploads\/2019\/carrie_underwood5.jpg\"><img decoding=\"async\" src=\"\/blog\/wp-content\/uploads\/2019\/thumbs\/thumbs_carrie_underwood5.jpg\" \/><\/a><\/p>\n<p style=\"text-align: center;\"><em>Carrie osaa j\u00e4rjest\u00e4\u00e4 shown<\/em><\/p>\n<p style=\"text-align: justify;\">Nuoresta i\u00e4st\u00e4\u00e4n huolimatta Carrie Underwood osaa kyll\u00e4 j\u00e4rjest\u00e4\u00e4 shown ja iltamme oli kaikin puolin onnistunut. Istuinpaikkamme yl\u00e4parren eturiviss\u00e4 olivat nekin t\u00e4ysin esteett\u00f6m\u00e4t ja meill\u00e4 oli hyv\u00e4 n\u00e4kym\u00e4 koko suurelle lavalle, joka oli valaistu kauttaaltaan v\u00e4rikk\u00e4\u00e4sti.<\/p>\n<p style=\"text-align: center;\"><a href=\"\/blog\/wp-content\/uploads\/2019\/carrie_underwoodia_katsomassa5.jpg\"><img decoding=\"async\" src=\"\/blog\/wp-content\/uploads\/2019\/thumbs\/thumbs_carrie_underwoodia_katsomassa5.jpg\" \/><\/a><a href=\"\/blog\/wp-content\/uploads\/2019\/carrie_underwoodia_katsomassa6.jpg\"><img decoding=\"async\" src=\"\/blog\/wp-content\/uploads\/2019\/thumbs\/thumbs_carrie_underwoodia_katsomassa6.jpg\" \/><\/a><\/p>\n<p style=\"text-align: center;\"><em>Konsertin valoloistoa<\/em><\/p>\n<p style=\"text-align: justify;\">Viimeisen vuoden tiiviin <a title=\"Vivaldin nelj\u00e4 vuodenaikaa\" href=\"https:\/\/www.vuosiamaailmalla.fi\/?p=9914\">konserttirupeaman<\/a> j\u00e4lkeen kalenterissamme ei ole nyt enempi\u00e4 konsertteja, mutta t\u00e4m\u00e4 voi aina muuttua jos vain joku kiintoisa nimi sattuu ilmoittamaan saapuvansa tulevaisuudessa Vancouveriin. Siihen saakka voimme kuitenkin aina muistella hyvi\u00e4 hetki\u00e4 lauantailta. \ud83d\ude42<\/p>\n<p style=\"text-align: center;\"><a href=\"\/blog\/wp-content\/uploads\/2019\/carrie_underwood1.jpg\"><img decoding=\"async\" src=\"\/blog\/wp-content\/uploads\/2019\/thumbs\/thumbs_carrie_underwood1.jpg\" \/><\/a><a href=\"\/blog\/wp-content\/uploads\/2019\/carrie_underwood4.jpg\"><img decoding=\"async\" src=\"\/blog\/wp-content\/uploads\/2019\/thumbs\/thumbs_carrie_underwood4.jpg\" \/><\/a><\/p>\n<p style=\"text-align: center;\"><em>Konsertti ei j\u00e4tt\u00e4nyt kylm\u00e4ksi<\/em><\/p>\n","protected":false},"excerpt":{"rendered":"<p>Lokakuussa n\u00e4kem\u00e4mme country-musiikin maailmant\u00e4hti Luke Bryanin suuri stadionkeikka Vancouverissa j\u00e4tti meille sen verta hyv\u00e4t fiilikset, ett\u00e4 varasimme talvella liput kuulemaan nyt toukokuussa kaupunkiin saapunutta toista meganime\u00e4, Carrie Underwoodia. Underwood on yksi country-musiikin menestyneimpi\u00e4 t\u00e4hti\u00e4, joka teki l\u00e4pimurtonsa vuonna 2005, voitettuaan huippusuositun American Idol -laulukilpailun nelj\u00e4nnen tuotantokauden.<\/p>\n","protected":false},"author":1,"featured_media":10082,"comment_status":"open","ping_status":"open","sticky":false,"template":"","format":"standard","meta":{"_jetpack_memberships_contains_paid_content":false,"footnotes":""},"categories":[17,3],"tags":[25,1400,935,251,1401,273,939,215],"class_list":["post-10079","post","type-post","status-publish","format-standard","has-post-thumbnail","hentry","category-arki-kanadassa","category-arki-ulkomailla","tag-ajankohtaista","tag-carrie-underwood","tag-kanada","tag-konsertti","tag-maddie-tae","tag-rogers-arena","tag-vancouver","tag-vancouver-yaletown"],"jetpack_featured_media_url":"https:\/\/www.vuosiamaailmalla.fi\/blog\/wp-content\/uploads\/carrie_underwood_banner-1.jpg","jetpack_sharing_enabled":true,"_links":{"self":[{"href":"https:\/\/www.vuosiamaailmalla.fi\/blog\/wp-json\/wp\/v2\/posts\/10079","targetHints":{"allow":["GET"]}}],"collection":[{"href":"https:\/\/www.vuosiamaailmalla.fi\/blog\/wp-json\/wp\/v2\/posts"}],"about":[{"href":"https:\/\/www.vuosiamaailmalla.fi\/blog\/wp-json\/wp\/v2\/types\/post"}],"author":[{"embeddable":true,"href":"https:\/\/www.vuosiamaailmalla.fi\/blog\/wp-json\/wp\/v2\/users\/1"}],"replies":[{"embeddable":true,"href":"https:\/\/www.vuosiamaailmalla.fi\/blog\/wp-json\/wp\/v2\/comments?post=10079"}],"version-history":[{"count":0,"href":"https:\/\/www.vuosiamaailmalla.fi\/blog\/wp-json\/wp\/v2\/posts\/10079\/revisions"}],"wp:featuredmedia":[{"embeddable":true,"href":"https:\/\/www.vuosiamaailmalla.fi\/blog\/wp-json\/wp\/v2\/media\/10082"}],"wp:attachment":[{"href":"https:\/\/www.vuosiamaailmalla.fi\/blog\/wp-json\/wp\/v2\/media?parent=10079"}],"wp:term":[{"taxonomy":"category","embeddable":true,"href":"https:\/\/www.vuosiamaailmalla.fi\/blog\/wp-json\/wp\/v2\/categories?post=10079"},{"taxonomy":"post_tag","embeddable":true,"href":"https:\/\/www.vuosiamaailmalla.fi\/blog\/wp-json\/wp\/v2\/tags?post=10079"}],"curies":[{"name":"wp","href":"https:\/\/api.w.org\/{rel}","templated":true}]}}