{"id":10088,"date":"2019-06-02T19:28:40","date_gmt":"2019-06-03T02:28:40","guid":{"rendered":"http:\/\/13.53.127.146\/?p=10088"},"modified":"2022-09-18T14:26:29","modified_gmt":"2022-09-18T21:26:29","slug":"uunituoreet-kanadan-kansalaiset","status":"publish","type":"post","link":"https:\/\/www.vuosiamaailmalla.fi\/blog\/2019\/uunituoreet-kanadan-kansalaiset\/","title":{"rendered":"Uunituoreet Kanadan kansalaiset"},"content":{"rendered":"<p style=\"text-align: justify;\">P\u00e4iv\u00e4lleen vuosi sitten kerroin, miten olimme juuri l\u00e4hett\u00e4neet hallitukselle <a title=\"Hakemus Kanadan kansalaisuudesta\" href=\"https:\/\/www.vuosiamaailmalla.fi\/?p=9718\">hakemuksemme Kanadan kansalaisuudesta<\/a>. Edess\u00e4mme tulisi olemaan kaksi koetta sek\u00e4 maksimissaan 12 kuukauden mittainen odotus, ennen kansalaisuusvalan vannomista sek\u00e4 Kanadan passeja.<\/p>\n<p style=\"text-align: justify;\">Kielikoe tuli ja meni, ja klaarasimme kokeen hyvill\u00e4 pisteill\u00e4 (min\u00e4 pisteen Niinaa paremmin). 8) Seuraava etappi oli joulukuussa suorittamamme\u00a0 kirjallinen <a title=\"Kanadan kansalaisuuskokeessa\" href=\"https:\/\/www.vuosiamaailmalla.fi\/?p=9897\">kansalaisuuskoe<\/a>, josta saimme molemmat t\u00e4ydet pisteet tuhdin historiaan sek\u00e4 kanadalaiseen yhteiskuntaan painottuvan lukupaketin tarkkaan opeteltuamme.<\/p>\n<p><!--more--><\/p>\n<p style=\"text-align: justify;\"><em>Aiheeseen liittyen lue my\u00f6s:\u00a0<a title=\"Kanadan kansalaisuuskokeessa\" href=\"https:\/\/www.vuosiamaailmalla.fi\/?p=9897\"><strong>Kanadan kansalaisuuskokeessa<\/strong><\/a> ja <strong><a title=\"Hakemus Kanadan kansalaisuudesta\" href=\"https:\/\/www.vuosiamaailmalla.fi\/?p=9718\">Hakemus Kanadan kansalaisuudesta<\/a>.<\/strong><\/em><\/p>\n<p style=\"text-align: justify;\">T\u00e4ll\u00e4 suorituksella meid\u00e4n hakemuksemme hyv\u00e4ksyttiin ja j\u00e4imme odottamaan kutsua kansalaisuuden valatilaisuuteen, joka on pakollinen viimeinen osa ennen kanadalaisuutta. Odotimme saavamme kutsun heti alkuvuodesta, sill\u00e4 normaalisti odotusaika kokeen ja valatilaisuuden v\u00e4lill\u00e4 on 1-3 kuukautta. Olimme kuitenkin v\u00e4\u00e4r\u00e4ss\u00e4 ja jostain selitt\u00e4m\u00e4tt\u00f6m\u00e4st\u00e4 syyst\u00e4 saimme kutsukirjeen vasta huhtikuussa, k\u00e4skyn\u00e4 saapua valatilaisuuteen <strong>toukokuun 9.<\/strong> p\u00e4iv\u00e4.<\/p>\n<p style=\"text-align: justify;\">Ajoitus oli sek\u00e4 hyv\u00e4 ett\u00e4 huono. Hyv\u00e4 siksi, ett\u00e4 <a title=\"Juhannusvieraita kotopuolesta\" href=\"https:\/\/www.vuosiamaailmalla.fi\/?p=9044\">vanhempani<\/a> olivat varanneet talvella lennot luoksemme toukokuun alussa ja he sattuivat saapumaan Vancouveriin valatilaisuutta edelt\u00e4v\u00e4n\u00e4 iltana. T\u00e4ten he saivat todistaa meid\u00e4n ainutlaatuista tilaisuuttamme omin silmin, mik\u00e4 oli iloinen sattuma.<\/p>\n<p style=\"text-align: center;\"><a href=\"\/blog\/wp-content\/uploads\/2019\/kansalaisuustilaisuudessa1.jpg\"><img decoding=\"async\" src=\"\/blog\/wp-content\/uploads\/2019\/thumbs\/thumbs_kansalaisuustilaisuudessa1.jpg\" \/><\/a><a href=\"\/blog\/wp-content\/uploads\/2019\/kansalaisuustilaisuudessa2.jpg\"><img decoding=\"async\" src=\"\/blog\/wp-content\/uploads\/2019\/thumbs\/thumbs_kansalaisuustilaisuudessa2.jpg\" \/><\/a><\/p>\n<p style=\"text-align: center;\"><em>Edess\u00e4 ainutlaatuinen tilaisuus<\/em><\/p>\n<p style=\"text-align: justify;\">Ajankohdan huono puoli oli kuitenkin, ett\u00e4 meid\u00e4n oli tarkoitus matkata vieraidemme kanssa vain viikkoa my\u00f6hemmin <a title=\"Hiihtolomalla Seattlessa\" href=\"https:\/\/www.vuosiamaailmalla.fi\/?p=10012\">Seattleen<\/a>. Uunituoreina kansalaisina meill\u00e4 ei kuitenkaan olisi viel\u00e4 tuolloin upouusia Kanadan passeja, joten jouduimme perumaan suunnitelmamme ja suuntasimme sen sijaan British Columbian p\u00e4\u00e4kaupunki Victoriaan.<\/p>\n<p style=\"text-align: justify;\">Valatilaisuuksia j\u00e4rjestet\u00e4\u00e4n Vancouverissa normaalisti kaksi kertaa viikossa samalla toimistolla jossa olimme suorittaneet kansalaisuuskokeemme puoli vuotta aikaisemmin. Paikalle oli saanut kutsun tuona torstaina 70 hakijaa, jotka edustivat yhteens\u00e4 24 eri kansallisuutta. Harmillisesti muutama kutsuttu ei saapunut paikalle ja n\u00e4iden hakemustensa kohtalo j\u00e4ikin meille mysteeriksi.<\/p>\n<p style=\"text-align: justify;\">Tilaisuuden ohjelma oli j\u00e4lleen eritt\u00e4in viimeistelty ja henkil\u00f6llisyytemme varmistettuaan, meid\u00e4t istutettiin tietyille istuimille. Paikkamme olivat aivan keskell\u00e4 eturivi\u00e4, joten meill\u00e4 oli aitiopaikka juhlaohjelmaan. Jokaiselle istuimelle oli asetettu tietopaketti kansalaisuusvalan sek\u00e4 kansallishymni <em>O Canadan<\/em> sanoista, sek\u00e4 pieni Kanadan lippu.<\/p>\n<p style=\"text-align: justify;\">Tilaisuus alkoi lyhyell\u00e4 videolla Kanadan upeista maisemista sek\u00e4 ainutlaatuisesta kulttuurista. Upea video sek\u00e4 k\u00e4sill\u00e4oleva el\u00e4m\u00e4\u00e4mme muuttava hetki saivat meid\u00e4t molemmat herkistym\u00e4\u00e4n melkein kyyneliin. Videon lopussa <a title=\"Selfie-p\u00e4\u00e4ministeri vierailulla\" href=\"https:\/\/www.vuosiamaailmalla.fi\/?p=8933\">selfie-p\u00e4\u00e4ministerimme<\/a> onnitteli kaikkia uusia kanadalaisia tervehdyksess\u00e4\u00e4n.<\/p>\n<p style=\"text-align: justify;\">Videon j\u00e4lkeen paikalle saapui tilaisuuden virallinen toimitsija, paikallinen kansalaisuustuomari. H\u00e4n puhui noin 200-henkiselle juhlav\u00e4elle <a title=\"Kuinka olla kanadalainen\" href=\"https:\/\/www.vuosiamaailmalla.fi\/?p=8285\">kanadalaisuudesta<\/a>, kanadalaisille t\u00e4rkeist\u00e4 asioista sek\u00e4 siit\u00e4 mit\u00e4 meid\u00e4n Kanadan kansalaisina tulee ja olemme oikeutettuja tekem\u00e4\u00e4n.<\/p>\n<p style=\"text-align: center;\"><a href=\"\/blog\/wp-content\/uploads\/2019\/kansalaisuustilaisuudessa5.jpg\"><img decoding=\"async\" src=\"\/blog\/wp-content\/uploads\/2019\/kansalaisuustilaisuudessa5.jpg\" \/><\/a><\/p>\n<p style=\"text-align: center;\"><em>Muutama sana kanadalaisuudesta<\/em><\/p>\n<p style=\"text-align: justify;\">T\u00e4t\u00e4 seurasi tilaisuuden virallisin ja t\u00e4rkein osuus, jossa kaikki paikalle kutsutut nousivat vannomaan <a title=\"Kauan el\u00e4k\u00f6\u00f6n kuningas\" href=\"https:\/\/www.vuosiamaailmalla.fi\/blog\/2022\/kauan-elakoon-kuningas\/\">uskollisuutta kuningattarelle<\/a>, t\u00e4m\u00e4n j\u00e4lkel\u00e4isille sek\u00e4 Kanadan oikeusj\u00e4rjestelm\u00e4lle.<\/p>\n<p style=\"text-align: center;\"><a href=\"\/blog\/wp-content\/uploads\/2019\/kansalaisuustilaisuudessa3.jpg\"><img decoding=\"async\" src=\"\/blog\/wp-content\/uploads\/2019\/kansalaisuustilaisuudessa3.jpg\" \/><\/a><\/p>\n<p style=\"text-align: justify;\"><em>I swear (or affirm) that I will be faithful and bear true allegiance to Her Majesty Queen Elizabeth II, Queen of Canada, Her Heirs and Successors, and that I will faithfully observe the laws of Canada and fulfil my duties as a Canadian citizen.<\/em><\/p>\n<p style=\"text-align: justify;\">Vala on t\u00e4rke\u00e4, sill\u00e4 se on laillisesti sitova ja siksi huoneen sivustalta valvottiinkin jokaisen pit\u00e4v\u00e4n k\u00e4tens\u00e4 ylh\u00e4\u00e4ll\u00e4 ja\u00a0 lausuvan n\u00e4m\u00e4 sanat. Jos n\u00e4in ei tee, raukeaa hakemus t\u00e4h\u00e4n aivan viimeiseen vaiheeseen. \ud83d\udca1<\/p>\n<p style=\"text-align: justify;\">Valan vannottuamme olimme nyt <strong>virallisesti kanadalaisia<\/strong> ja kaikki huoneessaolijat onnittelivat iloisina toisiaan. <em>Congratulations!<\/em> \ud83d\ude1b<\/p>\n<p style=\"text-align: center;\"><a href=\"\/blog\/wp-content\/uploads\/2019\/kansalaisuustilaisuudessa4.jpg\"><img decoding=\"async\" src=\"\/blog\/wp-content\/uploads\/2019\/kansalaisuustilaisuudessa4.jpg\" \/><\/a><\/p>\n<p style=\"text-align: center;\"><em>Virallisten todistusten jako<\/em><\/p>\n<p style=\"text-align: justify;\">Seuraavaksi kaikille jaettiin viralliset kansalaisuustodistukset, joka on syntym\u00e4todistukseen verrattava todistus kanadalaisuudesta.<\/p>\n<p style=\"text-align: center;\"><a href=\"\/blog\/wp-content\/uploads\/2019\/kansalaisuussertifikaatti1.jpg\"><img decoding=\"async\" src=\"\/blog\/wp-content\/uploads\/2019\/thumbs\/thumbs_kansalaisuussertifikaatti1.jpg\" \/><\/a><a href=\"\/blog\/wp-content\/uploads\/2019\/kansalaisuussertifikaatti2.jpg\"><img decoding=\"async\" src=\"\/blog\/wp-content\/uploads\/2019\/thumbs\/thumbs_kansalaisuussertifikaatti2.jpg\" \/><\/a><\/p>\n<p style=\"text-align: center;\"><em>Todistus kanadalaisuudesta<\/em><\/p>\n<p style=\"text-align: justify;\">Tilaisuus p\u00e4\u00e4ttyi kansallishymnin veisaamiseen korkealta ja kovaa, todellisella tunteella. Edess\u00e4 oli lis\u00e4\u00e4 onnitteluita sek\u00e4 valokuvia uudet todistukset k\u00e4siss\u00e4mme &#8211; mik\u00e4 ylpe\u00e4 hetki! \ud83d\ude00<\/p>\n<p style=\"text-align: justify;\">Noin tunnin mittaisen juhlatilaisuuden j\u00e4lkeen edess\u00e4 oli loppup\u00e4iv\u00e4 arkisesti t\u00f6iss\u00e4. Niinan ty\u00f6paikalla kolleegat olivat koristelleet koko ty\u00f6pisteen kaikella mahdollisella kanadalaisella ja min\u00e4 liehutin Kanadan lippua korkealla ty\u00f6pisteeni yll\u00e4.<\/p>\n<p style=\"text-align: center;\"><a href=\"\/blog\/wp-content\/uploads\/2019\/uunituoreet_kanadalaiset1.jpg\"><img decoding=\"async\" src=\"\/blog\/wp-content\/uploads\/2019\/thumbs\/thumbs_uunituoreet_kanadalaiset1.jpg\" \/><\/a><a href=\"\/blog\/wp-content\/uploads\/2019\/uunituoreet_kanadalaiset2.jpg\"><img decoding=\"async\" src=\"\/blog\/wp-content\/uploads\/2019\/thumbs\/thumbs_uunituoreet_kanadalaiset2.jpg\" \/><\/a><a href=\"\/blog\/wp-content\/uploads\/2019\/uunituoreet_kanadalaiset3.jpg\"><img decoding=\"async\" src=\"\/blog\/wp-content\/uploads\/2019\/thumbs\/thumbs_uunituoreet_kanadalaiset3.jpg\" \/><\/a><\/p>\n<p style=\"text-align: center;\"><em>Uunituoreet kanadalaiset<\/em><\/p>\n<p style=\"text-align: justify;\">Kolme ty\u00f6p\u00e4iv\u00e4\u00e4 my\u00f6hemmin k\u00e4vimme j\u00e4tt\u00e4m\u00e4ss\u00e4 hakemuksemme uusista Kanadan passeista. Passin hankinta on kaksoiskansalaiselle pakollista, sill\u00e4 kanadalaisen on <strong>pakko<\/strong> palata maahan Kanadan passilla, Suomen passin ollessa k\u00e4yt\u00f6ss\u00e4 Eurooppaan suunnatessa.<\/p>\n<p style=\"text-align: justify;\">Passihakemus on sekin pienoinen operaatio, sill\u00e4 siihen pit\u00e4\u00e4 viel\u00e4 kertaalleen selvitt\u00e4\u00e4 asumis- ja ty\u00f6historia, mink\u00e4 lis\u00e4ksi hakemukselle pit\u00e4\u00e4 ilmoittaa kaksi erillist\u00e4 referenssi\u00e4 sek\u00e4 yksi virallinen takaaja, joka allekirjoituksellaan vahvistaa hakijan olevan kuka t\u00e4m\u00e4 on.<\/p>\n<p style=\"text-align: justify;\">Hakemuksen t\u00e4ydellinen t\u00e4ytt\u00e4minen vaatiikin tarkkaavaisuutta s\u00e4\u00e4nt\u00f6jen suhteen, jotka ovat kyll\u00e4 selv\u00e4t, mutta mit\u00e4\u00e4n ei halua j\u00e4tt\u00e4\u00e4 sattuman varaan.<\/p>\n<p style=\"text-align: justify;\">Hakemuksemme olivat kuitenkin t\u00e4ydelliset ja upouudet passimme saapuivat kirjatussa postissa vain kuusi arkip\u00e4iv\u00e4\u00e4 my\u00f6hemmin. Kanadan passi on voimassa 10 vuotta, joten sit\u00e4 ei tarvitse uusia koko ajan kuten Suomessa. Ne ovat my\u00f6s viimeinen asia pitk\u00e4ss\u00e4, yli <a title=\"Seitsem\u00e4n vuotta Kanadassa\" href=\"https:\/\/www.vuosiamaailmalla.fi\/?p=9935\">seitsem\u00e4n vuotta<\/a> kest\u00e4neess\u00e4 operaatiossamme asettautua Kanadaan.<\/p>\n<p style=\"text-align: center;\"><a href=\"\/blog\/wp-content\/uploads\/2019\/kaksi_passia.jpg\"><img decoding=\"async\" src=\"\/blog\/wp-content\/uploads\/2019\/kaksi_passia.jpg\" \/><\/a><\/p>\n<p style=\"text-align: center;\"><em>Kahdet passit<\/em><\/p>\n<p style=\"text-align: justify;\">Suomen ja Kanadan mahdollistama kaksoiskansalaisuus takaa meille t\u00e4ydet oikeudet kummassakin maassa, eli voimme <a title=\"Ensi kertaa Kanadan vaaliuurnilla\" href=\"https:\/\/www.vuosiamaailmalla.fi\/?p=10277\">\u00e4\u00e4nest\u00e4\u00e4 vaaleissa<\/a>, matkustaa uusilla passeillamme sek\u00e4 olla kaikin puolin t\u00e4yspainotteisia kansalaisia. Ne ovat my\u00f6s t\u00e4ysin pysyvi\u00e4 statuksia ja kansalaisuuden menetys on normaalille ihmiselle melkein mahdotonta.<\/p>\n<p style=\"text-align: justify;\">N\u00e4in meist\u00e4 siis tuli kanadalaisia 9. toukokuuta 2019, <a title=\"Seuraava kotimme: Vancouver, Kanada!\" href=\"https:\/\/www.vuosiamaailmalla.fi\/?p=3111\">muutettuamme Kanadaan<\/a> 21. helmikuuta 2012. Kansalaisuutta ei olisi voinut saada sen aikaisilla s\u00e4\u00e4nn\u00f6ill\u00e4 juuri t\u00e4t\u00e4 nopeammin, joskin nykyisin kansalaisuuspolku on hieman lyhyempi. Matkan pituus riippuu my\u00f6s maan ulkopuolella matkustelun m\u00e4\u00e4r\u00e4st\u00e4 sek\u00e4 k\u00e4sittelyaikojen milloisestakin ruuhkaisuudesta, joten nopeimmillaan kansalaiseksi voinee p\u00e4\u00e4st\u00e4 v\u00e4h\u00e4n yli viidess\u00e4 vuodessa.<\/p>\n<p style=\"text-align: justify;\">Olemme Niinan kanssa jatkossa ylpeit\u00e4 suomalaisia ja kanadalaisia, eurooppalaisia sek\u00e4 pohjoisamerikkalaisia. Tuomme molemmat Kanadaan paitsi omat ponnistuksemme sek\u00e4 omat kulttuuriset ominaispiirteemme, jotka vahvistavat t\u00e4t\u00e4 upeaa toista kotimaatamme!<\/p>\n<p style=\"text-align: justify;\"><em>O Canada, we stand on guard for thee.<\/em><\/p>\n","protected":false},"excerpt":{"rendered":"<p>P\u00e4iv\u00e4lleen vuosi sitten kerroin, miten olimme juuri l\u00e4hett\u00e4neet hallitukselle hakemuksemme Kanadan kansalaisuudesta. Edess\u00e4mme tulisi olemaan kaksi koetta sek\u00e4 maksimissaan 12 kuukauden mittainen odotus, ennen kansalaisuusvalan vannomista sek\u00e4 Kanadan passeja. Kielikoe tuli ja meni, ja klaarasimme kokeen hyvill\u00e4 pisteill\u00e4 (min\u00e4 pisteen Niinaa paremmin). 8) Seuraava etappi oli joulukuussa suorittamamme\u00a0 kirjallinen kansalaisuuskoe, josta saimme molemmat t\u00e4ydet pisteet &hellip; <a href=\"https:\/\/www.vuosiamaailmalla.fi\/blog\/2019\/uunituoreet-kanadan-kansalaiset\/\" class=\"more-link\">Jatka lukemista<span class=\"screen-reader-text\"> &#8221;Uunituoreet Kanadan kansalaiset&#8221;<\/span><\/a><\/p>\n","protected":false},"author":1,"featured_media":10090,"comment_status":"open","ping_status":"open","sticky":false,"template":"","format":"standard","meta":{"_jetpack_memberships_contains_paid_content":false,"footnotes":""},"categories":[17,3,4],"tags":[25,935,155,1326,1402],"class_list":["post-10088","post","type-post","status-publish","format-standard","has-post-thumbnail","hentry","category-arki-kanadassa","category-arki-ulkomailla","category-asuminen-kanadassa","tag-ajankohtaista","tag-kanada","tag-kanadalainen-juttu","tag-kansalaisuus","tag-passi"],"jetpack_featured_media_url":"https:\/\/www.vuosiamaailmalla.fi\/blog\/wp-content\/uploads\/uunituoreet_kanadalaiset_banner.jpg","jetpack_sharing_enabled":true,"_links":{"self":[{"href":"https:\/\/www.vuosiamaailmalla.fi\/blog\/wp-json\/wp\/v2\/posts\/10088","targetHints":{"allow":["GET"]}}],"collection":[{"href":"https:\/\/www.vuosiamaailmalla.fi\/blog\/wp-json\/wp\/v2\/posts"}],"about":[{"href":"https:\/\/www.vuosiamaailmalla.fi\/blog\/wp-json\/wp\/v2\/types\/post"}],"author":[{"embeddable":true,"href":"https:\/\/www.vuosiamaailmalla.fi\/blog\/wp-json\/wp\/v2\/users\/1"}],"replies":[{"embeddable":true,"href":"https:\/\/www.vuosiamaailmalla.fi\/blog\/wp-json\/wp\/v2\/comments?post=10088"}],"version-history":[{"count":1,"href":"https:\/\/www.vuosiamaailmalla.fi\/blog\/wp-json\/wp\/v2\/posts\/10088\/revisions"}],"predecessor-version":[{"id":12839,"href":"https:\/\/www.vuosiamaailmalla.fi\/blog\/wp-json\/wp\/v2\/posts\/10088\/revisions\/12839"}],"wp:featuredmedia":[{"embeddable":true,"href":"https:\/\/www.vuosiamaailmalla.fi\/blog\/wp-json\/wp\/v2\/media\/10090"}],"wp:attachment":[{"href":"https:\/\/www.vuosiamaailmalla.fi\/blog\/wp-json\/wp\/v2\/media?parent=10088"}],"wp:term":[{"taxonomy":"category","embeddable":true,"href":"https:\/\/www.vuosiamaailmalla.fi\/blog\/wp-json\/wp\/v2\/categories?post=10088"},{"taxonomy":"post_tag","embeddable":true,"href":"https:\/\/www.vuosiamaailmalla.fi\/blog\/wp-json\/wp\/v2\/tags?post=10088"}],"curies":[{"name":"wp","href":"https:\/\/api.w.org\/{rel}","templated":true}]}}