{"id":10106,"date":"2019-06-09T12:21:24","date_gmt":"2019-06-09T19:21:24","guid":{"rendered":"http:\/\/13.53.127.146\/?p=10106"},"modified":"2023-09-04T15:31:23","modified_gmt":"2023-09-04T22:31:23","slug":"synttarilento-kanadan-ylla","status":"publish","type":"post","link":"https:\/\/www.vuosiamaailmalla.fi\/blog\/2019\/synttarilento-kanadan-ylla\/","title":{"rendered":"Syntt\u00e4rilento Kanadan yll\u00e4"},"content":{"rendered":"<p style=\"text-align: justify;\">Perjantaina allekirjoittaneen ik\u00e4mittariin kilahti j\u00e4lleen yksi vuosi lis\u00e4\u00e4. Kyseess\u00e4 ei ollut <a title=\"Vesitasolla Vancouverin ymp\u00e4ri\" href=\"https:\/\/www.vuosiamaailmalla.fi\/blog\/2022\/vesitasolla-vancouverin-ympari\/\">mist\u00e4\u00e4n tasaluvusta<\/a>, mutta t\u00e4st\u00e4 huolimatta Niinan oli onnistunut keksi\u00e4 jotain p\u00e4iv\u00e4nsankarin <a title=\"Vauhdikkaan Eagle Coasterin kyydiss\u00e4\" href=\"https:\/\/www.vuosiamaailmalla.fi\/blog\/2023\/vauhdikkaan-eagle-coasterin-kyydissa\/\">p\u00e4\u00e4n menoksi<\/a>. Ennalta annettu mystinen ohjeistus oli <em>&#8221;laittaa p\u00e4\u00e4lle kauluspaita ja saapua keskustaan puoli viideksi&#8221;<\/em>, sen enempi\u00e4 selittelem\u00e4tt\u00e4.<\/p>\n<p style=\"text-align: justify;\">Keskustassa aloin jo aavistaa, mit\u00e4 voisikaan olla ohjelmassa, suunnatessamme kohti <em>Canada Placea<\/em>. Rakennuskompleksin k\u00e4rkeen nimitt\u00e4in avautui vuonna 2013 yksi nykyisin Vancouverin suosituimpia n\u00e4ht\u00e4vyyksi\u00e4, joka tunnetaan nimell\u00e4 <em>Flyover Canada<\/em>.<\/p>\n<p><!--more--><\/p>\n<p style=\"text-align: center;\"><iframe loading=\"lazy\" title=\"YouTube video player\" src=\"https:\/\/www.youtube-nocookie.com\/embed\/A-DCEbqKxEY?si=LAwiZZ4flDQZD4fI\" width=\"560\" height=\"315\" frameborder=\"0\" allowfullscreen=\"allowfullscreen\"><\/iframe><\/p>\n<p style=\"text-align: center;\"><em>Vancouverin uusi suosikkin\u00e4ht\u00e4vyys<\/em><\/p>\n<p style=\"text-align: justify;\">Kyseess\u00e4 on niin kutsuttu <strong>viisiulotteinen simulaattori<\/strong>, jossa &#8221;lennet\u00e4\u00e4n&#8221; Kanadan <a title=\"Todellinen pohjoinen\" href=\"https:\/\/www.vuosiamaailmalla.fi\/blog\/2016\/todellinen-pohjoinen\/\">eeppisten maisemien<\/a> halki. N\u00e4ht\u00e4vyydest\u00e4 on tullut muutamassa vuodessa eritt\u00e4in suosittu ja sill\u00e4 on vieraillut jo yli 2,5 miljoonaa k\u00e4vij\u00e4\u00e4. Flyover Canada on ollut my\u00f6s meid\u00e4n listallamme k\u00e4yd\u00e4 jossain v\u00e4liss\u00e4, mutta on tunnetusti vaikea l\u00f6yt\u00e4\u00e4 aikaa tehd\u00e4 turistijuttuja omassa kotikaupungissaan.<\/p>\n<p style=\"text-align: justify;\">Pituudeltaan noin 25-minuuttinen esitys alkaa lyhyell\u00e4 360 asteen esin\u00e4yt\u00f6ksell\u00e4 pieness\u00e4 aulatilassa. T\u00e4m\u00e4n j\u00e4lkeen vierailijat asetetaan pieniin ryhmiin, jotka marssitetaan jollekin p\u00e4\u00e4n\u00e4ytt\u00e4m\u00f6n kolmesta eri kerroksesta, jossa lenton\u00e4yt\u00f6ksen penkit sijaitsevat. Mekaanisiin kouriin kiinnitetyt istuimet ovat sangen mukavat ja niiden alapuolella oleviin koreihin voi laittaa repun sek\u00e4 irtotavarat esityksen ajaksi. Yhdest\u00e4 kourasta roikkuu yhteens\u00e4 kahdeksan istuinta ja kouria on kolme vierekk\u00e4in, kolmessa eri tasossa. Yhteens\u00e4 yhteen esitykseen mahtuu siis per\u00e4ti 56 vierasta.<\/p>\n<p style=\"text-align: center;\"><a href=\"\/blog\/wp-content\/uploads\/2019\/flyover_canada3.jpg\"><img decoding=\"async\" src=\"\/blog\/wp-content\/uploads\/2019\/flyover_canada3.jpg\" \/><\/a><\/p>\n<p style=\"text-align: center;\"><em>360 asteen esin\u00e4yt\u00f6s<\/em><\/p>\n<p style=\"text-align: justify;\">Esityksen alkaessa istuimet nousevat hieman ilmaan ja siirtyv\u00e4t eteenp\u00e4in, j\u00e4\u00e4den roikkumaan tyhj\u00e4n p\u00e4\u00e4lle. N\u00e4k\u00f6kent\u00e4n t\u00e4ytt\u00e4\u00e4 puolipallon muotoinen j\u00e4ttim\u00e4inen videoruutu, jolla koko show n\u00e4hd\u00e4\u00e4n. Helikopterilla kuvatut upeat maisemat vilisev\u00e4t nopeaa tahtia ja kamera viist\u00e4\u00e4 jylhi\u00e4 rannikkokallioita, kohisevia koskia sek\u00e4 suurkaupunkien pilvenpiirt\u00e4ji\u00e4. Kuva kiert\u00e4\u00e4 ja kaartaa, tehden kaksi kaartoa syv\u00e4n kanjonin yll\u00e4, mik\u00e4 tuntuu vatsanpohjassa! Tunne on hurja ja muistuttaa erehdytt\u00e4v\u00e4sti maisemien yll\u00e4 lent\u00e4mist\u00e4.<\/p>\n<p style=\"text-align: center;\"><a href=\"\/blog\/wp-content\/uploads\/2019\/flyover_canada4.jpg\"><img decoding=\"async\" src=\"\/blog\/wp-content\/uploads\/2019\/thumbs\/thumbs_flyover_canada4.jpg\" \/><\/a><a href=\"\/blog\/wp-content\/uploads\/2019\/flyover_canada5.jpg\"><img decoding=\"async\" src=\"\/blog\/wp-content\/uploads\/2019\/thumbs\/thumbs_flyover_canada5.jpg\" \/><\/a><\/p>\n<p style=\"text-align: center;\"><em>Lennon aikana roikutaan ilmassa<\/em><\/p>\n<p style=\"text-align: justify;\">El\u00e4myst\u00e4 tehostetaan viel\u00e4 kasvoihin k\u00e4yv\u00e4ll\u00e4 ajoittaisella tuulella. Pilvi\u00e4 halkoessa sek\u00e4 Niagaran putouksia ylitett\u00e4ess\u00e4 naamalle roiskuu puolestaan vesisumua. Keski-Kanadan preerian yll\u00e4 tuoksuu tietenkin vilja. Erikoistehosteet tuovat el\u00e4mykseen ehdottomasti syvyytt\u00e4 ja <a title=\"Virtuaalinen tulevaisuus saapui\" href=\"https:\/\/www.vuosiamaailmalla.fi\/blog\/2017\/virtuaalinen-tulevaisuus-saapui\/\">virtuaalitodellisuuteen tottuneena<\/a> puuttumaan j\u00e4\u00e4 ainoastaan kolmiulotteinen maailma.<\/p>\n<p style=\"text-align: center;\"><a href=\"\/blog\/wp-content\/uploads\/2019\/flyover_canada2.jpg\"><img decoding=\"async\" src=\"\/blog\/wp-content\/uploads\/2019\/flyover_canada2.jpg\" \/><\/a><\/p>\n<p style=\"text-align: center;\"><em>Lentoa kuvaamassa<\/em><\/p>\n<p style=\"text-align: center;\"><iframe loading=\"lazy\" title=\"YouTube video player\" src=\"https:\/\/www.youtube-nocookie.com\/embed\/K1R1VWYwNDM?si=e7YzmEQK33729Dn-\" width=\"560\" height=\"315\" frameborder=\"0\" allowfullscreen=\"allowfullscreen\"><\/iframe><\/p>\n<p style=\"text-align: center;\"><em>Kulissien takana<\/em><\/p>\n<p style=\"text-align: justify;\">Teknisess\u00e4 mieless\u00e4 esitys onkin todella n\u00e4ytt\u00e4v\u00e4 ja kuvanlaatu sangen hyv\u00e4. Ter\u00e4v\u00e4n kuvan heijastaminen suurelle pallopinnalle on nykytekniikallakin haastavaa, mutta todella t\u00e4rke\u00e4\u00e4, sill\u00e4 suttuinen kuva tuottaisi helposti pahan olon. N\u00e4in k\u00e4vi vuosia sitten <em><a title=\"Empire State Buildingin huipulla\" href=\"https:\/\/www.vuosiamaailmalla.fi\/blog\/2011\/empire-state-buildingin-huipulla-ja-eloisa-vahamuseo\/\">Empire State Buildingin<\/a><\/em> juurella sijaitsevassa lento-showssa ja Flyover Canadan aikana olo ei tuntunut pahalta, kiitos pehme\u00e4n 60 kuvan virkistystaajuuden. Ei, vaikka kaartelut ovatkin voimakkaita.<\/p>\n<p style=\"text-align: center;\"><a href=\"\/blog\/wp-content\/uploads\/2019\/flyover_canada1.jpg\"><img decoding=\"async\" src=\"\/blog\/wp-content\/uploads\/2019\/flyover_canada1.jpg\" \/><\/a><\/p>\n<p style=\"text-align: center;\"><em>Niagaran yll\u00e4 kastuu<\/em><\/p>\n<p style=\"text-align: justify;\">Koko el\u00e4myksell\u00e4 on hintaa kolmekymment\u00e4 dollaria (vuoden 2019 tilanne) ja ilahduttavasti British Columbian asukkaat saavat 20% alennuksen. Hinta on toki hieman suolainen ainoastaan <strong>8 minuuttia<\/strong> kest\u00e4v\u00e4st\u00e4 lennosta, mutta el\u00e4mys oli meist\u00e4 molemmista upea ja mielest\u00e4mme hintansa arvoinen. T\u00e4t\u00e4 mielt\u00e4 tuntuu olevan my\u00f6s suurin osa muista vierailijoista, joten n\u00e4ht\u00e4vyytt\u00e4 voi ehdottomasti suositella Vancouverissa k\u00e4vij\u00f6ille.<\/p>\n<p style=\"text-align: justify;\">Esityksen j\u00e4lkeen syntt\u00e4ri-ilta jatkui viel\u00e4 hienon illallisen merkeiss\u00e4 l\u00e4heisess\u00e4 <a title=\"Five Sails\" href=\"https:\/\/www.vuosiamaailmalla.fi\/blog\/2019\/five-sails\/\"><em>Five Sails<\/em> -ravintolassa<\/a>, kruunaten hienon juhlap\u00e4iv\u00e4n.<\/p>\n","protected":false},"excerpt":{"rendered":"<p>Perjantaina allekirjoittaneen ik\u00e4mittariin kilahti j\u00e4lleen yksi vuosi lis\u00e4\u00e4. Kyseess\u00e4 ei ollut mist\u00e4\u00e4n tasaluvusta, mutta t\u00e4st\u00e4 huolimatta Niinan oli onnistunut keksi\u00e4 jotain p\u00e4iv\u00e4nsankarin p\u00e4\u00e4n menoksi. Ennalta annettu mystinen ohjeistus oli &#8221;laittaa p\u00e4\u00e4lle kauluspaita ja saapua keskustaan puoli viideksi&#8221;, sen enempi\u00e4 selittelem\u00e4tt\u00e4. Keskustassa aloin jo aavistaa, mit\u00e4 voisikaan olla ohjelmassa, suunnatessamme kohti Canada Placea. Rakennuskompleksin k\u00e4rkeen nimitt\u00e4in &hellip; <a href=\"https:\/\/www.vuosiamaailmalla.fi\/blog\/2019\/synttarilento-kanadan-ylla\/\" class=\"more-link\">Jatka lukemista<span class=\"screen-reader-text\"> &#8221;Syntt\u00e4rilento Kanadan yll\u00e4&#8221;<\/span><\/a><\/p>\n","protected":false},"author":1,"featured_media":10107,"comment_status":"open","ping_status":"open","sticky":false,"template":"","format":"standard","meta":{"_jetpack_memberships_contains_paid_content":false,"footnotes":""},"categories":[17,3],"tags":[1167,1403,935,939,940],"class_list":["post-10106","post","type-post","status-publish","format-standard","has-post-thumbnail","hentry","category-arki-kanadassa","category-arki-ulkomailla","tag-canada-place","tag-flyover-canada","tag-kanada","tag-vancouver","tag-vancouver-downtown"],"jetpack_featured_media_url":"https:\/\/www.vuosiamaailmalla.fi\/blog\/wp-content\/uploads\/flyover_canada_banner.jpg","jetpack_sharing_enabled":true,"_links":{"self":[{"href":"https:\/\/www.vuosiamaailmalla.fi\/blog\/wp-json\/wp\/v2\/posts\/10106","targetHints":{"allow":["GET"]}}],"collection":[{"href":"https:\/\/www.vuosiamaailmalla.fi\/blog\/wp-json\/wp\/v2\/posts"}],"about":[{"href":"https:\/\/www.vuosiamaailmalla.fi\/blog\/wp-json\/wp\/v2\/types\/post"}],"author":[{"embeddable":true,"href":"https:\/\/www.vuosiamaailmalla.fi\/blog\/wp-json\/wp\/v2\/users\/1"}],"replies":[{"embeddable":true,"href":"https:\/\/www.vuosiamaailmalla.fi\/blog\/wp-json\/wp\/v2\/comments?post=10106"}],"version-history":[{"count":2,"href":"https:\/\/www.vuosiamaailmalla.fi\/blog\/wp-json\/wp\/v2\/posts\/10106\/revisions"}],"predecessor-version":[{"id":13271,"href":"https:\/\/www.vuosiamaailmalla.fi\/blog\/wp-json\/wp\/v2\/posts\/10106\/revisions\/13271"}],"wp:featuredmedia":[{"embeddable":true,"href":"https:\/\/www.vuosiamaailmalla.fi\/blog\/wp-json\/wp\/v2\/media\/10107"}],"wp:attachment":[{"href":"https:\/\/www.vuosiamaailmalla.fi\/blog\/wp-json\/wp\/v2\/media?parent=10106"}],"wp:term":[{"taxonomy":"category","embeddable":true,"href":"https:\/\/www.vuosiamaailmalla.fi\/blog\/wp-json\/wp\/v2\/categories?post=10106"},{"taxonomy":"post_tag","embeddable":true,"href":"https:\/\/www.vuosiamaailmalla.fi\/blog\/wp-json\/wp\/v2\/tags?post=10106"}],"curies":[{"name":"wp","href":"https:\/\/api.w.org\/{rel}","templated":true}]}}