{"id":10202,"date":"2019-08-10T19:47:34","date_gmt":"2019-08-11T02:47:34","guid":{"rendered":"http:\/\/13.53.127.146\/?p=10202"},"modified":"2019-08-10T19:57:13","modified_gmt":"2019-08-11T02:57:13","slug":"onnettomuus-squamishin-gondolihissilla","status":"publish","type":"post","link":"https:\/\/www.vuosiamaailmalla.fi\/blog\/2019\/onnettomuus-squamishin-gondolihissilla\/","title":{"rendered":"Onnettomuus Squamishin gondolihissill\u00e4"},"content":{"rendered":"<p style=\"text-align: justify;\">Vancouverilaiset her\u00e4siv\u00e4t lauantaiaamuna yll\u00e4tt\u00e4v\u00e4\u00e4n uutiseen vakavasta onnettomuudesta Squamishin suositulla gongolihissill\u00e4. Viisi vuotta sitten avautuneesta <em>Sea to Sky Gondolasta<\/em> on muodostunut <a title=\"Ensivierailu Sea to Sky Gondolalla\" href=\"https:\/\/www.vuosiamaailmalla.fi\/?p=10198\">todellinen turistimagneetti<\/a>, jonka huipulla 885 metrin korkeudessa vierailee vilkkaimpina p\u00e4ivin\u00e4 jopa pari tuhatta ihmist\u00e4. Lauantaina kello nelj\u00e4 aamuy\u00f6ll\u00e4 tapahtuneessa onnettomuudessa huipulle johtavan gondolihissin kaapeli katkesi, pudottaen hissikopit kymmenien tai jopa yli sadan metrin matkan maahan. \ud83d\ude2f<\/p>\n<p><!--more--><\/p>\n<p style=\"text-align: center;\"><a href=\"\/blog\/wp-content\/uploads\/2019\/gondolionnettomuus1.jpg\"><img decoding=\"async\" src=\"\/blog\/wp-content\/uploads\/2019\/thumbs\/thumbs_gondolionnettomuus1.jpg\" \/><\/a><a href=\"\/blog\/wp-content\/uploads\/2019\/gondolionnettomuus2.jpg\"><img decoding=\"async\" src=\"\/blog\/wp-content\/uploads\/2019\/thumbs\/thumbs_gondolionnettomuus2.jpg\" \/><\/a><a href=\"\/blog\/wp-content\/uploads\/2019\/gondolionnettomuus3.jpg\"><img decoding=\"async\" src=\"\/blog\/wp-content\/uploads\/2019\/thumbs\/thumbs_gondolionnettomuus3.jpg\" \/><\/a><\/p>\n<p style=\"text-align: center;\"><em>Hissikopit murskana<\/em><\/p>\n<p style=\"text-align: justify;\">Tapaus on j\u00e4rkytt\u00e4nyt monia siihen liittyv\u00e4n suuronnettomuuden mahdollisuuden vuoksi. Hissiin mahtuu yht\u00e4 aikaa jopa 280 ihmist\u00e4 kiireiseen p\u00e4iv\u00e4saikaan, mutta onneksi tapauksen satuttua aamuy\u00f6ll\u00e4 hissi oli poissa k\u00e4yt\u00f6ss\u00e4. N\u00e4in ollen vahingot rajoittuvat huomattaviin taloudellisiin menetyksiin, sill\u00e4 hissin kopit ovat todenn\u00e4k\u00f6isesti romuna ja hissi tulee olemaan poissa k\u00e4yt\u00f6st\u00e4 ainakin viikkoja, mahdollisesti jopa kuukausia. T\u00e4m\u00e4 on valtava isku suositulle turistikohteelle keskell\u00e4 kuuminta kes\u00e4kautta, sill\u00e4 yl\u00f6s ei ole mit\u00e4\u00e4n p\u00e4\u00e4sy\u00e4 ilman hissi\u00e4. Sopiikin toivoa ett\u00e4 kohde pystyy selviytym\u00e4\u00e4n vaikean tilanteen ylitse ja vakuutukset ovat olleet kunnossa.<\/p>\n<p style=\"text-align: center;\"><a href=\"\/blog\/wp-content\/uploads\/2016\/uusi_sea_to_sky_gondola1.jpg\"><img decoding=\"async\" src=\"\/blog\/wp-content\/uploads\/2016\/thumbs\/thumbs_uusi_sea_to_sky_gondola1.jpg\" \/><\/a><a href=\"\/blog\/wp-content\/uploads\/2016\/uusi_sea_to_sky_gondola2.jpg\"><img decoding=\"async\" src=\"\/blog\/wp-content\/uploads\/2016\/thumbs\/thumbs_uusi_sea_to_sky_gondola2.jpg\" \/><\/a><a href=\"\/blog\/wp-content\/uploads\/2019\/kyydissa_toukokuussa.jpg\"><img decoding=\"async\" src=\"\/blog\/wp-content\/uploads\/2019\/thumbs\/thumbs_kyydissa_toukokuussa.jpg\" \/><\/a><\/p>\n<p style=\"text-align: center;\"><em>Hissin kyydiss\u00e4 on tullut oltua<\/em><\/p>\n<p style=\"text-align: justify;\">Onnettomuuden syyt\u00e4 ei viel\u00e4 tiedet\u00e4 varmasti, mutta poliisin mukaan tapauksessa ep\u00e4ill\u00e4\u00e4n t\u00e4ll\u00e4 hetkell\u00e4 <strong>\u00e4\u00e4rimm\u00e4isen vaarallista vandalismia<\/strong>. S\u00e4\u00e4 oli onnettomuusy\u00f6n\u00e4 kirkas ja tuuleton, eik\u00e4 alueella tapahtunut my\u00f6sk\u00e4\u00e4n maanvy\u00f6rym\u00e4\u00e4, joita Squamishin alueella toisinaan tapahtuu.<\/p>\n<p style=\"text-align: center;\"><a href=\"\/blog\/wp-content\/uploads\/2019\/gondolionnettomuus4.jpg\"><img decoding=\"async\" src=\"\/blog\/wp-content\/uploads\/2019\/gondolionnettomuus4.jpg\" \/><\/a><\/p>\n<p style=\"text-align: center;\"><em>Kaapeli kappaleina<\/em><\/p>\n<p style=\"text-align: justify;\">Gondolihissi on tunnetun sveitsil\u00e4isen <em>Doppelmayrin<\/em> valmistama ja vain muutaman vuoden ik\u00e4inen. Omistajan mukaan hissi\u00e4 ja sen 55 millimetrin halkaisijan kaapelia on huollettu tasaisin v\u00e4liajoin ja vastik\u00e4\u00e4n. Kaapeli on my\u00f6s mitoitettu kest\u00e4m\u00e4\u00e4n huomattavat tonnien painoiset ihmiskuormat, joten onnettomuuden sattuminen y\u00f6ll\u00e4 ilman mink\u00e4\u00e4nlaista kuormaa tai tuulta on varsin erikoista. \ud83d\ude15<\/p>\n<p style=\"text-align: center;\"><a href=\"\/blog\/wp-content\/uploads\/2016\/uusi_sea_to_sky_gondola3.jpg\"><img decoding=\"async\" src=\"\/blog\/wp-content\/uploads\/2016\/thumbs\/thumbs_uusi_sea_to_sky_gondola3.jpg\" \/><\/a><a href=\"\/blog\/wp-content\/uploads\/2016\/uusi_sea_to_sky_gondola5.jpg\"><img decoding=\"async\" src=\"\/blog\/wp-content\/uploads\/2016\/thumbs\/thumbs_uusi_sea_to_sky_gondola5.jpg\" \/><\/a><a href=\"\/blog\/wp-content\/uploads\/2016\/uusi_sea_to_sky_gondola6.jpg\"><img decoding=\"async\" src=\"\/blog\/wp-content\/uploads\/2016\/thumbs\/thumbs_uusi_sea_to_sky_gondola6.jpg\" \/><\/a><\/p>\n<p style=\"text-align: center;\"><em>Gondolihissi nousee nopeasti<\/em><\/p>\n<p style=\"text-align: justify;\">Sea to Sky Gondolalla on tapahtunut aiemmin vain yksi onnettomuus. Testivaiheen aikana yksi gondolin kopeista putosi kovassa myrskyss\u00e4 kaapelilta ennen kohteen avautumista kev\u00e4\u00e4ll\u00e4 2014. Tapauksesta ei syntynyt ihmisvahinkoja ja hissi on ollut k\u00e4yt\u00f6ss\u00e4 sittemmin ilman mink\u00e4\u00e4laisia ongelmia.<\/p>\n<p style=\"text-align: justify;\">Huomionarvoista on, ett\u00e4 hissiin lis\u00e4ttiin vastik\u00e4\u00e4n kes\u00e4kuussa 10 uutta koppia, mik\u00e4 nosti kokonaiskapasiteetin 31 hissikoppiin. Hissi oli kuitenkin alunperinkin mitoitettu t\u00e4t\u00e4 suuremmallekin m\u00e4\u00e4r\u00e4lle ja lis\u00e4ys johtui jatkuvista ruuhkista yl\u00e4- ja ala-asemilla, joiden on ennustettu vain pahenevan n\u00e4ht\u00e4vyyden laajentaessa ensi kes\u00e4n\u00e4 entisest\u00e4\u00e4n.<\/p>\n<p style=\"text-align: center;\"><a href=\"\/blog\/wp-content\/uploads\/2016\/uusi_sea_to_sky_gondola4.jpg\"><img decoding=\"async\" src=\"\/blog\/wp-content\/uploads\/2016\/uusi_sea_to_sky_gondola4.jpg\" \/><\/a><\/p>\n<p style=\"text-align: center;\"><em>N\u00e4ist\u00e4 korkeuksista ei halua pudota<\/em><\/p>\n<p style=\"text-align: justify;\">Y\u00f6llinen tapaus koskettaa monia, sill\u00e4 mekin vierailimme paikalla viimeeksi toukokuussa vanhempieni kanssa ilman ajatustakaan ett\u00e4 n\u00e4in k\u00e4visi vain muutama kuukausi my\u00f6hemmin. Gondoli- ja tuolihissit ovat my\u00f6s <a title=\"Enn\u00e4tysten Peak 2 Peak\" href=\"https:\/\/www.vuosiamaailmalla.fi\/?p=7000\">joka talvinen rutiini<\/a> laskettelemassa, joten tapaus saa miettim\u00e4\u00e4n hissien riskej\u00e4. Jos Squamishin tapaus paljastuu todellakin vandalismiksi, se saa my\u00f6s miettim\u00e4\u00e4n millaisia hulluja keskuudessamme onkaan, joten tapauksen tutkintaa tullaan seuraamaan tarkasti.<\/p>\n","protected":false},"excerpt":{"rendered":"<p>Vancouverilaiset her\u00e4siv\u00e4t lauantaiaamuna yll\u00e4tt\u00e4v\u00e4\u00e4n uutiseen vakavasta onnettomuudesta Squamishin suositulla gongolihissill\u00e4. Viisi vuotta sitten avautuneesta Sea to Sky Gondolasta on muodostunut todellinen turistimagneetti, jonka huipulla 885 metrin korkeudessa vierailee vilkkaimpina p\u00e4ivin\u00e4 jopa pari tuhatta ihmist\u00e4. Lauantaina kello nelj\u00e4 aamuy\u00f6ll\u00e4 tapahtuneessa onnettomuudessa huipulle johtavan gondolihissin kaapeli katkesi, pudottaen hissikopit kymmenien tai jopa yli sadan metrin matkan maahan. &hellip; <a href=\"https:\/\/www.vuosiamaailmalla.fi\/blog\/2019\/onnettomuus-squamishin-gondolihissilla\/\" class=\"more-link\">Jatka lukemista<span class=\"screen-reader-text\"> &#8221;Onnettomuus Squamishin gondolihissill\u00e4&#8221;<\/span><\/a><\/p>\n","protected":false},"author":1,"featured_media":10203,"comment_status":"open","ping_status":"open","sticky":false,"template":"","format":"standard","meta":{"_jetpack_memberships_contains_paid_content":false,"footnotes":""},"categories":[17,3],"tags":[25,935,1427,612],"class_list":["post-10202","post","type-post","status-publish","format-standard","has-post-thumbnail","hentry","category-arki-kanadassa","category-arki-ulkomailla","tag-ajankohtaista","tag-kanada","tag-sea-to-sky-gondola","tag-squamish"],"jetpack_featured_media_url":"https:\/\/www.vuosiamaailmalla.fi\/blog\/wp-content\/uploads\/sea_to_sky_gondola_banner.jpg","jetpack_sharing_enabled":true,"_links":{"self":[{"href":"https:\/\/www.vuosiamaailmalla.fi\/blog\/wp-json\/wp\/v2\/posts\/10202","targetHints":{"allow":["GET"]}}],"collection":[{"href":"https:\/\/www.vuosiamaailmalla.fi\/blog\/wp-json\/wp\/v2\/posts"}],"about":[{"href":"https:\/\/www.vuosiamaailmalla.fi\/blog\/wp-json\/wp\/v2\/types\/post"}],"author":[{"embeddable":true,"href":"https:\/\/www.vuosiamaailmalla.fi\/blog\/wp-json\/wp\/v2\/users\/1"}],"replies":[{"embeddable":true,"href":"https:\/\/www.vuosiamaailmalla.fi\/blog\/wp-json\/wp\/v2\/comments?post=10202"}],"version-history":[{"count":0,"href":"https:\/\/www.vuosiamaailmalla.fi\/blog\/wp-json\/wp\/v2\/posts\/10202\/revisions"}],"wp:featuredmedia":[{"embeddable":true,"href":"https:\/\/www.vuosiamaailmalla.fi\/blog\/wp-json\/wp\/v2\/media\/10203"}],"wp:attachment":[{"href":"https:\/\/www.vuosiamaailmalla.fi\/blog\/wp-json\/wp\/v2\/media?parent=10202"}],"wp:term":[{"taxonomy":"category","embeddable":true,"href":"https:\/\/www.vuosiamaailmalla.fi\/blog\/wp-json\/wp\/v2\/categories?post=10202"},{"taxonomy":"post_tag","embeddable":true,"href":"https:\/\/www.vuosiamaailmalla.fi\/blog\/wp-json\/wp\/v2\/tags?post=10202"}],"curies":[{"name":"wp","href":"https:\/\/api.w.org\/{rel}","templated":true}]}}