{"id":10269,"date":"2019-10-19T17:40:01","date_gmt":"2019-10-20T00:40:01","guid":{"rendered":"http:\/\/13.53.127.146\/?p=10269"},"modified":"2025-03-17T23:23:57","modified_gmt":"2025-03-18T06:23:57","slug":"vaalit-skandaalien-varjossa","status":"publish","type":"post","link":"https:\/\/www.vuosiamaailmalla.fi\/blog\/2019\/vaalit-skandaalien-varjossa\/","title":{"rendered":"Vaalit skandaalien varjossa"},"content":{"rendered":"<p style=\"text-align: justify;\">Kanadan kuluva vaalivuosi huipentuu maanantaina viralliseen \u00e4\u00e4nestysp\u00e4iv\u00e4\u00e4n, jolloin maalle valitaan uusi parlamentti liittovaltion johtoon. Nelj\u00e4 vuotta sitten vaalit voitti <a title=\"Kanada \u00e4\u00e4nesti muutoksen puolesta\" href=\"https:\/\/www.vuosiamaailmalla.fi\/?p=7290\">suurella \u00e4\u00e4nivy\u00f6ryll\u00e4<\/a> tuolloin viel\u00e4 kokemattomana pidetyn <a title=\"Justin Trudeaun valtakauden p\u00e4\u00e4t\u00f6s\" href=\"https:\/\/www.vuosiamaailmalla.fi\/blog\/2025\/justin-trudeaun-valtakauden-paatos\/\">Justin Trudeaun<\/a> luotsaama liberaalipuolue, joka palasi hallitusvastuuseen l\u00e4hes kymmenen vuoden j\u00e4lkeen. Kiiltokuvamaisella imagolla sek\u00e4 vastustamattomalla hymyll\u00e4 kanadalaiset tuolloin vakuuttanut p\u00e4\u00e4ministeri on kuitenkin sittemmin ryvettynyt monissa skandaaleissa ja k\u00e4y nyt vaalitaistelua puolustusasetelmissa.<\/p>\n<p><!--more--><\/p>\n<p style=\"text-align: center;\"><a href=\"\/blog\/wp-content\/uploads\/2015\/puolueiden_aanisaaliit.jpg\"><img decoding=\"async\" src=\"\/blog\/wp-content\/uploads\/2015\/puolueiden_aanisaaliit.jpg\" \/><\/a><\/p>\n<p style=\"text-align: center;\"><em>Liberaalien vuoden 2015 \u00e4\u00e4nivy\u00f6ry oli huima<\/em><\/p>\n<p style=\"text-align: justify;\">Trudeau nousi <a title=\"Eilisen vaalituloksen taustalla\" href=\"https:\/\/www.vuosiamaailmalla.fi\/?p=7308\">Kanadan politiikan huipulle<\/a> useiden mielest\u00e4 kuuluisan sukunimens\u00e4 sek\u00e4 hyvin taktikoidun vaalikampanjan avulla. Kanadan p\u00e4\u00e4ministerin\u00e4 vuosina 1968 &#8211; 1984 toimineen <a title=\"Kanadan Fidel Castro\" href=\"https:\/\/www.vuosiamaailmalla.fi\/blog\/2024\/kanadan-fidel-castro\/\">Pierre Trudeaun pojasta<\/a> leivottiin koko kansan rakastama vaihtoehto kymmenen vuotta hallinneen konservatiivipuolueen Stephen Harperille. Trudeau edusti vaalipuheissa toivoa muutoksesta sek\u00e4 korkeaa etiikkaa, ja t\u00e4m\u00e4n vaalilupaukset upposivat kansaan kuin veitsi voihin.<\/p>\n<p style=\"text-align: justify;\">Medialla oli suuri rooli uudistusmielisen nuoren ja viattoman johtajan mielikuvan luomisessa. Arvostelijoiden mielest\u00e4 Trudeau kiittikin mediaa t\u00e4st\u00e4 tuesta pari vuotta my\u00f6hemmin, kun hallitus viime vuonna my\u00f6nsi noin 600 miljoonan dollarin verohelpotukset <a title=\"Viihdeuutisia ja valheellisia lehtikirjoituksia\" href=\"https:\/\/www.vuosiamaailmalla.fi\/?p=5348\">valituille medioille<\/a>, suurimpana liberaareille suosiollinen yleisradioyhti\u00f6 CBC.<\/p>\n<p style=\"text-align: center;\"><a href=\"\/blog\/wp-content\/uploads\/2015\/trudeaun_perhe.jpg\"><img decoding=\"async\" src=\"\/blog\/wp-content\/uploads\/2015\/trudeaun_perhe.jpg\" \/><\/a><\/p>\n<p style=\"text-align: center;\"><em>Media avitti Justinin valtaan<\/em><\/p>\n<p style=\"text-align: justify;\">Hallituskauden alkuvaiheen valtaisa kansansuosio on kuitenkin sittemmin vaihtunut pettymykseen, sill\u00e4 kautensa aikana liberaalit ovat tulleet tunnetuksi mit\u00e4\u00e4nsaamattomuudestaan. T\u00e4rkeit\u00e4 kansallisia aloitteita on saatu aikaiseksi vain v\u00e4h\u00e4n ja hallitus on tehnyt useita t\u00e4ysin lupaustensa vastaisia p\u00e4\u00e4t\u00f6ksi\u00e4.<\/p>\n<p style=\"text-align: justify;\">Toimettomuuden lis\u00e4ksi hallituskautta on leimannut my\u00f6s sanojen ja tekojen p\u00e4invastaisuus. Samaan aikaan kun Trudeaun hallitus on julistanut ja saarnannut ilmastoh\u00e4t\u00e4tilasta, se kuitenkin osti melkein viidell\u00e4 miljardilla dollarilla haltuunsa vastustukseen <a title=\"\u00d6ljy ajoi British Columbian ja Albertan kauppasotaan\" href=\"https:\/\/www.vuosiamaailmalla.fi\/?p=9498\">j\u00e4m\u00e4ht\u00e4neen \u00f6ljyputken<\/a>, jota se on sittemmin runnonut eteenp\u00e4in.<\/p>\n<p style=\"text-align: justify;\">Toinen petetty vaalilupaus on ollut kaikkia kanadalaisia l\u00e4heisesti koskettava <a title=\"Karannut kanadalainen unelma\" href=\"https:\/\/www.vuosiamaailmalla.fi\/?p=7518\">asumisen kalleus<\/a>. Hallitukselta on riitt\u00e4nyt paljon puhetta, mutta tekojen suhteen liberaalit ovat olleet hyvin haluttomia puuttumaan esimerkiksi j\u00e4rjett\u00f6miin mittasuhteisiin paisuneeseen <a title=\"Miljon\u00e4\u00e4ripakolaisten vy\u00f6ry Kanadaan\" href=\"https:\/\/www.vuosiamaailmalla.fi\/?p=8291\">ulkomaiseen rahanpesuun<\/a> suurkaupunkien asuntomarkkinoilla. Samaan aikaan Kanadan kolmanneksi suurin puolue, uusi demokraattinen puolue NDP, on saanut provinssitasolla aikaiseksi helpotuksia <a title=\"Provinssi tuli vuokralaisten avuksi\" href=\"https:\/\/www.vuosiamaailmalla.fi\/?p=9391\">ainakin t\u00e4\u00e4ll\u00e4<\/a> British Columbiassa.<\/p>\n<p style=\"text-align: center;\"><a href=\"\/blog\/wp-content\/uploads\/2015\/asuntojen_keskimaaraiset_hinnat.jpg\"><img decoding=\"async\" src=\"\/blog\/wp-content\/uploads\/2015\/asuntojen_keskimaaraiset_hinnat.jpg\" \/><\/a><\/p>\n<p style=\"text-align: center;\"><em>Kaikesta on tullut kallista<\/em><\/p>\n<p style=\"text-align: justify;\">Varsinainen katastrofi Trudeaun hallitukselle on ollut maahanmuutto, joka oli yksi ensimm\u00e4isi\u00e4 asioita joita hallitus <a title=\"Kanada lis\u00e4\u00e4 maahanmuuttoa\" href=\"https:\/\/www.vuosiamaailmalla.fi\/?p=8597\">lis\u00e4si valtaan p\u00e4\u00e4sty\u00e4\u00e4n<\/a>. Hyvesignaloinnissa kunnostautunut p\u00e4\u00e4ministeri toi my\u00f6s ensi t\u00f6ikseen kiireell\u00e4 Kanadaan 50 000 <a title=\"Kanada esitteli pakolaissuunnitelmansa\" href=\"https:\/\/www.vuosiamaailmalla.fi\/?p=7469\">Syyrian pakolaista<\/a>, jonka j\u00e4ljilt\u00e4 on paljastunut useita v\u00e4\u00e4rink\u00e4yt\u00f6ksi\u00e4 sek\u00e4 v\u00e4kivaltaisia tulijoita. Tulijoille annettiin my\u00f6s pikakaista <a title=\"Kanadan pysyv\u00e4t asukkaat\" href=\"https:\/\/www.vuosiamaailmalla.fi\/?p=9660\">pysyv\u00e4\u00e4n asumislupaan<\/a>, niin ett\u00e4 osalla on n\u00e4iss\u00e4 vaaleissa jo <a title=\"Uunituoreet Kanadan kansalaiset\" href=\"https:\/\/www.vuosiamaailmalla.fi\/?p=10088\">Kanadan kansalaisuus<\/a>.<\/p>\n<p style=\"text-align: center;\"><a href=\"\/blog\/wp-content\/uploads\/2016\/twiitti_historiankirjoihin.jpg\"><img decoding=\"async\" src=\"\/blog\/wp-content\/uploads\/2016\/twiitti_historiankirjoihin.jpg\" \/><\/a><\/p>\n<p style=\"text-align: center;\"><em>Trudeaun Kanadaan kaikki ovat olleet tervetulleita<\/em><\/p>\n<p style=\"text-align: justify;\">Laiton maahanmuutto on ollut puolestaan otsikoissa Yhdysvaltojen ja Kanadan rajalla, jonka yli on Trudeaun <em>Twitteriss\u00e4<\/em> esitt\u00e4m\u00e4n kutsun j\u00e4lkeen <a title=\"Kriisi Kanadan rajoilla\" href=\"https:\/\/www.vuosiamaailmalla.fi\/?p=9215\">lampsinut laittomasti<\/a> yli 50 000 ihmist\u00e4. Monet n\u00e4ist\u00e4 &#8221;pakolaisista&#8221; saapuvat rajalle suoraan lentokent\u00e4lt\u00e4 taksikyydill\u00e4. Y\u00f6t\u00e4 p\u00e4iv\u00e4\u00e4 ajavista pakolaistakseista onkin tullut Amerikan puolella asuville paikallisille tuottoisa elinkeino, samaan aikaan kun Kanadan hallitus ei ole tehnyt asialle parin vuoden aikana yht\u00e4\u00e4n mit\u00e4\u00e4n.<\/p>\n<p style=\"text-align: center;\"><a href=\"\/blog\/wp-content\/uploads\/2012\/peace_arch1.jpg\"><img decoding=\"async\" src=\"\/blog\/wp-content\/uploads\/2012\/thumbs\/thumbs_peace_arch1.jpg\" \/><\/a><a href=\"\/blog\/wp-content\/uploads\/2016\/point_robertsin_rajalla2.jpg\"><img decoding=\"async\" src=\"\/blog\/wp-content\/uploads\/2016\/thumbs\/thumbs_point_robertsin_rajalla2.jpg\" \/><\/a><\/p>\n<p style=\"text-align: center;\"><em>Yhdysvaltojen ja Kanadan raja on pitk\u00e4 ja valvomaton<\/em><\/p>\n<p style=\"text-align: center;\"><iframe loading=\"lazy\" src=\"https:\/\/www.youtube-nocookie.com\/embed\/e38laGn7sYk\" width=\"560\" height=\"315\" frameborder=\"0\" allowfullscreen=\"allowfullscreen\"><\/iframe><\/p>\n<p style=\"text-align: center;\"><em>Kanadaan voi t\u00e4ll\u00e4 hetkell\u00e4 vain k\u00e4vell\u00e4<\/em><\/p>\n<p style=\"text-align: justify;\">P\u00e4\u00e4ministerimme on tullut my\u00f6s tunnetuksi anteeksipyytelyst\u00e4\u00e4n sek\u00e4 kumartelustaan kaikkiin suuntiin. Kaikkien mielistely on tehnyt selke\u00e4st\u00e4 johtamisesta mahdotonta, mist\u00e4 monimutkainen suhde Kiinaan on hyv\u00e4 esimerkki. <em>Huawein<\/em> talousjohtajan aresti Vancouverissa on ajanut Kanadan poliittisesti hankalaan v\u00e4lik\u00e4teen, jonka tuloksena kiinalaisten liike- ja muu matkustus Kanadaan on v\u00e4hentynyt huomattavasti. Samaan aikaan Trudeaun on ollut vaikea luoda hyv\u00e4\u00e4 suhdetta kaikkein t\u00e4rkeimm\u00e4n kauppakumppanin Yhdysvaltojen <a title=\"Kanada sulattelee USA:n vaalitulosta\" href=\"https:\/\/www.vuosiamaailmalla.fi\/?p=8606\">presidentti Donald Trumpiin<\/a>, vaikka maat lopulta sopivatkin uudesta kauppasopimuksesta.<\/p>\n<p style=\"text-align: center;\"><a href=\"\/blog\/wp-content\/uploads\/2019\/trump_ja_trudeau.jpg\"><img decoding=\"async\" src=\"\/blog\/wp-content\/uploads\/2019\/trump_ja_trudeau.jpg\" \/><\/a><\/p>\n<p style=\"text-align: center;\"><em>Suhde Trumpiin on ollut Trudeaulle vaikea<\/em><\/p>\n<p style=\"text-align: justify;\">Kulissien takaa on paljastunut my\u00f6s lukuisia skandaaleja, jotka kertovat t\u00e4ysin erilaisesta Trudeausta kuin <a title=\"Selfie-p\u00e4\u00e4ministeri vierailulla\" href=\"https:\/\/www.vuosiamaailmalla.fi\/?p=8933\">tuhannet selfie-kuvat<\/a> ovat antaneet ymm\u00e4rt\u00e4\u00e4. P\u00e4\u00e4ministeri on muun muassa nauttinut lomasta h\u00e4m\u00e4r\u00e4n miljard\u00f6\u00f6rin yksityissaarella ja esiintynyt nuoruudessaan useaan kertaan mustassa kasvomaalauksessa. Viimeisin tapaus osoittaa voimakasta ristiriitaa, sill\u00e4 Trudeau on vastaavissa tilanteissa jeesustellut useaan otteeseen muiden poliitikkojen kohdalla, mutta ei ole tullut julki omasta historiastaan.<\/p>\n<p style=\"text-align: center;\"><a href=\"\/blog\/wp-content\/uploads\/2019\/selfie_paaministeri.jpg\"><img decoding=\"async\" src=\"\/blog\/wp-content\/uploads\/2019\/selfie_paaministeri.jpg\" \/><\/a><\/p>\n<p style=\"text-align: center;\"><em>Selfiet ovat hallinneet p\u00e4\u00e4ministerin vierailuja<\/em><\/p>\n<p style=\"text-align: justify;\">Hallituskauden merkitt\u00e4vin kohu on kuitenkin k\u00e4yty kanadalaisen rakennusyhti\u00f6 <em>SNC-Lavalinin<\/em> ymp\u00e4rill\u00e4, jossa Trudeau henkil\u00f6kohtaisesti painosti oman hallituksensa oikeusministeri\u00e4 pid\u00e4tt\u00e4ytym\u00e4\u00e4n nostamasta lahjontasyytteit\u00e4 yhti\u00f6n Libyassa suorittamista h\u00e4m\u00e4r\u00e4bisneksist\u00e4. Painostuksen tultua ilmi, kolme liberaalihallituksen ministeri\u00e4 erosi, mukaan lukien naispuolinen oikeusministeri. Trudeaun toiminta sai &#8221;vakavat nuhteet&#8221; hallituksen etiikkakomitealta, mutta se ei kuitenkaan kaatunut. Tapaus toi kuitenkin esiin t\u00e4ysin erilaisen puolen p\u00e4\u00e4ministerist\u00e4 kuin mediassa on totuttu n\u00e4kem\u00e4\u00e4n, mik\u00e4 saattaa heijastua vaaliuurnilla.<\/p>\n<p style=\"text-align: justify;\">Toimettomuuden ja skandaalien vastapainona hallitus on saanut my\u00f6s l\u00e4pi joitain hankkeitaan, kuten jo mainittu maahanmuuton roima lis\u00e4ys sek\u00e4 kauppasopimus USMCA. Hallituksen suurimmaksi ansioksi j\u00e4\u00e4 kuitenkin <a title=\"Kannabiksesta tuli laillista\" href=\"https:\/\/www.vuosiamaailmalla.fi\/?p=9842\">kannabiksen laillistaminen<\/a>, joka tuli voimaan viime vuonna. Silti sek\u00e4\u00e4n ei ole sujunut t\u00e4ysin suunnitellusti, siit\u00e4 toivottujen verotulojen ollessa arvioitua pienempi\u00e4. Provinsseilla on ollut my\u00f6s suuria vaikeuksia my\u00f6nt\u00e4\u00e4 lisenssej\u00e4 j\u00e4lleenmyyjille ja suuryritykset ovat ottaneet haltuunsa ison osan markkinoista. Laillisen myynnin osuuden arvioidaan olevan my\u00f6s ainoastaan kolmannes, <a title=\"T\u00e4ydellisen ep\u00e4onnistunut huumepolitiikka\" href=\"https:\/\/www.vuosiamaailmalla.fi\/blog\/2024\/taydellisen-epaonnistunut-huumepolitiikka\/\">huumemyyjien<\/a> v\u00e4litt\u00e4ess\u00e4 edelleen kaksi kolmannesta Kanadassa myyt\u00e4v\u00e4st\u00e4 ruohosta.<\/p>\n<p style=\"text-align: center;\"><a href=\"\/blog\/wp-content\/uploads\/2018\/kanada_kannabis3.jpg\"><img decoding=\"async\" src=\"\/blog\/wp-content\/uploads\/2018\/kanada_kannabis3.jpg\" \/><\/a><\/p>\n<p style=\"text-align: center;\"><em>Hallitus laillisti kannabiksen luvatusti<\/em><\/p>\n<p style=\"text-align: justify;\">Kaikkea t\u00e4t\u00e4 vasten onkin kiintoisa k\u00e4yd\u00e4 vaaliuurnille ja n\u00e4hd\u00e4 mitk\u00e4 ovat <a title=\"Ensi kertaa Kanadan vaaliuurnilla\" href=\"https:\/\/www.vuosiamaailmalla.fi\/?p=10277\">kanadalaisten tunnot<\/a> viime vuosien hapuilevasta suunnasta ja sen ajoittaisesta t\u00e4ydellisest\u00e4 puuttumisesta. Liberaalien uutta \u00e4\u00e4nivy\u00f6ry\u00e4 tullaan tuskin n\u00e4kem\u00e4\u00e4n, sill\u00e4 <a title=\"Provinssivaaleissa enemmist\u00f6hallitus\" href=\"https:\/\/www.vuosiamaailmalla.fi\/?p=10917\">viimeisimmiss\u00e4 provinssivaaleissa<\/a> konservatiivit ovat vieneet enemmist\u00f6n melkein kaikissa provinsseissa Atlantin rannikkoa lukuun ottamatta.<\/p>\n<p style=\"text-align: center;\"><a href=\"\/blog\/wp-content\/uploads\/2019\/hallituskauden_kannatus.jpg\"><img decoding=\"async\" src=\"\/blog\/wp-content\/uploads\/2019\/hallituskauden_kannatus.jpg\" \/><\/a><\/p>\n<p style=\"text-align: center;\"><em>Alun innostus on sittemmin vaihtunut pettymykseen<\/em><\/p>\n<p style=\"text-align: center;\"><a href=\"\/blog\/wp-content\/uploads\/2019\/provinssien_poliittinen_kartta.jpg\"><img decoding=\"async\" src=\"\/blog\/wp-content\/uploads\/2019\/provinssien_poliittinen_kartta.jpg\" \/><\/a><\/p>\n<p style=\"text-align: center;\"><em>Provinsseissa valta on jo vaihtunut konservatiiveille<\/em><\/p>\n<p style=\"text-align: justify;\">Tuoreimmissa mielipidetiedusteluissa kaksi suurinta puoluetta, liberaalit ja konservatiivit, ovatkin olleet kannatuksessa k\u00e4yt\u00e4nn\u00f6ss\u00e4 tasoissa, joskin \u00e4\u00e4nestystulos tulee ratkeamaan varsinaisten edustajien m\u00e4\u00e4r\u00e4ll\u00e4. Onkin mahdollista ett\u00e4 valta Kanadassa vaihtuu tai sitten Justin Trudeau joutuu aloittamaan toisen kautensa <a title=\"Sekava vaalitulos\" href=\"https:\/\/www.vuosiamaailmalla.fi\/?p=10288\">v\u00e4hemmist\u00f6hallituksella<\/a>, jonka kausi voi j\u00e4\u00e4d\u00e4 skandaalien jatkuessa <a title=\"Tuloksettomat parlamenttivaalit\" href=\"https:\/\/www.vuosiamaailmalla.fi\/blog\/2021\/tuloksettomat-parlamenttivaalit\/\">lyhyeksi<\/a>.<\/p>\n","protected":false},"excerpt":{"rendered":"<p>Kanadan kuluva vaalivuosi huipentuu maanantaina viralliseen \u00e4\u00e4nestysp\u00e4iv\u00e4\u00e4n, jolloin maalle valitaan uusi parlamentti liittovaltion johtoon. Nelj\u00e4 vuotta sitten vaalit voitti suurella \u00e4\u00e4nivy\u00f6ryll\u00e4 tuolloin viel\u00e4 kokemattomana pidetyn Justin Trudeaun luotsaama liberaalipuolue, joka palasi hallitusvastuuseen l\u00e4hes kymmenen vuoden j\u00e4lkeen. Kiiltokuvamaisella imagolla sek\u00e4 vastustamattomalla hymyll\u00e4 kanadalaiset tuolloin vakuuttanut p\u00e4\u00e4ministeri on kuitenkin sittemmin ryvettynyt monissa skandaaleissa ja k\u00e4y nyt vaalitaistelua &hellip; <a href=\"https:\/\/www.vuosiamaailmalla.fi\/blog\/2019\/vaalit-skandaalien-varjossa\/\" class=\"more-link\">Jatka lukemista<span class=\"screen-reader-text\"> &#8221;Vaalit skandaalien varjossa&#8221;<\/span><\/a><\/p>\n","protected":false},"author":1,"featured_media":10272,"comment_status":"open","ping_status":"open","sticky":false,"template":"","format":"standard","meta":{"_jetpack_memberships_contains_paid_content":false,"footnotes":""},"categories":[17,3,4],"tags":[25,1230,935,224,297],"class_list":["post-10269","post","type-post","status-publish","format-standard","has-post-thumbnail","hentry","category-arki-kanadassa","category-arki-ulkomailla","category-asuminen-kanadassa","tag-ajankohtaista","tag-justin-trudeau","tag-kanada","tag-raja","tag-vaalit"],"jetpack_featured_media_url":"https:\/\/www.vuosiamaailmalla.fi\/blog\/wp-content\/uploads\/skandaaleissa_ryvettynyt_trudeau_banner.jpg","jetpack_sharing_enabled":true,"_links":{"self":[{"href":"https:\/\/www.vuosiamaailmalla.fi\/blog\/wp-json\/wp\/v2\/posts\/10269","targetHints":{"allow":["GET"]}}],"collection":[{"href":"https:\/\/www.vuosiamaailmalla.fi\/blog\/wp-json\/wp\/v2\/posts"}],"about":[{"href":"https:\/\/www.vuosiamaailmalla.fi\/blog\/wp-json\/wp\/v2\/types\/post"}],"author":[{"embeddable":true,"href":"https:\/\/www.vuosiamaailmalla.fi\/blog\/wp-json\/wp\/v2\/users\/1"}],"replies":[{"embeddable":true,"href":"https:\/\/www.vuosiamaailmalla.fi\/blog\/wp-json\/wp\/v2\/comments?post=10269"}],"version-history":[{"count":5,"href":"https:\/\/www.vuosiamaailmalla.fi\/blog\/wp-json\/wp\/v2\/posts\/10269\/revisions"}],"predecessor-version":[{"id":13935,"href":"https:\/\/www.vuosiamaailmalla.fi\/blog\/wp-json\/wp\/v2\/posts\/10269\/revisions\/13935"}],"wp:featuredmedia":[{"embeddable":true,"href":"https:\/\/www.vuosiamaailmalla.fi\/blog\/wp-json\/wp\/v2\/media\/10272"}],"wp:attachment":[{"href":"https:\/\/www.vuosiamaailmalla.fi\/blog\/wp-json\/wp\/v2\/media?parent=10269"}],"wp:term":[{"taxonomy":"category","embeddable":true,"href":"https:\/\/www.vuosiamaailmalla.fi\/blog\/wp-json\/wp\/v2\/categories?post=10269"},{"taxonomy":"post_tag","embeddable":true,"href":"https:\/\/www.vuosiamaailmalla.fi\/blog\/wp-json\/wp\/v2\/tags?post=10269"}],"curies":[{"name":"wp","href":"https:\/\/api.w.org\/{rel}","templated":true}]}}