{"id":10277,"date":"2019-10-20T18:44:12","date_gmt":"2019-10-21T01:44:12","guid":{"rendered":"http:\/\/13.53.127.146\/?p=10277"},"modified":"2025-03-17T23:22:19","modified_gmt":"2025-03-18T06:22:19","slug":"ensi-kertaa-kanadan-vaaliuurnilla","status":"publish","type":"post","link":"https:\/\/www.vuosiamaailmalla.fi\/blog\/2019\/ensi-kertaa-kanadan-vaaliuurnilla\/","title":{"rendered":"Ensi kertaa Kanadan vaaliuurnilla"},"content":{"rendered":"<p style=\"text-align: justify;\">Kanadassa paraikaa meneill\u00e4\u00e4n olevat parlamenttivaalit kiinnostavat minua ja Niinaa huomattavasti <a title=\"Kanada \u00e4\u00e4nesti muutoksen puolesta\" href=\"https:\/\/www.vuosiamaailmalla.fi\/?p=7290\">edelliskertaa<\/a> enemm\u00e4n, sill\u00e4 <a title=\"Uunituoreet Kanadan kansalaiset\" href=\"https:\/\/www.vuosiamaailmalla.fi\/?p=10088\">tuoreina kansalaisina<\/a> meill\u00e4 on nyt ensimm\u00e4ist\u00e4 kertaa \u00e4\u00e4nioikeus t\u00e4k\u00e4l\u00e4isiss\u00e4 vaaleissa. Olemme k\u00e4ytt\u00e4neet Suomen \u00e4\u00e4nioikeuttamme ulkomailla <a title=\"13 vuotta maailmalla\" href=\"https:\/\/www.vuosiamaailmalla.fi\/?p=10242\">asuttujen vuosienkin<\/a> aikana jokaisessa vaalissa, joten kanadalaiseen yhteiskuntaan osallistuminen ja vaikuttaminen oli meille itsest\u00e4\u00e4nselvyys.<\/p>\n<p><!--more--><\/p>\n<p style=\"text-align: justify;\">Kuten <a title=\"Vaalit skandaalien varjossa\" href=\"https:\/\/www.vuosiamaailmalla.fi\/?p=10269\">eilen kirjoitin<\/a>, t\u00e4m\u00e4nkertaisia vaaleja k\u00e4yd\u00e4\u00e4n j\u00e4nnitt\u00e4viss\u00e4 asetelmissa, jossa <a title=\"Justin Trudeaun valtakauden p\u00e4\u00e4t\u00f6s\" href=\"https:\/\/www.vuosiamaailmalla.fi\/blog\/2025\/justin-trudeaun-valtakauden-paatos\/\">p\u00e4\u00e4ministeri Justin Trudeaun<\/a> liberaalit saattavat pysy\u00e4 vallan kahvassa tai menett\u00e4\u00e4 sen konservatiiveille, joiden kannatus on ollut viimeisten kuukausien aikana rinta rinnan liberaalien kanssa.<\/p>\n<p style=\"text-align: center;\"><a href=\"\/blog\/wp-content\/uploads\/2019\/hallituskauden_kannatus.jpg\"><img decoding=\"async\" src=\"\/blog\/wp-content\/uploads\/2019\/hallituskauden_kannatus.jpg\" \/><\/a><\/p>\n<p style=\"text-align: center;\"><em>Vaalit ovat kahden kauppa<\/em><\/p>\n<p style=\"text-align: justify;\">Kanadan vaalij\u00e4rjestelm\u00e4 ei kuitenkaan perustu puolueiden suoraan kannatukseen, vaan parlamenttiin nousevien edustajien m\u00e4\u00e4r\u00e4\u00e4n. Vaaleissa ei \u00e4\u00e4nestet\u00e4 suoraan seuraavasta p\u00e4\u00e4ministerist\u00e4, vaan oman vaalialueen (eng. <em>electoral riding<\/em>) kansanedustajasta. Vaalialueita on yhteens\u00e4 338 ja jokaisella alueella on ainoastaan yksi ehdokas per puolue, sek\u00e4 mahdollisesti muutama itsen\u00e4inen ehdokas. \u00c4\u00e4nest\u00e4j\u00e4ll\u00e4 on t\u00e4ten sangen v\u00e4h\u00e4n valinnanvaraa ja joillain alueilla voimakas ryhmitt\u00e4ytyminen yhden puolueen tai ehdokkaan taakse tarkoittaa, ettei muilla \u00e4\u00e4nill\u00e4 ole merkityst\u00e4, sill\u00e4 <a title=\"Tuloksettomat parlamenttivaalit\" href=\"https:\/\/www.vuosiamaailmalla.fi\/blog\/2021\/tuloksettomat-parlamenttivaalit\/\">suurimman kannatuksen<\/a> saanut ehdokas vie koko alueen.<\/p>\n<p style=\"text-align: justify;\">J\u00e4rjestelm\u00e4\u00e4 kutsutaan enemmist\u00f6vaaleiksi (eng. <em>first-past-the-post<\/em>) ja hyv\u00e4n\u00e4 puolena se takaa, ett\u00e4 Kanadan parlamentissa on edustajia\u00a0 tasaisesti kaikkialta maasta. Sen huonona puolena \u00e4\u00e4nill\u00e4 on erilainen painoarvo, sill\u00e4 joillain vaalialueilla yhdest\u00e4 edustuspaikasta \u00e4\u00e4nest\u00e4\u00e4 30 000 \u00e4\u00e4nioikeutettua, kun <a title=\"Taivaisiin kasvanut Toronto\" href=\"https:\/\/www.vuosiamaailmalla.fi\/?p=3097\">suurissa kaupungeissa<\/a> alueella voi asua jopa 100 000 \u00e4\u00e4nest\u00e4j\u00e4\u00e4. Suurissa kaupungeissa on kuitenkin enemm\u00e4n \u00e4\u00e4nestysalueita ja siten parlamenttipaikkoja, mik\u00e4 vastavuoroisesti korottaa sielt\u00e4 tulevien edustajien m\u00e4\u00e4r\u00e4\u00e4.<\/p>\n<p style=\"text-align: justify;\">Kanada on silti suuri maa ja liittovaltiotason politiikka tuntuukin monista et\u00e4iselt\u00e4. Maan parlamentti kokoontuu t\u00e4\u00e4lt\u00e4 l\u00e4nsirannikolta katsottuna yli 4000 kilometrin p\u00e4\u00e4ss\u00e4 Ottawassa ja vaikka asioista <a title=\"Viihdeuutisia ja valheellisia lehtikirjoituksia\" href=\"https:\/\/www.vuosiamaailmalla.fi\/?p=5348\">uutisoidaankin<\/a> mediassa runsaasti, tulee politiikkaa seurattua sangen v\u00e4h\u00e4n. Tavallisen kanadalaisen el\u00e4m\u00e4ss\u00e4 <a title=\"Provinssi tuli vuokralaisten avuksi\" href=\"https:\/\/www.vuosiamaailmalla.fi\/?p=9391\">provinssitason hallituksella<\/a> onkin paljon enemm\u00e4n merkityst\u00e4, joten paikallispolitiikkaa tulee seurattua enemm\u00e4n. Liittovaltion parlamentti asettaa kuitenkin p\u00e4\u00e4ministerin johdolla maalle suunnan, joten vaaleilla on merkityst\u00e4.<\/p>\n<p style=\"text-align: justify;\">Et\u00e4iseksi j\u00e4\u00e4neen politiikan vuoksi olikin yll\u00e4tt\u00e4v\u00e4n hankalaa p\u00e4\u00e4st\u00e4 k\u00e4rryille siit\u00e4 mit\u00e4 eri puolueet ja ehdokkaat lupaavat tehd\u00e4. Radio- ja televisiomainoksissa huomio on Kanadassakin kiinnittynyt Yhdysvaltojen tapaan enemm\u00e4n vastustajien negatiiviseen n\u00e4lvimiseen, kuin omien aloitteiden esille tuomiseen. Tilanne ei ole juurikaan parempi puolueiden ja ehdokkaiden omilla nettisivuilla, joilta l\u00f6ytyy l\u00e4hinn\u00e4 ymp\u00e4ripy\u00f6re\u00e4\u00e4 liirunlaarumia ilman konkreettisia vastauksia. Perin tyypillist\u00e4 poliittista puhetta siis&#8230;<\/p>\n<p style=\"text-align: center;\"><a href=\"\/blog\/wp-content\/uploads\/2019\/kanadan_puoluejohtajat.jpg\"><img decoding=\"async\" src=\"\/blog\/wp-content\/uploads\/2019\/kanadan_puoluejohtajat.jpg\" \/><\/a><\/p>\n<p style=\"text-align: center;\"><em>Suurimpien puolueiden johtajat<\/em><\/p>\n<p style=\"text-align: justify;\">Onneksi Kanadassakin on netin vaalikoneita ja niiden tarjoamat kysymykset olivatkin meist\u00e4 paras tapa saada jonkinlainen k\u00e4sitys eri puolueiden poliittisesta linjasta, jonka perusteella marssimme viikko sitten \u00e4\u00e4nest\u00e4m\u00e4\u00e4n.<\/p>\n<p style=\"text-align: justify;\">Kanadassa on mahdollista \u00e4\u00e4nest\u00e4\u00e4 ennakkoon, mutta se on mahdollista ainoastaan kiitosp\u00e4iv\u00e4n pitk\u00e4n viikonlopun kolmena p\u00e4iv\u00e4n\u00e4. Ennakko\u00e4\u00e4nest\u00e4minen on mahdollista koko vaalikampanjan aikana muutamissa virastoissa, joita on kuitenkin suurkaupungeissakin vain yksitt\u00e4isi\u00e4. Suurin osa kanadalaisista \u00e4\u00e4nest\u00e4\u00e4kin vasta varsinaisena vaalip\u00e4iv\u00e4n\u00e4, joka on huomenna maanantaina. Tuolloin auki ovat aamusta iltaan tuhannet \u00e4\u00e4nestyspaikat ja jokaisella kanadalaisella on lain suoma mahdollisuus ottaa t\u00f6ist\u00e4 3 tuntia vapaata \u00e4\u00e4nest\u00e4\u00e4.<\/p>\n<p style=\"text-align: justify;\">Itse \u00e4\u00e4nest\u00e4minen oli meist\u00e4 helppo kokemus, mutta se poikkesi hieman suomalaisesta j\u00e4rjestelm\u00e4st\u00e4. Kanadassa \u00e4\u00e4nest\u00e4minen vaatii rekister\u00f6itymist\u00e4, mik\u00e4 onnistuu my\u00f6s varsinaisella vaalipaikalla. Ennakkoon rekister\u00f6ityneille tulee kotiin \u00e4\u00e4nestyslappu, mik\u00e4 ei my\u00f6sk\u00e4\u00e4n ole pakollinen \u00e4\u00e4nestett\u00e4ess\u00e4. \u00c4\u00e4nestyspaikalla \u00e4\u00e4nest\u00e4j\u00e4n tulee vain todistaa henkil\u00f6llisyytens\u00e4 ja todistukseksi k\u00e4y noin 30 erilaista dokumenttia, kuten kotiosoitteeseen nimell\u00e4 tuleva s\u00e4hk\u00f6lasku, kirjastokortti tai vaikkapa aselupa.<\/p>\n<p style=\"text-align: justify;\">Ja jos sinulta ei jostain l\u00f6ydy mit\u00e4\u00e4n n\u00e4ist\u00e4, voi joku toinen henkil\u00f6llisyytens\u00e4 todistava vakuuttaa vaalipaikalla yhden henkil\u00f6n henkil\u00f6llisyyden. Tuntuu suomalaisittain hieman l\u00f6per\u00f6lt\u00e4, mutta pist\u00e4\u00e4 samalla miettim\u00e4\u00e4n miten \u00e4lyt\u00f6n on samaan aikaan <a title=\"Kanada sulattelee USA:n vaalitulosta\" href=\"https:\/\/www.vuosiamaailmalla.fi\/?p=8606\">Amerikassa k\u00e4yt\u00e4v\u00e4 keskustelu<\/a>, jossa Demokraattinen mielest\u00e4 mink\u00e4\u00e4nlaisen henkil\u00f6llisyystodistuksen vaatiminen \u00e4\u00e4nestett\u00e4ess\u00e4 on rasistista. Siell\u00e4 n\u00e4kemys on, ett\u00e4 kaikkien pit\u00e4\u00e4 saada \u00e4\u00e4nest\u00e4\u00e4, oli sitten oikeasti kansalainen tai turisti!<\/p>\n<p style=\"text-align: justify;\">Vaalipaikalla vaalivirkailija vertaa henkil\u00f6llisyystodistuksen ja \u00e4\u00e4nestyslapun nimi\u00e4 ja osoitetta, mink\u00e4 j\u00e4lkeen k\u00e4teens\u00e4 saa \u00e4\u00e4nestyslapun. Sill\u00e4 on listattu kaikki kyseisen vaalialueen ehdokkaat, joista yhden nimen per\u00e4\u00e4n laitetaan rasti. \u00c4\u00e4ni taitetaan ja tiputetaan aukosta pahvilaatikkoon. Sit\u00e4 ei laiteta Suomen tapaan \u00e4\u00e4nestyslapun\u00a0 kanssa kirjekuoreen, joten \u00e4\u00e4nien alkuper\u00e4\u00e4 on mahdotonta j\u00e4lkik\u00e4teen selvitt\u00e4\u00e4.<\/p>\n<p style=\"text-align: center;\"><a href=\"\/blog\/wp-content\/uploads\/2019\/kanada_aanestaa.jpg\"><img decoding=\"async\" src=\"\/blog\/wp-content\/uploads\/2019\/kanada_aanestaa.jpg\" \/><\/a><\/p>\n<p style=\"text-align: center;\"><em>\u00c4\u00e4nest\u00e4minen on Kanadassa helppoa<\/em><\/p>\n<p style=\"text-align: justify;\">\u00c4\u00e4nest\u00e4minen sujui helposti ja uskomattomana sattumana \u00e4\u00e4nestyspaikan ovella meit\u00e4 vastaan tupsahti <em>Helsingin Sanomien<\/em> toimittaja!! Sek\u00e4 h\u00e4n ett\u00e4 me emme voineet uskoa t\u00f6rm\u00e4nneemme toiseen suomalaiseen <a title=\"Muutto Burnabyyn\" href=\"https:\/\/www.vuosiamaailmalla.fi\/?p=8202\">Burnabyn esikaupungin<\/a> ennakko\u00e4\u00e4nestyspaikalla. Toimittaja oli hesarin Yhdysvaltojen kirjeenvaihtaja, joka oli l\u00e4hetetty paikalle tekem\u00e4\u00e4n juttu Kanadan vaaleista. Syy miksi h\u00e4n oli juuri Burnabyss\u00e4 oli ett\u00e4 p\u00e4\u00e4ministeri <a title=\"Kanadan Fidel Castro\" href=\"https:\/\/www.vuosiamaailmalla.fi\/blog\/2024\/kanadan-fidel-castro\/\">Trudeau<\/a> piti samana iltana Burnabyss\u00e4 vaalitilaisuutta &#8211; meid\u00e4n asuintalomme juurella sijaitsevassa hotellissa!<\/p>\n<p style=\"text-align: center;\"><a href=\"\/blog\/wp-content\/uploads\/2019\/aanestamassa2.jpg\"><img decoding=\"async\" src=\"\/blog\/wp-content\/uploads\/2019\/thumbs\/thumbs_aanestamassa2.jpg\" \/><\/a><a href=\"\/blog\/wp-content\/uploads\/2019\/aanestamassa1.jpg\"><img decoding=\"async\" src=\"\/blog\/wp-content\/uploads\/2019\/thumbs\/thumbs_aanestamassa1.jpg\" \/><\/a><\/p>\n<p style=\"text-align: center;\"><em>Ensimm\u00e4iset \u00e4\u00e4nemme kanadalaisina!<\/em><\/p>\n<p style=\"text-align: justify;\">N\u00e4in ollen n\u00e4m\u00e4 vaalit tuotiin kyll\u00e4 aivan kotiovelle saakka, mutta harmillisesti haastattelumme ei n\u00e4yt\u00e4 p\u00e4\u00e4sseen lehteen saakka ainakaan t\u00e4t\u00e4 kirjoittaessa. Kyse oli joka tapauksessa uskomattomasta sattumasta, joka osoittaa ett\u00e4 suomalaiseen voi t\u00f6rm\u00e4t\u00e4 miss\u00e4 tahansa maailmalla!<\/p>\n<p style=\"text-align: justify;\">Kanadalaisen \u00e4\u00e4nemme nyt ensimm\u00e4ist\u00e4 kertaa annettuamme tulemmekin seuraamaan huomisiltaisia vaalivalvojaisia mielenkiinnolla n\u00e4hd\u00e4ksemme josko ehdokkaamme <a title=\"Sekava vaalitulos\" href=\"https:\/\/www.vuosiamaailmalla.fi\/?p=10288\">nousevat parlamenttiin<\/a> ja kenest\u00e4 tulee Kanadan seuraava p\u00e4\u00e4ministeri.<\/p>\n","protected":false},"excerpt":{"rendered":"<p>Kanadassa paraikaa meneill\u00e4\u00e4n olevat parlamenttivaalit kiinnostavat minua ja Niinaa huomattavasti edelliskertaa enemm\u00e4n, sill\u00e4 tuoreina kansalaisina meill\u00e4 on nyt ensimm\u00e4ist\u00e4 kertaa \u00e4\u00e4nioikeus t\u00e4k\u00e4l\u00e4isiss\u00e4 vaaleissa. Olemme k\u00e4ytt\u00e4neet Suomen \u00e4\u00e4nioikeuttamme ulkomailla asuttujen vuosienkin aikana jokaisessa vaalissa, joten kanadalaiseen yhteiskuntaan osallistuminen ja vaikuttaminen oli meille itsest\u00e4\u00e4nselvyys.<\/p>\n","protected":false},"author":1,"featured_media":10281,"comment_status":"open","ping_status":"open","sticky":false,"template":"","format":"standard","meta":{"_jetpack_memberships_contains_paid_content":false,"footnotes":""},"categories":[17,3,4],"tags":[25,935,155,1326,297],"class_list":["post-10277","post","type-post","status-publish","format-standard","has-post-thumbnail","hentry","category-arki-kanadassa","category-arki-ulkomailla","category-asuminen-kanadassa","tag-ajankohtaista","tag-kanada","tag-kanadalainen-juttu","tag-kansalaisuus","tag-vaalit"],"jetpack_featured_media_url":"https:\/\/www.vuosiamaailmalla.fi\/blog\/wp-content\/uploads\/kanada_aanestaa_banner.jpg","jetpack_sharing_enabled":true,"_links":{"self":[{"href":"https:\/\/www.vuosiamaailmalla.fi\/blog\/wp-json\/wp\/v2\/posts\/10277","targetHints":{"allow":["GET"]}}],"collection":[{"href":"https:\/\/www.vuosiamaailmalla.fi\/blog\/wp-json\/wp\/v2\/posts"}],"about":[{"href":"https:\/\/www.vuosiamaailmalla.fi\/blog\/wp-json\/wp\/v2\/types\/post"}],"author":[{"embeddable":true,"href":"https:\/\/www.vuosiamaailmalla.fi\/blog\/wp-json\/wp\/v2\/users\/1"}],"replies":[{"embeddable":true,"href":"https:\/\/www.vuosiamaailmalla.fi\/blog\/wp-json\/wp\/v2\/comments?post=10277"}],"version-history":[{"count":4,"href":"https:\/\/www.vuosiamaailmalla.fi\/blog\/wp-json\/wp\/v2\/posts\/10277\/revisions"}],"predecessor-version":[{"id":13934,"href":"https:\/\/www.vuosiamaailmalla.fi\/blog\/wp-json\/wp\/v2\/posts\/10277\/revisions\/13934"}],"wp:featuredmedia":[{"embeddable":true,"href":"https:\/\/www.vuosiamaailmalla.fi\/blog\/wp-json\/wp\/v2\/media\/10281"}],"wp:attachment":[{"href":"https:\/\/www.vuosiamaailmalla.fi\/blog\/wp-json\/wp\/v2\/media?parent=10277"}],"wp:term":[{"taxonomy":"category","embeddable":true,"href":"https:\/\/www.vuosiamaailmalla.fi\/blog\/wp-json\/wp\/v2\/categories?post=10277"},{"taxonomy":"post_tag","embeddable":true,"href":"https:\/\/www.vuosiamaailmalla.fi\/blog\/wp-json\/wp\/v2\/tags?post=10277"}],"curies":[{"name":"wp","href":"https:\/\/api.w.org\/{rel}","templated":true}]}}