{"id":10288,"date":"2019-10-24T20:16:16","date_gmt":"2019-10-25T03:16:16","guid":{"rendered":"http:\/\/13.53.127.146\/?p=10288"},"modified":"2025-03-17T23:21:28","modified_gmt":"2025-03-18T06:21:28","slug":"sekava-vaalitulos","status":"publish","type":"post","link":"https:\/\/www.vuosiamaailmalla.fi\/blog\/2019\/sekava-vaalitulos\/","title":{"rendered":"Sekava vaalitulos"},"content":{"rendered":"<p style=\"text-align: justify;\">Parlamenttivaalit ovat j\u00e4lleen nelj\u00e4ksi vuodeksi ohitse ja politiikan analyytikoilla on ollut muutama vuorokausi aikaa pureskella vaalien sekavaa tulosta. Vaaleja ennen julkaistut ennusteet osuivat lopulta sangen hyvin kohdilleen, mutta liberaalien v\u00e4hemmist\u00f6hallitusta tarkoittava monimutkainen lopputulos tulee tarkoittamaan vaikeita hallitusneuvotteluita. Tulos vaatii my\u00f6s p\u00e4\u00e4ministerin\u00e4 jatkavalta <a title=\"Selfie-p\u00e4\u00e4ministeri vierailulla\" href=\"https:\/\/www.vuosiamaailmalla.fi\/?p=8933\">Justin Trudeaulta<\/a> tarvetta osoittaa n\u00f6yryytt\u00e4 ja yhteisty\u00f6kyky\u00e4 monilla alueilla, liberaalien menetetty\u00e4 tuntuvasti kannatustaan.<\/p>\n<p><!--more--><\/p>\n<p style=\"text-align: justify;\">Tilanne on hyvin erilainen edellisiin vuoden 2015 vaaleihin verrattuna, joissa liberaalit kokivat <a title=\"Kanada \u00e4\u00e4nesti muutoksen puolesta\" href=\"https:\/\/www.vuosiamaailmalla.fi\/?p=7290\">todellisen \u00e4\u00e4nivy\u00f6ryn<\/a> viety\u00e4\u00e4n 184 Kanadan parlamentin yhteens\u00e4 338 paikasta. T\u00e4m\u00e4 tarkoitti absoluuttista enemmist\u00f6hallitusta, mik\u00e4 mahdollisti Trudeaun tehd\u00e4 mit\u00e4 haluaa, kuten <a title=\"Vaalit skandaalien varjossa\" href=\"https:\/\/www.vuosiamaailmalla.fi\/?p=10269\">h\u00e4n my\u00f6s tekikin<\/a>. Maanantain vaalitappio vie kuitenkin liberaareilta 20 edustajaa samaan aikaan, kun toiseksi suurin puolue konservatiivit lis\u00e4si kannatustaan 26 edustajalla. Niinp\u00e4 uudessa hallituksessa liberaareilla on 157 ja konservatiiveilla 121 kansanedustajaa.<\/p>\n<p style=\"text-align: justify;\">Enemmist\u00f6hallitus j\u00e4i siis 13 paikan p\u00e4\u00e4h\u00e4n, mik\u00e4 tarkoittaa ett\u00e4 Trudeaun tarvitsee nyt tehd\u00e4 yhteisty\u00f6t\u00e4 kannatustaan roimasti menett\u00e4neen ja nelj\u00e4nneksi suurimmaksi puolueeksi vajonneen uusien demokraattien (NDP 24 paikkaa, -20 viime vaaleista) kanssa. Toinen vaihtoehto on yhteisty\u00f6 quebecil\u00e4isen <em>Bloc Quebecoisin<\/em> kanssa, joka oli vaalien kenties suurin voittaja (32 paikkaa, +22). Aiemmin separatismistaan tunnetun Blocin \u00e4\u00e4nitulos tuli kokonaan ranskankieliselt\u00e4 Quebecin alueelta, jossa asuu 8,2 miljoonaa ihmist\u00e4 (22% Kanadan v\u00e4est\u00f6st\u00e4) ja jossa liberaalit kokivat huomattavan tappion.<\/p>\n<p style=\"text-align: center;\"><a href=\"\/blog\/wp-content\/uploads\/2019\/vaalipaikat_ja_kannatus.jpg\"><img decoding=\"async\" src=\"\/blog\/wp-content\/uploads\/2019\/vaalipaikat_ja_kannatus.jpg\" \/><\/a><\/p>\n<p style=\"text-align: center;\"><em>Hankala vaalitulos\u00a0<\/em><\/p>\n<p style=\"text-align: justify;\">Konservatiivitkin kokivat voitostaan huolimatta tappioita, merkitt\u00e4vimp\u00e4n\u00e4 puolueesta h\u00e4vityn puheenjohtajakisan j\u00e4lkeen kev\u00e4\u00e4ll\u00e4 eronneen Maxime Bernierin perustaman kansanpuolue PPC:n pyyhkiytyminen vaalikartalta kokonaan l\u00e4hes 300 000 \u00e4\u00e4nest\u00e4 huolimatta. Arvioiden mukaan puolueen tulos rokotti konservatiiveilta yhteens\u00e4 6 paikkaa, mik\u00e4 olisi pienent\u00e4nyt eroa liberaaleihin 11 paikalla. T\u00e4m\u00e4 olisi tarkoittanut, etteiv\u00e4t liberaalit pystyisi muodostamaan enemmist\u00f6\u00e4 ilman <strong>kahta<\/strong> apupuoluetta, mik\u00e4 olisi tehnyt tilanteesta viel\u00e4kin kiintoisamman.<\/p>\n<p style=\"text-align: justify;\">Toinen alue miss\u00e4 liberaalit murskattiin nelj\u00e4n vuoden takaiseen verrattuna oli koko l\u00e4ntinen Kanada. Siell\u00e4 liberaalit eiv\u00e4t saaneet yht\u00e4\u00e4n edustajaa Albertan sek\u00e4 Saskatchewanin provinsseissa. My\u00f6s Manitobassa sek\u00e4 t\u00e4\u00e4ll\u00e4 <a title=\"British Columbia ylitti 5 miljoonaa asukasta\" href=\"https:\/\/www.vuosiamaailmalla.fi\/?p=9987\">British Columbiassa<\/a> liberaalit kokivat suurtappion, menestyen l\u00e4hinn\u00e4 yksitt\u00e4isill\u00e4 Vancouverin metropolialueen vaalialueilla.<\/p>\n<p style=\"text-align: justify;\">Kanadan nelj\u00e4 l\u00e4ntist\u00e4 provinssia ovat <a title=\"Kanadan ty\u00f6llisyystilanne (2019)\" href=\"https:\/\/www.vuosiamaailmalla.fi\/?p=10212\">maan talouskasvun<\/a> johtavaa aluetta ja niiss\u00e4 asuu 12 miljoonaa ihmist\u00e4 eli kolmannes kanadalaisista. N\u00e4m\u00e4 ihmiset kokevat nyt vaalien j\u00e4lkeen j\u00e4\u00e4neens\u00e4 ilman edustusta, mink\u00e4 vuoksi <a title=\"Kenk\u00e4\u00e4 tykk\u00e4\u00e4-napille\" href=\"https:\/\/www.vuosiamaailmalla.fi\/?p=974\"><em>Facebookissa<\/em><\/a> aluksi vitsin\u00e4 perustettu Wexit-ryhm\u00e4 (Iso-Britannian <em>Brexiti\u00e4<\/em> mukaileva <em>Western Exit<\/em>) ker\u00e4si vaalien j\u00e4lkeisen\u00e4 p\u00e4iv\u00e4n\u00e4 yli 200 000 allekirjoittajaa, tukemaan enemm\u00e4n tai v\u00e4hemm\u00e4n tosissaan l\u00e4ntisen Kanadan irtautumista omaksi valtiokseen.<\/p>\n<p style=\"text-align: center;\"><a href=\"\/blog\/wp-content\/uploads\/2019\/wexit.jpg\"><img decoding=\"async\" src=\"\/blog\/wp-content\/uploads\/2019\/wexit.jpg\" \/><\/a><\/p>\n<p style=\"text-align: center;\"><em>Wexit-liike ker\u00e4\u00e4 kannattajia<\/em><\/p>\n<p style=\"text-align: justify;\"><a title=\"Kanadan Fidel Castro\" href=\"https:\/\/www.vuosiamaailmalla.fi\/blog\/2024\/kanadan-fidel-castro\/\">Justin Trudeau<\/a> on siis nyt puun ja kuoren v\u00e4liss\u00e4, koettuaan merkitt\u00e4v\u00e4t tappiot sek\u00e4 l\u00e4nness\u00e4 ett\u00e4 Quebeciss\u00e4. Kannatus heikkeni my\u00f6s Atlantin rannikon pieniss\u00e4 provinsseissa sek\u00e4 massiivisessa Ontariossa, miss\u00e4 liberaalit onnistuivat kuitenkin puolustautumaan <a title=\"Toronton uudessa akvaariossa\" href=\"https:\/\/www.vuosiamaailmalla.fi\/?p=3126\">Torontoa<\/a> ymp\u00e4r\u00f6ivill\u00e4 t\u00e4rkeill\u00e4 vaa&#8217;ankieli \u00e4\u00e4nestysalueilla, mik\u00e4 turvasi puolueen pysymisen vallan kahvassa.<\/p>\n<p style=\"text-align: justify;\">Ehk\u00e4 n\u00f6yryytt\u00e4vin tappio liberaareille oli kuitenkin h\u00e4vit\u00e4 suosituimman puolueen eli eniten \u00e4\u00e4ni\u00e4 saaneen puolueen status (eng. <em>popular vote<\/em>). Kanadan k\u00e4ytt\u00e4ess\u00e4 enemmist\u00f6vaalitapaa, maanlaajuinen kannatus ei heijastu suoraan puolueiden paikkam\u00e4\u00e4riss\u00e4 ja niinp\u00e4 liberaalien onnistuikin saada 36 edustajapaikkaa konservatiiveja enemm\u00e4n vaikka n\u00e4m\u00e4 saivat vaaleissa 238 000 \u00e4\u00e4nt\u00e4 liberaaleja enemm\u00e4n. Liberaalipuolueen kannatus oli 33,1% ja konservatiivien 34,4%.<\/p>\n<p style=\"text-align: center;\"><a href=\"\/blog\/wp-content\/uploads\/2019\/aanetyskartta.jpg\"><img decoding=\"async\" src=\"\/blog\/wp-content\/uploads\/2019\/aanetyskartta.jpg\" \/><\/a><\/p>\n<p style=\"text-align: center;\"><em>Poliittisesti pirstaloitunut Kanada<\/em><\/p>\n<p style=\"text-align: justify;\">Kiintoisaksi asian tekee, ett\u00e4 vaalij\u00e4rjestelm\u00e4n muuttaminen eurooppalaisemmaksi suhteelliseksi vaalitavaksi oli yksi Trudeaun <a title=\"Eilisen vaalituloksen taustalla\" href=\"https:\/\/www.vuosiamaailmalla.fi\/?p=7308\">keskeisi\u00e4 vaalilupauksista<\/a> vuonna 2015. Jos t\u00e4m\u00e4 olisi toteuttanut lupauksensa, konservatiivit olisivat voittaneet maanantaiset vaalit ja muodostaisivat nyt hallituksen. Enemmist\u00f6vaalit takasikin liberaalien voiton, vaikka n\u00e4m\u00e4 eiv\u00e4t vaaleja mill\u00e4\u00e4n muulla mittarilla tarkastellessa voittaneetkaan. Vaalien suurin h\u00e4vi\u00e4j\u00e4 ovat kuitenkin vihre\u00e4t, jotka saivat 1,1 miljoonasta \u00e4\u00e4nest\u00e4 huolimatta ainoastaan 3 edustajapaikkaa. Samaan aikaan Bloc Quebecois sai 1,4 miljoonalla \u00e4\u00e4nell\u00e4 32 edustajaa.<\/p>\n<p style=\"text-align: justify;\">Maanantain vaalitulos onkin ollut omiaan aiheuttamaan n\u00e4r\u00e4\u00e4 oikeastaan kaikissa \u00e4\u00e4nest\u00e4jiss\u00e4 ymp\u00e4ri maan, sill\u00e4 kukaan ei koe voittaneensa ja iso osa kanadalaisista kokee \u00e4\u00e4nens\u00e4 j\u00e4\u00e4neen huomiotta. Trudea onkin tiukan paikan edess\u00e4 varsinkin, kun pakollinen yhteisty\u00f6 joko uusien demokraattien tai Blocin kanssa on ongelmallista liberaalien ajaessa <a title=\"\u00d6ljy ajoi British Columbian ja Albertan kauppasotaan\" href=\"https:\/\/www.vuosiamaailmalla.fi\/?p=9498\">kiistanalaista \u00f6ljyputkea<\/a> eteenp\u00e4in. Putken rakentaminen olisi \u00e4\u00e4rimm\u00e4isen t\u00e4rke\u00e4\u00e4 sillanrakennusta \u00f6ljyrikkaiden Albertan ja Saskatchewanin suuntaan, mutta on omiaan aiheuttamaan n\u00e4r\u00e4\u00e4 British Columbiassa sek\u00e4 eri puolueiden v\u00e4lill\u00e4. Asiaa ei my\u00f6sk\u00e4\u00e4n helpota fakta, ett\u00e4 ilmastonmuutoshysteriasta huolimatta \u00f6ljy muodostaa 10% Kanadan bruttokansantuotteesta ja on t\u00e4ten oleellinen osa <a title=\"Huoli laskevasta \u00f6ljyn hinnasta\" href=\"https:\/\/www.vuosiamaailmalla.fi\/?p=3970\">maan hyvinvointia<\/a>, jolla rahoitetaan useita hallituksen ohjelmia.<\/p>\n<p style=\"text-align: center;\"><a href=\"\/blog\/wp-content\/uploads\/2019\/trudeaun_voittopuhe.jpg\"><img decoding=\"async\" src=\"\/blog\/wp-content\/uploads\/2019\/trudeaun_voittopuhe.jpg\" \/><\/a><\/p>\n<p style=\"text-align: center;\"><em>Liberaalit saivat laihan voiton<\/em><\/p>\n<p style=\"text-align: justify;\">Maanantain vaali-iltaa pystyi seuraamaan televisiosta yhteens\u00e4 nelj\u00e4lt\u00e4 maanlaajuiselta kanavalta. Tuloksia saatiin kolmessa er\u00e4ss\u00e4 ja illan aloitti Atlantin rannikon \u00e4\u00e4net, jotka antoivat osviittaa tulevasta. Tulos vahvistui hyvin nopeasti puoli seitsem\u00e4n j\u00e4lkeen, jolloin alettiin saada \u00e4\u00e4ni\u00e4 Quebecist\u00e4 aina Albertaan ylt\u00e4v\u00e4lt\u00e4 j\u00e4tt\u00e4iselt\u00e4 melkein koko Kanadan k\u00e4sitt\u00e4v\u00e4lt\u00e4 alueelta samaan aikaan, kun British Columbiassa viel\u00e4 \u00e4\u00e4nestettiin. Aiempina vuosina vaalil\u00e4hetykset t\u00e4\u00e4ll\u00e4 l\u00e4nsirannikolla ovatkin olleet my\u00f6hennettyj\u00e4 aina vaalipaikkojen sulkeutumiseen saakka, mutta internetin aikakaudella k\u00e4yt\u00e4nn\u00f6st\u00e4 luovuttiin ensi kertaa.<\/p>\n<p style=\"text-align: justify;\">Monet British Columbiassa kokivatkin ettei heid\u00e4n \u00e4\u00e4nell\u00e4\u00e4n ollut merkityst\u00e4, sill\u00e4 liberaalien v\u00e4hemmist\u00f6hallitus julistettiin \u00e4\u00e4nestyksen ollessa viel\u00e4 k\u00e4ynniss\u00e4. Enemmist\u00f6vaalitapa kun mahdollistaa uskomattoman nopean \u00e4\u00e4nestysosuuksien laskennan, sill\u00e4 paikoin vain muutama <strong>kymmenen<\/strong> tai sata \u00e4\u00e4nt\u00e4 muutamalta \u00e4\u00e4nestysalueen paristasadasta \u00e4\u00e4nestyspaikasta riitti tuottamaan tilastollisesti tarpeeksi luotettavan tiedon voittajasta. Niinp\u00e4 suurin osa voittajista julistettiin kun \u00e4\u00e4ni\u00e4 oli laskettu alle 10%, loppujen \u00e4\u00e4nien muuttaessa tulosta vain pienesti. Vaalitulos olikin my\u00f6h\u00e4\u00e4n y\u00f6h\u00f6n kest\u00e4neest\u00e4 \u00e4\u00e4ntenlaskennasta huolimatta selv\u00e4 noin tunnissa, mik\u00e4 saa Suomenkin tehokkaan \u00e4\u00e4ntenlaskennan n\u00e4ytt\u00e4m\u00e4\u00e4n kilpikonnamaisen hitaalta.<\/p>\n<p style=\"text-align: justify;\">Yhteens\u00e4 parlamenttivaaleissa \u00e4\u00e4nesti 17,88 miljoonaa kanadalaista ja 65,95% kaikista \u00e4\u00e4nioikeutetuista, <a title=\"Ensi kertaa Kanadan vaaliuurnilla\" href=\"https:\/\/www.vuosiamaailmalla.fi\/?p=10277\">me mukaan luettuina<\/a>. Vuoden 2015 vaalien \u00e4\u00e4nestysaktiivisuus oli 68,3% jotka ovat kummatkin Suomen eduskuntavaaleihin vertautuvia lukemia.<\/p>\n<p style=\"text-align: justify;\">Kaiken kaikkiaan vaalit muuttivat Kanadan v\u00e4lit\u00f6nt\u00e4 suuntaa mit\u00e4tt\u00f6m\u00e4sti, mutta monimutkainen tulos tulee vaatimaan kivuliaita kompromisseja. Se my\u00f6s pist\u00e4\u00e4 <a title=\"Justin Trudeaun valtakauden p\u00e4\u00e4t\u00f6s\" href=\"https:\/\/www.vuosiamaailmalla.fi\/blog\/2025\/justin-trudeaun-valtakauden-paatos\/\">Justin Trudeaun<\/a> t\u00e4ysin uuden tilanteen eteen, eik\u00e4 voidakaan varmuudella sanoa selvi\u00e4\u00e4k\u00f6 hallitus tulevista nelj\u00e4st\u00e4 vuodesta vai suunnataanko Kanadassa vaaliuurnille <a title=\"Tuloksettomat parlamenttivaalit\" href=\"https:\/\/www.vuosiamaailmalla.fi\/blog\/2021\/tuloksettomat-parlamenttivaalit\/\">tuota aiemmin<\/a>. Kanadan tyls\u00e4\u00e4n politiikkaan tulikin kertaheitolla aimo annos uutta dynamiikkaa, jonka vaikutuksia tulee olemaan kiintoisa seurata.<\/p>\n","protected":false},"excerpt":{"rendered":"<p>Parlamenttivaalit ovat j\u00e4lleen nelj\u00e4ksi vuodeksi ohitse ja politiikan analyytikoilla on ollut muutama vuorokausi aikaa pureskella vaalien sekavaa tulosta. Vaaleja ennen julkaistut ennusteet osuivat lopulta sangen hyvin kohdilleen, mutta liberaalien v\u00e4hemmist\u00f6hallitusta tarkoittava monimutkainen lopputulos tulee tarkoittamaan vaikeita hallitusneuvotteluita. Tulos vaatii my\u00f6s p\u00e4\u00e4ministerin\u00e4 jatkavalta Justin Trudeaulta tarvetta osoittaa n\u00f6yryytt\u00e4 ja yhteisty\u00f6kyky\u00e4 monilla alueilla, liberaalien menetetty\u00e4 tuntuvasti kannatustaan.<\/p>\n","protected":false},"author":1,"featured_media":10292,"comment_status":"open","ping_status":"open","sticky":false,"template":"","format":"standard","meta":{"_jetpack_memberships_contains_paid_content":false,"footnotes":""},"categories":[17,3,4],"tags":[25,1230,935,155,491,297,831],"class_list":["post-10288","post","type-post","status-publish","format-standard","has-post-thumbnail","hentry","category-arki-kanadassa","category-arki-ulkomailla","category-asuminen-kanadassa","tag-ajankohtaista","tag-justin-trudeau","tag-kanada","tag-kanadalainen-juttu","tag-talous","tag-vaalit","tag-oljyhiekka"],"jetpack_featured_media_url":"https:\/\/www.vuosiamaailmalla.fi\/blog\/wp-content\/uploads\/trudeaun_voittopuhe_banner.jpg","jetpack_sharing_enabled":true,"_links":{"self":[{"href":"https:\/\/www.vuosiamaailmalla.fi\/blog\/wp-json\/wp\/v2\/posts\/10288","targetHints":{"allow":["GET"]}}],"collection":[{"href":"https:\/\/www.vuosiamaailmalla.fi\/blog\/wp-json\/wp\/v2\/posts"}],"about":[{"href":"https:\/\/www.vuosiamaailmalla.fi\/blog\/wp-json\/wp\/v2\/types\/post"}],"author":[{"embeddable":true,"href":"https:\/\/www.vuosiamaailmalla.fi\/blog\/wp-json\/wp\/v2\/users\/1"}],"replies":[{"embeddable":true,"href":"https:\/\/www.vuosiamaailmalla.fi\/blog\/wp-json\/wp\/v2\/comments?post=10288"}],"version-history":[{"count":4,"href":"https:\/\/www.vuosiamaailmalla.fi\/blog\/wp-json\/wp\/v2\/posts\/10288\/revisions"}],"predecessor-version":[{"id":13933,"href":"https:\/\/www.vuosiamaailmalla.fi\/blog\/wp-json\/wp\/v2\/posts\/10288\/revisions\/13933"}],"wp:featuredmedia":[{"embeddable":true,"href":"https:\/\/www.vuosiamaailmalla.fi\/blog\/wp-json\/wp\/v2\/media\/10292"}],"wp:attachment":[{"href":"https:\/\/www.vuosiamaailmalla.fi\/blog\/wp-json\/wp\/v2\/media?parent=10288"}],"wp:term":[{"taxonomy":"category","embeddable":true,"href":"https:\/\/www.vuosiamaailmalla.fi\/blog\/wp-json\/wp\/v2\/categories?post=10288"},{"taxonomy":"post_tag","embeddable":true,"href":"https:\/\/www.vuosiamaailmalla.fi\/blog\/wp-json\/wp\/v2\/tags?post=10288"}],"curies":[{"name":"wp","href":"https:\/\/api.w.org\/{rel}","templated":true}]}}