{"id":10294,"date":"2019-10-26T15:09:06","date_gmt":"2019-10-26T22:09:06","guid":{"rendered":"http:\/\/13.53.127.146\/?p=10294"},"modified":"2020-12-19T12:38:15","modified_gmt":"2020-12-19T20:38:15","slug":"sumuisen-yon-maisemia","status":"publish","type":"post","link":"https:\/\/www.vuosiamaailmalla.fi\/blog\/2019\/sumuisen-yon-maisemia\/","title":{"rendered":"Sumuisen y\u00f6n maisemia"},"content":{"rendered":"<p style=\"text-align: justify;\">Syksy on monien mielest\u00e4 masentavaa aikaa, eik\u00e4 vuodenaika kuulu allekirjoittaneenkaan suosikkeihin. <a title=\"Syksyist\u00e4 v\u00e4riloistoa\" href=\"https:\/\/www.vuosiamaailmalla.fi\/?p=2508\">Lehtien putoaminen<\/a> puusta tekee kaupunkikuvasta ankean aina <a title=\"Lumikaaos yll\u00e4tti Vancouverin\" href=\"https:\/\/www.vuosiamaailmalla.fi\/?p=8635\">lumen tuloon saakka<\/a> ja sateiset syysp\u00e4iv\u00e4t ovat synkki\u00e4 ja pimeit\u00e4. Meille korkealla asuville syksy sek\u00e4 talvi tarkoittaa kuitenkin my\u00f6s mahdollisuutta maagisiin hetkiin, sill\u00e4 alapuolella <a title=\"Sateen yl\u00e4puolella\" href=\"https:\/\/www.vuosiamaailmalla.fi\/?p=8820\">roikkuvat sadepilvet<\/a> luovat joinain aamuina kauniin <a title=\"Kultainen aamunkoitto\" href=\"https:\/\/www.vuosiamaailmalla.fi\/?p=9286\">kultaisia aamunkoittoja<\/a>. Keli korkeuksissa saattaakin olla joinain p\u00e4ivin\u00e4 t\u00e4ysin erilainen kuin alhaalla maantasolla.<\/p>\n<p><!--more--><\/p>\n<p style=\"text-align: center;\"><a href=\"\/blog\/wp-content\/uploads\/2019\/sumuinen_metrotown1.jpg\"><img decoding=\"async\" src=\"\/blog\/wp-content\/uploads\/2019\/sumuinen_metrotown1.jpg\" \/><\/a><\/p>\n<p style=\"text-align: center;\"><em>Sumu peitti Metrotownin<\/em><\/p>\n<p style=\"text-align: justify;\">Sateen lis\u00e4ksi kylmenev\u00e4t talvi-illat luovat toisinaan my\u00f6s upeita sumulauttoja, jotka saattavat parhaimmillaan <a title=\"Sumu kietoi Fogcouverin\" href=\"https:\/\/www.vuosiamaailmalla.fi\/?p=9400\">kietoa koko metropolin<\/a> sis\u00e4\u00e4ns\u00e4. L\u00e4mp\u00f6tilan ollessa juuri oikea, pilvenpiirt\u00e4jien huipulla asuvien asunnoista aukeavat maisemat ylt\u00e4v\u00e4t sumun ylitse, yksitt\u00e4isten tornien kohotessa siell\u00e4 t\u00e4\u00e4ll\u00e4 <a title=\"Her\u00e4\u00e4minen pilvien yl\u00e4puolella\" href=\"https:\/\/www.vuosiamaailmalla.fi\/?p=8358\">sumun joukosta<\/a>. \ud83d\ude42<\/p>\n<p style=\"text-align: center;\"><a href=\"\/blog\/wp-content\/uploads\/2019\/sumuinen_brentwood_panoraama1.jpg\"><img decoding=\"async\" src=\"\/blog\/wp-content\/uploads\/2019\/sumuinen_brentwood_panoraama1_pieni.jpg\" \/><\/a><\/p>\n<p style=\"text-align: center;\"><em>Brentwood sumun kietomana<\/em><\/p>\n<p style=\"text-align: justify;\">Juuri t\u00e4llaisia kelej\u00e4 on koettu t\u00e4ll\u00e4 viikolla muutamina iltoina ja n\u00e4kym\u00e4 on ollut kerrassaan maaginen. Asumme nyt toista vuotta uudessa asunnossa, josta aukeaa maailmanluokan maisema kaupungin ylitse vuorille. Vuorten edustalla kohoaa Burnabyn toinen kaupunkikeskus, <a title=\"Uskomaton Brentwood\" href=\"https:\/\/www.vuosiamaailmalla.fi\/?p=4576\">uskomattoman rakennusbuumin<\/a> keskell\u00e4 oleva Brentwood, jonka uudet pilvenpiirt\u00e4j\u00e4t puhkovat sumulauttoja. N\u00e4kym\u00e4\u00e4n ei kyll\u00e4sty koskaan ja n\u00e4emme sen suoraan s\u00e4ngyst\u00e4mme.<\/p>\n<p style=\"text-align: center;\"><a href=\"\/blog\/wp-content\/uploads\/2019\/sumuinen_brentwood1.jpg\"><img decoding=\"async\" src=\"\/blog\/wp-content\/uploads\/2019\/thumbs\/thumbs_sumuinen_brentwood1.jpg\" \/><\/a><a href=\"\/blog\/wp-content\/uploads\/2019\/sumuinen_brentwood3.jpg\"><img decoding=\"async\" src=\"\/blog\/wp-content\/uploads\/2019\/thumbs\/thumbs_sumuinen_brentwood3.jpg\" \/><\/a><a href=\"\/blog\/wp-content\/uploads\/2019\/sumuinen_brentwood2.jpg\"><img decoding=\"async\" src=\"\/blog\/wp-content\/uploads\/2019\/thumbs\/thumbs_sumuinen_brentwood2.jpg\" \/><\/a><\/p>\n<p style=\"text-align: center;\"><em>Pilvenpiirt\u00e4j\u00e4t kohoavat pilviharson yl\u00e4puolelle<\/em><\/p>\n<p style=\"text-align: justify;\">Sumu kietoo usein sis\u00e4\u00e4ns\u00e4 my\u00f6s itse Vancouverin, jonka keskusta Downtown sijaitsee pienell\u00e4 niemell\u00e4 veden ymp\u00e4r\u00f6im\u00e4n\u00e4. Meilt\u00e4 n\u00e4htyn\u00e4 ydinkeskusta n\u00e4ytti t\u00e4ll\u00e4 viikolla <a title=\"Sumuun k\u00e4\u00e4ritty metropoli\" href=\"https:\/\/www.vuosiamaailmalla.fi\/?p=11047\">keskell\u00e4 pilvi\u00e4<\/a> sijaitsevalta kaupungilta tuhansine valoineen, <em>BC Placen<\/em> stadionin loistaessa pilvien raosta.<\/p>\n<p style=\"text-align: center;\"><a href=\"\/blog\/wp-content\/uploads\/2019\/sumuinen_downtown_panoraama1.jpg\"><img decoding=\"async\" src=\"\/blog\/wp-content\/uploads\/2019\/sumuinen_downtown_panoraama1_pieni.jpg\" \/><\/a><\/p>\n<p style=\"text-align: center;\"><em>Kaupunki pilviss\u00e4<\/em><\/p>\n","protected":false},"excerpt":{"rendered":"<p>Syksy on monien mielest\u00e4 masentavaa aikaa, eik\u00e4 vuodenaika kuulu allekirjoittaneenkaan suosikkeihin. Lehtien putoaminen puusta tekee kaupunkikuvasta ankean aina lumen tuloon saakka ja sateiset syysp\u00e4iv\u00e4t ovat synkki\u00e4 ja pimeit\u00e4. Meille korkealla asuville syksy sek\u00e4 talvi tarkoittaa kuitenkin my\u00f6s mahdollisuutta maagisiin hetkiin, sill\u00e4 alapuolella roikkuvat sadepilvet luovat joinain aamuina kauniin kultaisia aamunkoittoja. Keli korkeuksissa saattaakin olla joinain &hellip; <a href=\"https:\/\/www.vuosiamaailmalla.fi\/blog\/2019\/sumuisen-yon-maisemia\/\" class=\"more-link\">Jatka lukemista<span class=\"screen-reader-text\"> &#8221;Sumuisen y\u00f6n maisemia&#8221;<\/span><\/a><\/p>\n","protected":false},"author":1,"featured_media":10295,"comment_status":"open","ping_status":"open","sticky":false,"template":"","format":"standard","meta":{"_jetpack_memberships_contains_paid_content":false,"footnotes":""},"categories":[17,3],"tags":[34,932,77,589,78,935,270,939],"class_list":["post-10294","post","type-post","status-publish","format-standard","has-post-thumbnail","hentry","category-arki-kanadassa","category-arki-ulkomailla","tag-arki","tag-asunto","tag-burnaby","tag-burnaby-brentwood","tag-burnaby-metrotown","tag-kanada","tag-saa","tag-vancouver"],"jetpack_featured_media_url":"https:\/\/www.vuosiamaailmalla.fi\/blog\/wp-content\/uploads\/sumuinen_brentwood_banner.jpg","jetpack_sharing_enabled":true,"_links":{"self":[{"href":"https:\/\/www.vuosiamaailmalla.fi\/blog\/wp-json\/wp\/v2\/posts\/10294","targetHints":{"allow":["GET"]}}],"collection":[{"href":"https:\/\/www.vuosiamaailmalla.fi\/blog\/wp-json\/wp\/v2\/posts"}],"about":[{"href":"https:\/\/www.vuosiamaailmalla.fi\/blog\/wp-json\/wp\/v2\/types\/post"}],"author":[{"embeddable":true,"href":"https:\/\/www.vuosiamaailmalla.fi\/blog\/wp-json\/wp\/v2\/users\/1"}],"replies":[{"embeddable":true,"href":"https:\/\/www.vuosiamaailmalla.fi\/blog\/wp-json\/wp\/v2\/comments?post=10294"}],"version-history":[{"count":0,"href":"https:\/\/www.vuosiamaailmalla.fi\/blog\/wp-json\/wp\/v2\/posts\/10294\/revisions"}],"wp:featuredmedia":[{"embeddable":true,"href":"https:\/\/www.vuosiamaailmalla.fi\/blog\/wp-json\/wp\/v2\/media\/10295"}],"wp:attachment":[{"href":"https:\/\/www.vuosiamaailmalla.fi\/blog\/wp-json\/wp\/v2\/media?parent=10294"}],"wp:term":[{"taxonomy":"category","embeddable":true,"href":"https:\/\/www.vuosiamaailmalla.fi\/blog\/wp-json\/wp\/v2\/categories?post=10294"},{"taxonomy":"post_tag","embeddable":true,"href":"https:\/\/www.vuosiamaailmalla.fi\/blog\/wp-json\/wp\/v2\/tags?post=10294"}],"curies":[{"name":"wp","href":"https:\/\/api.w.org\/{rel}","templated":true}]}}