{"id":10313,"date":"2019-11-17T17:55:07","date_gmt":"2019-11-18T01:55:07","guid":{"rendered":"http:\/\/13.53.127.146\/?p=10313"},"modified":"2019-11-17T17:55:07","modified_gmt":"2019-11-18T01:55:07","slug":"uudet-sisukset-poytakoneeseen","status":"publish","type":"post","link":"https:\/\/www.vuosiamaailmalla.fi\/blog\/2019\/uudet-sisukset-poytakoneeseen\/","title":{"rendered":"Uudet sisukset p\u00f6yt\u00e4koneeseen"},"content":{"rendered":"<p style=\"text-align: justify;\">Mitenh\u00e4n se onkin, ett\u00e4 yleens\u00e4 aina kaikki hankinnat tulevat eteen suunnilleen saamaan aikaan? Ainakin t\u00e4lt\u00e4 asia tuntuu allekirjoittaneesta, sill\u00e4 viimeisten 12 kuukauden aikana on tullut p\u00e4ivitetty\u00e4 taloudesta l\u00f6ytyv\u00e4\u00e4 elektroniikkaa rankalla k\u00e4dell\u00e4.<\/p>\n<p style=\"text-align: justify;\">P\u00e4ivitysrumban aloittanut ensimm\u00e4inen ostos oli uusi ja <a title=\"Silmi\u00e4 hivelev\u00e4 OLED\" href=\"https:\/\/www.vuosiamaailmalla.fi\/?p=9879\">upea OLED-televisio<\/a> melko tarkalleen vuosi sitten, jota tuli t\u00e4ydennetty\u00e4 muutama kuukausi my\u00f6hemmin <a title=\"Elokuvateatterin \u00e4\u00e4nentoisto soundbarilla\" href=\"https:\/\/www.vuosiamaailmalla.fi\/?p=9951\">kotiteatterin veroisella <em>soundbarilla<\/em><\/a>. Molemmat ovat toimineet moitteettomasti ja tuottavat suurta iloa p\u00e4ivitt\u00e4in.<\/p>\n<p><!--more--><\/p>\n<p style=\"text-align: justify;\"><strong>Kymmenen vuotta<\/strong> palvelleen LCD-television p\u00e4ivitys uuteen alkoikin olla tarpeen ihan vain laitteen i\u00e4n puolesta. Samanlainen tapaus oli my\u00f6s uuden \u00e4lypuhelimen osto kev\u00e4\u00e4ll\u00e4 l\u00e4hes <strong>kuusi vuotta<\/strong> palvelleen entisen luurin tilalle. Harva viitsisi riippua vanhassa puhelimessa n\u00e4in pitk\u00e4\u00e4n varsinkin, kun <a title=\"Kameralaitteisto: Nokia Lumia 1020\" href=\"https:\/\/www.vuosiamaailmalla.fi\/?p=2522\">entisess\u00e4 puhelimessa<\/a> oli jo reliikiksi muuttunut <em>Windows Phone<\/em> -k\u00e4ytt\u00f6j\u00e4rjestelm\u00e4, johon verrattuna uusi <em>Nokia 9<\/em> Android-puhelin on kerrassaan loistava. \ud83d\ude2e<\/p>\n<p style=\"text-align: justify;\">Kolmas hankintalistalla pitk\u00e4\u00e4n ollut verme on ollut rakas p\u00f6yt\u00e4tietokoneeni. <a title=\"Perill\u00e4 Dortmundissa!\" href=\"https:\/\/www.vuosiamaailmalla.fi\/?p=599\">Saksaan muuttaessamme<\/a> mukaan l\u00e4htiv\u00e4t vain kannettavat tietokoneet, vaikka itse olen pit\u00e4nyt aina p\u00f6yt\u00e4koneella ty\u00f6skentelyst\u00e4. Siksi sellainen tulikin hankittua Saksassa asuessa tasan <strong>kymmenen vuotta<\/strong> sitten kev\u00e4\u00e4ll\u00e4 2009, jolloin investoin sen hetken uusimpaan PC-rautaan. Investointi kannattikin, sill\u00e4 tietokone on ollut jokseenkin k\u00e4ytt\u00f6kelpoinen aina n\u00e4ihin p\u00e4iviin asti. \ud83d\udca1<\/p>\n<p style=\"text-align: justify;\">Tietokonekomponentteja ei ole kuitenkaan rakennettu kest\u00e4m\u00e4\u00e4n ikuisesti, joten kymmenen vuoden varrella rautaa on my\u00f6s hajonnut. Prosessorin mukana tulleen tuulettimen kanssa oli ongelmia heti Kanadaan muutettuamme ja niimp\u00e4 <a title=\"Nestej\u00e4\u00e4hdytys p\u00f6yt\u00e4koneeseen\" href=\"https:\/\/www.vuosiamaailmalla.fi\/?p=170\">vaihdoin nestej\u00e4\u00e4hdytykseen<\/a>, jonka kanssa ei ole ollut mit\u00e4\u00e4n ongelmia yli seitsem\u00e4\u00e4n vuoteen.<\/p>\n<p style=\"text-align: center;\"><a href=\"\/blog\/wp-content\/uploads\/2019\/uusi_vesijaahdytys.jpg\"><img decoding=\"async\" src=\"\/blog\/wp-content\/uploads\/2019\/uusi_vesijaahdytys.jpg\" \/><\/a><\/p>\n<p style=\"text-align: center;\"><em>Uuteenkin koneeseen tuli nestej\u00e4\u00e4hdytys<\/em><\/p>\n<p style=\"text-align: justify;\">Muutama vuosi sitten koneessani ollut oman aikansa huippu <em>Radeon 4870X2<\/em> -n\u00e4yt\u00f6nohjain sanoi sopimuksensa irti ja lopetti toimimasta. Olinkin tuolloin l\u00e4hell\u00e4 ostaa koko koneen sisukset uusiksi, mutta sain lopulta koneen toimimaan <a title=\"Blogin kirjoittamisen ty\u00f6skentelyprosessi\" href=\"https:\/\/www.vuosiamaailmalla.fi\/?p=7496\">bloggaukseen riitt\u00e4v\u00e4sti<\/a> ostamalla superhalvan passiivij\u00e4\u00e4hdytteisen n\u00e4yt\u00f6nohjaimen. Vaikka sill\u00e4 ei pystynytk\u00e4\u00e4n pelaamaan k\u00e4yt\u00e4nn\u00f6ss\u00e4 mit\u00e4\u00e4n, riitti se kuitenkin nettiselaukseen ja antoi tietokoneelleni tekohengityst\u00e4 aina t\u00e4h\u00e4n p\u00e4iv\u00e4\u00e4n saakka.<\/p>\n<p style=\"text-align: center;\"><a href=\"\/blog\/wp-content\/uploads\/2019\/halpis_nayttis.jpg\"><img decoding=\"async\" src=\"\/blog\/wp-content\/uploads\/2019\/thumbs\/thumbs_halpis_nayttis.jpg\" \/><\/a><a href=\"\/blog\/wp-content\/uploads\/2019\/vanha_emolevy.jpg\"><img decoding=\"async\" src=\"\/blog\/wp-content\/uploads\/2019\/thumbs\/thumbs_vanha_emolevy.jpg\" \/><\/a><\/p>\n<p style=\"text-align: center;\"><em>Tekohengityst\u00e4 vanhalle koneelle<\/em><\/p>\n<p style=\"text-align: justify;\">T\u00e4st\u00e4 huolimatta koneen k\u00e4ytt\u00f6 on ollut jo viimeiset pari vuotta varsin k\u00f6kk\u00f6\u00e4, sill\u00e4 aiemmin valtavalta tuntunut 6 gigatavua keskusmuistia on k\u00e4ynyt <em>Windows 10<\/em> -maailmassa auttamattoman v\u00e4h\u00e4iseksi. Asia vain pahentui, kun yksi kolmesta muistikammasta lopetti toimimasta ja k\u00e4ytett\u00e4v\u00e4ksi j\u00e4i vain nelj\u00e4 gigaa muistia. P\u00e4\u00e4tinkin siis, ett\u00e4 viimeinkin oli koittanut aika pist\u00e4\u00e4 kaikki uusiksi kymmenen vuoden j\u00e4lkeen. \ud83d\udca1<\/p>\n<p style=\"text-align: justify;\">Projekti tietokoneen p\u00e4ivitt\u00e4miseksi on hauska, mutta vaatii suurta perehtymist\u00e4. Vaikka olenkin koonnut tietokoneita jo kahdenkymmenen vuoden ajan, en seuraa alan kehityst\u00e4 aktiivisesti, joten minulle oli t\u00e4ysi mysteeri mik\u00e4 on uusinta uutta. Onneksi legendaarinen <a href=\"https:\/\/www.tomshardware.com\/\"><em>Tom&#8217;s Hardware Guide<\/em><\/a> sivusto on edelleen pystyss\u00e4 ja heid\u00e4n ajantasalla olevat oppaat avittivat uusien asioiden ymm\u00e4rt\u00e4misess\u00e4.<\/p>\n<p style=\"text-align: justify;\">Tietokoneen p\u00e4ivitt\u00e4minen vuosien k\u00e4yt\u00f6n j\u00e4lkeen tuntuu vaativan aina melkein kaiken vaihtamista, sill\u00e4 yksitt\u00e4isten osien p\u00e4ivitt\u00e4minen johtaa aina pullonkauloihin mitk\u00e4 turhattavat, kun on ostamassa uusinta uutta. P\u00e4\u00e4tin kuitenkin s\u00e4ilytt\u00e4\u00e4 muutaman viel\u00e4 t\u00e4ysin k\u00e4ytt\u00f6kelpoisen osan kuten 27-tuumaisen n\u00e4yt\u00f6n, hiiren, n\u00e4pp\u00e4imist\u00f6n, kaiuttimet sek\u00e4 koteloni. Ostin Saksassa sen verta suuren kotelon, ett\u00e4 sen sy\u00f6veriin mahtuu edelleenkin kaikki uusimmat osat, joten mit\u00e4 sit\u00e4 turhaan p\u00e4ivitt\u00e4m\u00e4\u00e4n t\u00e4ysin k\u00e4ytt\u00f6kelpoista lootaa. T\u00e4ysin k\u00e4ytt\u00f6kelpoisia olivat my\u00f6s kokoelma kiintolevyj\u00e4, jolla varastoin kaiken tietokoneellani.<\/p>\n<p style=\"text-align: justify;\">Viikonlopun mittaisen perehtymisen j\u00e4lkeen ostoslistalleni p\u00e4\u00e4tyiv\u00e4t uusi <em>Intel i9-9900K<\/em> prosessori, per\u00e4ti 64 gigaa uusinta DDR4-muistia, <em>Gigabyten<\/em> uusi <em>Z390 Designare<\/em> -emolevy kaikilla mahdollisilla herkuilla, <em>Samsungin 970 Pro M.2 NVMe<\/em> SSD-muisti sek\u00e4 <em>Corsairin<\/em> ultrahiljainen AX850-virtal\u00e4hde. Olin my\u00f6s p\u00e4\u00e4tt\u00e4nyt haluavani prosessorille nestej\u00e4\u00e4hdytyksen ja hyv\u00e4n aiemman kokemukseni perusteella ostinkin <em>Corsairin H80i v2<\/em> -vesij\u00e4\u00e4hdytyksen, joka on aiemmin omistamani version isoveli.<\/p>\n<p style=\"text-align: center;\"><a href=\"\/blog\/wp-content\/uploads\/2019\/koneen_uudet_komponentit4.jpg\"><img decoding=\"async\" src=\"\/blog\/wp-content\/uploads\/2019\/koneen_uudet_komponentit4.jpg\" \/><\/a><\/p>\n<p style=\"text-align: center;\"><em>Uudet osat saapuivat nopeasti<\/em><\/p>\n<p style=\"text-align: justify;\">Olin my\u00f6s utelias kokeilemaan nestej\u00e4\u00e4hdytyksen toimintaa n\u00e4yt\u00f6nohjaimen viilennyksess\u00e4, sill\u00e4 aiempi Radeonini oli aina eritt\u00e4in \u00e4\u00e4nek\u00e4s. Onneksi markkinoille on tullut k\u00e4ytt\u00f6valmiita suljettuja ratkaisuja ja niinp\u00e4 p\u00e4\u00e4dyin ostamaan <em>EVGA GeForce 2070 Super<\/em> -n\u00e4yt\u00f6nohjaimen integroidulla vesij\u00e4\u00e4hdytyksell\u00e4. Halusin koneeseeni suunnilleen parasta saatavilla olevaa rautaa, mutta n\u00e4yt\u00f6nohjaimissa aivan huippumallien hinnat kohoavat moninkertaisiksi sek\u00e4 useaan tuhanteen dollariin. Niinp\u00e4 n\u00e4yttisten aivan top-5:een kuuluva <em>GeForce 2070 Super<\/em> oli hyv\u00e4 ratkailu sopuisaan hintaan. N\u00e4yt\u00f6nohjain my\u00f6s tukee <em>RTX ray tracingia<\/em>, mit\u00e4 halusin eritoten p\u00e4\u00e4st\u00e4 kokeilemaan uuden koneen kanssa. \ud83d\ude2e<\/p>\n<p style=\"text-align: center;\"><a href=\"\/blog\/wp-content\/uploads\/2019\/uusi_naytonohjain.jpg\"><img decoding=\"async\" src=\"\/blog\/wp-content\/uploads\/2019\/uusi_naytonohjain.jpg\" \/><\/a><\/p>\n<p style=\"text-align: center;\"><em>N\u00e4yt\u00f6nohjainkin j\u00e4\u00e4htyy vedell\u00e4<\/em><\/p>\n<p style=\"text-align: justify;\">Kaikkiaan uusiin tietokoneen osiin upposi melko tarkalleen $3,000 eli hieman noin 2000 euroa. Jos olisin p\u00e4ivitt\u00e4nyt koneeni kaikki osat, kuten n\u00e4yt\u00f6n, olisi hintalappu ollut varmasti l\u00e4hemp\u00e4n\u00e4 viitt\u00e4 tonnia. Ratkaisuni tuntuukin hyv\u00e4lt\u00e4 kompromissilta, ollen kuitenkin \u00e4\u00e4rett\u00f6m\u00e4n moderni tietokone, jolla p\u00e4rj\u00e4\u00e4n vuosiksi eteenp\u00e4in. Ja se on tarkoituskin, sill\u00e4 en suunnittele p\u00e4ivitt\u00e4v\u00e4ni tietokonettani ainakaan seuraavaan viiteen vuoteen, joskin varmaan aiemmin kuin nyt kuluneet kymmenen vuotta&#8230;<\/p>\n<p style=\"text-align: justify;\">Osat saapuivat kanadalaisista nettikaupoista muutamaan viikkoon ja edess\u00e4 oli koneen kasaus. Edess\u00e4 oleva projekti samaan aikaan sek\u00e4 innosti ett\u00e4\u00a0 hirvitti minua, sill\u00e4 tiesin ett\u00e4 edess\u00e4 olisi paljon tarkkuutta vaativaa puuhaa komponenttien kiinnitt\u00e4misen sek\u00e4 sit\u00e4 seuraavaa Windowsin asennuksen parissa. Tietokoneen kasauksen periaatteet eiv\u00e4t ole muuttuneet vuosikymmeness\u00e4 mihink\u00e4\u00e4n, mutta miten kaikki mahtuu paikalleen ja miten osat saa kiinnitetty\u00e4 ovat asioita joita ei tied\u00e4 t\u00e4ysin varmaksi ennen kuin urakkaan ryhtyy. Onneksi koteloni on tilava ja sis\u00e4lt\u00e4\u00e4 edelleen nykyaikaiset k\u00e4ynnit emolevyn taakse, joten emolevyn ja prosessorin kiinnitys olivat helppoja. Prosessorin nestej\u00e4\u00e4hdytyksen kiinnitys onnistui my\u00f6s hyvin, joskin letkut olivat aluksi hieman j\u00e4yk\u00e4t.<\/p>\n<p style=\"text-align: center;\"><a href=\"\/blog\/wp-content\/uploads\/2019\/koneen_uudet_komponentit1.jpg\"><img decoding=\"async\" src=\"\/blog\/wp-content\/uploads\/2019\/thumbs\/thumbs_koneen_uudet_komponentit1.jpg\" \/><\/a><a href=\"\/blog\/wp-content\/uploads\/2019\/koneen_uudet_komponentit6.jpg\"><img decoding=\"async\" src=\"\/blog\/wp-content\/uploads\/2019\/thumbs\/thumbs_koneen_uudet_komponentit6.jpg\" \/><\/a><\/p>\n<p style=\"text-align: center;\"><em>Vesij\u00e4\u00e4hdytyksest\u00e4 on omakohtaistakin kokemusta<\/em><\/p>\n<p style=\"text-align: justify;\">Nelj\u00e4 muistikampaa ja valtava 64 gigatavun keskusmuisti napsahti n\u00e4pp\u00e4r\u00e4sti paikalleen ja tarjoaa valtavan tulevaisuusvaran. Nykyisin 16 gigatavuakin riitt\u00e4\u00e4 viel\u00e4 hyvin kaikenlaiseen k\u00e4ytt\u00f6\u00f6n ja suurin osa pelaamiseen varustetuistakin koneista sis\u00e4lt\u00e4\u00e4 yleens\u00e4 vain 32 gigatavua muistia. Muisti on kuitenkin sangen halpaa, joten p\u00e4\u00e4tin ostaa kerralla emolevylle mahtuvan maksimim\u00e4\u00e4r\u00e4n. Viel\u00e4 astetta suurempaan 128 gigatavuun p\u00e4ivitt\u00e4minen vaatii isompien muistikampojen ostamista, mutta en n\u00e4e tarvetta j\u00e4risytt\u00e4v\u00e4\u00e4n m\u00e4\u00e4r\u00e4\u00e4n viel\u00e4 vuosiin. \ud83d\ude15<\/p>\n<p style=\"text-align: center;\"><a href=\"\/blog\/wp-content\/uploads\/2019\/koneen_uudet_komponentit3.jpg\"><img decoding=\"async\" src=\"\/blog\/wp-content\/uploads\/2019\/thumbs\/thumbs_koneen_uudet_komponentit3.jpg\" \/><\/a><a href=\"\/blog\/wp-content\/uploads\/2019\/koneen_uudet_komponentit7.jpg\"><img decoding=\"async\" src=\"\/blog\/wp-content\/uploads\/2019\/thumbs\/thumbs_koneen_uudet_komponentit7.jpg\" \/><\/a><a href=\"\/blog\/wp-content\/uploads\/2019\/uusi_tietokone2.jpg\"><img decoding=\"async\" src=\"\/blog\/wp-content\/uploads\/2019\/thumbs\/thumbs_uusi_tietokone2.jpg\" \/><\/a><\/p>\n<p style=\"text-align: center;\"><em>Uusi kone vaatii yleens\u00e4 uuden emolevyn<\/em><\/p>\n<p style=\"text-align: center;\"><a href=\"\/blog\/wp-content\/uploads\/2019\/koneen_uudet_komponentit2.jpg\"><img decoding=\"async\" src=\"\/blog\/wp-content\/uploads\/2019\/koneen_uudet_komponentit2.jpg\" \/><\/a><\/p>\n<p style=\"text-align: center;\"><em>Liit\u00e4nt\u00e4\u00e4 kerrakseen<\/em><\/p>\n<p style=\"text-align: justify;\">Eritt\u00e4in mielenkiintoista oli <em>Samsungin<\/em> valmistaman SSD-muistin kytkent\u00e4. M.2-liit\u00e4nt\u00e4 on minulle t\u00e4ysin uusi tuttavuus ja NVMe-muistit ovat \u00e4\u00e4rett\u00f6m\u00e4n nopea ratkaisu Windows-levyksi. Ostamani 512GB malli palveleekin ainoastaan t\u00e4ss\u00e4 k\u00e4yt\u00f6ss\u00e4 ja k\u00e4ynnist\u00e4\u00e4 Windowsin noin puolessa minuutissa. T\u00e4ss\u00e4 on huomattava ero vanhaan SSD-kiintolevyyni, joka sai nyt siirty\u00e4 <em>Photoshopille<\/em> omistetuksi omaksi asemakseen.<\/p>\n<p style=\"text-align: justify;\">Tietokoneeseeni kuului my\u00f6s per\u00e4ti viisi kiintolevy\u00e4, joista vanhaa IDE-liit\u00e4nt\u00e4\u00e4 k\u00e4ytt\u00e4v\u00e4t <em>Maxtor<\/em> p\u00e4\u00e4si viimein el\u00e4kkeelle. Nelj\u00e4 SATA-kiintolevy\u00e4 jatkavat kuitenkin k\u00e4yt\u00f6ss\u00e4 niin, ett\u00e4 kaksi teratavun kiintolevy\u00e4 sek\u00e4 kaksi kahden teratavun levy\u00e4 ovat kukin peilattuna RAID1:ss. T\u00e4ll\u00f6in yhteens\u00e4 kuuden teratavun sis\u00e4iset levyt tarjoavat kolme teraa peilauksella varmuuskopioitua levytilaa. Ulkoisena varmuuskopiolevyn\u00e4 minulla on viel\u00e4 per\u00e4ti kahdeksan teratavun <em>Seagate<\/em>, jolle varmuuskopioin kaikki valokuvani. T\u00e4t\u00e4 kirjoittaessa valokuvakansioni koko on 1,1 teratavua ja k\u00e4sitt\u00e4\u00e4 133 000 tiedostoa, joten kaiken varmuuskopiointi on melko ty\u00f6l\u00e4s urakka. Onneksi uuden emolevyn USB 3.1 -liit\u00e4nt\u00e4 lyhent\u00e4\u00e4 aiemmin puoli vuorokautta kest\u00e4neen t\u00e4ydellisen varmuuskopioin teon kolmannekseen.<\/p>\n<p style=\"text-align: justify;\">Kaikkein kiintoisin uusi komponentti oli kuitenkin upouusi n\u00e4yt\u00f6nohjain. N\u00e4yttikset ovat olleet kooltaan jo pitk\u00e4\u00e4n massiivisia ja GeForce 2070 Super on my\u00f6s sit\u00e4. Kiinte\u00e4n nestej\u00e4\u00e4hdytyksen lauhdutin oli yll\u00e4tyksekseni sangen pieni, mutta en tiennyt saisinko kiinnitetty\u00e4 sen koteloni huipulle. Ruuvirei\u00e4t sijaitsivat kuitenkin juuri oikeilla paikoilla ja kokonaisuus sujahti n\u00e4pp\u00e4r\u00e4sti paikalleen.<\/p>\n<p style=\"text-align: justify;\">N\u00e4yt\u00f6nohjain, kuten koko tietokoneeni sisus sek\u00e4 kotelo eiv\u00e4t ole niit\u00e4 kaikkein kauneimpia, vaan kauttaaltaan mustia. Nykyisin suosittuja RGB-valoja l\u00f6ytyy ainoastaan emolevylt\u00e4 sek\u00e4 muutamasta kotelotuulettimesta. En ollut kuitenkaan varustamassa n\u00e4yt\u00f6skelpoista konetta, sill\u00e4 koteloni sijaitsee lattialla jonne ei tule koskaan katsottua. Niinp\u00e4 v\u00e4rivaloilla kikkailu oli minulle t\u00e4ysin toissijaista, vaikka nykyisin saatavilla olevat j\u00e4rjestelm\u00e4t ovatkin melko p\u00e4heit\u00e4. \ud83d\udca1<\/p>\n<p style=\"text-align: center;\"><a href=\"\/blog\/wp-content\/uploads\/2019\/uusi_tietokone1.jpg\"><img decoding=\"async\" src=\"\/blog\/wp-content\/uploads\/2019\/thumbs\/thumbs_uusi_tietokone1.jpg\" \/><\/a><a href=\"\/blog\/wp-content\/uploads\/2019\/koneen_uudet_komponentit5.jpg\"><img decoding=\"async\" src=\"\/blog\/wp-content\/uploads\/2019\/thumbs\/thumbs_koneen_uudet_komponentit5.jpg\" \/><\/a><\/p>\n<p style=\"text-align: center;\"><em>Valmis uusi p\u00f6yt\u00e4kone<\/em><\/p>\n<p style=\"text-align: justify;\">Komponenttien sek\u00e4 Windowsin asennuksessa meni yksi kokonainen viikonloppu, mutta lopulta kasassa oli melkoinen pelikone. Vaikka pelaankin p\u00e4\u00e4asiassa <em>Playstationilla<\/em> suuren televisioni \u00e4\u00e4ress\u00e4, olin silti kiinnostunut kokeilemaan RTX-kiihdytettyj\u00e4 pelej\u00e4. N\u00e4yt\u00f6nohjaimen mukana tulikin suomalaisen <em>Remedyn<\/em> uusin peli <em>Control<\/em>, joka ottaa kaiken irti <em>ray tracing<\/em> teknologiasta ja peli onkin todella n\u00e4tti katsoa. Peli, kuten kaikki muukin kokeilemani, py\u00f6rii my\u00f6s asetukset tapissa 1440p-tarkkuudella, joka on hieman vanhemman n\u00e4ytt\u00f6ni maksimitarkkuus. Uskon ett\u00e4 koneeni jaksaisi py\u00f6ritt\u00e4\u00e4 pelej\u00e4 my\u00f6s 2160p:n t\u00e4ydell\u00e4 4K-tarkkuudella, hieman asetuksista karsien. T\u00e4ydellinen 4K-pelaaminen olisi vaatinut melkein parintuhannen dollarin lis\u00e4investointia, joka ei ole tietokonepelaamiseni m\u00e4\u00e4r\u00e4ll\u00e4 mitenk\u00e4\u00e4n j\u00e4rkev\u00e4\u00e4.<\/p>\n<p style=\"text-align: justify;\">Olen k\u00e4ytt\u00e4nyt uutta p\u00f6yt\u00e4konettani nyt reilun kuukauden ajan ja olen siihen \u00e4\u00e4rimm\u00e4isen tyytyv\u00e4inen. Kaikki mahdollinen koneella teht\u00e4v\u00e4 tapahtuu silm\u00e4nr\u00e4p\u00e4yksess\u00e4, eik\u00e4 koneesta lopu resurssit kesken vaikka ajaisin useita raskaita ohjelmia rinnakkain. L\u00e4mm\u00f6tkin pysyv\u00e4t nestej\u00e4\u00e4hdytyksen ansiosta kohdillaan, n\u00e4yt\u00f6nohjaimen pysyess\u00e4 t\u00e4ydell\u00e4 kuormallakin 44 asteessa, joka on todella alhainen lukema. Prosessori k\u00e4y hieman l\u00e4mpim\u00e4mp\u00e4n\u00e4, sill\u00e4 <em>Corsair H80i v2<\/em> on suunniteltu hieman vanhemmille prosessoreille, mutta riitt\u00e4\u00e4 my\u00f6s i9-9900K:lle, ainakin kellottamattomana. L\u00e4mm\u00f6t ovat idless\u00e4 mukavat 35 astetta ja kuormalla 65 astetta, mik\u00e4 on t\u00e4ysin vakaa l\u00e4mp\u00f6tila.<\/p>\n<p style=\"text-align: justify;\">N\u00e4in ollen hankintani onkin eritt\u00e4in tulevaisuusvarma ja nyt t\u00e4ytyy vain toivoa komponenteille edellisten kaltaista pitk\u00e4\u00e4 ik\u00e4\u00e4. \ud83d\ude42<\/p>\n","protected":false},"excerpt":{"rendered":"<p>Mitenh\u00e4n se onkin, ett\u00e4 yleens\u00e4 aina kaikki hankinnat tulevat eteen suunnilleen saamaan aikaan? Ainakin t\u00e4lt\u00e4 asia tuntuu allekirjoittaneesta, sill\u00e4 viimeisten 12 kuukauden aikana on tullut p\u00e4ivitetty\u00e4 taloudesta l\u00f6ytyv\u00e4\u00e4 elektroniikkaa rankalla k\u00e4dell\u00e4. P\u00e4ivitysrumban aloittanut ensimm\u00e4inen ostos oli uusi ja upea OLED-televisio melko tarkalleen vuosi sitten, jota tuli t\u00e4ydennetty\u00e4 muutama kuukausi my\u00f6hemmin kotiteatterin veroisella soundbarilla. Molemmat ovat &hellip; <a href=\"https:\/\/www.vuosiamaailmalla.fi\/blog\/2019\/uudet-sisukset-poytakoneeseen\/\" class=\"more-link\">Jatka lukemista<span class=\"screen-reader-text\"> &#8221;Uudet sisukset p\u00f6yt\u00e4koneeseen&#8221;<\/span><\/a><\/p>\n","protected":false},"author":1,"featured_media":10318,"comment_status":"open","ping_status":"open","sticky":false,"template":"","format":"standard","meta":{"_jetpack_memberships_contains_paid_content":false,"footnotes":""},"categories":[6],"tags":[34,183,1454],"class_list":["post-10313","post","type-post","status-publish","format-standard","has-post-thumbnail","hentry","category-laitteita-ja-vempaimia","tag-arki","tag-nestejaahdytys","tag-tietokone"],"jetpack_featured_media_url":"https:\/\/www.vuosiamaailmalla.fi\/blog\/wp-content\/uploads\/koneen_uudet_komponentit_banner.jpg","jetpack_sharing_enabled":true,"_links":{"self":[{"href":"https:\/\/www.vuosiamaailmalla.fi\/blog\/wp-json\/wp\/v2\/posts\/10313","targetHints":{"allow":["GET"]}}],"collection":[{"href":"https:\/\/www.vuosiamaailmalla.fi\/blog\/wp-json\/wp\/v2\/posts"}],"about":[{"href":"https:\/\/www.vuosiamaailmalla.fi\/blog\/wp-json\/wp\/v2\/types\/post"}],"author":[{"embeddable":true,"href":"https:\/\/www.vuosiamaailmalla.fi\/blog\/wp-json\/wp\/v2\/users\/1"}],"replies":[{"embeddable":true,"href":"https:\/\/www.vuosiamaailmalla.fi\/blog\/wp-json\/wp\/v2\/comments?post=10313"}],"version-history":[{"count":0,"href":"https:\/\/www.vuosiamaailmalla.fi\/blog\/wp-json\/wp\/v2\/posts\/10313\/revisions"}],"wp:featuredmedia":[{"embeddable":true,"href":"https:\/\/www.vuosiamaailmalla.fi\/blog\/wp-json\/wp\/v2\/media\/10318"}],"wp:attachment":[{"href":"https:\/\/www.vuosiamaailmalla.fi\/blog\/wp-json\/wp\/v2\/media?parent=10313"}],"wp:term":[{"taxonomy":"category","embeddable":true,"href":"https:\/\/www.vuosiamaailmalla.fi\/blog\/wp-json\/wp\/v2\/categories?post=10313"},{"taxonomy":"post_tag","embeddable":true,"href":"https:\/\/www.vuosiamaailmalla.fi\/blog\/wp-json\/wp\/v2\/tags?post=10313"}],"curies":[{"name":"wp","href":"https:\/\/api.w.org\/{rel}","templated":true}]}}