{"id":10327,"date":"2019-11-30T12:13:24","date_gmt":"2019-11-30T20:13:24","guid":{"rendered":"http:\/\/13.53.127.146\/?p=10327"},"modified":"2019-11-30T12:13:24","modified_gmt":"2019-11-30T20:13:24","slug":"sibeliuksen-tuntemattomat-savelet","status":"publish","type":"post","link":"https:\/\/www.vuosiamaailmalla.fi\/blog\/2019\/sibeliuksen-tuntemattomat-savelet\/","title":{"rendered":"Sibeliuksen tuntemattomat s\u00e4velet"},"content":{"rendered":"<p style=\"text-align: justify;\">Ulkosuomalaisena <a title=\"Uunituoreet Kanadan kansalaiset\" href=\"https:\/\/www.vuosiamaailmalla.fi\/?p=10088\">kaksoiskansalaisena<\/a> tulee yleens\u00e4 noteerattua kaikki Suomeen liittyv\u00e4 n\u00e4in maailmalla asuessaan. N\u00e4in oli my\u00f6s huhtikuussa, k\u00e4ydess\u00e4mme Niinan kanssa kuulemassa Beethovenin yhdeks\u00e4tt\u00e4 sinfoniaa Vancouverin sinfoniaorkesterin tulkitsemana. Silmiimme osui tuolloin tieto, ett\u00e4 loppuvuoden kalenteriin oli merkitty esitys Jean Sibeliuksen viidennest\u00e4 sinfoniasta, joka sai kiinnostuksemme her\u00e4\u00e4m\u00e4\u00e4n.<\/p>\n<p><!--more--><\/p>\n<p style=\"text-align: justify;\">Vuonna 1865 syntynytt\u00e4 Johan Christian Julius &#8221;Jean&#8221; Sibeliusta pidet\u00e4\u00e4n yhten\u00e4 Suomen kansalliss\u00e4velt\u00e4j\u00e4n\u00e4, sill\u00e4 h\u00e4nen aktiivisin uransa ajoittui Suomen itsen\u00e4istymisen aikaan. Sibeliuksen ehdottomasti kuuluisin teos on mahtipontinen <em>Finlandia<\/em>, joka tunnetaan laajasti my\u00f6s maailmalla. T\u00e4m\u00e4n uraan mahtuu kuitenkin kymmeni\u00e4 teoksia, joista yhten\u00e4 keskeisimp\u00e4n\u00e4 pidet\u00e4\u00e4n juuri h\u00e4nen seitsem\u00e4\u00e4 sinfoniaa.<\/p>\n<p style=\"text-align: center;\"><a href=\"\/blog\/wp-content\/uploads\/2019\/jean_sibelius.jpg\"><img decoding=\"async\" src=\"\/blog\/wp-content\/uploads\/2019\/jean_sibelius.jpg\" \/><\/a><\/p>\n<p style=\"text-align: center;\"><em>Jean Sibelius<\/em><\/p>\n<p style=\"text-align: justify;\">N\u00e4ist\u00e4 eilen perjantaina kuultu viides sinfonia sai ensi-iltansa s\u00e4velt\u00e4j\u00e4n 50-vuotissyntym\u00e4p\u00e4iv\u00e4n\u00e4 joulukuussa 1915. Positiivisesta palautteesta huolimatta Sibelius oli kuitenkin tyytym\u00e4t\u00f6n tuotokseensa ja uudisti sit\u00e4 per\u00e4ti kolme kertaa, viimeisimm\u00e4n version tullessa ulos vuonna 1919.<\/p>\n<p style=\"text-align: center;\"><iframe loading=\"lazy\" src=\"https:\/\/www.youtube-nocookie.com\/embed\/XIIfMjRMqRs\" width=\"560\" height=\"315\" frameborder=\"0\" allowfullscreen=\"allowfullscreen\"><\/iframe><\/p>\n<p style=\"text-align: center;\"><em>Sibeliuksen viides sinfonia<\/em><\/p>\n<p style=\"text-align: justify;\">Saavuimme Niinan sek\u00e4 kahden suomalaisen tuttavan kanssa Vancouverin keskustan upealle Orpheum-konserttitalolle kipakan pakkaskelin keskell\u00e4. Sis\u00e4ll\u00e4 oli onneksi l\u00e4mmint\u00e4 ja pian meid\u00e4t johdatteli tunnelmaan ensimm\u00e4isell\u00e4 puoliajalla kuullut brittil\u00e4isen s\u00e4velt\u00e4j\u00e4 Elgarin viimeisimm\u00e4ksi tuotannoksi j\u00e4\u00e4nyt <a href=\"https:\/\/www.youtube.com\/watch?v=7pi7IxZSYfQ\">sellokonsertto<\/a> sek\u00e4 ven\u00e4l\u00e4isen Mussorgskyn <em>Y\u00f6 autiolla vuorella<\/em>. N\u00e4ist\u00e4 j\u00e4lkimm\u00e4inen on kaikille tuttu heti <a href=\"https:\/\/www.youtube.com\/watch?v=iCEDfZgDPS8\">ensis\u00e4velmist\u00e4\u00e4n l\u00e4htien<\/a>, mutta Elgarin teos oli meille uusi tuttavuus.<\/p>\n<p style=\"text-align: center;\"><a href=\"\/blog\/wp-content\/uploads\/2019\/sibelius_orpheumilla.jpg\"><img decoding=\"async\" src=\"\/blog\/wp-content\/uploads\/2019\/sibelius_orpheumilla.jpg\" \/><\/a><\/p>\n<p style=\"text-align: center;\"><em>Sibeliusta hienolla areenalla<\/em><\/p>\n<p style=\"text-align: justify;\">Sibeliuksen teos otti koko toisen puoliajan ja kiinnostuneina odotimme josko tunnistaisimme t\u00e4m\u00e4n kuuluisaksi luonnehditun valoisan ja luonnonl\u00e4heisen sinfonian s\u00e4velmi\u00e4. Soitannan p\u00e4\u00e4tteeksi meid\u00e4n oli kuitenkin pakko tunnustaa, ettei kukaan meist\u00e4 l\u00f6yt\u00e4nyt kuullusta tunnettua kohtaa, mik\u00e4 oli pienoinen pettymys. Toivoa sopiikin, ett\u00e4 Sibeliusta l\u00f6ytyy sinfoniaorkesterin kalenterista my\u00f6s tulevaisuudessa jonkin hieman laajemmin tunnetun teoksen muodossa.<\/p>\n","protected":false},"excerpt":{"rendered":"<p>Ulkosuomalaisena kaksoiskansalaisena tulee yleens\u00e4 noteerattua kaikki Suomeen liittyv\u00e4 n\u00e4in maailmalla asuessaan. N\u00e4in oli my\u00f6s huhtikuussa, k\u00e4ydess\u00e4mme Niinan kanssa kuulemassa Beethovenin yhdeks\u00e4tt\u00e4 sinfoniaa Vancouverin sinfoniaorkesterin tulkitsemana. Silmiimme osui tuolloin tieto, ett\u00e4 loppuvuoden kalenteriin oli merkitty esitys Jean Sibeliuksen viidennest\u00e4 sinfoniasta, joka sai kiinnostuksemme her\u00e4\u00e4m\u00e4\u00e4n.<\/p>\n","protected":false},"author":1,"featured_media":10328,"comment_status":"open","ping_status":"open","sticky":false,"template":"","format":"standard","meta":{"_jetpack_memberships_contains_paid_content":false,"footnotes":""},"categories":[17,3],"tags":[34,1456,935,1381,1457,198,939,1458],"class_list":["post-10327","post","type-post","status-publish","format-standard","has-post-thumbnail","hentry","category-arki-kanadassa","category-arki-ulkomailla","tag-arki","tag-jean-sibelius","tag-kanada","tag-klassinen-musiikki","tag-orpheum","tag-suomi","tag-vancouver","tag-vancouverin-sinfoniaorkesteri"],"jetpack_featured_media_url":"https:\/\/www.vuosiamaailmalla.fi\/blog\/wp-content\/uploads\/sibelius_orpheumilla_banner.jpg","jetpack_sharing_enabled":true,"_links":{"self":[{"href":"https:\/\/www.vuosiamaailmalla.fi\/blog\/wp-json\/wp\/v2\/posts\/10327","targetHints":{"allow":["GET"]}}],"collection":[{"href":"https:\/\/www.vuosiamaailmalla.fi\/blog\/wp-json\/wp\/v2\/posts"}],"about":[{"href":"https:\/\/www.vuosiamaailmalla.fi\/blog\/wp-json\/wp\/v2\/types\/post"}],"author":[{"embeddable":true,"href":"https:\/\/www.vuosiamaailmalla.fi\/blog\/wp-json\/wp\/v2\/users\/1"}],"replies":[{"embeddable":true,"href":"https:\/\/www.vuosiamaailmalla.fi\/blog\/wp-json\/wp\/v2\/comments?post=10327"}],"version-history":[{"count":0,"href":"https:\/\/www.vuosiamaailmalla.fi\/blog\/wp-json\/wp\/v2\/posts\/10327\/revisions"}],"wp:featuredmedia":[{"embeddable":true,"href":"https:\/\/www.vuosiamaailmalla.fi\/blog\/wp-json\/wp\/v2\/media\/10328"}],"wp:attachment":[{"href":"https:\/\/www.vuosiamaailmalla.fi\/blog\/wp-json\/wp\/v2\/media?parent=10327"}],"wp:term":[{"taxonomy":"category","embeddable":true,"href":"https:\/\/www.vuosiamaailmalla.fi\/blog\/wp-json\/wp\/v2\/categories?post=10327"},{"taxonomy":"post_tag","embeddable":true,"href":"https:\/\/www.vuosiamaailmalla.fi\/blog\/wp-json\/wp\/v2\/tags?post=10327"}],"curies":[{"name":"wp","href":"https:\/\/api.w.org\/{rel}","templated":true}]}}