{"id":10332,"date":"2019-12-01T10:47:44","date_gmt":"2019-12-01T18:47:44","guid":{"rendered":"http:\/\/13.53.127.146\/?p=10332"},"modified":"2023-12-16T21:33:51","modified_gmt":"2023-12-17T05:33:51","slug":"suomalaisilla-joulumyyjaisilla","status":"publish","type":"post","link":"https:\/\/www.vuosiamaailmalla.fi\/blog\/2019\/suomalaisilla-joulumyyjaisilla\/","title":{"rendered":"Suomalaisilla joulumyyj\u00e4isill\u00e4"},"content":{"rendered":"<p style=\"text-align: justify;\">Suomalaisia sek\u00e4 skandinaaveja asuu t\u00e4\u00e4ll\u00e4 Vancouverin alueella runsain mitoin. Se tuli todettua kaksi vuotta sitten j\u00e4rjestetyll\u00e4 <a title=\"Itsen\u00e4isyysp\u00e4iv\u00e4n juhlagaala Vancouverissa\" href=\"https:\/\/www.vuosiamaailmalla.fi\/blog\/2017\/itsenaisyyspaivan-juhlagaala-vancouverissa\/\">Suomen 100-vuotisjuhlavastaanotolla<\/a>, jonne saapui satoja suomalaiset sukujuuret ja\/tai yhteyksi\u00e4 Suomeen omaavia. Suomalaisiin t\u00f6rm\u00e4\u00e4 Vancouverissa muutenkin aika ajoin ja muutamien suomalaisten kanssa tulee my\u00f6s pidetty\u00e4 aktiivisemmin yhteytt\u00e4 t\u00e4\u00e4ll\u00e4 asuessa.<\/p>\n<p><!--more--><\/p>\n<p style=\"text-align: center;\"><img decoding=\"async\" src=\"\/blog\/wp-content\/uploads\/2019\/skandinaviakeskus.jpg\" \/><\/p>\n<p style=\"text-align: justify;\">Jos suomalainen toiminta kiinnostaa suuremmin, toimii naapurikaupunki Burnabyss\u00e4\u00a0 aktiivinen <a href=\"https:\/\/scancentre.org\/\"><em>Skandinaviakeskus<\/em><\/a>, jonka tiloissa pohjoismaisia juuria omaavat j\u00e4rjest\u00e4v\u00e4t moninaisia tilaisuuksia, kursseja sek\u00e4 juhlallisuuksia. Yksi vuoden suurimpia tapahtumia on <a title=\"Juhannus ilman heilaa\" href=\"https:\/\/www.vuosiamaailmalla.fi\/blog\/2016\/juhannus-ilman-heilaa\/\">keskikes\u00e4ll\u00e4<\/a> j\u00e4rjestett\u00e4v\u00e4t juhannusjuhlat, mutta paikalle ker\u00e4\u00e4ntyy runsaasti ihmisi\u00e4 my\u00f6s n\u00e4in joulun alla, kun keskuksella j\u00e4rjestet\u00e4\u00e4n useana per\u00e4kk\u00e4isen\u00e4 viikonloppuna eri maiden joulumyyj\u00e4iset.<\/p>\n<p style=\"text-align: center;\"><a href=\"\/blog\/wp-content\/uploads\/2019\/suomalaiset_joulumyyjaiset1.jpg\"><img decoding=\"async\" src=\"\/blog\/wp-content\/uploads\/2019\/thumbs\/thumbs_suomalaiset_joulumyyjaiset1.jpg\" \/><\/a><a href=\"\/blog\/wp-content\/uploads\/2019\/suomalaiset_joulumyyjaiset3.jpg\"><img decoding=\"async\" src=\"\/blog\/wp-content\/uploads\/2019\/thumbs\/thumbs_suomalaiset_joulumyyjaiset3.jpg\" \/><\/a><\/p>\n<p style=\"text-align: center;\"><em>Jonoa myyj\u00e4isille<\/em><\/p>\n<p style=\"text-align: justify;\">Emme ole k\u00e4yneet joulumyyj\u00e4isiss\u00e4 aiemmin, mutta viime viikon sunnuntaina\u00a0 p\u00e4\u00e4timme l\u00e4hte\u00e4 katsastamaan tuolloin j\u00e4rjestetyt suomalaiset joulumyyj\u00e4iset. Paikalla oli v\u00e4ke\u00e4 runsain mitoin ja sis\u00e4lle p\u00e4\u00e4sy\u00e4 joutuikin jonottamaan pienen tovin. Keskuksen eri huoneissa oli esill\u00e4 kaikkea <a title=\"Piparintuoksuinen joulunalus\" href=\"https:\/\/www.vuosiamaailmalla.fi\/blog\/2023\/piparin-tuoksuiset-joulumyyjaiset\/\">perinteisiin joulumyyj\u00e4isiin<\/a> kuuluvaa, kuten taidokkaita k\u00e4sit\u00f6it\u00e4, joulukoristeita sek\u00e4 perinteist\u00e4 suomalaista ruokaa ja herkkuja.<\/p>\n<p style=\"text-align: center;\"><a href=\"\/blog\/wp-content\/uploads\/2019\/suomalaiset_joulumyyjaiset5.jpg\"><img decoding=\"async\" src=\"\/blog\/wp-content\/uploads\/2019\/thumbs\/thumbs_suomalaiset_joulumyyjaiset5.jpg\" \/><\/a><a href=\"\/blog\/wp-content\/uploads\/2019\/suomalaiset_joulumyyjaiset6.jpg\"><img decoding=\"async\" src=\"\/blog\/wp-content\/uploads\/2019\/thumbs\/thumbs_suomalaiset_joulumyyjaiset6.jpg\" \/><\/a><a href=\"\/blog\/wp-content\/uploads\/2019\/suomalaiset_joulumyyjaiset7.jpg\"><img decoding=\"async\" src=\"\/blog\/wp-content\/uploads\/2019\/thumbs\/thumbs_suomalaiset_joulumyyjaiset7.jpg\" \/><\/a><\/p>\n<p style=\"text-align: center;\"><em>Joulumyyj\u00e4iset ker\u00e4siv\u00e4t paljon v\u00e4ke\u00e4<\/em><\/p>\n<p style=\"text-align: justify;\">Osa ihmisist\u00e4 olikin saapunut paikalle juurikin karjalanpiirakoiden sek\u00e4 ruisleiv\u00e4n vuoksi. My\u00f6s muut jouluherkut ja -koristeet tuntuivat tekev\u00e4n kauppansa oikein hyvin. Meid\u00e4nkin mukaamme l\u00e4hti kaksi pakettia raesokeria, jota on normaalisti vaikea l\u00f6yt\u00e4\u00e4 Vancouverin alueelta.<\/p>\n<p style=\"text-align: center;\"><a href=\"\/blog\/wp-content\/uploads\/2019\/suomalaiset_joulumyyjaiset2.jpg\"><img decoding=\"async\" src=\"\/blog\/wp-content\/uploads\/2019\/thumbs\/thumbs_suomalaiset_joulumyyjaiset2.jpg\" \/><\/a><a href=\"\/blog\/wp-content\/uploads\/2019\/suomalaiset_joulumyyjaiset4.jpg\"><img decoding=\"async\" src=\"\/blog\/wp-content\/uploads\/2019\/thumbs\/thumbs_suomalaiset_joulumyyjaiset4.jpg\" \/><\/a><\/p>\n<p style=\"text-align: center;\"><em>Joulukoristeita sek\u00e4 suomalaisia herkkuja<\/em><\/p>\n<p style=\"text-align: justify;\">Illalla kotona oli vuorossa omien jouluherkkujen valmistus, kun leivoimme perinteisin menoin piparkakkuja. Parituntinen puuhastelu t\u00e4ytti vatsat piparitaikinalla ja kuluneella viikolla onkin riitt\u00e4nyt vilskett\u00e4 piparirasialla. Liek\u00f6 asialla ollut joulutonttu, mutta pipareita on kadonnut mystisesti rasiasta&#8230; Saakin n\u00e4hd\u00e4 joudummeko t\u00e4n\u00e4<strong>kin<\/strong> vuonna leipomaan pipareita viel\u00e4 toiseen otteeseen, jotta ne riitt\u00e4isiv\u00e4t varsinaiseen jouluun saakka!<\/p>\n<p style=\"text-align: center;\"><a href=\"\/blog\/wp-content\/uploads\/2019\/piparin_paistoa1.jpg\"><img decoding=\"async\" src=\"\/blog\/wp-content\/uploads\/2019\/thumbs\/thumbs_piparin_paistoa1.jpg\" \/><\/a><a href=\"\/blog\/wp-content\/uploads\/2019\/piparin_paistoa2.jpg\"><img decoding=\"async\" src=\"\/blog\/wp-content\/uploads\/2019\/thumbs\/thumbs_piparin_paistoa2.jpg\" \/><\/a><a href=\"\/blog\/wp-content\/uploads\/2019\/piparin_paistoa3.jpg\"><img decoding=\"async\" src=\"\/blog\/wp-content\/uploads\/2019\/thumbs\/thumbs_piparin_paistoa3.jpg\" \/><\/a><\/p>\n<p style=\"text-align: center;\"><em>Jokajouluinen perinne<\/em><\/p>\n<p style=\"text-align: justify;\">Joulumarkkinoiden lis\u00e4ksi suunnitelmissamme on my\u00f6s parin viikon p\u00e4\u00e4st\u00e4 katsastaa t\u00e4st\u00e4 ihan l\u00e4hist\u00f6lt\u00e4mme l\u00f6ytyv\u00e4 suomikirkko, jonka tiloissa j\u00e4rjestet\u00e4\u00e4n kuulopuheiden perusteella todella perinteiset\u00a0 <a title=\"Burnabyn kauneimmat joululaulut\" href=\"https:\/\/www.vuosiamaailmalla.fi\/?p=10458\">kauneimmat joululaulut<\/a>. Se jos mik\u00e4 on varma joulumielen tuoja!<\/p>\n","protected":false},"excerpt":{"rendered":"<p>Suomalaisia sek\u00e4 skandinaaveja asuu t\u00e4\u00e4ll\u00e4 Vancouverin alueella runsain mitoin. Se tuli todettua kaksi vuotta sitten j\u00e4rjestetyll\u00e4 Suomen 100-vuotisjuhlavastaanotolla, jonne saapui satoja suomalaiset sukujuuret ja\/tai yhteyksi\u00e4 Suomeen omaavia. Suomalaisiin t\u00f6rm\u00e4\u00e4 Vancouverissa muutenkin aika ajoin ja muutamien suomalaisten kanssa tulee my\u00f6s pidetty\u00e4 aktiivisemmin yhteytt\u00e4 t\u00e4\u00e4ll\u00e4 asuessa.<\/p>\n","protected":false},"author":1,"featured_media":10333,"comment_status":"open","ping_status":"open","sticky":false,"template":"","format":"standard","meta":{"_jetpack_memberships_contains_paid_content":false,"footnotes":""},"categories":[17,3],"tags":[34,77,589,264,274,935,1459,198,1035],"class_list":["post-10332","post","type-post","status-publish","format-standard","has-post-thumbnail","hentry","category-arki-kanadassa","category-arki-ulkomailla","tag-arki","tag-burnaby","tag-burnaby-brentwood","tag-joulu","tag-joulumarkkinat","tag-kanada","tag-skandinaviakeskus","tag-suomi","tag-ulkosuomalaisuus"],"jetpack_featured_media_url":"https:\/\/www.vuosiamaailmalla.fi\/blog\/wp-content\/uploads\/suomalaiset_joulumyyjaiset_banner.jpg","jetpack_sharing_enabled":true,"_links":{"self":[{"href":"https:\/\/www.vuosiamaailmalla.fi\/blog\/wp-json\/wp\/v2\/posts\/10332","targetHints":{"allow":["GET"]}}],"collection":[{"href":"https:\/\/www.vuosiamaailmalla.fi\/blog\/wp-json\/wp\/v2\/posts"}],"about":[{"href":"https:\/\/www.vuosiamaailmalla.fi\/blog\/wp-json\/wp\/v2\/types\/post"}],"author":[{"embeddable":true,"href":"https:\/\/www.vuosiamaailmalla.fi\/blog\/wp-json\/wp\/v2\/users\/1"}],"replies":[{"embeddable":true,"href":"https:\/\/www.vuosiamaailmalla.fi\/blog\/wp-json\/wp\/v2\/comments?post=10332"}],"version-history":[{"count":4,"href":"https:\/\/www.vuosiamaailmalla.fi\/blog\/wp-json\/wp\/v2\/posts\/10332\/revisions"}],"predecessor-version":[{"id":13430,"href":"https:\/\/www.vuosiamaailmalla.fi\/blog\/wp-json\/wp\/v2\/posts\/10332\/revisions\/13430"}],"wp:featuredmedia":[{"embeddable":true,"href":"https:\/\/www.vuosiamaailmalla.fi\/blog\/wp-json\/wp\/v2\/media\/10333"}],"wp:attachment":[{"href":"https:\/\/www.vuosiamaailmalla.fi\/blog\/wp-json\/wp\/v2\/media?parent=10332"}],"wp:term":[{"taxonomy":"category","embeddable":true,"href":"https:\/\/www.vuosiamaailmalla.fi\/blog\/wp-json\/wp\/v2\/categories?post=10332"},{"taxonomy":"post_tag","embeddable":true,"href":"https:\/\/www.vuosiamaailmalla.fi\/blog\/wp-json\/wp\/v2\/tags?post=10332"}],"curies":[{"name":"wp","href":"https:\/\/api.w.org\/{rel}","templated":true}]}}