{"id":10359,"date":"2019-12-07T17:42:56","date_gmt":"2019-12-08T01:42:56","guid":{"rendered":"http:\/\/13.53.127.146\/?p=10359"},"modified":"2020-03-02T18:27:25","modified_gmt":"2020-03-03T02:27:25","slug":"lavalla-the-chainsmokers","status":"publish","type":"post","link":"https:\/\/www.vuosiamaailmalla.fi\/blog\/2019\/lavalla-the-chainsmokers\/","title":{"rendered":"Lavalla The Chainsmokers"},"content":{"rendered":"<p style=\"text-align: justify;\">Pime\u00e4 syksy sek\u00e4 talvi tuntuvat olevan vuodenaika jolloin tulemme Niinan kanssa k\u00e4yneeksi erin\u00e4isiss\u00e4 konserteissa. Olemme musiikkimaultamme sangen monialaisia ja niinp\u00e4 viime vuosina onkin tullut n\u00e4hty\u00e4 liven\u00e4 niin <a title=\"Kantrimusiikin maailmant\u00e4hti\u00e4 kuulemassa\" href=\"https:\/\/www.vuosiamaailmalla.fi\/?p=9835\">kantrimusiikin maailmant\u00e4hti\u00e4<\/a>, <a title=\"Ilta Carrie Underwoodin kanssa\" href=\"https:\/\/www.vuosiamaailmalla.fi\/?p=10079\">Idols-voittajia<\/a> kuin itse popin kuningatar <a title=\"MDNA\" href=\"https:\/\/www.vuosiamaailmalla.fi\/?p=709\">Madonna<\/a>, sek\u00e4 t\u00e4m\u00e4n uusi manttelinperij\u00e4 Lady Gaga. Melkein kaikki musiikki siis uppoaa ja livemusiikin hieno puoli ovat kokea artistien vuorovaikutus yleis\u00f6n kanssa sek\u00e4 upea lavashow. \ud83d\ude42<\/p>\n<p><!--more--><\/p>\n<p style=\"text-align: center;\"><a href=\"\/blog\/wp-content\/uploads\/2019\/the_chainsmokers_keikalla6.jpg\"><img decoding=\"async\" src=\"\/blog\/wp-content\/uploads\/2019\/the_chainsmokers_keikalla6.jpg\" \/><\/a><\/p>\n<p style=\"text-align: center;\"><em>Lennon Stella ja Alex Taggart<\/em><\/p>\n<p style=\"text-align: justify;\">J\u00e4lkimm\u00e4ist\u00e4 riitti erityisesti eilen perjantaina, kun l\u00e4hdimme kaksistaan <em>Rogers Arenalle<\/em> katsomaan kaupunkiin saapuneen amerikkalaisen populaarisen elektronisen musiikin DJ-duo <em>The Chainsmokersia<\/em>. <a title=\"Kes\u00e4lomalla New Yorkissa\" href=\"https:\/\/www.vuosiamaailmalla.fi\/?p=9567\">New Yorkista<\/a> kotoisin olevat Alexander Pall ja Andrew Taggart nousivat maailmankuuluisuuteen vuonna 2014 julkaistulla tanssikappaleella <a href=\"https:\/\/www.youtube.com\/watch?v=kdemFfbS5H0\">#Selfie<\/a>, joka nousi monissa maissa soittolistojen k\u00e4rkeen. Sittemmin duo on tehnyt yhteisty\u00f6t\u00e4 sellaisten yhtyeiden ja artistien kanssa kuin <em>Coldplay<\/em>, Bebe Rexha ja <em>Blink 182<\/em> kanssa.<\/p>\n<p style=\"text-align: justify;\">Toistakymment\u00e4 duon kappaletta on soinut viimeisten viiden vuoden aikana tiiviisti radiossa, mik\u00e4 on tehnyt kaksikosta maailman parhaiten palkatut deejayt t\u00e4n\u00e4 vuonna. Kaksikko on julkaissut yhteens\u00e4 kolme studioalbumia, joista kolmannen nime\u00e4 uusin <em>World War Joy<\/em> -kiertue kantaa ja jonka viimeinen etappi perjantainen konsertti Vancouverissa oli.<\/p>\n<p style=\"text-align: center;\"><a href=\"\/blog\/wp-content\/uploads\/2019\/the_chainsmokers_kiertue.jpg\"><img decoding=\"async\" src=\"\/blog\/wp-content\/uploads\/2019\/the_chainsmokers_kiertue.jpg\" \/><\/a><\/p>\n<p style=\"text-align: center;\"><em>Uusin maailmankiertue p\u00e4\u00e4ttyi Vancouveriin<\/em><\/p>\n<p style=\"text-align: justify;\">P\u00e4\u00e4esiintyj\u00e4n l\u00e4mpp\u00e4rein\u00e4 kiertueella toimivat meille tuntemattomat kanadalainen Lennon Stella sek\u00e4 australialainen <em>5 Second of Summer<\/em>. N\u00e4ist\u00e4 molemmat duetoivat kahdella uusimman levyn kappaleella, mik\u00e4 k\u00e4vi selv\u00e4ksi my\u00f6s kappaleiden soidessa perjantaina. 5 Seconds of Summer on julkaissut itsekin kolme albumia ja keikkaillut muun muassa suositun brittil\u00e4isen poikab\u00e4ndi <em>One Directionin<\/em> kanssa.<\/p>\n<p style=\"text-align: center;\"><a href=\"\/blog\/wp-content\/uploads\/2019\/5_seconds_of_summer.jpg\"><img decoding=\"async\" src=\"\/blog\/wp-content\/uploads\/2019\/thumbs\/thumbs_5_seconds_of_summer.jpg\" \/><\/a><a href=\"\/blog\/wp-content\/uploads\/2019\/5_seconds_of_summer2.jpg\"><img decoding=\"async\" src=\"\/blog\/wp-content\/uploads\/2019\/thumbs\/thumbs_5_seconds_of_summer2.jpg\" \/><\/a><\/p>\n<p style=\"text-align: center;\"><em>Australialainen l\u00e4mpp\u00e4ri 5SOS<\/em><\/p>\n<p style=\"text-align: justify;\">Konsertti alkoi l\u00e4mpp\u00e4reiden soitolla iltakuudelta ilman ett\u00e4 pystyimme tunnistamaan yht\u00e4k\u00e4\u00e4n n\u00e4iden omaa kappaletta. 5SOS:n keikan aikana lavan valot oli suunnattu p\u00e4in persett\u00e4 ja \u00e4\u00e4rimm\u00e4isen kirkkaat valokeilat paistoivat sokaisevasti suoraan yleis\u00f6\u00f6n. Onneksi ongelmaa ei ollut illan p\u00e4\u00e4t\u00e4htien aikana, jotka aloittivat kaksituntisen keikkansa yhdeks\u00e4lt\u00e4.<\/p>\n<p style=\"text-align: center;\"><a href=\"\/blog\/wp-content\/uploads\/2019\/the_chainsmokers_keikalla2.jpg\"><img decoding=\"async\" src=\"\/blog\/wp-content\/uploads\/2019\/thumbs\/thumbs_the_chainsmokers_keikalla2.jpg\" \/><\/a><a href=\"\/blog\/wp-content\/uploads\/2019\/the_chainsmokers_keikalla5.jpg\"><img decoding=\"async\" src=\"\/blog\/wp-content\/uploads\/2019\/thumbs\/thumbs_the_chainsmokers_keikalla5.jpg\" \/><\/a><a href=\"\/blog\/wp-content\/uploads\/2019\/the_chainsmokers_keikalla7.jpg\"><img decoding=\"async\" src=\"\/blog\/wp-content\/uploads\/2019\/thumbs\/thumbs_the_chainsmokers_keikalla7.jpg\" \/><\/a><\/p>\n<p style=\"text-align: center;\"><em>Kiertueen show on todella n\u00e4ytt\u00e4v\u00e4<\/em><\/p>\n<p style=\"text-align: justify;\">Tanssikappaleiden biitit pudottivat bassoa todella rankasti ja koko areena hyppikin tiukkojen mixausten soidessa. Kuullut kappaleet olivat kaikki liven\u00e4 vedettyj\u00e4 mixej\u00e4, joista sai kuitenkin irti tutut s\u00e4velet ja osin my\u00f6s sanat. Yleis\u00f6 oli todella hyvin messiss\u00e4 koko pitk\u00e4n konsertin ajan ja pyrotekniikkaa sek\u00e4 kovanluokan stroboja ja lasereita yhdistellyt show oli \u00e4\u00e4rimm\u00e4isen n\u00e4ytt\u00e4v\u00e4 jytisev\u00e4\u00e4n bassoon yhdistettyn\u00e4.<\/p>\n<p style=\"text-align: center;\"><a href=\"\/blog\/wp-content\/uploads\/2019\/the_chainsmokers_keikalla1.jpg\"><img decoding=\"async\" src=\"\/blog\/wp-content\/uploads\/2019\/thumbs\/thumbs_the_chainsmokers_keikalla1.jpg\" \/><\/a><a href=\"\/blog\/wp-content\/uploads\/2019\/the_chainsmokers_keikalla9.jpg\"><img decoding=\"async\" src=\"\/blog\/wp-content\/uploads\/2019\/thumbs\/thumbs_the_chainsmokers_keikalla9.jpg\" \/><\/a><a href=\"\/blog\/wp-content\/uploads\/2019\/the_chainsmokers_keikalla8.jpg\"><img decoding=\"async\" src=\"\/blog\/wp-content\/uploads\/2019\/thumbs\/thumbs_the_chainsmokers_keikalla8.jpg\" \/><\/a><\/p>\n<p style=\"text-align: center;\"><em>Lasereita ja pyrotekniikkaa<\/em><\/p>\n<p style=\"text-align: justify;\">Meit\u00e4 huvitti Niinan kanssa my\u00f6s ajatus, ett\u00e4 me olimme p\u00e4\u00e4duon ohella hyvin todenn\u00e4k\u00f6isesti ainoat areenalla olleet, jotka ovat k\u00e4yneet koskaan <a title=\"Kes\u00e4matkailua Suomessa\" href=\"https:\/\/www.vuosiamaailmalla.fi\/?p=9803\">Joensuussa<\/a>. Itsellenikin tuli nimitt\u00e4in yll\u00e4tyksen\u00e4, ett\u00e4 The Chainsmokers esiintyi t\u00e4m\u00e4n vuoden <em>Ilosaarirockissa<\/em> festivaalien p\u00e4\u00e4t\u00f6sartistina. Duo on vieraillut Suomessa my\u00f6s kerran aiemmin vuonna 2017, esiintyess\u00e4\u00e4n <a title=\"Turistina Helsingiss\u00e4\" href=\"https:\/\/www.vuosiamaailmalla.fi\/?p=10528\">Helsingiss\u00e4<\/a> j\u00e4rjestett\u00e4vill\u00e4 Weekend-festivaaleilla.<\/p>\n<p style=\"text-align: center;\"><a href=\"\/blog\/wp-content\/uploads\/2019\/the_chainsmokers_keikalla3.jpg\"><img decoding=\"async\" src=\"\/blog\/wp-content\/uploads\/2019\/thumbs\/thumbs_the_chainsmokers_keikalla3.jpg\" \/><\/a><a href=\"\/blog\/wp-content\/uploads\/2019\/the_chainsmokers_keikalla4.jpg\"><img decoding=\"async\" src=\"\/blog\/wp-content\/uploads\/2019\/thumbs\/thumbs_the_chainsmokers_keikalla4.jpg\" \/><\/a><\/p>\n<p style=\"text-align: center;\"><em>Energinen kaksituntinen<\/em><\/p>\n<p style=\"text-align: justify;\">Perjantain konsertti olikin hintansa v\u00e4\u00e4rti ja tarjosi mukavaa vaihtelua viime aikojen <a title=\"Sibeliuksen tuntemattomat s\u00e4velet\" href=\"https:\/\/www.vuosiamaailmalla.fi\/?p=10327\">klassisiin konsertteihin<\/a>. Kiinnostuksella seuraammekin Vancouverin keikkakalenteria n\u00e4hd\u00e4ksemme keit\u00e4 kiinnostavia artisteja saammekaan kaupunkiin ensi vuoden aikana. \ud83d\ude42<\/p>\n","protected":false},"excerpt":{"rendered":"<p>Pime\u00e4 syksy sek\u00e4 talvi tuntuvat olevan vuodenaika jolloin tulemme Niinan kanssa k\u00e4yneeksi erin\u00e4isiss\u00e4 konserteissa. Olemme musiikkimaultamme sangen monialaisia ja niinp\u00e4 viime vuosina onkin tullut n\u00e4hty\u00e4 liven\u00e4 niin kantrimusiikin maailmant\u00e4hti\u00e4, Idols-voittajia kuin itse popin kuningatar Madonna, sek\u00e4 t\u00e4m\u00e4n uusi manttelinperij\u00e4 Lady Gaga. Melkein kaikki musiikki siis uppoaa ja livemusiikin hieno puoli ovat kokea artistien vuorovaikutus yleis\u00f6n &hellip; <a href=\"https:\/\/www.vuosiamaailmalla.fi\/blog\/2019\/lavalla-the-chainsmokers\/\" class=\"more-link\">Jatka lukemista<span class=\"screen-reader-text\"> &#8221;Lavalla The Chainsmokers&#8221;<\/span><\/a><\/p>\n","protected":false},"author":1,"featured_media":10360,"comment_status":"open","ping_status":"open","sticky":false,"template":"","format":"standard","meta":{"_jetpack_memberships_contains_paid_content":false,"footnotes":""},"categories":[17,3],"tags":[34,935,251,273,1460,939],"class_list":["post-10359","post","type-post","status-publish","format-standard","has-post-thumbnail","hentry","category-arki-kanadassa","category-arki-ulkomailla","tag-arki","tag-kanada","tag-konsertti","tag-rogers-arena","tag-the-chainsmokers","tag-vancouver"],"jetpack_featured_media_url":"https:\/\/www.vuosiamaailmalla.fi\/blog\/wp-content\/uploads\/the_chainsmokers_keikalla_banner.jpg","jetpack_sharing_enabled":true,"_links":{"self":[{"href":"https:\/\/www.vuosiamaailmalla.fi\/blog\/wp-json\/wp\/v2\/posts\/10359","targetHints":{"allow":["GET"]}}],"collection":[{"href":"https:\/\/www.vuosiamaailmalla.fi\/blog\/wp-json\/wp\/v2\/posts"}],"about":[{"href":"https:\/\/www.vuosiamaailmalla.fi\/blog\/wp-json\/wp\/v2\/types\/post"}],"author":[{"embeddable":true,"href":"https:\/\/www.vuosiamaailmalla.fi\/blog\/wp-json\/wp\/v2\/users\/1"}],"replies":[{"embeddable":true,"href":"https:\/\/www.vuosiamaailmalla.fi\/blog\/wp-json\/wp\/v2\/comments?post=10359"}],"version-history":[{"count":0,"href":"https:\/\/www.vuosiamaailmalla.fi\/blog\/wp-json\/wp\/v2\/posts\/10359\/revisions"}],"wp:featuredmedia":[{"embeddable":true,"href":"https:\/\/www.vuosiamaailmalla.fi\/blog\/wp-json\/wp\/v2\/media\/10360"}],"wp:attachment":[{"href":"https:\/\/www.vuosiamaailmalla.fi\/blog\/wp-json\/wp\/v2\/media?parent=10359"}],"wp:term":[{"taxonomy":"category","embeddable":true,"href":"https:\/\/www.vuosiamaailmalla.fi\/blog\/wp-json\/wp\/v2\/categories?post=10359"},{"taxonomy":"post_tag","embeddable":true,"href":"https:\/\/www.vuosiamaailmalla.fi\/blog\/wp-json\/wp\/v2\/tags?post=10359"}],"curies":[{"name":"wp","href":"https:\/\/api.w.org\/{rel}","templated":true}]}}