{"id":10370,"date":"2019-12-08T16:53:51","date_gmt":"2019-12-09T00:53:51","guid":{"rendered":"http:\/\/13.53.127.146\/?p=10370"},"modified":"2019-12-08T16:56:12","modified_gmt":"2019-12-09T00:56:12","slug":"nuiva-laskettelukauden-avaus","status":"publish","type":"post","link":"https:\/\/www.vuosiamaailmalla.fi\/blog\/2019\/nuiva-laskettelukauden-avaus\/","title":{"rendered":"Nuiva laskettelukauden avaus"},"content":{"rendered":"<p style=\"text-align: justify;\">Poikkeuksellisen kuiva ja aurinkoinen syksy on saanut monet laskettelijat huolestumaan tulevan talven laskettelukaudesta, joka alkoi t\u00e4n\u00e4 vuonna Whistlerill\u00e4 viikko sitten marraskuun 26. p\u00e4iv\u00e4. Avajaisp\u00e4iv\u00e4\u00e4n menness\u00e4 auki saatiin kuitenkin vain muutama rinne, mink\u00e4 vuoksi odotimmekin yhden viikon ennen paikalle suuntaamista t\u00e4n\u00e4\u00e4n sunnuntaina.<\/p>\n<p><!--more--><\/p>\n<p style=\"text-align: center;\"><a href=\"\/blog\/wp-content\/uploads\/2019\/nuiva_alkukausi1.jpg\"><img decoding=\"async\" src=\"\/blog\/wp-content\/uploads\/2019\/nuiva_alkukausi1.jpg\" \/><\/a><\/p>\n<p style=\"text-align: center;\"><em>Nuiva alkukausi<\/em><\/p>\n<p style=\"text-align: justify;\">Jokainen talvi tuntuu olevan yksil\u00f6 ja vaikka viime kausikin alkoi kehnosti, lasketeltiin sit\u00e4 edellisen\u00e4 kautena <a title=\"Aikainen laskettelukauden avaus\" href=\"https:\/\/www.vuosiamaailmalla.fi\/?p=9359\">kahden metrin hangessa<\/a> jo marraskuun puoliv\u00e4liss\u00e4. Tuolloinen <em>La Ni\u00f1a<\/em> talvi j\u00e4ikin <a title=\"La Ni\u00f1a talven lopputulos\" href=\"https:\/\/www.vuosiamaailmalla.fi\/?p=9062\">historiankirjoihin<\/a> erinomaisena laskettelukautena, jota edelsi my\u00f6skin loistava ja <a title=\"Vuoden ensimm\u00e4inen puuterip\u00e4iv\u00e4\" href=\"https:\/\/www.vuosiamaailmalla.fi\/?p=8630\">puuterin t\u00e4ytt\u00e4m\u00e4<\/a> kausi. Viime vuonnakin lunta saatiin lopulta vuodenvaihteen j\u00e4lkeen ja yhten\u00e4 tammikuisena perjantaina satoi per\u00e4ti <a title=\"Metrin syvyisess\u00e4 puuterihangessa\" href=\"https:\/\/www.vuosiamaailmalla.fi\/?p=9930\">metrin verran lunta<\/a>. \ud83d\ude2e<\/p>\n<p style=\"text-align: center;\"><a href=\"\/blog\/wp-content\/uploads\/2019\/nuiva_alkukausi2.jpg\"><img decoding=\"async\" src=\"\/blog\/wp-content\/uploads\/2019\/thumbs\/thumbs_nuiva_alkukausi2.jpg\" \/><\/a><a href=\"\/blog\/wp-content\/uploads\/2019\/nuiva_alkukausi4.jpg\"><img decoding=\"async\" src=\"\/blog\/wp-content\/uploads\/2019\/thumbs\/thumbs_nuiva_alkukausi4.jpg\" \/><\/a><a href=\"\/blog\/wp-content\/uploads\/2019\/nuiva_alkukausi3.jpg\"><img decoding=\"async\" src=\"\/blog\/wp-content\/uploads\/2019\/thumbs\/thumbs_nuiva_alkukausi3.jpg\" \/><\/a><\/p>\n<p style=\"text-align: center;\"><em>Huipulla oli sent\u00e4\u00e4n talvisempaa<\/em><\/p>\n<p style=\"text-align: justify;\">T\u00e4m\u00e4 mieless\u00e4 el\u00e4t\u00e4mmekin toivoa v\u00e4hint\u00e4\u00e4nkin kohtuullisesta talvesta, vaikka t\u00e4n\u00e4inen hissimatka Whistlerin huipulle olikin aneeminen n\u00e4ky v\u00e4h\u00e4isen lumen l\u00e4pi <a title=\"V\u00e4h\u00e4luminen hiihtoloma Utahissa\" href=\"https:\/\/www.vuosiamaailmalla.fi\/?p=9699\">pilkottavine ruohikkoineen<\/a>. Onneksi pakkasta ja kylm\u00e4\u00e4 keli\u00e4 on piisannut ja tykkilumen avulla auki on saatu ensimm\u00e4iset 14 rinnett\u00e4, mik\u00e4 on kuusi enemm\u00e4n kuin viime kauden alussa.<\/p>\n<p style=\"text-align: center;\"><a href=\"\/blog\/wp-content\/uploads\/2019\/nuiva_alkukausi5.jpg\"><img decoding=\"async\" src=\"\/blog\/wp-content\/uploads\/2019\/nuiva_alkukausi5.jpg\" \/><\/a><\/p>\n<p style=\"text-align: center;\"><em>Taas suksilla<\/em><\/p>\n<p style=\"text-align: justify;\">Kauden ensimm\u00e4inen p\u00e4iv\u00e4mme olikin ihan mukiinmenev\u00e4 ja ainakin se tarjosi runsaasti raikasta vuoristoilmaa aurinkoisissa maisemissa. Aurinkoisuus onkin ollut t\u00e4m\u00e4n vuoden ehdoton s\u00e4\u00e4teema, sill\u00e4 aurinkoista poutakeli\u00e4 riitti niin kev\u00e4\u00e4ll\u00e4, kohtuullisissa jaksoissa kes\u00e4ll\u00e4 sek\u00e4 erityisesti nyt syksyll\u00e4. T\u00e4st\u00e4 keli vain paranee ja vuodenvaihteen j\u00e4lkeen p\u00e4\u00e4st\u00e4\u00e4n varmasti j\u00e4lleen kiinni kunnon hankiin. \ud83d\ude42<\/p>\n","protected":false},"excerpt":{"rendered":"<p>Poikkeuksellisen kuiva ja aurinkoinen syksy on saanut monet laskettelijat huolestumaan tulevan talven laskettelukaudesta, joka alkoi t\u00e4n\u00e4 vuonna Whistlerill\u00e4 viikko sitten marraskuun 26. p\u00e4iv\u00e4. Avajaisp\u00e4iv\u00e4\u00e4n menness\u00e4 auki saatiin kuitenkin vain muutama rinne, mink\u00e4 vuoksi odotimmekin yhden viikon ennen paikalle suuntaamista t\u00e4n\u00e4\u00e4n sunnuntaina.<\/p>\n","protected":false},"author":1,"featured_media":10371,"comment_status":"open","ping_status":"open","sticky":false,"template":"","format":"standard","meta":{"_jetpack_memberships_contains_paid_content":false,"footnotes":""},"categories":[17,3,778,774],"tags":[25,34,935,173,202,218],"class_list":["post-10370","post","type-post","status-publish","format-standard","has-post-thumbnail","hentry","category-arki-kanadassa","category-arki-ulkomailla","category-laskettelu-ulkoilu","category-ulkoilu","tag-ajankohtaista","tag-arki","tag-kanada","tag-laskettelu","tag-talvi","tag-whistler"],"jetpack_featured_media_url":"https:\/\/www.vuosiamaailmalla.fi\/blog\/wp-content\/uploads\/nuiva_alkukausi_banner.jpg","jetpack_sharing_enabled":true,"_links":{"self":[{"href":"https:\/\/www.vuosiamaailmalla.fi\/blog\/wp-json\/wp\/v2\/posts\/10370","targetHints":{"allow":["GET"]}}],"collection":[{"href":"https:\/\/www.vuosiamaailmalla.fi\/blog\/wp-json\/wp\/v2\/posts"}],"about":[{"href":"https:\/\/www.vuosiamaailmalla.fi\/blog\/wp-json\/wp\/v2\/types\/post"}],"author":[{"embeddable":true,"href":"https:\/\/www.vuosiamaailmalla.fi\/blog\/wp-json\/wp\/v2\/users\/1"}],"replies":[{"embeddable":true,"href":"https:\/\/www.vuosiamaailmalla.fi\/blog\/wp-json\/wp\/v2\/comments?post=10370"}],"version-history":[{"count":0,"href":"https:\/\/www.vuosiamaailmalla.fi\/blog\/wp-json\/wp\/v2\/posts\/10370\/revisions"}],"wp:featuredmedia":[{"embeddable":true,"href":"https:\/\/www.vuosiamaailmalla.fi\/blog\/wp-json\/wp\/v2\/media\/10371"}],"wp:attachment":[{"href":"https:\/\/www.vuosiamaailmalla.fi\/blog\/wp-json\/wp\/v2\/media?parent=10370"}],"wp:term":[{"taxonomy":"category","embeddable":true,"href":"https:\/\/www.vuosiamaailmalla.fi\/blog\/wp-json\/wp\/v2\/categories?post=10370"},{"taxonomy":"post_tag","embeddable":true,"href":"https:\/\/www.vuosiamaailmalla.fi\/blog\/wp-json\/wp\/v2\/tags?post=10370"}],"curies":[{"name":"wp","href":"https:\/\/api.w.org\/{rel}","templated":true}]}}