{"id":10377,"date":"2016-12-05T12:27:37","date_gmt":"2016-12-05T20:27:37","guid":{"rendered":"http:\/\/13.53.127.146\/?p=10377"},"modified":"2019-12-14T12:53:46","modified_gmt":"2019-12-14T20:53:46","slug":"vandusenin-kaunis-joulufestivaali","status":"publish","type":"post","link":"https:\/\/www.vuosiamaailmalla.fi\/blog\/2016\/vandusenin-kaunis-joulufestivaali\/","title":{"rendered":"VanDusenin kaunis joulufestivaali"},"content":{"rendered":"<p style=\"text-align: justify;\">Vancouverin joulunalus on kaunista ja rauhallista jouluvalojen valaisemaa aikaa. V\u00e4rikk\u00e4\u00e4t jouluvalot valaitsevat tuolloin paitsi <a title=\"Jouluvaloja kanadalaiseen tyyliin\" href=\"https:\/\/www.vuosiamaailmalla.fi\/?p=3764\">ihmisten koteja<\/a> niin my\u00f6s metropolialueen lukuisia puistoja ja puutarhoja. Osa tapahtumista on k\u00e4vij\u00f6ille ilmaisia, kuten hauska <a title=\"Jouluvalaistu Coquitlam\" href=\"https:\/\/www.vuosiamaailmalla.fi\/?p=9411\"><em>Light at Lafarge<\/em><\/a> Coquitlamissa ja osaan on pieni sis\u00e4\u00e4np\u00e4\u00e4symaksu, kuten keskustan <a title=\"Pitk\u00e4st\u00e4 aikaa joulumarkkinoilla\" href=\"https:\/\/www.vuosiamaailmalla.fi\/?p=7574\">perinteisille joulumarkkinoille<\/a> tai <a title=\"Canyon Lightsin valokanjoni\" href=\"https:\/\/www.vuosiamaailmalla.fi\/?p=8639\">Capilanon riippusillalle<\/a>.<\/p>\n<p><!--more--><\/p>\n<p style=\"text-align: center;\"><a href=\"\/blog\/wp-content\/uploads\/2016\/vandusen_jouluvalot.jpg\"><img decoding=\"async\" src=\"\/blog\/wp-content\/uploads\/2016\/vandusen_jouluvalot.jpg\" \/><\/a><\/p>\n<p style=\"text-align: center;\"><em>VanDusenin joulufestivaalit<\/em><\/p>\n<p style=\"text-align: center;\"><iframe loading=\"lazy\" src=\"https:\/\/www.youtube-nocookie.com\/embed\/6ayoXoKOY8c\" width=\"560\" height=\"315\" frameborder=\"0\" allowfullscreen=\"allowfullscreen\"><\/iframe><\/p>\n<p style=\"text-align: justify;\">Yksi legendaarisimpia jouluvalotapahtumia n\u00e4hd\u00e4\u00e4n kuitenkin vuosittain VanDusenin puutarhalla Vancouverissa, jonka <a title=\"Kev\u00e4\u00e4n ensi kukkasia\" href=\"https:\/\/www.vuosiamaailmalla.fi\/?p=1936\">kauniit kes\u00e4puutarhat<\/a> vaihtuvat syksyn pimetess\u00e4 yli miljoonan valon valaisemaksi joulun ihmemaaksi. Kaupungin puisto-osaston ja satojen vapaaehtoisten viikkojen ajan ty\u00f6st\u00e4m\u00e4 <em>Festival of Lights<\/em> on monelle vancouverilaiselle joulunaluksen kohokohta joka her\u00e4tt\u00e4\u00e4 koko puiston uuteen loistoon. \ud83d\ude2e<\/p>\n<p style=\"text-align: center;\"><a href=\"\/blog\/wp-content\/uploads\/2016\/van_dusenin_jouluvalot2.jpg\"><img decoding=\"async\" src=\"\/blog\/wp-content\/uploads\/2016\/thumbs\/thumbs_van_dusenin_jouluvalot2.jpg\" \/><\/a><a href=\"\/blog\/wp-content\/uploads\/2016\/van_dusenin_jouluvalot1.jpg\"><img decoding=\"async\" src=\"\/blog\/wp-content\/uploads\/2016\/thumbs\/thumbs_van_dusenin_jouluvalot1.jpg\" \/><\/a><a href=\"\/blog\/wp-content\/uploads\/2016\/van_dusenin_jouluvalot11.jpg\"><img decoding=\"async\" src=\"\/blog\/wp-content\/uploads\/2016\/thumbs\/thumbs_van_dusenin_jouluvalot11.jpg\" \/><\/a><\/p>\n<p style=\"text-align: center;\"><em>Tapahtumaan on sis\u00e4\u00e4np\u00e4\u00e4symaksu<\/em><\/p>\n<p style=\"text-align: center;\"><a href=\"\/blog\/wp-content\/uploads\/2016\/van_dusenin_jouluvalot_panoraama2.jpg\"><img decoding=\"async\" src=\"\/blog\/wp-content\/uploads\/2016\/van_dusenin_jouluvalot_panoraama2_pieni.jpg\" \/><\/a><\/p>\n<p style=\"text-align: center;\"><em>Sis\u00e4puolella odottaa miljoona jouluvaloa<\/em><\/p>\n<p style=\"text-align: justify;\">Olemme kuulleet tapahtumasta jo usean vuoden ajan ja t\u00e4n\u00e4 vuonna p\u00e4\u00e4timme viimeinkin l\u00e4hte\u00e4 paikan p\u00e4\u00e4lle kokemaan kuuluisa valoshow omin silmin. Keli oli eilen sunnuntaina poikkeuksellisen kylm\u00e4 ja vaikka meill\u00e4 t\u00e4\u00e4ll\u00e4 Burnabyss\u00e4 onkin maassa <a title=\"Metrotownin talviset nietokset\" href=\"https:\/\/www.vuosiamaailmalla.fi\/?p=8799\">runsaasti lunta<\/a>, ei hieman alempana sijaitsevalla VanDusenilla ollut lainkaan lunta.<\/p>\n<p style=\"text-align: center;\"><a href=\"\/blog\/wp-content\/uploads\/2016\/van_dusenin_jouluvalot10.jpg\"><img decoding=\"async\" src=\"\/blog\/wp-content\/uploads\/2016\/thumbs\/thumbs_van_dusenin_jouluvalot10.jpg\" \/><\/a><a href=\"\/blog\/wp-content\/uploads\/2016\/van_dusenin_jouluvalot7.jpg\"><img decoding=\"async\" src=\"\/blog\/wp-content\/uploads\/2016\/thumbs\/thumbs_van_dusenin_jouluvalot7.jpg\" \/><\/a><a href=\"\/blog\/wp-content\/uploads\/2016\/van_dusenin_jouluvalot8.jpg\"><img decoding=\"async\" src=\"\/blog\/wp-content\/uploads\/2016\/thumbs\/thumbs_van_dusenin_jouluvalot8.jpg\" \/><\/a><br \/>\n<a href=\"\/blog\/wp-content\/uploads\/2016\/van_dusenin_jouluvalot4.jpg\"><img decoding=\"async\" src=\"\/blog\/wp-content\/uploads\/2016\/thumbs\/thumbs_van_dusenin_jouluvalot4.jpg\" \/><\/a><a href=\"\/blog\/wp-content\/uploads\/2016\/van_dusenin_jouluvalot5.jpg\"><img decoding=\"async\" src=\"\/blog\/wp-content\/uploads\/2016\/thumbs\/thumbs_van_dusenin_jouluvalot5.jpg\" \/><\/a><a href=\"\/blog\/wp-content\/uploads\/2016\/van_dusenin_jouluvalot9.jpg\"><img decoding=\"async\" src=\"\/blog\/wp-content\/uploads\/2016\/thumbs\/thumbs_van_dusenin_jouluvalot9.jpg\" \/><\/a><\/p>\n<p style=\"text-align: center;\"><em>Vehre\u00e4 puutarha talvellakin<\/em><\/p>\n<p style=\"text-align: center;\"><a href=\"\/blog\/wp-content\/uploads\/2016\/van_dusenin_jouluvalot6.jpg\"><img decoding=\"async\" src=\"\/blog\/wp-content\/uploads\/2016\/van_dusenin_jouluvalot6.jpg\" \/><\/a><\/p>\n<p style=\"text-align: center;\"><em>Koristuksia on kahdeksan hehtaarin edest\u00e4<\/em><\/p>\n<p style=\"text-align: justify;\">Paikalle ei valitettavasti p\u00e4\u00e4se Burnabyst\u00e4 kovinkaan k\u00e4tev\u00e4sti ilman autoa ja pys\u00e4k\u00f6inti puutarhan ymp\u00e4rist\u00f6ss\u00e4 on tapahtuman suosiosta johtuen hankalaa erityisesti viikonloppuisin. Vaikka olimmekin liikkeell\u00e4 tapahtuman ensimm\u00e4isen\u00e4 viikonloppuna ja huomattavasti ennen joulua, oli paikalla siit\u00e4 huolimatta runsaasti v\u00e4ke\u00e4.<\/p>\n<p style=\"text-align: center;\"><a href=\"\/blog\/wp-content\/uploads\/2016\/van_dusenin_jouluvalot15.jpg\"><img decoding=\"async\" src=\"\/blog\/wp-content\/uploads\/2016\/thumbs\/thumbs_van_dusenin_jouluvalot15.jpg\" \/><\/a><a href=\"\/blog\/wp-content\/uploads\/2016\/van_dusenin_jouluvalot16.jpg\"><img decoding=\"async\" src=\"\/blog\/wp-content\/uploads\/2016\/thumbs\/thumbs_van_dusenin_jouluvalot16.jpg\" \/><\/a><a href=\"\/blog\/wp-content\/uploads\/2016\/van_dusenin_jouluvalot17.jpg\"><img decoding=\"async\" src=\"\/blog\/wp-content\/uploads\/2016\/thumbs\/thumbs_van_dusenin_jouluvalot17.jpg\" \/><\/a><\/p>\n<p style=\"text-align: center;\"><em>Alueella riitt\u00e4\u00e4 n\u00e4ht\u00e4v\u00e4\u00e4<\/em><\/p>\n<p style=\"text-align: center;\"><a href=\"\/blog\/wp-content\/uploads\/2016\/van_dusenin_jouluvalot_panoraama1.jpg\"><img decoding=\"async\" src=\"\/blog\/wp-content\/uploads\/2016\/van_dusenin_jouluvalot_panoraama1_pieni.jpg\" \/><\/a><\/p>\n<p style=\"text-align: center;\"><em>Lammen ymp\u00e4rist\u00f6ss\u00e4 n\u00e4hd\u00e4\u00e4n valoshow<\/em><\/p>\n<p style=\"text-align: justify;\">Vuodesta 1984 saakka j\u00e4rjestetty Festival of Lights ker\u00e4\u00e4 vuosittain noin 110 000 k\u00e4vij\u00e4\u00e4. Lukema kalpenee Stanley Parkissa j\u00e4rjestett\u00e4v\u00e4n vastaavanlaisen <a title=\"Stanley Parkin kirkkaat jouluillat\" href=\"https:\/\/www.vuosiamaailmalla.fi\/?p=9885\"><em>Bright Nightsin<\/em><\/a> yli 200 000 k\u00e4vij\u00e4n rinnalla, mutta eroa selitt\u00e4\u00e4 Bright Nightsin ilmaisuus, sill\u00e4 VanDusenin joulufestivaali on maksullinen tapahtuma. P\u00e4\u00e4symaksu on itseasiassa melko suolaiset yli kaksikymppi\u00e4 aikuiselta, mutta paikalla on siit\u00e4kin huolimatta valtavasti v\u00e4ke\u00e4. P\u00e4\u00e4symaksu ei ole sin\u00e4\u00e4ns\u00e4 yll\u00e4tt\u00e4v\u00e4 asia, sill\u00e4 VanDusen on my\u00f6s kes\u00e4isin maksullinen puutarha, my\u00f6skin <a title=\"Viikonloppu superautojen keskell\u00e4\" href=\"https:\/\/www.vuosiamaailmalla.fi\/?p=7210\">erikoistapahtumien<\/a> ulkopuolella.<\/p>\n<p style=\"text-align: justify;\">Porttien sis\u00e4puolella vierailijaa odottaa melkoinen joulumaa, joka valaisee yli kuuden hehtaarin valaistu alue. Alueen keski\u00f6ss\u00e4 on kauniisti valaistu tekolampi, jonka ymp\u00e4rill\u00e4 on puolentunnin v\u00e4lein musiikin tahtiin tapahtuva kahdeksan minuuttinen valoshow, josta on muutama eri versio.<\/p>\n<p style=\"text-align: center;\"><a href=\"\/blog\/wp-content\/uploads\/2016\/van_dusenin_jouluvalot_reki2.jpg\"><img decoding=\"async\" src=\"\/blog\/wp-content\/uploads\/2016\/thumbs\/thumbs_van_dusenin_jouluvalot_reki2.jpg\" \/><\/a><a href=\"\/blog\/wp-content\/uploads\/2016\/van_dusenin_jouluvalot_reki1.jpg\"><img decoding=\"async\" src=\"\/blog\/wp-content\/uploads\/2016\/thumbs\/thumbs_van_dusenin_jouluvalot_reki1.jpg\" \/><\/a><a href=\"\/blog\/wp-content\/uploads\/2016\/van_dusenin_jouluvalot_reki3.jpg\"><img decoding=\"async\" src=\"\/blog\/wp-content\/uploads\/2016\/thumbs\/thumbs_van_dusenin_jouluvalot_reki3.jpg\" \/><\/a><\/p>\n<p style=\"text-align: center;\"><em>Pukin reki on laskeutunut VanDuseniin\u00a0<\/em><\/p>\n<p style=\"text-align: center;\"><a href=\"\/blog\/wp-content\/uploads\/2016\/van_dusenin_jouluvalot_panoraama4.jpg\"><img decoding=\"async\" src=\"\/blog\/wp-content\/uploads\/2016\/van_dusenin_jouluvalot_panoraama4_pieni.jpg\" \/><\/a><\/p>\n<p style=\"text-align: center;\"><em>Kauniisti koristeltu puutarha<\/em><\/p>\n<p style=\"text-align: justify;\">Tapahtuma hy\u00f6dynt\u00e4\u00e4 hyvin puiston kauniita istutuksia ja sielt\u00e4 l\u00f6ytyy niin valotunneleita kuin kauniin lehv\u00e4st\u00f6isi\u00e4 osioita. Lapsille on tarjolla karusellikyyti\u00e4 ja alueella on my\u00f6s muutamia kaakaota sek\u00e4 herkkuja myyvi\u00e4 kojuja, mutta p\u00e4\u00e4osin tapahtuma-alue ei ole kaupallisuudella kyll\u00e4stetty.<\/p>\n<p style=\"text-align: center;\"><a href=\"\/blog\/wp-content\/uploads\/2016\/van_dusenin_jouluvalot19.jpg\"><img decoding=\"async\" src=\"\/blog\/wp-content\/uploads\/2016\/van_dusenin_jouluvalot19.jpg\" \/><\/a><\/p>\n<p style=\"text-align: center;\"><em>Lapsille l\u00f6ytyy karusellikyyti\u00e4<\/em><\/p>\n<p style=\"text-align: center;\"><a href=\"\/blog\/wp-content\/uploads\/2016\/van_dusenin_jouluvalot12.jpg\"><img decoding=\"async\" src=\"\/blog\/wp-content\/uploads\/2016\/thumbs\/thumbs_van_dusenin_jouluvalot12.jpg\" \/><\/a><a href=\"\/blog\/wp-content\/uploads\/2016\/van_dusenin_jouluvalot14.jpg\"><img decoding=\"async\" src=\"\/blog\/wp-content\/uploads\/2016\/thumbs\/thumbs_van_dusenin_jouluvalot14.jpg\" \/><\/a><a href=\"\/blog\/wp-content\/uploads\/2016\/van_dusenin_jouluvalot13.jpg\"><img decoding=\"async\" src=\"\/blog\/wp-content\/uploads\/2016\/thumbs\/thumbs_van_dusenin_jouluvalot13.jpg\" \/><\/a><br \/>\n<a href=\"\/blog\/wp-content\/uploads\/2016\/van_dusenin_jouluvalot3.jpg\"><img decoding=\"async\" src=\"\/blog\/wp-content\/uploads\/2016\/thumbs\/thumbs_van_dusenin_jouluvalot3.jpg\" \/><\/a><a href=\"\/blog\/wp-content\/uploads\/2016\/van_dusenin_jouluvalot18.jpg\"><img decoding=\"async\" src=\"\/blog\/wp-content\/uploads\/2016\/thumbs\/thumbs_van_dusenin_jouluvalot18.jpg\" \/><\/a><\/p>\n<p style=\"text-align: center;\"><em>V\u00e4rik\u00e4st\u00e4 jouluvalojen loistoa<\/em><\/p>\n<p style=\"text-align: justify;\">Meihin VanDusen teki kyll\u00e4 vaikutuksen ja oli kaiken ennakkotiedon sek\u00e4 p\u00e4\u00e4symaksunsa arvoinen. Samanlaisen kokemuksen voi toki kokea my\u00f6s muilla joulutapahtumilla, mutta VanDusenin kaunis ymp\u00e4rist\u00f6 on loistava paikka t\u00e4llaiselle tapahtumalle ja sit\u00e4 voikin suositella l\u00e4mm\u00f6ll\u00e4 aina vauvasta vaariin. Arkip\u00e4iv\u00e4n\u00e4 vieraillessa tapahtuma lienee my\u00f6s huomattavasti ruuhkattomampi, vaikka alueella ei ollutkaan kohtuuttoman ahdasta nytk\u00e4\u00e4n.<\/p>\n<p style=\"text-align: center;\"><a href=\"\/blog\/wp-content\/uploads\/2016\/van_dusenin_jouluvalot_panoraama3.jpg\"><img decoding=\"async\" src=\"\/blog\/wp-content\/uploads\/2016\/van_dusenin_jouluvalot_panoraama3_pieni.jpg\" \/><\/a><\/p>\n<p style=\"text-align: center;\"><em>Tapahtuma on hintansa v\u00e4\u00e4rti<\/em><\/p>\n","protected":false},"excerpt":{"rendered":"<p>Vancouverin joulunalus on kaunista ja rauhallista jouluvalojen valaisemaa aikaa. V\u00e4rikk\u00e4\u00e4t jouluvalot valaitsevat tuolloin paitsi ihmisten koteja niin my\u00f6s metropolialueen lukuisia puistoja ja puutarhoja. Osa tapahtumista on k\u00e4vij\u00f6ille ilmaisia, kuten hauska Light at Lafarge Coquitlamissa ja osaan on pieni sis\u00e4\u00e4np\u00e4\u00e4symaksu, kuten keskustan perinteisille joulumarkkinoille tai Capilanon riippusillalle.<\/p>\n","protected":false},"author":1,"featured_media":10378,"comment_status":"open","ping_status":"open","sticky":false,"template":"","format":"standard","meta":{"_jetpack_memberships_contains_paid_content":false,"footnotes":""},"categories":[17,3],"tags":[25,34,109,264,1290,935,939,941,536],"class_list":["post-10377","post","type-post","status-publish","format-standard","has-post-thumbnail","hentry","category-arki-kanadassa","category-arki-ulkomailla","tag-ajankohtaista","tag-arki","tag-festival-of-lights","tag-joulu","tag-jouluvalot","tag-kanada","tag-vancouver","tag-vancouver-shaughnessy","tag-vandusen-botanical-garden"],"jetpack_featured_media_url":"https:\/\/www.vuosiamaailmalla.fi\/blog\/wp-content\/uploads\/van_dusenin_jouluvalot_banner.jpg","jetpack_sharing_enabled":true,"_links":{"self":[{"href":"https:\/\/www.vuosiamaailmalla.fi\/blog\/wp-json\/wp\/v2\/posts\/10377","targetHints":{"allow":["GET"]}}],"collection":[{"href":"https:\/\/www.vuosiamaailmalla.fi\/blog\/wp-json\/wp\/v2\/posts"}],"about":[{"href":"https:\/\/www.vuosiamaailmalla.fi\/blog\/wp-json\/wp\/v2\/types\/post"}],"author":[{"embeddable":true,"href":"https:\/\/www.vuosiamaailmalla.fi\/blog\/wp-json\/wp\/v2\/users\/1"}],"replies":[{"embeddable":true,"href":"https:\/\/www.vuosiamaailmalla.fi\/blog\/wp-json\/wp\/v2\/comments?post=10377"}],"version-history":[{"count":0,"href":"https:\/\/www.vuosiamaailmalla.fi\/blog\/wp-json\/wp\/v2\/posts\/10377\/revisions"}],"wp:featuredmedia":[{"embeddable":true,"href":"https:\/\/www.vuosiamaailmalla.fi\/blog\/wp-json\/wp\/v2\/media\/10378"}],"wp:attachment":[{"href":"https:\/\/www.vuosiamaailmalla.fi\/blog\/wp-json\/wp\/v2\/media?parent=10377"}],"wp:term":[{"taxonomy":"category","embeddable":true,"href":"https:\/\/www.vuosiamaailmalla.fi\/blog\/wp-json\/wp\/v2\/categories?post=10377"},{"taxonomy":"post_tag","embeddable":true,"href":"https:\/\/www.vuosiamaailmalla.fi\/blog\/wp-json\/wp\/v2\/tags?post=10377"}],"curies":[{"name":"wp","href":"https:\/\/api.w.org\/{rel}","templated":true}]}}