{"id":10481,"date":"2020-02-01T14:23:40","date_gmt":"2020-02-01T22:23:40","guid":{"rendered":"http:\/\/13.53.127.146\/?p=10481"},"modified":"2020-02-01T14:23:40","modified_gmt":"2020-02-01T22:23:40","slug":"kyytipalvelut-saapuivat-vancouveriin","status":"publish","type":"post","link":"https:\/\/www.vuosiamaailmalla.fi\/blog\/2020\/kyytipalvelut-saapuivat-vancouveriin\/","title":{"rendered":"Kyytipalvelut saapuivat Vancouveriin"},"content":{"rendered":"<p style=\"text-align: justify;\">Vancouverissa vuosikausia k\u00e4yty kiista kyytipalveluiden laillisuudesta kaupungissa sai viikko sitten lopullisen p\u00e4\u00e4t\u00f6ksen, kun provinssin viranomaiset p\u00e4\u00e4tyiv\u00e4t lopultakin my\u00f6nt\u00e4m\u00e4\u00e4n toimiluvat amerikkalaisille <em>Uberille<\/em> ja <em>Lyftille<\/em>. Takana on vuosien taistelu taksij\u00e4rjest\u00f6jen sek\u00e4 viranomaisten kanssa, joka ei p\u00e4\u00e4ttyne t\u00e4ysin edes toimilupien my\u00f6nt\u00e4miseen.<\/p>\n<p><!--more--><\/p>\n<p style=\"text-align: justify;\">Vancouverilaiset saivan esimakua Uberista jo kes\u00e4ll\u00e4 2012, kun kyytipalvelu alkoi ep\u00e4virallisesti tarjoamaan palveluaan Vancouverin alueella. Viranomaiset pitiv\u00e4t toimintaa kuitenkin laittomana ja yhti\u00f6 vet\u00e4ytyikin kaupungista vain muutaman kuukauden j\u00e4lkeen. Kaksi vuotta my\u00f6hemmin yhti\u00f6n mainoksia alkoi kuitenkin ilmesty\u00e4 vancouverilaisten <a title=\"Seuraa meit\u00e4 somessa\" href=\"https:\/\/www.vuosiamaailmalla.fi\/?p=7834\">sosiaalisessa mediassa<\/a> ja huhut Uberin paluusta kiihtyiv\u00e4t. Viranomaiset ottivat asiassa aktiivisen roolin ja salaa tehdyt piilotarkastukset johtivat muutamien luvattomien kuskien sakotukseen ja huhujen kuihtumiseen.<\/p>\n<p style=\"text-align: center;\"><a href=\"\/blog\/wp-content\/uploads\/2020\/taksikyyti.jpg\"><img decoding=\"async\" src=\"\/blog\/wp-content\/uploads\/2020\/taksikyyti.jpg\" \/><\/a><\/p>\n<p style=\"text-align: center;\"><em>Taksimonopoli on hallinnut Vancouveria vuosikymmeni\u00e4<\/em><\/p>\n<p style=\"text-align: justify;\">T\u00e4t\u00e4 seuranneina vuosina taistelu siirtyi raastuvan puolelle, sek\u00e4 Uberin ett\u00e4 taksiliiton haastaessa asiassa toisiaan. Pient\u00e4 rakoilua alkoi kuitenkin kuulua vuoden 2017 provinssivaalien yhteydess\u00e4, kun liberaalit lupasivat sallivansa Uberin jos voittaisivat vaaleissa. \u00c4\u00e4nest\u00e4j\u00e4t eiv\u00e4t kuitenkaan nielleet t\u00e4t\u00e4, sill\u00e4 juuri liberaalit olivat tuolloin vallassa ja taistelleet kyytipalveluita vastaan kaikin mahdollisin keinoin.<\/p>\n<p style=\"text-align: center;\"><a href=\"\/blog\/wp-content\/uploads\/2020\/uber_lyft1.jpg\"><img decoding=\"async\" src=\"\/blog\/wp-content\/uploads\/2020\/thumbs\/thumbs_uber_lyft1.jpg\" \/><\/a><a href=\"\/blog\/wp-content\/uploads\/2020\/uber_lyft4.jpg\"><img decoding=\"async\" src=\"\/blog\/wp-content\/uploads\/2020\/thumbs\/thumbs_uber_lyft4.jpg\" \/><\/a><\/p>\n<p style=\"text-align: center;\"><em>Uudet applikaatiot vetoavat kuluttajiin<\/em><\/p>\n<p style=\"text-align: justify;\">Huomion keskittyess\u00e4 kaikkien tuntemaan Uberiin, Vancouverin metropolialueella on kuitenkin toiminut koko ajan salaa useita kyytipalveluita. N\u00e4m\u00e4 pikkuyhti\u00f6t ovat aiheuttaneet p\u00e4\u00e4nvaivaa erityisesti Richmondin esikaupungissa, jossa sanotaan toimineen jopa seitsem\u00e4n eri kiinalaista kyytipalvelua. Palveluita on kuitenkin ollut vaikea sulkea ja sakottaa, sill\u00e4 ne ovat toimineet t\u00e4ysin kiinankielisess\u00e4 yhteis\u00f6ss\u00e4 ja ilman mink\u00e4\u00e4nlaisia keskustahoa.<\/p>\n<p style=\"text-align: justify;\">K\u00e4\u00e4nne pitk\u00e4ss\u00e4 kiistassa koettiin lopulta loppuvuodesta 2018, kun viranomaiset julkistivat uusille kyytipalveluille sorvatut ehdot. Niihin kuuluivat vaateet tietynlaisesta <a title=\"Takaisin autokouluun\" href=\"https:\/\/www.vuosiamaailmalla.fi\/?p=203\">ajokorttiluokasta<\/a>, rikosrekisterin nuhteettomuudesta sek\u00e4 terveystarkastuksista viiden vuoden v\u00e4lein. My\u00f6nnetty lupa p\u00e4tisi koko metropolin alueella, mutta eri kaupungit voisivat silti halutessaan est\u00e4\u00e4 toiminnan tietyill\u00e4 alueilla, kuten kes\u00e4isin asiakkaita kuhisevan Vancouverin matkustajasataman taksitolpan l\u00e4heisyydess\u00e4. \ud83d\udca1<\/p>\n<p style=\"text-align: center;\"><a href=\"\/blog\/wp-content\/uploads\/2020\/uber_kartta.jpg\"><img decoding=\"async\" src=\"\/blog\/wp-content\/uploads\/2020\/thumbs\/thumbs_uber_kartta.jpg\" \/><\/a><a href=\"\/blog\/wp-content\/uploads\/2020\/lyft_kartta.jpg\"><img decoding=\"async\" src=\"\/blog\/wp-content\/uploads\/2020\/thumbs\/thumbs_lyft_kartta.jpg\" \/><\/a><\/p>\n<p style=\"text-align: center;\"><em>Uberin ja Lyftin reviirit ensialkuun<\/em><\/p>\n<p style=\"text-align: justify;\">Lupabyrokratian rattaa py\u00f6riv\u00e4t julkistuksen j\u00e4lkeen hitaasti, mutta lopulta tammikuun 23. p\u00e4iv\u00e4 2020 sek\u00e4 Uber ett\u00e4 Lyft saivat toimiluvan Vancouverin alueella, jolla palvelut aloittivat toimintansa heti seuraavana p\u00e4iv\u00e4n\u00e4 suuren mediahy\u00f6kytyksen saattelemana.<\/p>\n<p style=\"text-align: justify;\">Vaikka palvelu ilmestyikin k\u00e4ytt\u00e4jien \u00e4lypuhelimiin nopeasti, on ensimm\u00e4inen viikko ollut takkuisa. Liikenteess\u00e4 on vasta v\u00e4h\u00e4n kuljettajia, mink\u00e4 vuoksi kyyti\u00e4 on saanut odottaa kuin taksia konsanaan. Vaikeuksia on aiheuttanut my\u00f6s muutamien alueiden rajautuminen pois palvelusta ennen kuin kuljettajia on tarjolla riitt\u00e4v\u00e4sti.<\/p>\n<p style=\"text-align: center;\"><a href=\"\/blog\/wp-content\/uploads\/2020\/uber_lyft2.jpg\"><img decoding=\"async\" src=\"\/blog\/wp-content\/uploads\/2020\/thumbs\/thumbs_uber_lyft2.jpg\" \/><\/a><a href=\"\/blog\/wp-content\/uploads\/2020\/uber_lyft3.jpg\"><img decoding=\"async\" src=\"\/blog\/wp-content\/uploads\/2020\/thumbs\/thumbs_uber_lyft3.jpg\" \/><\/a><\/p>\n<p style=\"text-align: center;\"><em>Appis toimii nyt Vancouverissakin<\/em><\/p>\n<p style=\"text-align: justify;\">T\u00e4m\u00e4n lis\u00e4ksi metropolin toiseksi suurimman kaupungin Surreyn pormestari Doug McCallum on asettautunut poikkiteloin palvelua vastaan. Taksikuskien voimakkaasti tukema McCallum on uhannut sakottaa kaupungin alueella toimivien kyytipalveluiden kuljettajia rankasti kaupungin paikalliss\u00e4\u00e4nt\u00f6jen pohjalta. Kiinnij\u00e4\u00e4neet kuljettajat ovatkin saaneet kirjallisia varoituksia, jotka ovat sittemmin muuttuneet satojen dollareiden sakoiksi. Kaupungin toiminnan laillisuus on kuitenkin ep\u00e4selv\u00e4\u00e4, sill\u00e4 taksi- ja kyytilupia hallinnoi sellaiset yhti\u00f6ille jo viikko sitten my\u00f6nt\u00e4nyt provinssi, mutta McCallum ei suostu per\u00e4\u00e4ntym\u00e4\u00e4n. \ud83d\ude15<\/p>\n<p style=\"text-align: center;\"><a href=\"\/blog\/wp-content\/uploads\/2020\/uber_lyft_taksi.jpg\"><img decoding=\"async\" src=\"\/blog\/wp-content\/uploads\/2020\/uber_lyft_taksi.jpg\" \/><\/a><\/p>\n<p style=\"text-align: center;\"><em>Hintojen vertailua jenkeiss\u00e4<\/em><\/p>\n<p style=\"text-align: justify;\">Kyytipalveluita vuosia odottaneet asiakkaat ovat olleet Uberin ja Lyftin saapumisesta suoranaisessa hurmoksessa, sill\u00e4 palveluiden perustaksat ovat kielt\u00e4m\u00e4tt\u00e4 taksia huokeampia. Osa ihmisist\u00e4 my\u00f6s suorastaan vihaa taksiyhti\u00f6it\u00e4, jossa on takana vuosia kasvanut tyytym\u00e4tt\u00f6myys korkeisiin hintoihin sek\u00e4 huonoon asiakaspalveluun, jossa on ollut elementtej\u00e4 hyv\u00e4ksik\u00e4yt\u00f6st\u00e4 ja jopa suoranaisesta huijauksesta. Ihmiset kokevat ett\u00e4 mahdollisuus <a title=\"Pisteytys kirjoituksiin\" href=\"https:\/\/www.vuosiamaailmalla.fi\/?p=698\">pisteytt\u00e4\u00e4<\/a> kyytipalveluapplikaatioiden kuljettajia auttaa pit\u00e4\u00e4m\u00e4\u00e4n n\u00e4m\u00e4 rehellisemp\u00e4n\u00e4 ja karsii pois holtittomat ajotottumukset, joista paikallistaksit ovat surullisen kuuluisia.<\/p>\n<p style=\"text-align: center;\"><a href=\"\/blog\/wp-content\/uploads\/2020\/huijauskyyti.jpg\"><img decoding=\"async\" src=\"\/blog\/wp-content\/uploads\/2020\/thumbs\/thumbs_huijauskyyti.jpg\" \/><\/a><\/p>\n<p style=\"text-align: center;\"><em>Huijauskyyti\u00e4 Vamcouverissa<\/em><\/p>\n<p style=\"text-align: justify;\">Kuluttajan kannalta uusien palveluiden avautuminen on tietenkin hyv\u00e4 asia ja Uber on joutunut taistelemaan elintilasta kaikkialla maailmassa. <a title=\"Taivaisiin kasvanut Toronto\" href=\"https:\/\/www.vuosiamaailmalla.fi\/?p=3097\">Torontossa<\/a> Uberin tulo johti n\u00e4kyviin protesteihin ja taksikuskien tulojen tippumiseen. Tosin kovin tuottoisa bisnes kyytien tarjoaminen ei ole Uberin ja Lyftink\u00e4\u00e4n kuljettajille ja lehtijuttujen perusteella Vancouverinkin ensimm\u00e4iset Uber-kuljettajat ovat olleet pettyneit\u00e4 k\u00e4teen j\u00e4\u00e4viin tienesteihin. Ongelma on maailmanlaajuinen ja osa <em>gig economyn\u00e4<\/em> tunnettua nykyilmi\u00f6t\u00e4.<\/p>\n<p style=\"text-align: center;\"><iframe loading=\"lazy\" src=\"https:\/\/www.youtube-nocookie.com\/embed\/B7zXoSY1R6s\" width=\"560\" height=\"315\" frameborder=\"0\" allowfullscreen=\"allowfullscreen\"><\/iframe><\/p>\n<p style=\"text-align: center;\"><em>Torontossa taksikuskit m\u00e4hin\u00f6iv\u00e4t<\/em><\/p>\n<p style=\"text-align: justify;\">Melko harvoin taksia k\u00e4ytt\u00e4v\u00e4n\u00e4 ja <a title=\"2017 BMW X1 xDrive28i\" href=\"https:\/\/www.vuosiamaailmalla.fi\/?p=8983\">oman auton<\/a> omistavana ensimm\u00e4iseen Uber-kyytiin lienee viel\u00e4 aikaa, mutta ainakin se tarjoaa k\u00e4tev\u00e4n vaihtoehdon <a title=\"Vancouverin lentokentt\u00e4 uusille miljoonaluvuille\" href=\"https:\/\/www.vuosiamaailmalla.fi\/?p=7907\">lentokent\u00e4lt\u00e4<\/a> tai lentokent\u00e4lle suunnistaessa. Uudistuksen suurin hy\u00f6tyj\u00e4 onkin kuluttaja, mink\u00e4 vuoksi uusia palveluita lienee mahdotonta est\u00e4\u00e4 valtaamasta alaa ja vakiinnuttamasta paikkaansa.<\/p>\n","protected":false},"excerpt":{"rendered":"<p>Vancouverissa vuosikausia k\u00e4yty kiista kyytipalveluiden laillisuudesta kaupungissa sai viikko sitten lopullisen p\u00e4\u00e4t\u00f6ksen, kun provinssin viranomaiset p\u00e4\u00e4tyiv\u00e4t lopultakin my\u00f6nt\u00e4m\u00e4\u00e4n toimiluvat amerikkalaisille Uberille ja Lyftille. Takana on vuosien taistelu taksij\u00e4rjest\u00f6jen sek\u00e4 viranomaisten kanssa, joka ei p\u00e4\u00e4ttyne t\u00e4ysin edes toimilupien my\u00f6nt\u00e4miseen.<\/p>\n","protected":false},"author":1,"featured_media":10483,"comment_status":"open","ping_status":"open","sticky":false,"template":"","format":"standard","meta":{"_jetpack_memberships_contains_paid_content":false,"footnotes":""},"categories":[17,3],"tags":[25,935,1467,201,1466,939],"class_list":["post-10481","post","type-post","status-publish","format-standard","has-post-thumbnail","hentry","category-arki-kanadassa","category-arki-ulkomailla","tag-ajankohtaista","tag-kanada","tag-lyft","tag-surrey","tag-uber","tag-vancouver"],"jetpack_featured_media_url":"https:\/\/www.vuosiamaailmalla.fi\/blog\/wp-content\/uploads\/uber_lyft_banner.jpg","jetpack_sharing_enabled":true,"_links":{"self":[{"href":"https:\/\/www.vuosiamaailmalla.fi\/blog\/wp-json\/wp\/v2\/posts\/10481","targetHints":{"allow":["GET"]}}],"collection":[{"href":"https:\/\/www.vuosiamaailmalla.fi\/blog\/wp-json\/wp\/v2\/posts"}],"about":[{"href":"https:\/\/www.vuosiamaailmalla.fi\/blog\/wp-json\/wp\/v2\/types\/post"}],"author":[{"embeddable":true,"href":"https:\/\/www.vuosiamaailmalla.fi\/blog\/wp-json\/wp\/v2\/users\/1"}],"replies":[{"embeddable":true,"href":"https:\/\/www.vuosiamaailmalla.fi\/blog\/wp-json\/wp\/v2\/comments?post=10481"}],"version-history":[{"count":0,"href":"https:\/\/www.vuosiamaailmalla.fi\/blog\/wp-json\/wp\/v2\/posts\/10481\/revisions"}],"wp:featuredmedia":[{"embeddable":true,"href":"https:\/\/www.vuosiamaailmalla.fi\/blog\/wp-json\/wp\/v2\/media\/10483"}],"wp:attachment":[{"href":"https:\/\/www.vuosiamaailmalla.fi\/blog\/wp-json\/wp\/v2\/media?parent=10481"}],"wp:term":[{"taxonomy":"category","embeddable":true,"href":"https:\/\/www.vuosiamaailmalla.fi\/blog\/wp-json\/wp\/v2\/categories?post=10481"},{"taxonomy":"post_tag","embeddable":true,"href":"https:\/\/www.vuosiamaailmalla.fi\/blog\/wp-json\/wp\/v2\/tags?post=10481"}],"curies":[{"name":"wp","href":"https:\/\/api.w.org\/{rel}","templated":true}]}}