{"id":10489,"date":"2020-02-03T17:22:51","date_gmt":"2020-02-04T01:22:51","guid":{"rendered":"http:\/\/13.53.127.146\/?p=10489"},"modified":"2021-03-14T16:05:54","modified_gmt":"2021-03-14T23:05:54","slug":"runsassateinen-tammikuu","status":"publish","type":"post","link":"https:\/\/www.vuosiamaailmalla.fi\/blog\/2020\/runsassateinen-tammikuu\/","title":{"rendered":"Runsassateinen tammikuu"},"content":{"rendered":"<p style=\"text-align: justify;\">Vuosi 2019 j\u00e4i Vancouverissa mittaushistoriaan poikkeuksellisen aurinkoisena, vaikka vuosi itsess\u00e4\u00e4n olikin l\u00e4mp\u00f6tiloiltaan vain aavistuksen normaalia l\u00e4mpim\u00e4mpi. Aurinkoisia kelej\u00e4 riittikin aina alkutalveen asti ja tyypilliset rankat <a title=\"Lupaus La Ni\u00f1asta\" href=\"https:\/\/www.vuosiamaailmalla.fi\/?p=8573\">syyssateet<\/a> loistivat poissaolollaan. Joulukuussa alkoi vaikuttaa jo silt\u00e4, ett\u00e4 tulossa voisi olla huono laskettelutalvi kun edes Whistleriss\u00e4 ei ollut lunta <a title=\"Nuiva laskettelukauden avaus\" href=\"https:\/\/www.vuosiamaailmalla.fi\/?p=10370\">juuri ollenkaan<\/a>.<\/p>\n<p><!--more--><\/p>\n<p style=\"text-align: center;\"><a href=\"\/blog\/wp-content\/uploads\/2020\/pineapple_express.jpg\"><img decoding=\"async\" src=\"\/blog\/wp-content\/uploads\/2020\/pineapple_express.jpg\" \/><\/a><\/p>\n<p style=\"text-align: center;\"><em>Kaatosateita tropiikista<\/em><\/p>\n<p style=\"text-align: justify;\">Kaikki muuttui kuitenkin tyystin heti vuodenvaihteen j\u00e4lkeen, kun taivaalta alkoi tulla vett\u00e4 enn\u00e4tystahtiin. Sade tuli tyypilliseen tapaan alhaalla kaupungissa veten\u00e4 ja vuorilla lumena, mutta tammikuun toisella viikolla koko l\u00e4ntist\u00e4 Kanadaan kurittanut hyisen arktinen ilmamassa puraisi my\u00f6s Vancouveria. Tuolloin l\u00e4mp\u00f6tilat putosivat Vancouverissakin -10 asteen tienoille usean p\u00e4iv\u00e4n ajaksi, mik\u00e4 ei ole paljon mit\u00e4\u00e4n kun samaan aikaan Edmontonissa hytistiin -37 asteen pakkasissa ja Yukonin pikkykyliss\u00e4 mitattiin jopa -48 asteen superpakkasissa.<\/p>\n<p style=\"text-align: center;\"><a href=\"\/blog\/wp-content\/uploads\/2020\/lumiviikko_burnabyssa1.jpg\"><img decoding=\"async\" src=\"\/blog\/wp-content\/uploads\/2020\/thumbs\/thumbs_lumiviikko_burnabyssa1.jpg\" \/><\/a><a href=\"\/blog\/wp-content\/uploads\/2020\/lumiviikko_burnabyssa3.jpg\"><img decoding=\"async\" src=\"\/blog\/wp-content\/uploads\/2020\/thumbs\/thumbs_lumiviikko_burnabyssa3.jpg\" \/><\/a><a href=\"\/blog\/wp-content\/uploads\/2020\/lumiviikko_burnabyssa2.jpg\"><img decoding=\"async\" src=\"\/blog\/wp-content\/uploads\/2020\/thumbs\/thumbs_lumiviikko_burnabyssa2.jpg\" \/><\/a><\/p>\n<p style=\"text-align: center;\"><em>Talven ensimm\u00e4inen lumip\u00e4iv\u00e4<\/em><\/p>\n<p style=\"text-align: center;\"><a href=\"\/blog\/wp-content\/uploads\/2020\/lumiviikko_burnabyssa15.jpg\"><img decoding=\"async\" src=\"\/blog\/wp-content\/uploads\/2020\/lumiviikko_burnabyssa15.jpg\" \/><\/a><\/p>\n<p style=\"text-align: center;\"><em>Lunta tuli reippaasti<\/em><\/p>\n<p style=\"text-align: justify;\">Kylm\u00e4 kausi oli kuitenkin omiaan tuomaan maahan lunta nyt jo <a title=\"Metrotownin talviset nietokset\" href=\"https:\/\/www.vuosiamaailmalla.fi\/?p=8799\">kolmantena talvena<\/a> per\u00e4tysten. Lunta kertyi Vancouverissa maahan kymmenisen sentti\u00e4 ja t\u00e4\u00e4ll\u00e4 hieman korkeammalla Burnabyss\u00e4 kinokset olivat parhaimmillaan jopa 30 senttimetrin korkuiset. Erityisen paha p\u00e4iv\u00e4 oli tammikuun 15. jolloin taukoamaton lumisade pys\u00e4ytti t\u00e4ysin koko <em>SkyTrainin<\/em>, junien ovien j\u00e4\u00e4dytty\u00e4 kiinni. Laitureilla kuulutettiinkin ihmisi\u00e4 palaamaan koteihinsa ja v\u00e4ltt\u00e4m\u00e4\u00e4n kaikkea v\u00e4ltt\u00e4m\u00e4t\u00f6nt\u00e4 liikkumista p\u00e4iv\u00e4n aikana. Bussit olivat jumissa kaikkialla ja sadattuhannet ihmiset j\u00e4ttiv\u00e4t saapumasta t\u00f6ihin <a title=\"Lumikaaos yll\u00e4tti Vancouverin\" href=\"https:\/\/www.vuosiamaailmalla.fi\/?p=8635\">lumikaaoksen<\/a> keskell\u00e4.<\/p>\n<p style=\"text-align: center;\"><a href=\"\/blog\/wp-content\/uploads\/2020\/lumiviikko_burnabyssa4.jpg\"><img decoding=\"async\" src=\"\/blog\/wp-content\/uploads\/2020\/thumbs\/thumbs_lumiviikko_burnabyssa4.jpg\" \/><\/a><a href=\"\/blog\/wp-content\/uploads\/2020\/lumiviikko_burnabyssa5.jpg\"><img decoding=\"async\" src=\"\/blog\/wp-content\/uploads\/2020\/thumbs\/thumbs_lumiviikko_burnabyssa5.jpg\" \/><\/a><a href=\"\/blog\/wp-content\/uploads\/2020\/lumiviikko_burnabyssa6.jpg\"><img decoding=\"async\" src=\"\/blog\/wp-content\/uploads\/2020\/thumbs\/thumbs_lumiviikko_burnabyssa6.jpg\" \/><\/a><br \/>\n<a href=\"\/blog\/wp-content\/uploads\/2020\/lumiviikko_burnabyssa8.jpg\"><img decoding=\"async\" src=\"\/blog\/wp-content\/uploads\/2020\/thumbs\/thumbs_lumiviikko_burnabyssa8.jpg\" \/><\/a><a href=\"\/blog\/wp-content\/uploads\/2020\/lumiviikko_burnabyssa9.jpg\"><img decoding=\"async\" src=\"\/blog\/wp-content\/uploads\/2020\/thumbs\/thumbs_lumiviikko_burnabyssa9.jpg\" \/><\/a><a href=\"\/blog\/wp-content\/uploads\/2020\/lumiviikko_burnabyssa7.jpg\"><img decoding=\"async\" src=\"\/blog\/wp-content\/uploads\/2020\/thumbs\/thumbs_lumiviikko_burnabyssa7.jpg\" \/><\/a><\/p>\n<p style=\"text-align: center;\"><em>Lumimyr\u00e4kk\u00e4\u00e4 kodin l\u00e4hist\u00f6ll\u00e4<\/em><\/p>\n<p style=\"text-align: center;\"><a href=\"\/blog\/wp-content\/uploads\/2020\/lumiviikko_burnabyssa17.jpg\"><img decoding=\"async\" src=\"\/blog\/wp-content\/uploads\/2020\/lumiviikko_burnabyssa17.jpg\" \/><\/a><\/p>\n<p style=\"text-align: center;\"><em>Sivukaduilla ei ilman talvirenkaita p\u00e4rj\u00e4isi<\/em><\/p>\n<p style=\"text-align: center;\"><a href=\"\/blog\/wp-content\/uploads\/2020\/lumiviikko_burnabyssa14.jpg\"><img decoding=\"async\" src=\"\/blog\/wp-content\/uploads\/2020\/thumbs\/thumbs_lumiviikko_burnabyssa14.jpg\" \/><\/a><a href=\"\/blog\/wp-content\/uploads\/2020\/lumiviikko_burnabyssa13.jpg\"><img decoding=\"async\" src=\"\/blog\/wp-content\/uploads\/2020\/thumbs\/thumbs_lumiviikko_burnabyssa13.jpg\" \/><\/a><a href=\"\/blog\/wp-content\/uploads\/2020\/lumiviikko_burnabyssa12.jpg\"><img decoding=\"async\" src=\"\/blog\/wp-content\/uploads\/2020\/thumbs\/thumbs_lumiviikko_burnabyssa12.jpg\" \/><\/a><br \/>\n<a href=\"\/blog\/wp-content\/uploads\/2020\/lumiviikko_burnabyssa11.jpg\"><img decoding=\"async\" src=\"\/blog\/wp-content\/uploads\/2020\/thumbs\/thumbs_lumiviikko_burnabyssa11.jpg\" \/><\/a><a href=\"\/blog\/wp-content\/uploads\/2020\/lumiviikko_burnabyssa16.jpg\"><img decoding=\"async\" src=\"\/blog\/wp-content\/uploads\/2020\/thumbs\/thumbs_lumiviikko_burnabyssa16.jpg\" \/><\/a><a href=\"\/blog\/wp-content\/uploads\/2020\/lumiviikko_burnabyssa10.jpg\"><img decoding=\"async\" src=\"\/blog\/wp-content\/uploads\/2020\/thumbs\/thumbs_lumiviikko_burnabyssa10.jpg\" \/><\/a><\/p>\n<p style=\"text-align: center;\"><em>Hankia Burnabyss\u00e4<\/em><\/p>\n<p style=\"text-align: justify;\">Sek\u00e4 l\u00e4hivuorilla ett\u00e4 Whistleriss\u00e4 n\u00e4htiin tuolla viikolla mielett\u00f6m\u00e4n hyvi\u00e4 laskettelukelej\u00e4, kun lunta tuli useana p\u00e4iv\u00e4n\u00e4 puolesta metrist\u00e4 jopa <a title=\"Metrin syvyisess\u00e4 puuterihangessa\" href=\"https:\/\/www.vuosiamaailmalla.fi\/?p=9930\">metriin<\/a> asti. Tammikuun aikana Whistleriss\u00e4 satoi yli 5 metri\u00e4 lunta ja aina yht\u00e4 k\u00e4sitt\u00e4m\u00e4tt\u00f6m\u00e4ll\u00e4 <a title=\"Mount Bakerin syv\u00e4ss\u00e4 lumihangessa\" href=\"https:\/\/www.vuosiamaailmalla.fi\/?p=7716\">Mount Bakerilla<\/a> saatiin kuukaudessa per\u00e4ti 7,5 metri\u00e4 lunta! Kyseisill\u00e4 laskettelukeskuksilla onkin menossa loistava laskettelukausi, mit\u00e4 ei olisi viel\u00e4 puolitoista kuukautta sitten uskonut.<\/p>\n<p style=\"text-align: center;\"><a href=\"\/blog\/wp-content\/uploads\/2020\/lumiviikko_cypressilla2.jpg\"><img decoding=\"async\" src=\"\/blog\/wp-content\/uploads\/2020\/thumbs\/thumbs_lumiviikko_cypressilla2.jpg\" \/><\/a><a href=\"\/blog\/wp-content\/uploads\/2020\/lumiviikko_cypressilla1.jpg\"><img decoding=\"async\" src=\"\/blog\/wp-content\/uploads\/2020\/thumbs\/thumbs_lumiviikko_cypressilla1.jpg\" \/><\/a><a href=\"\/blog\/wp-content\/uploads\/2020\/lumiviikko_cypressilla3.jpg\"><img decoding=\"async\" src=\"\/blog\/wp-content\/uploads\/2020\/thumbs\/thumbs_lumiviikko_cypressilla3.jpg\" \/><\/a><\/p>\n<p style=\"text-align: center;\"><em>Lumipyry Cypress Mountainilla<\/em><\/p>\n<p style=\"text-align: justify;\">Pahimman myr\u00e4kk\u00e4viikonlopun aikana ruuhkat laskettelukeskuksilla olivatkin pahat, kaikkien yritt\u00e4ess\u00e4 p\u00e4\u00e4st\u00e4 paikalle. Se ei ollut kuitenkaan helppoa, sill\u00e4 esimerkiksi kuuluisa <em>Sea-to-Sky-Highway<\/em> oli lumen peitt\u00e4m\u00e4 Horseshoe Baysta eteenp\u00e4in ja liikenne kohti vuoria oli huonon ajokelin vuoksi tukkoisaa. Kelien rohkaisemana varasimmekin viime viikonlopulle y\u00f6n Squamishista, josta k\u00e4sin k\u00e4vimme laskettelemassa Whistleriss\u00e4 viikonlopun kahtena per\u00e4kk\u00e4isen\u00e4 p\u00e4iv\u00e4n\u00e4 ja hauskaa oli!<\/p>\n<p style=\"text-align: center;\"><a href=\"\/blog\/wp-content\/uploads\/2020\/lumiviikko_whistlerissa5.jpg\"><img decoding=\"async\" src=\"\/blog\/wp-content\/uploads\/2020\/lumiviikko_whistlerissa5.jpg\" \/><\/a><\/p>\n<p style=\"text-align: center;\"><em>Mukava laskettelup\u00e4iv\u00e4<\/em><\/p>\n<p style=\"text-align: center;\"><a href=\"\/blog\/wp-content\/uploads\/2020\/lumiviikko_whistlerissa1.jpg\"><img decoding=\"async\" src=\"\/blog\/wp-content\/uploads\/2020\/thumbs\/thumbs_lumiviikko_whistlerissa1.jpg\" \/><\/a><a href=\"\/blog\/wp-content\/uploads\/2020\/lumiviikko_whistlerissa2.jpg\"><img decoding=\"async\" src=\"\/blog\/wp-content\/uploads\/2020\/thumbs\/thumbs_lumiviikko_whistlerissa2.jpg\" \/><\/a><a href=\"\/blog\/wp-content\/uploads\/2020\/lumiviikko_whistlerissa7.jpg\"><img decoding=\"async\" src=\"\/blog\/wp-content\/uploads\/2020\/thumbs\/thumbs_lumiviikko_whistlerissa7.jpg\" \/><\/a><br \/>\n<a href=\"\/blog\/wp-content\/uploads\/2020\/lumiviikko_whistlerissa3.jpg\"><img decoding=\"async\" src=\"\/blog\/wp-content\/uploads\/2020\/thumbs\/thumbs_lumiviikko_whistlerissa3.jpg\" \/><\/a><a href=\"\/blog\/wp-content\/uploads\/2020\/lumiviikko_whistlerissa4.jpg\"><img decoding=\"async\" src=\"\/blog\/wp-content\/uploads\/2020\/thumbs\/thumbs_lumiviikko_whistlerissa4.jpg\" \/><\/a><a href=\"\/blog\/wp-content\/uploads\/2020\/lumiviikko_whistlerissa6.jpg\"><img decoding=\"async\" src=\"\/blog\/wp-content\/uploads\/2020\/thumbs\/thumbs_lumiviikko_whistlerissa6.jpg\" \/><\/a><\/p>\n<p style=\"text-align: center;\"><em>Whistleriss\u00e4 kelpasi lasketella<\/em><\/p>\n<p style=\"text-align: justify;\">Tilastojen perusteella tammikuu olikin koko mittaushistorian nelj\u00e4nneksi sateisin ja sadetta saatiin kaikkina paitsi yhten\u00e4 p\u00e4iv\u00e4n\u00e4, yhteens\u00e4 256,6 millimetri\u00e4. Vuodelta 2006 oleva enn\u00e4tys j\u00e4i vain 27 millimetrin p\u00e4\u00e4h\u00e4n, mik\u00e4 ei aivan toteutunut kuun viimeisen p\u00e4iv\u00e4n kun kaupunkia kuritti viimeisin <a title=\"Kiusana Pineapple Express ja nor\u2019easter\" href=\"https:\/\/www.vuosiamaailmalla.fi\/?p=3824\"><em>Pineapple Expressin<\/em><\/a> rankkasade. Sadetta mitattiin perjantain aikana vuorten l\u00e4heisyydess\u00e4 vuorokaudessa 140 millimetri\u00e4 ja <a title=\"Ikiaikaisten j\u00e4ttil\u00e4isten Tofino\" href=\"https:\/\/www.vuosiamaailmalla.fi\/?p=7129\">Vancouverinsaaren l\u00e4nsirannikon<\/a> mittausaseman mittaus kertoi jopa 370 millimetrin sadem\u00e4\u00e4rist\u00e4 &#8211; vuorokaudessa!<\/p>\n<p style=\"text-align: center;\"><a href=\"\/blog\/wp-content\/uploads\/2020\/ravintolassa_squamishissa1.jpg\"><img decoding=\"async\" src=\"\/blog\/wp-content\/uploads\/2020\/ravintolassa_squamishissa1.jpg\" \/><\/a><\/p>\n<p style=\"text-align: center;\"><em>Ravintolailta Squamishissa<\/em><\/p>\n<p style=\"text-align: center;\"><a href=\"\/blog\/wp-content\/uploads\/2020\/ravintolassa_squamishissa2.jpg\"><img decoding=\"async\" src=\"\/blog\/wp-content\/uploads\/2020\/thumbs\/thumbs_ravintolassa_squamishissa2.jpg\" \/><\/a><a href=\"\/blog\/wp-content\/uploads\/2020\/ravintolassa_squamishissa3.jpg\"><img decoding=\"async\" src=\"\/blog\/wp-content\/uploads\/2020\/thumbs\/thumbs_ravintolassa_squamishissa3.jpg\" \/><\/a><a href=\"\/blog\/wp-content\/uploads\/2020\/ravintolassa_squamishissa4.jpg\"><img decoding=\"async\" src=\"\/blog\/wp-content\/uploads\/2020\/thumbs\/thumbs_ravintolassa_squamishissa4.jpg\" \/><\/a><\/p>\n<p style=\"text-align: center;\"><em>Herkullinen illallinen<\/em><\/p>\n<p style=\"text-align: justify;\">Kiintoisana vastakohtana helmikuun ensimm\u00e4inen p\u00e4iv\u00e4 oli kauniin aurinkoinen, kuin pienen\u00e4 breikkin\u00e4 ennen ensi viikon kylmemp\u00e4\u00e4 s\u00e4\u00e4t\u00e4, jolloin Vancouverissa on mahdollisuus lumeen heti keskiviikon tiet\u00e4mill\u00e4. Talvi pit\u00e4\u00e4 siis edelleen L\u00e4nsi-Kanadaa tiukasti otteessaan, mik\u00e4 on ainakin n\u00e4in laskettelijan n\u00e4k\u00f6kulmasta pelk\u00e4st\u00e4\u00e4n hyv\u00e4 asia.<\/p>\n","protected":false},"excerpt":{"rendered":"<p>Vuosi 2019 j\u00e4i Vancouverissa mittaushistoriaan poikkeuksellisen aurinkoisena, vaikka vuosi itsess\u00e4\u00e4n olikin l\u00e4mp\u00f6tiloiltaan vain aavistuksen normaalia l\u00e4mpim\u00e4mpi. Aurinkoisia kelej\u00e4 riittikin aina alkutalveen asti ja tyypilliset rankat syyssateet loistivat poissaolollaan. Joulukuussa alkoi vaikuttaa jo silt\u00e4, ett\u00e4 tulossa voisi olla huono laskettelutalvi kun edes Whistleriss\u00e4 ei ollut lunta juuri ollenkaan.<\/p>\n","protected":false},"author":1,"featured_media":10491,"comment_status":"open","ping_status":"open","sticky":false,"template":"","format":"standard","meta":{"_jetpack_memberships_contains_paid_content":false,"footnotes":""},"categories":[17,3,778,774],"tags":[25,77,78,933,935,173,824,612,270,202,943,218],"class_list":["post-10489","post","type-post","status-publish","format-standard","has-post-thumbnail","hentry","category-arki-kanadassa","category-arki-ulkomailla","category-laskettelu-ulkoilu","category-ulkoilu","tag-ajankohtaista","tag-burnaby","tag-burnaby-metrotown","tag-cypress-mountain","tag-kanada","tag-laskettelu","tag-pineapple-express","tag-squamish","tag-saa","tag-talvi","tag-west-vancouver","tag-whistler"],"jetpack_featured_media_url":"https:\/\/www.vuosiamaailmalla.fi\/blog\/wp-content\/uploads\/lumiviikko_whistlerissa_banner.jpg","jetpack_sharing_enabled":true,"_links":{"self":[{"href":"https:\/\/www.vuosiamaailmalla.fi\/blog\/wp-json\/wp\/v2\/posts\/10489","targetHints":{"allow":["GET"]}}],"collection":[{"href":"https:\/\/www.vuosiamaailmalla.fi\/blog\/wp-json\/wp\/v2\/posts"}],"about":[{"href":"https:\/\/www.vuosiamaailmalla.fi\/blog\/wp-json\/wp\/v2\/types\/post"}],"author":[{"embeddable":true,"href":"https:\/\/www.vuosiamaailmalla.fi\/blog\/wp-json\/wp\/v2\/users\/1"}],"replies":[{"embeddable":true,"href":"https:\/\/www.vuosiamaailmalla.fi\/blog\/wp-json\/wp\/v2\/comments?post=10489"}],"version-history":[{"count":2,"href":"https:\/\/www.vuosiamaailmalla.fi\/blog\/wp-json\/wp\/v2\/posts\/10489\/revisions"}],"predecessor-version":[{"id":12053,"href":"https:\/\/www.vuosiamaailmalla.fi\/blog\/wp-json\/wp\/v2\/posts\/10489\/revisions\/12053"}],"wp:featuredmedia":[{"embeddable":true,"href":"https:\/\/www.vuosiamaailmalla.fi\/blog\/wp-json\/wp\/v2\/media\/10491"}],"wp:attachment":[{"href":"https:\/\/www.vuosiamaailmalla.fi\/blog\/wp-json\/wp\/v2\/media?parent=10489"}],"wp:term":[{"taxonomy":"category","embeddable":true,"href":"https:\/\/www.vuosiamaailmalla.fi\/blog\/wp-json\/wp\/v2\/categories?post=10489"},{"taxonomy":"post_tag","embeddable":true,"href":"https:\/\/www.vuosiamaailmalla.fi\/blog\/wp-json\/wp\/v2\/tags?post=10489"}],"curies":[{"name":"wp","href":"https:\/\/api.w.org\/{rel}","templated":true}]}}