{"id":10497,"date":"2020-02-08T18:35:56","date_gmt":"2020-02-09T02:35:56","guid":{"rendered":"http:\/\/13.53.127.146\/?p=10497"},"modified":"2020-02-08T18:35:56","modified_gmt":"2020-02-09T02:35:56","slug":"juhlat-maan-kiertoradalla","status":"publish","type":"post","link":"https:\/\/www.vuosiamaailmalla.fi\/blog\/2020\/juhlat-maan-kiertoradalla\/","title":{"rendered":"Juhlat Maan kiertoradalla"},"content":{"rendered":"<p style=\"text-align: justify;\">Viime viikon lauantaina j\u00e4rjestettiin j\u00e4lleen ty\u00f6nantajani vuosittaiset talvijuhlat, joista olen kertonut t\u00e4\u00e4ll\u00e4 blogissa <a title=\"Menneiden vuosikymmenten juhlat\" href=\"https:\/\/www.vuosiamaailmalla.fi\/?p=9442\">aiemminkin<\/a>. Juhlapaikkana toimi j\u00e4lleen kerran Coal Harbourissa sijaitseva <a title=\"Itsen\u00e4isyysp\u00e4iv\u00e4n juhlagaala Vancouverissa\" href=\"https:\/\/www.vuosiamaailmalla.fi\/?p=9379\">Vancouverin konferenssikeskus<\/a>, jonka l\u00e4nsisiipi tarjoaa hyv\u00e4t puitteet reilusti yli tuhannen vieraan juhliin.<\/p>\n<p><!--more--><\/p>\n<p style=\"text-align: center;\"><a href=\"\/blog\/wp-content\/uploads\/2020\/out_of_this_world2.jpg\"><img decoding=\"async\" src=\"\/blog\/wp-content\/uploads\/2020\/out_of_this_world2.jpg\" \/><\/a><\/p>\n<p style=\"text-align: center;\"><em>Jokavuotisen juhlan aika<\/em><\/p>\n<p style=\"text-align: justify;\">Yleinen konsensus tuntuu olevan, ettei viimevuotinen <a title=\"Juhlat Louisianan tapaan\" href=\"https:\/\/www.vuosiamaailmalla.fi\/?p=9990\">Louisiana-teemainen juhla<\/a> onnistunut ylt\u00e4m\u00e4\u00e4n aivan joidenkin aiempien vuosien juhlien tasolle, joten j\u00e4rjest\u00e4jill\u00e4 lienee ollut j\u00e4lleen suuret paineet keksi\u00e4 t\u00e4lle vuodelle jotain uutta ja nokkelaa. Inspiraatiota teemaan lienee antanut viime kes\u00e4n\u00e4 ymp\u00e4ri maailmaa juhlittu <a title=\"Apollon jalanj\u00e4ljiss\u00e4 Houston Space Centerill\u00e4\" href=\"https:\/\/www.vuosiamaailmalla.fi\/?p=8736\">kuulaskeutumisen<\/a> 50-vuotisjuhla, jonka innoittamana t\u00e4m\u00e4nvuotiset juhlat kantoivat nime\u00e4 <em>&#8221;Out of this World&#8221;<\/em> eli maapallon ulkopuolella.<\/p>\n<p style=\"text-align: center;\"><a href=\"\/blog\/wp-content\/uploads\/2020\/out_of_this_world1.jpg\"><img decoding=\"async\" src=\"\/blog\/wp-content\/uploads\/2020\/thumbs\/thumbs_out_of_this_world1.jpg\" \/><\/a><a href=\"\/blog\/wp-content\/uploads\/2020\/out_of_this_world11.jpg\"><img decoding=\"async\" src=\"\/blog\/wp-content\/uploads\/2020\/thumbs\/thumbs_out_of_this_world11.jpg\" \/><\/a><\/p>\n<p style=\"text-align: center;\"><em>Siirtyminen juhlatilaan<\/em><\/p>\n<p style=\"text-align: justify;\">Juhlat alkoivat tuttuun tapaan iltaseitsem\u00e4lt\u00e4, jolloin vieraat ohjattiin juhlatilaan erikoisen lonkerok\u00e4yt\u00e4v\u00e4n kautta. Konferenssikeskuksen valtaisa juhlatila oli jaettu t\u00e4ll\u00e4 kertaa kolmen sijaan ainoastaan kahteen suureen tilaan, keskell\u00e4\u00e4n n\u00e4kem\u00e4tt\u00e4 j\u00e4\u00e4nyt verhottu <em>laser tag<\/em> -alue.<\/p>\n<p style=\"text-align: center;\"><a href=\"\/blog\/wp-content\/uploads\/2020\/out_of_this_world10.jpg\"><img decoding=\"async\" src=\"\/blog\/wp-content\/uploads\/2020\/thumbs\/thumbs_out_of_this_world10.jpg\" \/><\/a><a href=\"\/blog\/wp-content\/uploads\/2020\/varikkaita_esiintyjia11.jpg\"><img decoding=\"async\" src=\"\/blog\/wp-content\/uploads\/2020\/thumbs\/thumbs_varikkaita_esiintyjia11.jpg\" \/><\/a><a href=\"\/blog\/wp-content\/uploads\/2020\/out_of_this_world13.jpg\"><img decoding=\"async\" src=\"\/blog\/wp-content\/uploads\/2020\/thumbs\/thumbs_out_of_this_world13.jpg\" \/><\/a><\/p>\n<p style=\"text-align: center;\"><em>Avaruusloungessa oli rento tunnelma ja paljon ohjelmaa<\/em><\/p>\n<p style=\"text-align: center;\"><a href=\"\/blog\/wp-content\/uploads\/2020\/out_of_this_world6.jpg\"><img decoding=\"async\" src=\"\/blog\/wp-content\/uploads\/2020\/thumbs\/thumbs_out_of_this_world6.jpg\" \/><\/a><\/p>\n<p style=\"text-align: center;\"><em>Niinan Han Solo -hetki<\/em><\/p>\n<p style=\"text-align: justify;\">Pohjoispuolen avaruuslounge tarjosi rennon paikan n\u00e4hd\u00e4 ty\u00f6tuttuja sek\u00e4 osallistua n\u00f6rttitietokilpailuun, joka oli meist\u00e4 aivan uskomattoman vaikea! Ehk\u00e4p\u00e4 emme olekaan niin suuria n\u00f6rttej\u00e4 kuin tahdomme ajatella? \ud83d\ude42<\/p>\n<p style=\"text-align: center;\"><a href=\"\/blog\/wp-content\/uploads\/2020\/out_of_this_world7.jpg\"><img decoding=\"async\" src=\"\/blog\/wp-content\/uploads\/2020\/thumbs\/thumbs_out_of_this_world7.jpg\" \/><\/a><a href=\"\/blog\/wp-content\/uploads\/2020\/out_of_this_world8.jpg\"><img decoding=\"async\" src=\"\/blog\/wp-content\/uploads\/2020\/thumbs\/thumbs_out_of_this_world8.jpg\" \/><\/a><a href=\"\/blog\/wp-content\/uploads\/2020\/out_of_this_world9.jpg\"><img decoding=\"async\" src=\"\/blog\/wp-content\/uploads\/2020\/thumbs\/thumbs_out_of_this_world9.jpg\" \/><\/a><\/p>\n<p style=\"text-align: center;\"><em>Punaisella planeetalla<\/em><\/p>\n<p style=\"text-align: center;\"><a href=\"\/blog\/wp-content\/uploads\/2020\/out_of_this_world12.jpg\"><img decoding=\"async\" src=\"\/blog\/wp-content\/uploads\/2020\/thumbs\/thumbs_out_of_this_world12.jpg\" \/><\/a><a href=\"\/blog\/wp-content\/uploads\/2020\/out_of_this_world5.jpg\"><img decoding=\"async\" src=\"\/blog\/wp-content\/uploads\/2020\/thumbs\/thumbs_out_of_this_world5.jpg\" \/><\/a><a href=\"\/blog\/wp-content\/uploads\/2020\/varikkaita_esiintyjia8.jpg\"><img decoding=\"async\" src=\"\/blog\/wp-content\/uploads\/2020\/thumbs\/thumbs_varikkaita_esiintyjia8.jpg\" \/><\/a><br \/>\n<a href=\"\/blog\/wp-content\/uploads\/2020\/varikkaita_esiintyjia3.jpg\"><img decoding=\"async\" src=\"\/blog\/wp-content\/uploads\/2020\/thumbs\/thumbs_varikkaita_esiintyjia3.jpg\" \/><\/a><a href=\"\/blog\/wp-content\/uploads\/2020\/varikkaita_esiintyjia7.jpg\"><img decoding=\"async\" src=\"\/blog\/wp-content\/uploads\/2020\/thumbs\/thumbs_varikkaita_esiintyjia7.jpg\" \/><\/a><\/p>\n<p style=\"text-align: center;\"><em>Tanssilattialla oli illasta ruuhkaa<\/em><\/p>\n<p style=\"text-align: center;\"><a href=\"\/blog\/wp-content\/uploads\/2020\/out_of_this_world4.jpg\"><img decoding=\"async\" src=\"\/blog\/wp-content\/uploads\/2020\/out_of_this_world4.jpg\" \/><\/a><\/p>\n<p style=\"text-align: center;\"><em>Selfie astronautin kanssa<\/em><\/p>\n<p style=\"text-align: justify;\">Monenlaista sormiruokaa sek\u00e4 my\u00f6hemmin my\u00f6s j\u00e4lkiruokaherkkuja sis\u00e4lt\u00e4neit\u00e4 ruokapisteit\u00e4 oli levitelty ymp\u00e4ri juhlatilaa, jonka toisessa p\u00e4\u00e4dyss\u00e4 oli esiintymislava sek\u00e4 suuri tanssilattia. Tilaan oli my\u00f6s levitetty monenlaista pient\u00e4 tekemist\u00e4 sek\u00e4 selfie-pisteit\u00e4 valokuvien ottamiseen.<\/p>\n<p style=\"text-align: center;\"><a href=\"\/blog\/wp-content\/uploads\/2020\/out_of_this_world15.jpg\"><img decoding=\"async\" src=\"\/blog\/wp-content\/uploads\/2020\/thumbs\/thumbs_out_of_this_world15.jpg\" \/><\/a><a href=\"\/blog\/wp-content\/uploads\/2020\/out_of_this_world3.jpg\"><img decoding=\"async\" src=\"\/blog\/wp-content\/uploads\/2020\/thumbs\/thumbs_out_of_this_world3.jpg\" \/><\/a><\/p>\n<p style=\"text-align: center;\"><em>Pitop\u00f6ytien herkkuja<\/em><\/p>\n<p style=\"text-align: center;\"><a href=\"\/blog\/wp-content\/uploads\/2020\/out_of_this_world14.jpg\"><img decoding=\"async\" src=\"\/blog\/wp-content\/uploads\/2020\/out_of_this_world14.jpg\" \/><\/a><\/p>\n<p style=\"text-align: center;\"><em>Chewbaccakin diggaa poseerata<\/em><\/p>\n<p style=\"text-align: justify;\">Juhlien kohokohta ovat aina lukuisat n\u00e4yttelij\u00e4t, jotka liikkuvat juhlayleis\u00f6n keskell\u00e4 teemaan sopivasti pukeutuneina. Me p\u00e4\u00e4dyimme t\u00e4n\u00e4 vuonna pukeutumaan tyls\u00e4sti teeman ulkopuoleisesti vain mekkoon ja pukuun, mutta juhlavieraiden joukossa n\u00e4kyi niin <a title=\"El\u00e4m\u00e4\u00e4 suurempi T\u00e4htien Sota\" href=\"https:\/\/www.vuosiamaailmalla.fi\/?p=7740\">T\u00e4htien Sodan<\/a> hahmoja, avaruusolentoja kuin futuristisia robottejakin.<\/p>\n<p style=\"text-align: center;\"><a href=\"\/blog\/wp-content\/uploads\/2020\/varikkaita_esiintyjia10.jpg\"><img decoding=\"async\" src=\"\/blog\/wp-content\/uploads\/2020\/thumbs\/thumbs_varikkaita_esiintyjia10.jpg\" \/><\/a><a href=\"\/blog\/wp-content\/uploads\/2020\/varikkaita_esiintyjia1.jpg\"><img decoding=\"async\" src=\"\/blog\/wp-content\/uploads\/2020\/thumbs\/thumbs_varikkaita_esiintyjia1.jpg\" \/><\/a><a href=\"\/blog\/wp-content\/uploads\/2020\/varikkaita_esiintyjia2.jpg\"><img decoding=\"async\" src=\"\/blog\/wp-content\/uploads\/2020\/thumbs\/thumbs_varikkaita_esiintyjia2.jpg\" \/><\/a><br \/>\n<a href=\"\/blog\/wp-content\/uploads\/2020\/varikkaita_esiintyjia5.jpg\"><img decoding=\"async\" src=\"\/blog\/wp-content\/uploads\/2020\/thumbs\/thumbs_varikkaita_esiintyjia5.jpg\" \/><\/a><a href=\"\/blog\/wp-content\/uploads\/2020\/varikkaita_esiintyjia6.jpg\"><img decoding=\"async\" src=\"\/blog\/wp-content\/uploads\/2020\/thumbs\/thumbs_varikkaita_esiintyjia6.jpg\" \/><\/a><\/p>\n<p style=\"text-align: center;\"><em>Monenlaisia hahmoja<\/em><\/p>\n<p style=\"text-align: center;\"><a href=\"\/blog\/wp-content\/uploads\/2020\/varikkaita_esiintyjia9.jpg\"><img decoding=\"async\" src=\"\/blog\/wp-content\/uploads\/2020\/thumbs\/thumbs_varikkaita_esiintyjia9.jpg\" \/><\/a><a href=\"\/blog\/wp-content\/uploads\/2020\/varikkaita_esiintyjia4.jpg\"><img decoding=\"async\" src=\"\/blog\/wp-content\/uploads\/2020\/thumbs\/thumbs_varikkaita_esiintyjia4.jpg\" \/><\/a><\/p>\n<p style=\"text-align: justify;\">Iltakymmeneen menness\u00e4 juhlapaikalla alkoi olla j\u00e4lleen kerran melko tiivis tunnelma ja liukenimmekin Niinan kanssa kaiken n\u00e4hnein\u00e4 paikalta yhdentoista maissa kohti kotia. Kyseess\u00e4 olivat nyt j\u00e4rjestetyksess\u00e4\u00e4n kolmannet talvijuhlamme, jotka onnistuivat j\u00e4lleen kerran h\u00e4ik\u00e4isem\u00e4\u00e4n lavastuksellaan sek\u00e4 loistavilla j\u00e4rjestelyill\u00e4\u00e4n. Ensi vuonna taas uudestaan!<\/p>\n<p style=\"text-align: center;\"><a href=\"\/blog\/wp-content\/uploads\/2020\/out_of_this_world16.jpg\"><img decoding=\"async\" src=\"\/blog\/wp-content\/uploads\/2020\/out_of_this_world16.jpg\" \/><\/a><\/p>\n<p style=\"text-align: center;\"><em>N\u00e4lk\u00e4inen juhlayleis\u00f6<\/em><\/p>\n","protected":false},"excerpt":{"rendered":"<p>Viime viikon lauantaina j\u00e4rjestettiin j\u00e4lleen ty\u00f6nantajani vuosittaiset talvijuhlat, joista olen kertonut t\u00e4\u00e4ll\u00e4 blogissa aiemminkin. Juhlapaikkana toimi j\u00e4lleen kerran Coal Harbourissa sijaitseva Vancouverin konferenssikeskus, jonka l\u00e4nsisiipi tarjoaa hyv\u00e4t puitteet reilusti yli tuhannen vieraan juhliin.<\/p>\n","protected":false},"author":1,"featured_media":10498,"comment_status":"open","ping_status":"open","sticky":false,"template":"","format":"standard","meta":{"_jetpack_memberships_contains_paid_content":false,"footnotes":""},"categories":[17,3,13],"tags":[34,133,935,207,939,211],"class_list":["post-10497","post","type-post","status-publish","format-standard","has-post-thumbnail","hentry","category-arki-kanadassa","category-arki-ulkomailla","category-tyoskentely-kanadassa","tag-arki","tag-hassua","tag-kanada","tag-tyo","tag-vancouver","tag-vancouver-coal-harbour"],"jetpack_featured_media_url":"https:\/\/www.vuosiamaailmalla.fi\/blog\/wp-content\/uploads\/varikkaita_esiintyjia_banner.jpg","jetpack_sharing_enabled":true,"_links":{"self":[{"href":"https:\/\/www.vuosiamaailmalla.fi\/blog\/wp-json\/wp\/v2\/posts\/10497","targetHints":{"allow":["GET"]}}],"collection":[{"href":"https:\/\/www.vuosiamaailmalla.fi\/blog\/wp-json\/wp\/v2\/posts"}],"about":[{"href":"https:\/\/www.vuosiamaailmalla.fi\/blog\/wp-json\/wp\/v2\/types\/post"}],"author":[{"embeddable":true,"href":"https:\/\/www.vuosiamaailmalla.fi\/blog\/wp-json\/wp\/v2\/users\/1"}],"replies":[{"embeddable":true,"href":"https:\/\/www.vuosiamaailmalla.fi\/blog\/wp-json\/wp\/v2\/comments?post=10497"}],"version-history":[{"count":0,"href":"https:\/\/www.vuosiamaailmalla.fi\/blog\/wp-json\/wp\/v2\/posts\/10497\/revisions"}],"wp:featuredmedia":[{"embeddable":true,"href":"https:\/\/www.vuosiamaailmalla.fi\/blog\/wp-json\/wp\/v2\/media\/10498"}],"wp:attachment":[{"href":"https:\/\/www.vuosiamaailmalla.fi\/blog\/wp-json\/wp\/v2\/media?parent=10497"}],"wp:term":[{"taxonomy":"category","embeddable":true,"href":"https:\/\/www.vuosiamaailmalla.fi\/blog\/wp-json\/wp\/v2\/categories?post=10497"},{"taxonomy":"post_tag","embeddable":true,"href":"https:\/\/www.vuosiamaailmalla.fi\/blog\/wp-json\/wp\/v2\/tags?post=10497"}],"curies":[{"name":"wp","href":"https:\/\/api.w.org\/{rel}","templated":true}]}}