{"id":105,"date":"2012-07-01T08:55:19","date_gmt":"2012-07-01T15:55:19","guid":{"rendered":"http:\/\/127.0.0.1:4001\/wordpress\/?p=105"},"modified":"2021-02-01T20:48:36","modified_gmt":"2021-02-02T04:48:36","slug":"canada-day-rajan-toisella-puolen","status":"publish","type":"post","link":"https:\/\/www.vuosiamaailmalla.fi\/blog\/2012\/canada-day-rajan-toisella-puolen\/","title":{"rendered":"Rajan toisella puolen"},"content":{"rendered":"<p style=\"text-align: justify;\">Hein\u00e4kuun 1. p\u00e4iv\u00e4 vuonna 1867, kolme brittil\u00e4ist\u00e4 terrioriota (Kanadan provinssi eli etel\u00e4inen Ontario sek\u00e4 etel\u00e4inen Quebec, Nova Scotia ja New Brunswick) yhdistyiv\u00e4t kesken\u00e4\u00e4n muodostaen Kanadan liittovaltion. T\u00e4t\u00e4 p\u00e4iv\u00e4m\u00e4\u00e4r\u00e4\u00e4 juhlitaan t\u00e4ten <a title=\"Itsen\u00e4isyysp\u00e4iv\u00e4 Canada Day\" href=\"https:\/\/www.vuosiamaailmalla.fi\/?p=8277\">Kanadan itsen\u00e4isyysp\u00e4iv\u00e4n\u00e4<\/a> jota kutsutaan ytimekk\u00e4\u00e4sti <em>Canada Dayksi<\/em>. Juhlan ansiosta kaikki kanadalaiset saavat nauttia pitk\u00e4st\u00e4 viikonlopusta, sill\u00e4 tuleva maanantai on vapaap\u00e4iv\u00e4 koko maassa. Pitk\u00e4 viikonloppu saikin ainakin vancouverilaiset joukolla liikkeelle ja raja-asemilla Yhdysvaltojen puolelle n\u00e4htiin valtavia jonoja. Siell\u00e4 olimme mekin ja jonotimme per\u00e4ti kaksi tuntia p\u00e4\u00e4sy\u00e4 rajan ylitse.<\/p>\n<p><!--more--><\/p>\n<p style=\"text-align: justify;\">Rajan yli p\u00e4\u00e4sty\u00e4mme jatkoimme <a href=\"https:\/\/www.vuosiamaailmalla.fi\/?p=1199\">matkaamme kohti etel\u00e4\u00e4<\/a> ja Seattlea. Matkalla pys\u00e4hdyimme Everetiss\u00e4 Paine Fieldin lentokent\u00e4ll\u00e4 bongaamassa \u00a0 upouusia 747, 767, 777 sek\u00e4 <em><a title=\"Dreamlinerin kyydiss\u00e4\" href=\"https:\/\/www.vuosiamaailmalla.fi\/?p=3924\">787 Dreamlinereita<\/a><\/em>, joita viereinen <em>Boeingin<\/em>\u00a0 <a title=\"Maailman suurimmalla lentokonetehtaalla\" href=\"https:\/\/www.vuosiamaailmalla.fi\/?p=6895\">maailman suurin lentokonetehdas<\/a> suoltaa. Lentokent\u00e4lt\u00e4 ajettiin Redmondiin, jossa pilisteltiin Microsoftin valtavalla kampusalueella. Yhti\u00f6ll\u00e4 on upea\u00a0 toimistoalue keskell\u00e4 vehreytt\u00e4! Sielt\u00e4 jatkettiin matkaa Bellevueen, jossa\u00a0 k\u00e4vimme Medinan asuinalueella k\u00e4\u00e4ntym\u00e4ss\u00e4 Bill Gatesin kotitalon portilla. Billi\u00e4 ei kuitenkaan n\u00e4kynyt.<\/p>\n<p style=\"text-align: justify;\">Illaksi majoituimme Seattlen Downtownin liepeille, jota l\u00e4hdemme t\u00e4n\u00e4\u00e4n sunnuntaina <a href=\"https:\/\/www.vuosiamaailmalla.fi\/?p=7087\">tutkimaan<\/a>. Ohjelmassa on ainakin kaupungin ikoninen <em>Space Needle<\/em> sek\u00e4 muita turistipaikkoja. Vancouveriin on tarkoitus palata j\u00e4lleen huomenna, toivottavasti ilman valtavia ruuhkia. Seattleen on kuitenkin tarkoitus palata uudelleen l\u00e4hiaikoina, mahdollisesti jo elokuussa.<\/p>\n<p style=\"text-align: justify;\">Ensimm\u00e4isest\u00e4 reissustamme voikin nyt lukea matkakertomuksen <a href=\"https:\/\/www.vuosiamaailmalla.fi\/?p=1199\">t\u00e4\u00e4ll\u00e4<\/a>.<\/p>\n","protected":false},"excerpt":{"rendered":"<p>Hein\u00e4kuun 1. p\u00e4iv\u00e4 vuonna 1867, kolme brittil\u00e4ist\u00e4 terrioriota (Kanadan provinssi eli etel\u00e4inen Ontario sek\u00e4 etel\u00e4inen Quebec, Nova Scotia ja New Brunswick) yhdistyiv\u00e4t kesken\u00e4\u00e4n muodostaen Kanadan liittovaltion. T\u00e4t\u00e4 p\u00e4iv\u00e4m\u00e4\u00e4r\u00e4\u00e4 juhlitaan t\u00e4ten Kanadan itsen\u00e4isyysp\u00e4iv\u00e4n\u00e4 jota kutsutaan ytimekk\u00e4\u00e4sti Canada Dayksi. Juhlan ansiosta kaikki kanadalaiset saavat nauttia pitk\u00e4st\u00e4 viikonlopusta, sill\u00e4 tuleva maanantai on vapaap\u00e4iv\u00e4 koko maassa. Pitk\u00e4 viikonloppu saikin &hellip; <a href=\"https:\/\/www.vuosiamaailmalla.fi\/blog\/2012\/canada-day-rajan-toisella-puolen\/\" class=\"more-link\">Jatka lukemista<span class=\"screen-reader-text\"> &#8221;Rajan toisella puolen&#8221;<\/span><\/a><\/p>\n","protected":false},"author":1,"featured_media":0,"comment_status":"open","ping_status":"open","sticky":false,"template":"","format":"standard","meta":{"_jetpack_memberships_contains_paid_content":false,"footnotes":""},"categories":[17,3,7,12,890],"tags":[34,47,80,139,935,916,180,188,193,11],"class_list":["post-105","post","type-post","status-publish","format-standard","hentry","category-arki-kanadassa","category-arki-ulkomailla","category-matkakertomukset","category-matkalla-kerrottua","category-yhdysvallat","tag-arki","tag-bellevue","tag-canada-day","tag-historiaa-2","tag-kanada","tag-matkakertomus-seattle","tag-microsoft","tag-redmond","tag-seattle","tag-matkakertomukset-yhdysvallat"],"jetpack_featured_media_url":"","jetpack_sharing_enabled":true,"_links":{"self":[{"href":"https:\/\/www.vuosiamaailmalla.fi\/blog\/wp-json\/wp\/v2\/posts\/105","targetHints":{"allow":["GET"]}}],"collection":[{"href":"https:\/\/www.vuosiamaailmalla.fi\/blog\/wp-json\/wp\/v2\/posts"}],"about":[{"href":"https:\/\/www.vuosiamaailmalla.fi\/blog\/wp-json\/wp\/v2\/types\/post"}],"author":[{"embeddable":true,"href":"https:\/\/www.vuosiamaailmalla.fi\/blog\/wp-json\/wp\/v2\/users\/1"}],"replies":[{"embeddable":true,"href":"https:\/\/www.vuosiamaailmalla.fi\/blog\/wp-json\/wp\/v2\/comments?post=105"}],"version-history":[{"count":1,"href":"https:\/\/www.vuosiamaailmalla.fi\/blog\/wp-json\/wp\/v2\/posts\/105\/revisions"}],"predecessor-version":[{"id":11567,"href":"https:\/\/www.vuosiamaailmalla.fi\/blog\/wp-json\/wp\/v2\/posts\/105\/revisions\/11567"}],"wp:attachment":[{"href":"https:\/\/www.vuosiamaailmalla.fi\/blog\/wp-json\/wp\/v2\/media?parent=105"}],"wp:term":[{"taxonomy":"category","embeddable":true,"href":"https:\/\/www.vuosiamaailmalla.fi\/blog\/wp-json\/wp\/v2\/categories?post=105"},{"taxonomy":"post_tag","embeddable":true,"href":"https:\/\/www.vuosiamaailmalla.fi\/blog\/wp-json\/wp\/v2\/tags?post=105"}],"curies":[{"name":"wp","href":"https:\/\/api.w.org\/{rel}","templated":true}]}}