{"id":10508,"date":"2020-02-20T19:29:04","date_gmt":"2020-02-21T03:29:04","guid":{"rendered":"http:\/\/13.53.127.146\/?p=10508"},"modified":"2025-03-17T23:20:50","modified_gmt":"2025-03-18T06:20:50","slug":"kanada-panttivankina","status":"publish","type":"post","link":"https:\/\/www.vuosiamaailmalla.fi\/blog\/2020\/kanada-panttivankina\/","title":{"rendered":"Kanada panttivankina"},"content":{"rendered":"<p style=\"text-align: justify;\">Kanadassa on ihmetelty viime viikot suureen \u00e4\u00e4neen p\u00e4hk\u00e4hullua kiistaa, joka on saanut ison osan maasta pys\u00e4hdyksiin. Oudossa kiistassa ovat vastakkain <a title=\"Vaalit skandaalien varjossa\" href=\"https:\/\/www.vuosiamaailmalla.fi\/?p=10269\">Kanadan heikot p\u00e4\u00e4tt\u00e4j\u00e4t<\/a> sek\u00e4 alkuasukasoikeuksien puolesta vauhkoontuneet sosiaalisen oikeuden puolesta taistelevat, joiden laittomat mielenosoitukset ja saarrot ovat aiheuttaneet suurta haittaa ymp\u00e4ri maata ja joiden aikana jopa p\u00e4\u00e4ministeri on joutunut melkein kidnapatuksi.<\/p>\n<p><!--more--><\/p>\n<p style=\"text-align: justify;\">Kiistan keski\u00f6ss\u00e4 on pohjoisen British Columbian syrj\u00e4seudulla asustava pikkuruinen 257 hengen <em>Wet&#8217;suwet&#8217;en<\/em> alkuper\u00e4isheimo, jonka alueiden l\u00e4pi kanadalainen <em>TC Energy<\/em> on rakentamassa 670 kilometri\u00e4 pitk\u00e4\u00e4 maakaasuputkea Dawson Creekist\u00e4 l\u00e4nsirannikon <a title=\"Pohjoisen buumikaupunki Kitimat\" href=\"https:\/\/www.vuosiamaailmalla.fi\/?p=10770\">Kitimatiin<\/a> rakennettavalle suurelle kaasuterminaalille. Noin 6,6 miljardin dollarin suurhanke on ollut vireill\u00e4 vuodesta 2012 saakka ja sen rakentaminen alkoi viime vuonna. Putki on eri kuin Albertan ja British Columbian <a title=\"\u00d6ljy ajoi British Columbian ja Albertan kauppasotaan\" href=\"https:\/\/www.vuosiamaailmalla.fi\/?p=9498\">kauppasotaan ajanut \u00f6ljyputki<\/a>.<\/p>\n<p style=\"text-align: center;\"><a href=\"\/blog\/wp-content\/uploads\/2020\/kiistelty_maakaasuputki.jpg\"><img decoding=\"async\" src=\"\/blog\/wp-content\/uploads\/2020\/kiistelty_maakaasuputki.jpg\" \/><\/a><\/p>\n<p style=\"text-align: center;\"><em>Miljardiprojektin reitti<\/em><\/p>\n<p style=\"text-align: justify;\">Kaasuputken on m\u00e4\u00e4r\u00e4 kulkea useiden intiaaniheimojen maiden poikki, johon my\u00f6s <a title=\"Kes\u00e4lomamatkalla koronan keskell\u00e4\" href=\"https:\/\/www.vuosiamaailmalla.fi\/?p=10767\">Wet&#8217;suwet&#8217;en heimon<\/a> <strong>vaaleilla valitut<\/strong> edustajat antoivat hyv\u00e4ksynt\u00e4ns\u00e4 sopuisaa, todenn\u00e4k\u00f6isesti miljoonien dollareiden korvausta vastaan. Sopimus ei kuitenkaan kelvannut heimon viidelle niin kutsutulle &#8221;perinteiselle&#8221; (eng. <em>hereditary<\/em>) p\u00e4\u00e4llik\u00f6lle, jotka katsovat olevansa pikkuruisen heimon todellisia johtajia aataminajoista periytyv\u00e4n perimysj\u00e4rjestyksen perusteella.<\/p>\n<p style=\"text-align: center;\"><a href=\"\/blog\/wp-content\/uploads\/2020\/vaitetty_heimopaallikko.jpg\"><img decoding=\"async\" src=\"\/blog\/wp-content\/uploads\/2020\/vaitetty_heimopaallikko.jpg\" \/><\/a><\/p>\n<p style=\"text-align: center;\"><em>V\u00e4itetty todellinen p\u00e4\u00e4llikk\u00f6<\/em><\/p>\n<p style=\"text-align: justify;\">Jo vuosia oikeussaleissa v\u00e4\u00e4nnetty kiista eskaloitui tammikuussa, kun Kanadan liittovaltion poliisi RCMP saapui toteuttamaan korkeimman oikeuden j\u00e4rjestyksess\u00e4\u00e4n jo toista p\u00e4\u00e4t\u00f6st\u00e4 poistaa syrj\u00e4ist\u00e4 mets\u00e4tiet\u00e4 tukkineet muutama perinteisten heimojohtajien seuraajaa kaasuyhti\u00f6n ty\u00f6ntekij\u00f6iden tielt\u00e4. Uutiskuvat t\u00e4st\u00e4 r\u00e4j\u00e4yttiv\u00e4t jokaisen ammattiaktivistin pankin ja valtamediassa ulvottiin Kanadan riist\u00e4v\u00e4n alkuper\u00e4isheimon perinteiset maat vasten n\u00e4iden tahtoa. Wet&#8217;suwet&#8217;en ei ole nimitt\u00e4in koskaan allekirjoittanut virallista sopimusta Kanadan liittovaltioon liittymisen puolesta, joten aktivistih\u00f6rh\u00f6jen mukaan edes Kanadan korkeimman oikeuden tekem\u00e4 p\u00e4\u00e4t\u00f6s kaasuputken laillisuudesta ei p\u00e4de intiaanien maalla.<\/p>\n<p style=\"text-align: justify;\">Median liekitt\u00e4m\u00e4t tapahtumat sek\u00e4 sosiaalisessa mediassa heiluneet rasismikortit saivat kaikki kynnelle kykenev\u00e4t ammattimielenosoittajat tarttumaan tussiin ja raapustamaan solidaarisuutta sek\u00e4 Kanadan ahneutta huutaviin kyltteihin.<\/p>\n<p style=\"text-align: center;\"><a href=\"\/blog\/wp-content\/uploads\/2020\/aktivistit_liikenteen_tukkeena1.jpg\"><img decoding=\"async\" src=\"\/blog\/wp-content\/uploads\/2020\/aktivistit_liikenteen_tukkeena1.jpg\" \/><\/a><\/p>\n<p style=\"text-align: center;\"><em>Ammattimielenosoittajilla on riitt\u00e4nyt kiirett\u00e4<\/em><\/p>\n<p style=\"text-align: justify;\">Mielenosoitukset levisiv\u00e4t nopeasti ymp\u00e4ri maata ja alkuun niit\u00e4 j\u00e4rjestettiin laillisesti eri kaupungeissa. Mielenosoittajien nurinkurinen logiikka ei saanut kuitenkaan mink\u00e4\u00e4nlaista vastakaikua suurelta yleis\u00f6lt\u00e4, joten aktivistiryhm\u00e4t vaihtoivat taktiikkansa mielenosoituksista laittomiin saartoihin, jotka ovat nyt saaneet koko Kanadan polvilleen ja maan <a title=\"Kriisi Kanadan rajoilla\" href=\"https:\/\/www.vuosiamaailmalla.fi\/?p=9215\">heikon poliittisen johdon<\/a> alahuulet v\u00e4p\u00e4tt\u00e4m\u00e4\u00e4n.<\/p>\n<p style=\"text-align: justify;\">Esimerkiksi t\u00e4\u00e4ll\u00e4 Vancouverissa vaivaiset muutamien kymmenien (korkeintaan reilun sadan hengen) mielenosoitukset ovat viime viikkoina aiheuttaneet huomattavaa vaivaa kymmenille tuhansille ihmisille, tukkimalla keskeisi\u00e4 risteyksi\u00e4 sek\u00e4 rautateit\u00e4. Risteyksi\u00e4 on tukittu pahimpaan ruuhka-aikaan ja jopa keskussairaalan vierell\u00e4, sek\u00e4 satamien ja lauttaterminaalien edustoilla. Ymp\u00e4ri Kanadaa aktivistit ovat my\u00f6s tukkineet rautateit\u00e4 niin ett\u00e4 tavara- ja matkustajajunat eiv\u00e4t ole pystyneet kulkemaan. Saartojen taloudellinen vaikutus lasketaan jo kymmeniss\u00e4 ellei sadoissa miljoonissa dollareissa.<\/p>\n<p style=\"text-align: center;\"><a href=\"\/blog\/wp-content\/uploads\/2020\/aktivistit_liikenteen_tukkeena2.jpg\"><img decoding=\"async\" src=\"\/blog\/wp-content\/uploads\/2020\/thumbs\/thumbs_aktivistit_liikenteen_tukkeena2.jpg\" \/><\/a><a href=\"\/blog\/wp-content\/uploads\/2020\/aktivistit_liikenteen_tukkeena4.jpg\"><img decoding=\"async\" src=\"\/blog\/wp-content\/uploads\/2020\/thumbs\/thumbs_aktivistit_liikenteen_tukkeena4.jpg\" \/><\/a><a href=\"\/blog\/wp-content\/uploads\/2020\/aktivistit_liikenteen_tukkeena3.jpg\"><img decoding=\"async\" src=\"\/blog\/wp-content\/uploads\/2020\/thumbs\/thumbs_aktivistit_liikenteen_tukkeena3.jpg\" \/><\/a><\/p>\n<p style=\"text-align: center;\"><em>Laittomia liikennesaartoja ymp\u00e4ri maata<\/em><\/p>\n<p style=\"text-align: justify;\">K\u00e4sitt\u00e4m\u00e4tt\u00f6mint\u00e4 tavallisille ihmisille on ollut ymm\u00e4rt\u00e4\u00e4 miksei poliisi tee laittomuuksien edess\u00e4 mit\u00e4\u00e4n, sill\u00e4 pienet mielenosoittajaryhm\u00e4t ovat saaneet saartaa keskeisi\u00e4 liikenneyhteyksi\u00e4 tuntien ajan ilman mink\u00e4\u00e4nlaista vaaraa pid\u00e4tetyksi tulemisesta. Viel\u00e4 k\u00e4sitt\u00e4m\u00e4tt\u00f6m\u00e4mp\u00e4\u00e4 t\u00e4m\u00e4 on siksi, ett\u00e4 raideyhti\u00f6t sek\u00e4 lauttayhti\u00f6t ovat hakeneet ja my\u00f6s saaneet oikeuden p\u00e4\u00e4t\u00f6ksi\u00e4 mahdollisten saartojen purkamiseksi. Poliisilla ei ole kuitenkaan riitt\u00e4nyt uskallusta puuttua asiaan dramaattisia uutiskuvia hamuavien televisiokameroiden edess\u00e4, mik\u00e4 on lamaannuttanut my\u00f6s Kanadan p\u00e4\u00e4tt\u00e4j\u00e4t.<\/p>\n<p style=\"text-align: justify;\">Miljoonien kanadalaisten syytt\u00e4v\u00e4 sormi osoittaakin heikkoja p\u00e4\u00e4tt\u00e4ji\u00e4 kohtaan, jotka eiv\u00e4t halua osoittaa mink\u00e4\u00e4nlaista selk\u00e4rankaa edes siit\u00e4 huolimatta ett\u00e4 asioilla on laillinen p\u00e4\u00e4t\u00f6s aina korkeinta oikeutta my\u00f6den. Pahinta empimist\u00e4 on osoittanut Kanadan heikko ja kaikkiin suuntiin kumartava <a title=\"Justin Trudeaun valtakauden p\u00e4\u00e4t\u00f6s\" href=\"https:\/\/www.vuosiamaailmalla.fi\/blog\/2025\/justin-trudeaun-valtakauden-paatos\/\">p\u00e4\u00e4ministeri Justin Trudea<\/a>, jonka ulostulot laittomuuksien keskell\u00e4 ovat olleet todella haparia. <a title=\"Kanadan Fidel Castro\" href=\"https:\/\/www.vuosiamaailmalla.fi\/blog\/2024\/kanadan-fidel-castro\/\">Trudeaun<\/a> mukaan asiassa on paljon neuvoteltavaa, mik\u00e4 ei k\u00e4y tavallisen kanadalaisen j\u00e4rkeen lain ollessa selke\u00e4. Kaiken huipuksi suurin osa Wet&#8217;suwet&#8217;en heimon j\u00e4senist\u00e4 itse asiassa kannattaa rahakasta projektia, joten Kanada on joutunut k\u00e4yt\u00e4nn\u00f6ss\u00e4 viiden perim\u00e4\u00e4n perustuvaan heimop\u00e4\u00e4llikkyyteen vetoavan henkil\u00f6n sek\u00e4 ammattimielenosoittajien panttivangiksi.<\/p>\n<p style=\"text-align: center;\"><a href=\"\/blog\/wp-content\/uploads\/2020\/heikko_johtaja.jpg\"><img decoding=\"async\" src=\"\/blog\/wp-content\/uploads\/2020\/heikko_johtaja.jpg\" \/><\/a><\/p>\n<p style=\"text-align: center;\"><em>Maasta on kadonnut johtajuus<\/em><\/p>\n<p style=\"text-align: justify;\">Analogia ei ole my\u00f6sk\u00e4\u00e4n tuulesta temmattu, sill\u00e4 selkkauksessa on jo n\u00e4hty melkein panttivankitilanne. Pieni alle kymmenen hengen aktivistiryhm\u00e4 nimitt\u00e4in yritti tunkeutua British Columpian p\u00e4\u00e4ministeri John Horganin kotiin suorittamaan p\u00e4\u00e4ministerin &#8221;siviilipid\u00e4tyst\u00e4&#8221; heimon maiden rikollisesta anastamisesta. T\u00e4m\u00e4 on tietenkin p\u00e4iv\u00e4nselv\u00e4\u00e4 h\u00f6lynp\u00f6ly\u00e4 ja p\u00e4\u00e4ministerin vapaan kulkemisen est\u00e4minen olisi tarkoittanut lakiteknisesti katsottuna t\u00e4m\u00e4n panttivangiksi ottamista. T\u00e4h\u00e4n tapaukseen poliisi kuitenkin puuttui, joskaan mit\u00e4\u00e4n syytteit\u00e4 tapauksesta tullaan tuskin nostamaan.<\/p>\n<p style=\"text-align: justify;\">Paine tilanteen laukaisemiseksi kasvaakin p\u00e4iv\u00e4 p\u00e4iv\u00e4lt\u00e4, sill\u00e4 raideyhti\u00f6t ovat jo alkaneet lomauttaa sek\u00e4 irtisanoa satoja ihmisi\u00e4 saartojen vuoksi. Raideyhteydet ovat Kanadan taloudelle elint\u00e4rkeit\u00e4 ja saarto vaikuttaa esimerkiksi t\u00e4m\u00e4n syksyn my\u00f6h\u00e4\u00e4n kypsyneeseen viljasatoon, jota kulkisi t\u00e4h\u00e4n aikaan vuodesta maan rautateill\u00e4 4500 junavaunua vuorokaudessa. Satamissa puolestaan kymmenet laivat odottavat lastiensa purkua sek\u00e4 lastausta toimettomina ja lasku kasvaa.<\/p>\n<p style=\"text-align: justify;\">Onkin kiintoisaa n\u00e4hd\u00e4 lankeavatko maan heikot p\u00e4\u00e4tt\u00e4j\u00e4t polvilleen laittomien saartojen ja pienen v\u00e4hemmist\u00f6n edess\u00e4, vai p\u00e4\u00e4dyt\u00e4\u00e4nk\u00f6 tapauksessa soveltamaan lakia ja j\u00e4rjestyst\u00e4. P\u00e4\u00e4t\u00f6ksen pit\u00e4isi olla p\u00e4iv\u00e4nselv\u00e4, mutta ammattimaisen uhriutumisen keskell\u00e4 lakienkaan pit\u00e4vyydest\u00e4 ei voi olla varma edistyksellisess\u00e4 Kanadassa.<\/p>\n","protected":false},"excerpt":{"rendered":"<p>Kanadassa on ihmetelty viime viikot suureen \u00e4\u00e4neen p\u00e4hk\u00e4hullua kiistaa, joka on saanut ison osan maasta pys\u00e4hdyksiin. Oudossa kiistassa ovat vastakkain Kanadan heikot p\u00e4\u00e4tt\u00e4j\u00e4t sek\u00e4 alkuasukasoikeuksien puolesta vauhkoontuneet sosiaalisen oikeuden puolesta taistelevat, joiden laittomat mielenosoitukset ja saarrot ovat aiheuttaneet suurta haittaa ymp\u00e4ri maata ja joiden aikana jopa p\u00e4\u00e4ministeri on joutunut melkein kidnapatuksi.<\/p>\n","protected":false},"author":1,"featured_media":10510,"comment_status":"open","ping_status":"open","sticky":false,"template":"","format":"standard","meta":{"_jetpack_memberships_contains_paid_content":false,"footnotes":""},"categories":[17,3],"tags":[25,1230,935,155,1474],"class_list":["post-10508","post","type-post","status-publish","format-standard","has-post-thumbnail","hentry","category-arki-kanadassa","category-arki-ulkomailla","tag-ajankohtaista","tag-justin-trudeau","tag-kanada","tag-kanadalainen-juttu","tag-wetsuweten"],"jetpack_featured_media_url":"https:\/\/www.vuosiamaailmalla.fi\/blog\/wp-content\/uploads\/aktivistit_liikenteen_tukkeena_banner.jpg","jetpack_sharing_enabled":true,"_links":{"self":[{"href":"https:\/\/www.vuosiamaailmalla.fi\/blog\/wp-json\/wp\/v2\/posts\/10508","targetHints":{"allow":["GET"]}}],"collection":[{"href":"https:\/\/www.vuosiamaailmalla.fi\/blog\/wp-json\/wp\/v2\/posts"}],"about":[{"href":"https:\/\/www.vuosiamaailmalla.fi\/blog\/wp-json\/wp\/v2\/types\/post"}],"author":[{"embeddable":true,"href":"https:\/\/www.vuosiamaailmalla.fi\/blog\/wp-json\/wp\/v2\/users\/1"}],"replies":[{"embeddable":true,"href":"https:\/\/www.vuosiamaailmalla.fi\/blog\/wp-json\/wp\/v2\/comments?post=10508"}],"version-history":[{"count":4,"href":"https:\/\/www.vuosiamaailmalla.fi\/blog\/wp-json\/wp\/v2\/posts\/10508\/revisions"}],"predecessor-version":[{"id":13932,"href":"https:\/\/www.vuosiamaailmalla.fi\/blog\/wp-json\/wp\/v2\/posts\/10508\/revisions\/13932"}],"wp:featuredmedia":[{"embeddable":true,"href":"https:\/\/www.vuosiamaailmalla.fi\/blog\/wp-json\/wp\/v2\/media\/10510"}],"wp:attachment":[{"href":"https:\/\/www.vuosiamaailmalla.fi\/blog\/wp-json\/wp\/v2\/media?parent=10508"}],"wp:term":[{"taxonomy":"category","embeddable":true,"href":"https:\/\/www.vuosiamaailmalla.fi\/blog\/wp-json\/wp\/v2\/categories?post=10508"},{"taxonomy":"post_tag","embeddable":true,"href":"https:\/\/www.vuosiamaailmalla.fi\/blog\/wp-json\/wp\/v2\/tags?post=10508"}],"curies":[{"name":"wp","href":"https:\/\/api.w.org\/{rel}","templated":true}]}}