{"id":10572,"date":"2020-03-07T13:12:53","date_gmt":"2020-03-07T21:12:53","guid":{"rendered":"http:\/\/13.53.127.146\/?p=10572"},"modified":"2021-03-06T12:29:41","modified_gmt":"2021-03-06T20:29:41","slug":"huolta-koronaviruksen-kanssa","status":"publish","type":"post","link":"https:\/\/www.vuosiamaailmalla.fi\/blog\/2020\/huolta-koronaviruksen-kanssa\/","title":{"rendered":"Huoli koronaviruksesta"},"content":{"rendered":"<p style=\"text-align: justify;\">Maailmalla viimeisen kuukauden ajan runsaasti huolta aiheuttanut koronavirus on valitettavasti l\u00f6yt\u00e4nyt tiens\u00e4 my\u00f6s t\u00e4nne Kanadaan ja t\u00e4t\u00e4 kirjoittaessa maassa on todettu yhteens\u00e4 51 tartuntaa, joista 27 t\u00e4\u00e4ll\u00e4 British Columbiassa. Tartuntojen sangen v\u00e4h\u00e4inen m\u00e4\u00e4r\u00e4 on hieman yll\u00e4tt\u00e4v\u00e4\u00e4, sill\u00e4 Vancouverin alueella asuu satojatuhansia kiinalaista alkuper\u00e4\u00e4 olevaa ja kaupungista on suoria <a title=\"Uusi halpalentoyhti\u00f6 Kanadan taivaalle\" href=\"https:\/\/www.vuosiamaailmalla.fi\/?p=7697\">lentoyhteyksi\u00e4<\/a> kymmeniin Kiinan suurkaupunkeihin. Kiinalaiset lentoyhti\u00f6t my\u00f6s lent\u00e4v\u00e4t edelleen p\u00e4ivitt\u00e4in n\u00e4it\u00e4 yhteyksi\u00e4, <em>Air Canadan<\/em> ollessa toistaiseksi ainoa lennot maahan lopettanut yhti\u00f6.<\/p>\n<p><!--more--><\/p>\n<p style=\"text-align: center;\"><a href=\"\/blog\/wp-content\/uploads\/2020\/lentomarkustajia.jpg\"><img decoding=\"async\" src=\"\/blog\/wp-content\/uploads\/2020\/lentomarkustajia.jpg\" \/><\/a><\/p>\n<p style=\"text-align: center;\"><em>Lentomatkustus arveluttaa monia<\/em><\/p>\n<p style=\"text-align: justify;\">Olikin yll\u00e4tt\u00e4v\u00e4\u00e4, ettei tapauksia todettu helmikuun aikana muutamaa enemp\u00e4\u00e4, varsinkin kun British Columbiassa luemma testataan ep\u00e4iltyj\u00e4 tapauksia todella aktiivisesti. Viruksen livahtaminen maahan on silti helppoa, sill\u00e4 <a title=\"T\u00e4ydellinen lasketteluloma Coloradossa\" href=\"https:\/\/www.vuosiamaailmalla.fi\/?p=10577\">Coloradon laskettelumatkalta<\/a> palatessamme n\u00e4imme omin silmin miten ainoa turvatoimi <a title=\"Vancouverin lentokentt\u00e4 uusille miljoonaluvuille\" href=\"https:\/\/www.vuosiamaailmalla.fi\/?p=7907\">lentokent\u00e4ll\u00e4<\/a> oli muutama infokyltti maahantulohallissa pyyt\u00e4en vapaaehtoisesti kertomaan viranomaisille kuumeesta. Mink\u00e4\u00e4nlaista ihmisten l\u00e4mp\u00f6tilan mittausta tai kontrollia lentokent\u00e4lle ei ole j\u00e4rjestetty t\u00e4h\u00e4n p\u00e4iv\u00e4\u00e4nk\u00e4\u00e4n menness\u00e4.<\/p>\n<p style=\"text-align: center;\"><a href=\"\/blog\/wp-content\/uploads\/2020\/koronavirus.jpg\"><img decoding=\"async\" src=\"\/blog\/wp-content\/uploads\/2020\/koronavirus.jpg\" \/><\/a><\/p>\n<p style=\"text-align: center;\"><em><a title=\"Vauhtia rokotuksiin\" href=\"http:\/\/www.vuosiamaailmalla.fi\/blog\/2021\/vauhtia-rokotuksiin\/\">Rokotteeton koronavirus<\/a> aiheuttaa huolta<\/em><\/p>\n<p style=\"text-align: justify;\">Tartuntojen v\u00e4h\u00e4isest\u00e4 m\u00e4\u00e4r\u00e4st\u00e4 huolimatta erityisesti paikallinen kiinalaisyhteis\u00f6 on reagoinut epidemian uhkaan voimakkaasti ja monet aasialaiset ravintolat ovat n\u00e4hneet asiakkaiden katoavan somessa liikkuneiden huhujen vuoksi. Erityisen hiljaiseksi on muuttunut aivan t\u00e4ss\u00e4 vierell\u00e4mme sijaitseva <em>Crystal Mallin<\/em> suuri aasialainen ostoskeskus, joka on nyt aavekaupunki normaalin verrattuna. Asiakaskato oli niin nopeaa, ett\u00e4 Burnabyn kaupunginjohto teki ostoskeskukseen vierailun osoittaakseen luottamustaan sen turvallisuuteen, joskin laihoin tuloksin. Lehtikirjoituksisssa asiakaskadosta on (tietenkin) syytetty rasismia aasialaisia kohtaan, mik\u00e4 on sangen ihmeellinen v\u00e4ite, kun aasialaisliikkeist\u00e4 kadonneet asiakkaat ovat itsekin aasialaisia.<\/p>\n<p style=\"text-align: justify;\">Jotkut ihmiset ovat my\u00f6s \u00e4ityneet paniikkiostamaan tavaroita ja paikallisissa kaupoissa n\u00e4htiinkin helmikuun aikana useita ostosrynt\u00e4yksi\u00e4. Muun maailman tapaan suojamaskit ja k\u00e4sidesi ovat olleet lopussa jo pitk\u00e4\u00e4n, mutta paniikki on ylt\u00e4nyt my\u00f6s omituisiin tuoteryhmiin kuten vessapaperiin ja pulloveteen, joiden k\u00e4sitt\u00e4m\u00e4t\u00f6nt\u00e4 hamstrausta on n\u00e4hty.<\/p>\n<p style=\"text-align: center;\"><a href=\"\/blog\/wp-content\/uploads\/2020\/ostosryntays.jpg\"><img decoding=\"async\" src=\"\/blog\/wp-content\/uploads\/2020\/ostosryntays.jpg\" \/><\/a><\/p>\n<p style=\"text-align: center;\"><em>Ostosrynt\u00e4yksi\u00e4 on n\u00e4hty ymp\u00e4ri maailmaa<\/em><\/p>\n<p style=\"text-align: justify;\">Olemme itse varautuneet l\u00e4hinn\u00e4 mahdolliseen tarpeeseen erist\u00e4yty\u00e4 oman sairastumisen j\u00e4lkeen, ostamalla himpun verran normaalia enemm\u00e4n pitk\u00e4\u00e4n s\u00e4ilyvi\u00e4 tuotteita kuten kahvia, mehua, muroja ja makaroonia. N\u00e4iden ansiosta meid\u00e4n ei tarvitsisi sairastuessa p\u00e4\u00e4st\u00e4 kauppaan pariin viikkoon. Tarvetta paniikkiin ei mielest\u00e4mme ole, sill\u00e4 kaupoissa on riitt\u00e4nyt ruokaa, joskin hyllyriveiss\u00e4 on voinut havaita pieni\u00e4 koloja joidenkin tuotteiden kysynn\u00e4n noustua voimakkaasti.<\/p>\n<p style=\"text-align: justify;\">Nyt maaliskuussa tapausten m\u00e4\u00e4r\u00e4 on kuitenkin k\u00e4\u00e4ntynyt muun maailman mukana nousuun, johon on vaikuttanut erityisesti Iranin katastrofaaliseksi kuvattua tartuntatilannetta pakenevat kaksoiskansalaiset, jotka ovat lent\u00e4neet Kanadaan <a title=\"Sairaalarumba katkenneen ranteen vuoksi\" href=\"https:\/\/www.vuosiamaailmalla.fi\/?p=5121\">saadakseen hoitoa<\/a>. Mahdollisista tapauksista on my\u00f6s huhuttu muutamissa kouluissa, mutta n\u00e4it\u00e4 ei ole kyetty vahvistamaan. Jopa meid\u00e4n <a title=\"Selfie-p\u00e4\u00e4ministeri vierailulla\" href=\"https:\/\/www.vuosiamaailmalla.fi\/?p=8933\">toimistollamme<\/a> oli viime viikolla ep\u00e4ilty tapaus, joka piti kaikkia j\u00e4nnityksen vallassa aina negatiiviseen testitulokseen saakka. T\u00e4st\u00e4 huolimatta siivouksen m\u00e4\u00e4r\u00e4\u00e4 toimistollamme on lis\u00e4tty ja ty\u00f6ntekij\u00f6ille on annettu vapaat valtuudet ty\u00f6skennell\u00e4 kotoa k\u00e4sin niin halutessaan.<\/p>\n<p style=\"text-align: center;\"><a href=\"\/blog\/wp-content\/uploads\/2020\/korona_amerikassa.jpg\"><img decoding=\"async\" src=\"\/blog\/wp-content\/uploads\/2020\/korona_amerikassa.jpg\" \/><\/a><\/p>\n<p style=\"text-align: center;\"><em>Seattlen seutu on epidemian ydinaluetta<\/em><\/p>\n<p style=\"text-align: justify;\">Miten tilanne t\u00e4st\u00e4 sitten kehittyy ja tuoko l\u00e4henev\u00e4 kev\u00e4t helpotusta epidemiaan on kiintoisa kysymys. Mietteli\u00e4\u00e4ksi saa my\u00f6s p\u00e4\u00e4si\u00e4iseksi varattu viikonloppumatka <a title=\"Ensimm\u00e4ist\u00e4 kertaa Seattlessa\" href=\"https:\/\/www.vuosiamaailmalla.fi\/?p=7087\">Seattleen<\/a>, jonka seudulla on vahvistettu jo 70 tartuntaa. Se on puolet koko Yhdysvaltojen tapauksista ja on aiheuttanut useita kuolemia varsinkin esikaupunkialueella sijaitsevan vanhustenkodin tiloissa.<\/p>\n<p style=\"text-align: justify;\">Seuraavan kuukauden kehitys <a title=\"Puolieristyksiss\u00e4 kev\u00e4\u00e4n keskell\u00e4\" href=\"https:\/\/www.vuosiamaailmalla.fi\/?p=10583\">kertonee<\/a> josko reissulle uskaltaa huhtikuussa l\u00e4hte\u00e4 vai josko se pit\u00e4\u00e4 j\u00e4tt\u00e4\u00e4 kokonaan v\u00e4liin. Siihen menness\u00e4 moni asia <a title=\"Lupaavalla koronak\u00e4yr\u00e4ll\u00e4\" href=\"https:\/\/www.vuosiamaailmalla.fi\/?p=10597\">ehtii viel\u00e4 muuttua<\/a>, joten asiaa ei kannattane viel\u00e4 kovin paljon murehtia.<\/p>\n","protected":false},"excerpt":{"rendered":"<p>Maailmalla viimeisen kuukauden ajan runsaasti huolta aiheuttanut koronavirus on valitettavasti l\u00f6yt\u00e4nyt tiens\u00e4 my\u00f6s t\u00e4nne Kanadaan ja t\u00e4t\u00e4 kirjoittaessa maassa on todettu yhteens\u00e4 51 tartuntaa, joista 27 t\u00e4\u00e4ll\u00e4 British Columbiassa. Tartuntojen sangen v\u00e4h\u00e4inen m\u00e4\u00e4r\u00e4 on hieman yll\u00e4tt\u00e4v\u00e4\u00e4, sill\u00e4 Vancouverin alueella asuu satojatuhansia kiinalaista alkuper\u00e4\u00e4 olevaa ja kaupungista on suoria lentoyhteyksi\u00e4 kymmeniin Kiinan suurkaupunkeihin. Kiinalaiset lentoyhti\u00f6t my\u00f6s &hellip; <a href=\"https:\/\/www.vuosiamaailmalla.fi\/blog\/2020\/huolta-koronaviruksen-kanssa\/\" class=\"more-link\">Jatka lukemista<span class=\"screen-reader-text\"> &#8221;Huoli koronaviruksesta&#8221;<\/span><\/a><\/p>\n","protected":false},"author":1,"featured_media":10573,"comment_status":"open","ping_status":"open","sticky":false,"template":"","format":"standard","meta":{"_jetpack_memberships_contains_paid_content":false,"footnotes":""},"categories":[17,3],"tags":[25,34,77,935,1487,939],"class_list":["post-10572","post","type-post","status-publish","format-standard","has-post-thumbnail","hentry","category-arki-kanadassa","category-arki-ulkomailla","tag-ajankohtaista","tag-arki","tag-burnaby","tag-kanada","tag-koronavirus","tag-vancouver"],"jetpack_featured_media_url":"https:\/\/www.vuosiamaailmalla.fi\/blog\/wp-content\/uploads\/koronavirus_banner.jpg","jetpack_sharing_enabled":true,"_links":{"self":[{"href":"https:\/\/www.vuosiamaailmalla.fi\/blog\/wp-json\/wp\/v2\/posts\/10572","targetHints":{"allow":["GET"]}}],"collection":[{"href":"https:\/\/www.vuosiamaailmalla.fi\/blog\/wp-json\/wp\/v2\/posts"}],"about":[{"href":"https:\/\/www.vuosiamaailmalla.fi\/blog\/wp-json\/wp\/v2\/types\/post"}],"author":[{"embeddable":true,"href":"https:\/\/www.vuosiamaailmalla.fi\/blog\/wp-json\/wp\/v2\/users\/1"}],"replies":[{"embeddable":true,"href":"https:\/\/www.vuosiamaailmalla.fi\/blog\/wp-json\/wp\/v2\/comments?post=10572"}],"version-history":[{"count":1,"href":"https:\/\/www.vuosiamaailmalla.fi\/blog\/wp-json\/wp\/v2\/posts\/10572\/revisions"}],"predecessor-version":[{"id":12033,"href":"https:\/\/www.vuosiamaailmalla.fi\/blog\/wp-json\/wp\/v2\/posts\/10572\/revisions\/12033"}],"wp:featuredmedia":[{"embeddable":true,"href":"https:\/\/www.vuosiamaailmalla.fi\/blog\/wp-json\/wp\/v2\/media\/10573"}],"wp:attachment":[{"href":"https:\/\/www.vuosiamaailmalla.fi\/blog\/wp-json\/wp\/v2\/media?parent=10572"}],"wp:term":[{"taxonomy":"category","embeddable":true,"href":"https:\/\/www.vuosiamaailmalla.fi\/blog\/wp-json\/wp\/v2\/categories?post=10572"},{"taxonomy":"post_tag","embeddable":true,"href":"https:\/\/www.vuosiamaailmalla.fi\/blog\/wp-json\/wp\/v2\/tags?post=10572"}],"curies":[{"name":"wp","href":"https:\/\/api.w.org\/{rel}","templated":true}]}}