{"id":10583,"date":"2020-03-22T15:41:27","date_gmt":"2020-03-22T22:41:27","guid":{"rendered":"http:\/\/13.53.127.146\/?p=10583"},"modified":"2024-10-20T13:52:21","modified_gmt":"2024-10-20T20:52:21","slug":"puolieristyksissa-kevaan-keskella","status":"publish","type":"post","link":"https:\/\/www.vuosiamaailmalla.fi\/blog\/2020\/puolieristyksissa-kevaan-keskella\/","title":{"rendered":"Puolieristyksiss\u00e4 kev\u00e4\u00e4n keskell\u00e4"},"content":{"rendered":"<p style=\"text-align: justify;\">Koko maailma on ollut viimeiset kaksi viikkoa poikkeuksellisen tilanteen \u00e4\u00e4rell\u00e4, \u00e4rh\u00e4k\u00e4n <a title=\"Huoli koronaviruksesta\" href=\"https:\/\/www.vuosiamaailmalla.fi\/?p=10572\">koronaviruksen levitess\u00e4<\/a> kaikkialle. Vahvistettujen tapausten m\u00e4\u00e4r\u00e4 on kahdessa viikossa kymmenkertaistunut monin paikoin ja British Columbiassa oli eilisiltaan menness\u00e4 424 vahvistettua tartuntaa. Koko Kanadassa tapauksia tunnetaan jo 1302. Suuret kaupungit Vancouver, <a title=\"Taivaisiin kasvanut Toronto\" href=\"https:\/\/www.vuosiamaailmalla.fi\/?p=3097\">Toronto<\/a> ja Montreal ovat epidemian keskipisteess\u00e4, mutta tartuntoja on todettu kaikista Kanadan provinsseista sek\u00e4 my\u00f6s yhdest\u00e4 pohjoisen kolmesta territoriosta.<\/p>\n<p><!--more--><\/p>\n<p style=\"text-align: justify;\">Kansakuntaa kohahdutti runsas viikko sitten my\u00f6s uutinen Kanadan <a title=\"Vaalit skandaalien varjossa\" href=\"https:\/\/www.vuosiamaailmalla.fi\/?p=10269\">p\u00e4\u00e4ministeri Justin Trudeaun<\/a> vaimon varmistetusta koronatartunnasta. <a title=\"Kanadan Fidel Castro\" href=\"https:\/\/www.vuosiamaailmalla.fi\/blog\/2024\/kanadan-fidel-castro\/\">Trudeau<\/a> itse on ty\u00f6skennellyt eristettyn\u00e4 kotoaan k\u00e4sin ja pit\u00e4nyt televisioituja tietotustilaisuuksia p\u00e4ivitt\u00e4in. L\u00e4hemp\u00e4n\u00e4 kotoa, British Columbian terveysministeri Adrian Dix sek\u00e4 ylin terveysviranomainen Bonnie Henry ovat my\u00f6s pit\u00e4neet p\u00e4ivitt\u00e4isi\u00e4 tiedotustilaisuuksia epidemian etenemisest\u00e4 provinssissa.<\/p>\n<p style=\"text-align: center;\"><a href=\"\/blog\/wp-content\/uploads\/2020\/trudeaun_twiitti.png\"><img decoding=\"async\" src=\"\/blog\/wp-content\/uploads\/2020\/trudeaun_twiitti.png\" \/><\/a><\/p>\n<p style=\"text-align: center;\"><em>P\u00e4\u00e4ministerin vaimokin sairastui<\/em><\/p>\n<p style=\"text-align: justify;\">Vaikka British Columbian ensimm\u00e4iset tapaukset todettiinkin hyvin aikaisessa vaiheessa helmikuun alussa, ei epidemia n\u00e4yt\u00e4 l\u00e4hteneen lentoon viel\u00e4 niiden vuoksi. Tapauksia alkoi kerty\u00e4 runsaasti vasta maaliskuun alussa Iranista ja Egyptist\u00e4 palanneiden kaksoiskansalaisten j\u00e4ljilt\u00e4.<\/p>\n<p style=\"text-align: center;\"><a href=\"\/blog\/wp-content\/uploads\/2020\/tiedotustilaisuus.jpg\"><img decoding=\"async\" src=\"\/blog\/wp-content\/uploads\/2020\/tiedotustilaisuus.jpg\" \/><\/a><\/p>\n<p style=\"text-align: center;\"><em>Terveysministerien p\u00e4ivitt\u00e4inen tiedotustilaisuus<\/em><\/p>\n<p style=\"text-align: justify;\">Vancouverin alueella epidemian keskukseksi on muodostunut <a title=\"Kes\u00e4p\u00e4iv\u00e4 North Vancouverissa\" href=\"https:\/\/www.vuosiamaailmalla.fi\/?p=7861\">North Vancouverissa<\/a> sijaitseva <a title=\"Iltap\u00e4iv\u00e4 Lynn Loopilla\" href=\"https:\/\/www.vuosiamaailmalla.fi\/?p=2940\">Lynn Valleyn<\/a> vanhustentalo, jonka kymmenill\u00e4 asukkailla sek\u00e4 hoitajilla on vahvistettu tartunta viime viikkojen aikana. Provinssin yhteens\u00e4 kymmenest\u00e4 kuolemasta per\u00e4ti yhdeks\u00e4n on kyseisen vanhustentalon asukkaita. Valitettavasti tartuntoja on l\u00f6ydetty sittemmin my\u00f6s kahdesta muusta vanhustentalosta.<\/p>\n<p style=\"text-align: center;\"><a href=\"\/blog\/wp-content\/uploads\/2020\/lynn_valleyn_vanhustentalo.jpg\"><img decoding=\"async\" src=\"\/blog\/wp-content\/uploads\/2020\/lynn_valleyn_vanhustentalo.jpg\" \/><\/a><\/p>\n<p style=\"text-align: center;\"><em>Vanhustentalo on Vancouverin koronakeskus<\/em><\/p>\n<p style=\"text-align: justify;\">Merkitt\u00e4v\u00e4 tartuntakeskus n\u00e4ytt\u00e4\u00e4 olleen my\u00f6s kaksi viikkoa sitten Vancouverissa j\u00e4rjestetyt kolmip\u00e4iv\u00e4iset hammasl\u00e4\u00e4k\u00e4rimessut, jonka j\u00e4ljilt\u00e4 on paljastunut kymmeni\u00e4 tartuntoja. Er\u00e4s t\u00e4ss\u00e4 tilaisuudessa tartunnan saanut tapaus tuli my\u00f6s henkil\u00f6kohtaisesti hyvin l\u00e4helle itse\u00e4, mutta oma tartunta j\u00e4i onneksi saamatta. My\u00f6s ty\u00f6paikallani vahvistui ensimm\u00e4inen tartunta vain hieman ennen koko toimistomme sek\u00e4 Pohjois-Amerikan toimintojen ja tuhansien ty\u00f6ntekij\u00f6iden siirtymist\u00e4 t\u00e4ysip\u00e4iv\u00e4iseen et\u00e4ty\u00f6skentelyyn, jonka kanssa on nyt t\u00e4ll\u00e4 viikolla yritetty opetella toimimaan.<\/p>\n<p style=\"text-align: justify;\">Kanada on ottanut epidemiassa puolitotisen kannan ja liike-el\u00e4m\u00e4lle sek\u00e4 ihmisten liikkumiselle on asetettu monia rajoituksia. Vaikka maata ei olekaan asetettu t\u00e4yteen ulkonaliikkumiskieltoon, on kouluja suljettu monissa provinsseissa. T\u00e4\u00e4ll\u00e4 British Columbiassa kaikki koulut ovat t\u00e4ll\u00e4 hetkell\u00e4 kiinni, mutta p\u00e4iv\u00e4hoito on edelleen k\u00e4ynniss\u00e4, sill\u00e4 sen n\u00e4hd\u00e4\u00e4n olevan oleellinen osa vanhempien ja hoitohenkil\u00f6kunnan ty\u00f6ss\u00e4k\u00e4ynnin mahdollistamiseksi.<\/p>\n<p style=\"text-align: center;\"><a href=\"\/blog\/wp-content\/uploads\/2020\/tuulinen_crescent_beach1.jpg\"><img decoding=\"async\" src=\"\/blog\/wp-content\/uploads\/2020\/thumbs\/thumbs_tuulinen_crescent_beach1.jpg\" \/><\/a><a href=\"\/blog\/wp-content\/uploads\/2020\/tuulinen_crescent_beach2.jpg\"><img decoding=\"async\" src=\"\/blog\/wp-content\/uploads\/2020\/thumbs\/thumbs_tuulinen_crescent_beach2.jpg\" \/><\/a><a href=\"\/blog\/wp-content\/uploads\/2020\/kavelylla_richmondissa.jpg\"><img decoding=\"async\" src=\"\/blog\/wp-content\/uploads\/2020\/thumbs\/thumbs_kavelylla_richmondissa.jpg\" \/><\/a><\/p>\n<p style=\"text-align: center;\"><em>Tuulinen viikonloppu<\/em><\/p>\n<p style=\"text-align: justify;\">My\u00f6s ravintolat on m\u00e4\u00e4r\u00e4tty tarjoamaan ainoastaan noutoruokaa ja suurin osa kaupoista on p\u00e4\u00e4tynyt sulkemaan ovensa, ihmisten pysytelless\u00e4 omaehtoisesti poissa kauppakeskuksista. Eritt\u00e4in kauniin kev\u00e4ts\u00e4\u00e4n helliess\u00e4 l\u00e4ntist\u00e4 Kanadaa, monet ovat l\u00e4hteneet ulos ja erin\u00e4isi\u00e4 ulkoilupaikkoja on jouduttu sulkemaan ihmislaumojen vuoksi. Mekin olemme uskaltautuneet et\u00e4ty\u00f6p\u00e4ivien p\u00e4\u00e4tteeksi ulos nauttimaan kauniista ilmasta, mutta pit\u00e4neet j\u00e4rjestelm\u00e4llisesti huomattavaa et\u00e4isyytt\u00e4 muihin ihmisiin. Kelit ovat olleet tosiaan uskomattoman upeat, joskin ajoittain tuuliset kuten viime viikonloppuna aurinkoisella <a title=\"P\u00e4\u00e4si\u00e4ispy\u00f6r\u00e4ily Crescent Beachilla\" href=\"https:\/\/www.vuosiamaailmalla.fi\/?p=5019\">Crescent Beachill\u00e4<\/a>.<\/p>\n<p style=\"text-align: center;\"><a href=\"\/blog\/wp-content\/uploads\/2020\/kaunis_keli_pitt_lakella4.jpg\"><img decoding=\"async\" src=\"\/blog\/wp-content\/uploads\/2020\/thumbs\/thumbs_kaunis_keli_pitt_lakella4.jpg\" \/><\/a><a href=\"\/blog\/wp-content\/uploads\/2020\/kaunis_keli_pitt_lakella3.jpg\"><img decoding=\"async\" src=\"\/blog\/wp-content\/uploads\/2020\/thumbs\/thumbs_kaunis_keli_pitt_lakella3.jpg\" \/><\/a><a href=\"\/blog\/wp-content\/uploads\/2020\/kaunis_keli_pitt_lakella6.jpg\"><img decoding=\"async\" src=\"\/blog\/wp-content\/uploads\/2020\/thumbs\/thumbs_kaunis_keli_pitt_lakella6.jpg\" \/><\/a><br \/>\n<a href=\"\/blog\/wp-content\/uploads\/2020\/kaunis_keli_pitt_lakella5.jpg\"><img decoding=\"async\" src=\"\/blog\/wp-content\/uploads\/2020\/thumbs\/thumbs_kaunis_keli_pitt_lakella5.jpg\" \/><\/a><a href=\"\/blog\/wp-content\/uploads\/2020\/kaunis_keli_pitt_lakella2.jpg\"><img decoding=\"async\" src=\"\/blog\/wp-content\/uploads\/2020\/thumbs\/thumbs_kaunis_keli_pitt_lakella2.jpg\" \/><\/a><a href=\"\/blog\/wp-content\/uploads\/2020\/kaunis_keli_pitt_lakella1.jpg\"><img decoding=\"async\" src=\"\/blog\/wp-content\/uploads\/2020\/thumbs\/thumbs_kaunis_keli_pitt_lakella1.jpg\" \/><\/a><\/p>\n<p style=\"text-align: center;\"><em>Upea keli on saanut ihmiset ulos<\/em><\/p>\n<p style=\"text-align: justify;\">Laskettelukausi on pistetty t\u00e4lt\u00e4 kaudelta nippuun, sill\u00e4 suurin osa keskuksista sulkeutui viime viikonloppuna. Whistler kommentoi viel\u00e4 edelt\u00e4v\u00e4n\u00e4 p\u00e4iv\u00e4n\u00e4 olevansa auki poikkeusj\u00e4rjestelyin, mutta p\u00e4\u00e4tyi sulkeutumaan heti seuraavana p\u00e4iv\u00e4n\u00e4. Moni muukin hiihtokeskus ehti jo julistaa olevansa auki, sulkeakseen kautensa vain p\u00e4iv\u00e4n pari my\u00f6hemmin.<\/p>\n<p style=\"text-align: justify;\">N\u00e4in ollen kauden viimeiseksi laskettelup\u00e4iv\u00e4ksi j\u00e4\u00e4kin toissaviikon <a title=\"Y\u00f6ky\u00f6pelin\u00e4 Cypress Mountainilla\" href=\"https:\/\/www.vuosiamaailmalla.fi\/?p=7591\">iltalaskettelu Cypress Mountainilla<\/a>, jossa saimme todistaa aivan uskomattoman upeaa auringonlaskua, joita on viime viikkoina riitt\u00e4nyt. Meilt\u00e4 j\u00e4\u00e4 t\u00e4ten kolme Whistlerin p\u00e4iv\u00e4\u00e4 k\u00e4ytt\u00e4m\u00e4tt\u00e4 ja t\u00e4ss\u00e4 vaiheessa emme viel\u00e4 tied\u00e4 hyvitet\u00e4\u00e4nk\u00f6 nuo p\u00e4iv\u00e4t ensi kaudelle. Onneksi ehdimme sent\u00e4\u00e4n tehd\u00e4 helmikuussa <a title=\"Laskettelumatka Coloradoon\" href=\"https:\/\/www.vuosiamaailmalla.fi\/?p=10503\">Coloradon laskettelumatkamme<\/a> ennen tilanteen r\u00e4j\u00e4ht\u00e4mist\u00e4 k\u00e4sist\u00e4.<\/p>\n<p style=\"text-align: center;\"><a href=\"\/blog\/wp-content\/uploads\/2020\/cypressin_laskettelu_panoraama.jpg\"><img decoding=\"async\" src=\"\/blog\/wp-content\/uploads\/2020\/cypressin_laskettelu_panoraama_pieni.jpg\" \/><\/a><\/p>\n<p style=\"text-align: center;\"><em>Kauden viimeinen lasketteluilta<\/em><\/p>\n<p style=\"text-align: center;\"><a href=\"\/blog\/wp-content\/uploads\/2020\/auringonlasku_cypressilla3.jpg\"><img decoding=\"async\" src=\"\/blog\/wp-content\/uploads\/2020\/thumbs\/thumbs_auringonlasku_cypressilla3.jpg\" \/><\/a><a href=\"\/blog\/wp-content\/uploads\/2020\/auringonlasku_cypressilla1.jpg\"><img decoding=\"async\" src=\"\/blog\/wp-content\/uploads\/2020\/thumbs\/thumbs_auringonlasku_cypressilla1.jpg\" \/><\/a><a href=\"\/blog\/wp-content\/uploads\/2020\/auringonlasku_cypressilla2.jpg\"><img decoding=\"async\" src=\"\/blog\/wp-content\/uploads\/2020\/thumbs\/thumbs_auringonlasku_cypressilla2.jpg\" \/><\/a><\/p>\n<p style=\"text-align: center;\"><em>Upea laskettelukauden p\u00e4\u00e4t\u00f6s<\/em><\/p>\n<p style=\"text-align: justify;\">V\u00e4liin j\u00e4\u00e4 my\u00f6s p\u00e4\u00e4si\u00e4iseksi suunniteltu matka <a title=\"Hiihtolomalla Seattlessa\" href=\"https:\/\/www.vuosiamaailmalla.fi\/?p=10012\">Seattleen<\/a>, joka on ollut yksi Yhdysvaltojen tartuntapes\u00e4kkeist\u00e4. Matkaan ei olisi tullut l\u00e4hdetty\u00e4 nykyisess\u00e4 tilanteessa muutenkaan, mutta Kanada ja Yhdysvallat my\u00f6s sulkivat maiden v\u00e4lisen rajan t\u00e4ll\u00e4 viikolla. Tilanne on niin vakava, ett\u00e4 jopa rajan yli jo toista vuotta lampsineet <a title=\"Kriisi Kanadan rajoilla\" href=\"https:\/\/www.vuosiamaailmalla.fi\/?p=9215\">laittomat maahantunkeutujat<\/a> tullaan poikkeuksellisesti palauttamaan v\u00e4litt\u00f6m\u00e4sti Yhdysvaltojen puolelle. Vaadittiinkin maailmanlaajuinen pandemia t\u00e4m\u00e4n ihmeen n\u00e4kemiseksi.<\/p>\n<p style=\"text-align: justify;\">Ruokakaupoissa tilanne on hiljalleen normalisoitunut ja viikon takaiset hullut p\u00e4iv\u00e4t n\u00e4ytt\u00e4v\u00e4t tulleen p\u00e4\u00e4t\u00f6kseen. Tuolloin paniikkiostaminen nousi huippuunsa, kun provinssissa todettiin yhden p\u00e4iv\u00e4n aikana l\u00e4hes 90\u00a0 uutta tartuntaa. Vessapaperi, pasta, leip\u00e4 ja maito loppuivat kaupoista kesken, mutta hyllyj\u00e4 on sittemmin t\u00e4ydennetty kiihtyv\u00e4\u00e4n tahtiin. Jopa vessapaperi on palannut hyllyille.<\/p>\n<p style=\"text-align: center;\"><a href=\"\/blog\/wp-content\/uploads\/2020\/ruokavarasto.jpg\"><img decoding=\"async\" src=\"\/blog\/wp-content\/uploads\/2020\/ruokavarasto.jpg\" \/><\/a><\/p>\n<p style=\"text-align: center;\"><em>Pieni varmuusvarasto kotona<\/em><\/p>\n<p style=\"text-align: justify;\">Asiaa on auttanut my\u00f6s kauppojen viimeinkin asettamat ostorajoitukset, sill\u00e4 muutamat koijarit ehtiv\u00e4t ostamaan t\u00e4rkeit\u00e4 tuotteita lavatolkulla vain j\u00e4lleenmyyd\u00e4kseen niit\u00e4 moninkertaisella hinnalla netiss\u00e4. Siell\u00e4 <em>Facebook<\/em> ja <em>Craigslist<\/em> ovat bannanneet suojamaskien ja k\u00e4sidesin myynti-ilmoituksia, mutta vasta liian my\u00f6h\u00e4\u00e4n. Netiss\u00e4 onkin levinnyt tarinoita kymmeni\u00e4tuhansia dollareita ihmisten h\u00e4d\u00e4ll\u00e4 tehneist\u00e4 hordaajista, jotka ovat saaneet osakseen runsaasti vihaa.<\/p>\n<p style=\"text-align: justify;\">Ostorajoitusten lis\u00e4ksi kaupoissa on alettu tehd\u00e4 my\u00f6s toimia epidemian levi\u00e4misen est\u00e4miseksi. Moniin kauppoihin joutuu nyt jonottamaan ulkona tietyll\u00e4 et\u00e4isyydell\u00e4 muista ja sis\u00e4lle p\u00e4\u00e4stett\u00e4vien m\u00e4\u00e4r\u00e4\u00e4 kontrolloidaan. <a title=\"Muovirahaa\" href=\"https:\/\/www.vuosiamaailmalla.fi\/?p=558\">K\u00e4teisen k\u00e4ytt\u00f6<\/a> on my\u00f6s kielletty\u00e4 monin paikoin ja lis\u00e4ksi kassoille on asennettu pleksilaseja henkil\u00f6kunnan suojelemiseksi. Kaikesta t\u00e4st\u00e4 on apua levi\u00e4misen hidastamiseksi ja ihmisten pit\u00e4miseksi t\u00f6iss\u00e4.<\/p>\n<p style=\"text-align: center;\"><a href=\"\/blog\/wp-content\/uploads\/2020\/jonotusta_kauppaan1.jpg\"><img decoding=\"async\" src=\"\/blog\/wp-content\/uploads\/2020\/thumbs\/thumbs_jonotusta_kauppaan1.jpg\" \/><\/a><a href=\"\/blog\/wp-content\/uploads\/2020\/jonotusta_kauppaan2.jpg\"><img decoding=\"async\" src=\"\/blog\/wp-content\/uploads\/2020\/thumbs\/thumbs_jonotusta_kauppaan2.jpg\" \/><\/a><\/p>\n<p style=\"text-align: center;\"><em>Jonotusta kaupan ulkopuolella<\/em><\/p>\n<p style=\"text-align: justify;\">Epidemian taloudelliset vaikutukset tulevat kuitenkin olemaan massiiviset ja ty\u00f6tt\u00f6myys on hyp\u00e4nnyt kauppojen ja ravintoloiden suljettua ovensa voimakkaasti. Kanadan ty\u00f6ministeri\u00f6n mukaan <a title=\"Ty\u00f6tt\u00f6myysturva Kanadassa\" href=\"https:\/\/www.vuosiamaailmalla.fi\/?p=8192\">ty\u00f6tt\u00f6myyshakemuksia<\/a> on tullut viimeisen viikon aikana yli <strong>puoli miljoonaa<\/strong>, joka jo itsess\u00e4\u00e4n ty\u00f6nt\u00e4\u00e4 <a title=\"Kanadan ty\u00f6llisyystilanne (2019)\" href=\"https:\/\/www.vuosiamaailmalla.fi\/?p=10212\">Kanadan ty\u00f6tt\u00f6mysprosentin<\/a> yli 8% lukeman. Ja t\u00e4m\u00e4 siis vasta viikossa, joten ty\u00f6tt\u00f6myystilanteen voi olettaa muuttuvan eritt\u00e4in pahaksi poikkeustilanteen pitkittyess\u00e4.<\/p>\n<p style=\"text-align: justify;\">Jotain apua talous saa kuitenkin enn\u00e4tyshalvasta polttoaineesta, jonka hinta on suorastaan romahtanut. Vancouverinkin alueella on n\u00e4hty alle dollarin litrahintoja (0,65\u20ac\/litra) ja muualla Kanadassa $0,69 ei ole ollut tavaton n\u00e4ky (0,45\u20ac\/litra). Amerikan puolella bensasta on tullut melkein ilmaista ja esimerkiksi <a title=\"Oklahoman preerialla\" href=\"https:\/\/www.vuosiamaailmalla.fi\/?p=7963\">Oklahomassa<\/a>\u00a0 polttoaine maksaa halvimmillaan noin 0,22\u20ac\/litra. Siin\u00e4 t\u00e4ytt\u00e4\u00e4 normaalin 60 litran tankin vaivaisella 13 eurolla. Ero <a title=\"Ry\u00f6st\u00f6hinnoittelu bensapumpulla\" href=\"https:\/\/www.vuosiamaailmalla.fi\/?p=10066\">vuoden takaisiin hintoihin<\/a> onkin aivan k\u00e4sitt\u00e4m\u00e4t\u00f6n.<\/p>\n<p style=\"text-align: justify;\">El\u00e4mme siis todella poikkeuksellista aikaa, jonka seurauksia on mahdotonta ennustaa. Tilanne muuttunee t\u00e4\u00e4ll\u00e4 Kanadassa viel\u00e4 jonkin aikaa pahemmaksi, sill\u00e4 eristystoimien purevuus on viel\u00e4 n\u00e4kem\u00e4tt\u00e4 ja voikin olla ett\u00e4 edess\u00e4 on viel\u00e4 t\u00e4ysi koko maan karanteeni Euroopan malliin.<\/p>\n<p style=\"text-align: justify;\">Itse olen henkisesti valmistautunut siihen, ett\u00e4 nelj\u00e4n sein\u00e4n sis\u00e4ll\u00e4 tulee oltua viel\u00e4 viikkoja ja et\u00e4t\u00f6it\u00e4 tullaan tekem\u00e4\u00e4n mahdollisesti jopa kuukausia ennen kuin tilanne lopulta <a title=\"Lupaavalla koronak\u00e4yr\u00e4ll\u00e4\" href=\"https:\/\/www.vuosiamaailmalla.fi\/?p=10597\">alkaa helpottamaan<\/a>.<\/p>\n","protected":false},"excerpt":{"rendered":"<p>Koko maailma on ollut viimeiset kaksi viikkoa poikkeuksellisen tilanteen \u00e4\u00e4rell\u00e4, \u00e4rh\u00e4k\u00e4n koronaviruksen levitess\u00e4 kaikkialle. Vahvistettujen tapausten m\u00e4\u00e4r\u00e4 on kahdessa viikossa kymmenkertaistunut monin paikoin ja British Columbiassa oli eilisiltaan menness\u00e4 424 vahvistettua tartuntaa. Koko Kanadassa tapauksia tunnetaan jo 1302. Suuret kaupungit Vancouver, Toronto ja Montreal ovat epidemian keskipisteess\u00e4, mutta tartuntoja on todettu kaikista Kanadan provinsseista sek\u00e4 &hellip; <a href=\"https:\/\/www.vuosiamaailmalla.fi\/blog\/2020\/puolieristyksissa-kevaan-keskella\/\" class=\"more-link\">Jatka lukemista<span class=\"screen-reader-text\"> &#8221;Puolieristyksiss\u00e4 kev\u00e4\u00e4n keskell\u00e4&#8221;<\/span><\/a><\/p>\n","protected":false},"author":1,"featured_media":10586,"comment_status":"open","ping_status":"open","sticky":false,"template":"","format":"standard","meta":{"_jetpack_memberships_contains_paid_content":false,"footnotes":""},"categories":[17,3],"tags":[25,847,933,935,1487,559,557,224,939,567],"class_list":["post-10583","post","type-post","status-publish","format-standard","has-post-thumbnail","hentry","category-arki-kanadassa","category-arki-ulkomailla","tag-ajankohtaista","tag-crescent-beach","tag-cypress-mountain","tag-kanada","tag-koronavirus","tag-pitt-lake","tag-pitt-meadows","tag-raja","tag-vancouver","tag-white-rock"],"jetpack_featured_media_url":"https:\/\/www.vuosiamaailmalla.fi\/blog\/wp-content\/uploads\/kaunis_keli_pitt_lakella_banner.jpg","jetpack_sharing_enabled":true,"_links":{"self":[{"href":"https:\/\/www.vuosiamaailmalla.fi\/blog\/wp-json\/wp\/v2\/posts\/10583","targetHints":{"allow":["GET"]}}],"collection":[{"href":"https:\/\/www.vuosiamaailmalla.fi\/blog\/wp-json\/wp\/v2\/posts"}],"about":[{"href":"https:\/\/www.vuosiamaailmalla.fi\/blog\/wp-json\/wp\/v2\/types\/post"}],"author":[{"embeddable":true,"href":"https:\/\/www.vuosiamaailmalla.fi\/blog\/wp-json\/wp\/v2\/users\/1"}],"replies":[{"embeddable":true,"href":"https:\/\/www.vuosiamaailmalla.fi\/blog\/wp-json\/wp\/v2\/comments?post=10583"}],"version-history":[{"count":1,"href":"https:\/\/www.vuosiamaailmalla.fi\/blog\/wp-json\/wp\/v2\/posts\/10583\/revisions"}],"predecessor-version":[{"id":13802,"href":"https:\/\/www.vuosiamaailmalla.fi\/blog\/wp-json\/wp\/v2\/posts\/10583\/revisions\/13802"}],"wp:featuredmedia":[{"embeddable":true,"href":"https:\/\/www.vuosiamaailmalla.fi\/blog\/wp-json\/wp\/v2\/media\/10586"}],"wp:attachment":[{"href":"https:\/\/www.vuosiamaailmalla.fi\/blog\/wp-json\/wp\/v2\/media?parent=10583"}],"wp:term":[{"taxonomy":"category","embeddable":true,"href":"https:\/\/www.vuosiamaailmalla.fi\/blog\/wp-json\/wp\/v2\/categories?post=10583"},{"taxonomy":"post_tag","embeddable":true,"href":"https:\/\/www.vuosiamaailmalla.fi\/blog\/wp-json\/wp\/v2\/tags?post=10583"}],"curies":[{"name":"wp","href":"https:\/\/api.w.org\/{rel}","templated":true}]}}