{"id":10597,"date":"2020-04-05T15:57:53","date_gmt":"2020-04-05T22:57:53","guid":{"rendered":"http:\/\/13.53.127.146\/?p=10597"},"modified":"2025-03-17T23:18:47","modified_gmt":"2025-03-18T06:18:47","slug":"lupaavalla-koronakayralla","status":"publish","type":"post","link":"https:\/\/www.vuosiamaailmalla.fi\/blog\/2020\/lupaavalla-koronakayralla\/","title":{"rendered":"Lupaavalla koronak\u00e4yr\u00e4ll\u00e4"},"content":{"rendered":"<p style=\"text-align: justify;\">N\u00e4in kahden viikon j\u00e4lkeen lienee j\u00e4lleen paikallaan p\u00e4ivitt\u00e4\u00e4 milt\u00e4 koronatilanne n\u00e4ytt\u00e4\u00e4 t\u00e4\u00e4ll\u00e4 Kanadan l\u00e4nsirannikolla. Maailmalla viime viikot ovat olleet r\u00e4j\u00e4hdysm\u00e4isen kasvun aikaa ja varsinkin etel\u00e4naapurissamme alettiin l\u00f6yt\u00e4\u00e4 satojatuhansia tapauksia testauksen p\u00e4\u00e4stess\u00e4 kunnolla k\u00e4yntiin. Siell\u00e4 yksi tautitapausten keskus n\u00e4ytt\u00e4\u00e4 olevan Colorado, jossa koronaa lienee ollut runsaasti jo helmikuussa <a title=\"T\u00e4ydellinen lasketteluloma Coloradossa\" href=\"https:\/\/www.vuosiamaailmalla.fi\/?p=10577\">siell\u00e4 lasketellessamme<\/a>. Onneksi tauti ei kuitenkaan tarttunut meihin, mutta vain muutamia viikkoja my\u00f6hemmin tilanne olisi voinut olla toinen&#8230;<\/p>\n<p><!--more--><\/p>\n<p style=\"text-align: justify;\">Valitettavasti my\u00f6s Kanadassa epidemia on k\u00e4\u00e4ntynyt jyrkk\u00e4\u00e4n nousuun ja kahdessa viikossa koko maan tapaukset ovat per\u00e4ti kymmenkertaistuneet 14 426 todettuun tartuntaan ja yhteens\u00e4 258 kuolemaan (1,8% todetuista tartunnoista). Erityisi\u00e4 tartuntakeskuksia ovat maan kaksi suurinta provinssia Ontario ja Quebec, joista j\u00e4lkimm\u00e4inen edustaa puolta koko Kanadan tapauksista. Syyt\u00e4 t\u00e4h\u00e4n ei tiedet\u00e4, mutta asiaan on voinut vaikuttaa Quebeciss\u00e4 muuta Kanadaan aiemmin vietetty talviloma, jonka aikana monet matkustivat muun muassa Ranskaan sek\u00e4 viereiseen <a title=\"Kes\u00e4lomalla New Yorkissa\" href=\"https:\/\/www.vuosiamaailmalla.fi\/?p=9567\">New Yorkin<\/a> osavaltioon, jonka ei viel\u00e4 tuolloin tiedetty olevan vakava tautipes\u00e4ke. Samainen osavaltio on my\u00f6s vuotanut tasaisesti <a title=\"Kriisi Kanadan rajoilla\" href=\"https:\/\/www.vuosiamaailmalla.fi\/?p=9215\">laittomia rajanylitt\u00e4ji\u00e4<\/a> ilman kontrollia juuri Quebeciin, mink\u00e4 yhteytt\u00e4 asiaan ei kukaan osaa sanoa.<\/p>\n<p style=\"text-align: center;\"><a href=\"\/blog\/wp-content\/uploads\/2020\/kanadan_tartunnat1.jpg\"><img decoding=\"async\" src=\"\/blog\/wp-content\/uploads\/2020\/kanadan_tartunnat1.jpg\" \/><\/a><\/p>\n<p style=\"text-align: center;\"><em>Tilanne Kanadassa t\u00e4n\u00e4\u00e4n<\/em><\/p>\n<p style=\"text-align: center;\"><a href=\"\/blog\/wp-content\/uploads\/2020\/ontarion_tehohoitokapasiteetti.jpg\"><img decoding=\"async\" src=\"\/blog\/wp-content\/uploads\/2020\/ontarion_tehohoitokapasiteetti.jpg\" \/><\/a><\/p>\n<p style=\"text-align: center;\"><em>Ontariossa tilanne on vaikea<\/em><\/p>\n<p style=\"text-align: justify;\">Samaan aikaan t\u00e4\u00e4ll\u00e4 l\u00e4nsirannikolla on n\u00e4hty positiivisia merkkej\u00e4 tilanteen vakaantumisesta, mit\u00e4 kukaan ei olisi voinut aavistaa viel\u00e4 kaksi viikkoa sitten. Tuolloin mediassa p\u00e4iviteltiin juuri vancouverilaisia, jotka olivat l\u00e4hteneet <a title=\"Puolieristyksiss\u00e4 kev\u00e4\u00e4n keskell\u00e4\" href=\"https:\/\/www.vuosiamaailmalla.fi\/?p=10583\">upean kev\u00e4tkelin<\/a> motivoimina ulkoilemaan suurissa m\u00e4\u00e4rin. Sittemmin British Columbiassa on koettu pieni takatalvi ja ihmisten on ollut helpompi pysy\u00e4 kotona. N\u00e4ytt\u00e4\u00e4kin, ett\u00e4 kauniista s\u00e4\u00e4jaksosta selvittiin pienin vaurioin, sill\u00e4 provinssin todettujen tapausten m\u00e4\u00e4r\u00e4 on ainoastaan kolminkertaistunut kahdessa viikossa, ollen lauantaina 1203.<\/p>\n<p style=\"text-align: center;\"><a href=\"\/blog\/wp-content\/uploads\/2020\/burnabyn_koronatestaus1.jpg\"><img decoding=\"async\" src=\"\/blog\/wp-content\/uploads\/2020\/thumbs\/thumbs_burnabyn_koronatestaus1.jpg\" \/><\/a><a href=\"\/blog\/wp-content\/uploads\/2020\/burnabyn_koronatestaus3.jpg\"><img decoding=\"async\" src=\"\/blog\/wp-content\/uploads\/2020\/thumbs\/thumbs_burnabyn_koronatestaus3.jpg\" \/><\/a><a href=\"\/blog\/wp-content\/uploads\/2020\/burnabyn_koronatestaus2.jpg\"><img decoding=\"async\" src=\"\/blog\/wp-content\/uploads\/2020\/thumbs\/thumbs_burnabyn_koronatestaus2.jpg\" \/><\/a><\/p>\n<p style=\"text-align: center;\"><em>Drive-in koronatestipaikka Burnabyss\u00e4<\/em><\/p>\n<p style=\"text-align: justify;\">Kaikkein positiivisinta on kuitenkin tapausm\u00e4\u00e4rien \u00e4\u00e4rimm\u00e4isen tasainen kasvu viime viikoina, jolloin uusia tapauksia on havaittu p\u00e4iv\u00e4ss\u00e4 30-60 aktiivisesta testauksesta huolimatta. Viel\u00e4 ilahduttavampana uutisena aktiivisten tapausten m\u00e4\u00e4r\u00e4 ei ole kasvanut juuri lainkaan, vaan pysynyt noin 450 tienoilla, mik\u00e4 tarkoittaa ett\u00e4 reilusti yli puolet todetuista tapauksista on jo parantunut kokonaan. Yksi parantunut on my\u00f6s <a title=\"Justin Trudeaun valtakauden p\u00e4\u00e4t\u00f6s\" href=\"https:\/\/www.vuosiamaailmalla.fi\/blog\/2025\/justin-trudeaun-valtakauden-paatos\/\">p\u00e4\u00e4ministeri Trudeaun<\/a> vaimo Sophie, joka sairastui koronaan taannoisella Lontoon matkallaan. <a title=\"Kanadan Fidel Castro\" href=\"https:\/\/www.vuosiamaailmalla.fi\/blog\/2024\/kanadan-fidel-castro\/\">Justin Trudeau<\/a> itse n\u00e4ytt\u00e4\u00e4 selvinneen tapauksesta sairastumatta ja on pit\u00e4nyt uutistilaisuuksia p\u00e4ivitt\u00e4in.<\/p>\n<p style=\"text-align: center;\"><a href=\"\/blog\/wp-content\/uploads\/2020\/vancouverin_koronatilanne.jpg\"><img decoding=\"async\" src=\"\/blog\/wp-content\/uploads\/2020\/vancouverin_koronatilanne.jpg\" \/><\/a><\/p>\n<p style=\"text-align: center;\"><em>Vancouverin k\u00e4yr\u00e4t ovat lupaavalla uralla<\/em><\/p>\n<p style=\"text-align: justify;\">Vaikka sairaalahoitoa tarvitsevien potilaiden m\u00e4\u00e4r\u00e4 onkin kasvanut hidasta vauhtia, ovat lukemat viel\u00e4 hyvin kaukana tarjolla olevasta maksimikapasiteetista. Positiivisesta kehityksest\u00e4 huolimatta provinssi on kuitenkin valmistautunut tilanteen huononemiseen varustamalla t\u00e4ll\u00e4 viikolla <a title=\"Juhlat Maan kiertoradalla\" href=\"https:\/\/www.vuosiamaailmalla.fi\/?p=10497\">Vancouverin suuren konferenssikeskuksen<\/a> sairaalav\u00e4lineill\u00e4.<\/p>\n<p style=\"text-align: justify;\">Valitettavasti my\u00f6s kuolemien m\u00e4\u00e4r\u00e4 on jatkanut hidasta kipuamistaan, ollen t\u00e4n\u00e4\u00e4n 38. Kuolemat ovat keskittyneet l\u00e4hes yksinomaan muutaman vanhainkodin ymp\u00e4rille, miss\u00e4 tilanne enn\u00e4tti p\u00e4\u00e4st\u00e4 vakavaksi. Asiaan on auttanut tehohoitopaikkojen t\u00e4h\u00e4n astinen hyv\u00e4 riitt\u00e4vyys, jolla jokaisella potilaalla on mahdollisuus taistella tautia vastaan.<\/p>\n<p style=\"text-align: justify;\">Lupaavan tilanteen vuoksi British Columbiassa ei olekaan n\u00e4hty s\u00e4\u00e4nn\u00f6sten merkitt\u00e4v\u00e4\u00e4 tiukentumista ja t\u00e4\u00e4ll\u00e4 elet\u00e4\u00e4n edelleen samanlaisessa puolieristyksiss\u00e4 kuin kaksi viikkoa sitten. Ruokakaupat ovat pysyneet koko ajan auki ja pystyneet pit\u00e4m\u00e4\u00e4n hyllyns\u00e4 p\u00e4\u00e4osin t\u00e4ynn\u00e4, joskin ostorajoituksista on tullut normaalia joidenkin tuoteryhmien kohdalla.<\/p>\n<p style=\"text-align: center;\"><a href=\"\/blog\/wp-content\/uploads\/2020\/sosiaalista_eristysta_kaupassa1.jpg\"><img decoding=\"async\" src=\"\/blog\/wp-content\/uploads\/2020\/thumbs\/thumbs_sosiaalista_eristysta_kaupassa1.jpg\" \/><\/a><a href=\"\/blog\/wp-content\/uploads\/2020\/sosiaalista_eristysta_kaupassa2.jpg\"><img decoding=\"async\" src=\"\/blog\/wp-content\/uploads\/2020\/thumbs\/thumbs_sosiaalista_eristysta_kaupassa2.jpg\" \/><\/a><a href=\"\/blog\/wp-content\/uploads\/2020\/sosiaalista_eristysta_kaupassa5.jpg\"><img decoding=\"async\" src=\"\/blog\/wp-content\/uploads\/2020\/thumbs\/thumbs_sosiaalista_eristysta_kaupassa5.jpg\" \/><\/a><\/p>\n<p style=\"text-align: center;\"><em>Tyhji\u00e4 hyllyj\u00e4 n\u00e4kyy edelleen toisinaan<\/em><\/p>\n<p style=\"text-align: justify;\">Kaupoissa et\u00e4isyyden pit\u00e4minen toisiinsa on otettu tosissaan ja asiasta muistuttavia merkint\u00f6j\u00e4 on kaikkialla. Kassoilla on ollut suojaavat pleksisein\u00e4m\u00e4t k\u00e4yt\u00f6ss\u00e4 jo muutaman viikon ja henkil\u00f6kunta puhdistaa k\u00e4ytt\u00f6pintoja aktiivisesti. Osassa kauppaa jopa kaikki ostosk\u00e4rryt ja -korit desinfioidaan, mink\u00e4 lis\u00e4ksi omat ostoskassit ovat t\u00e4yskiellossa.<\/p>\n<p style=\"text-align: center;\"><a href=\"\/blog\/wp-content\/uploads\/2020\/sosiaalista_eristysta_kaupassa3.jpg\"><img decoding=\"async\" src=\"\/blog\/wp-content\/uploads\/2020\/thumbs\/thumbs_sosiaalista_eristysta_kaupassa3.jpg\" \/><\/a><a href=\"\/blog\/wp-content\/uploads\/2020\/sosiaalista_eristysta_kaupassa4.jpg\"><img decoding=\"async\" src=\"\/blog\/wp-content\/uploads\/2020\/thumbs\/thumbs_sosiaalista_eristysta_kaupassa4.jpg\" \/><\/a><a href=\"\/blog\/wp-content\/uploads\/2020\/sosiaalista_eristysta_kaupassa7.jpg\"><img decoding=\"async\" src=\"\/blog\/wp-content\/uploads\/2020\/thumbs\/thumbs_sosiaalista_eristysta_kaupassa7.jpg\" \/><\/a><\/p>\n<p style=\"text-align: center;\"><em>Kaupassa on runsaasti rajoituksia<\/em><\/p>\n<p style=\"text-align: center;\"><a href=\"\/blog\/wp-content\/uploads\/2020\/sosiaalista_eristysta_kaupassa6.jpg\"><img decoding=\"async\" src=\"\/blog\/wp-content\/uploads\/2020\/sosiaalista_eristysta_kaupassa6.jpg\" \/><\/a><\/p>\n<p style=\"text-align: center;\"><em>Viikottaisen ostosreissun satoa<\/em><\/p>\n<p style=\"text-align: justify;\">Ravintolat ovat kiinni jo kolmatta viikonloppua, mutta ruokal\u00e4hetit kiid\u00e4tt\u00e4v\u00e4t edelleen ruokaa koteihinsa lukkiutuneille ihmisille. Tilanne on silti ravintoloille hankala, eik\u00e4 kenell\u00e4k\u00e4\u00e4n tunnu olevan vastausta siihen, miten palataan hiljalleen normaalitilaan. Meill\u00e4 et\u00e4ty\u00f6skentely\u00e4 on jatkettu j\u00e4lleen edemm\u00e4s ja erikoistilanne saattaa jatkua aina kes\u00e4n korville saakka. Hassua kyll\u00e4, jatkuvaan et\u00e4ty\u00f6skentelyyn on alkanut jo osin tottuakin, joskin paluu toimistolle siint\u00e4\u00e4 kyll\u00e4 kaikkien mieless\u00e4.<\/p>\n<p style=\"text-align: center;\"><a href=\"\/blog\/wp-content\/uploads\/2020\/paaministerin_puhe.jpg\"><img decoding=\"async\" src=\"\/blog\/wp-content\/uploads\/2020\/paaministerin_puhe.jpg\" \/><\/a><\/p>\n<p style=\"text-align: center;\"><em>P\u00e4\u00e4ministeri Horgankin piti puheen<\/em><\/p>\n<p style=\"text-align: justify;\">Epidemian lasku Kanadan taloudelle tulee olemaan kyll\u00e4 rankka, sill\u00e4 <a title=\"Kanadan ty\u00f6llisyystilanne (2019)\" href=\"https:\/\/www.vuosiamaailmalla.fi\/?p=10212\">ty\u00f6tt\u00f6mien m\u00e4\u00e4r\u00e4<\/a> on noussut viime viikkojen aikana ainakin 1,5 miljoonalla, mik\u00e4 on paljon <a title=\"British Columbia ylitti 5 miljoonaa asukasta\" href=\"https:\/\/www.vuosiamaailmalla.fi\/?p=9987\">36 miljoonan asukkaan<\/a> maassa. Erin\u00e4iset tukitoimet sek\u00e4 helpotukset ovat alkaneet nyt tippua ihmisten tileille, mik\u00e4 tarjoaa hetkellist\u00e4 helpotusta esimerkiksi vuokranmaksuun. Erin\u00e4isi\u00e4 helpotusohjelmia tarjoavat my\u00f6s monet yritykset, kuten mahdollisuus lyk\u00e4t\u00e4 s\u00e4hk\u00f6laskun maksua kuukausilla sek\u00e4 kaukopuheluiden ja datakattojen poisto. On silti p\u00e4iv\u00e4n selv\u00e4\u00e4 ettei talous kest\u00e4 t\u00e4llaista pitk\u00e4\u00e4n, varsinkin kun <a title=\"\u00d6ljy ajoi British Columbian ja Albertan kauppasotaan\" href=\"https:\/\/www.vuosiamaailmalla.fi\/?p=9498\">\u00f6ljyn hinta<\/a> on pysynyt todella alhaalla, mik\u00e4 kurittaa siit\u00e4 saatavia verotuloja. Polttoaine on paraikaa t\u00f6rke\u00e4n halpaa, mutta siit\u00e4k\u00e4\u00e4n ei ole paljon hy\u00f6ty\u00e4, kun oikein minnek\u00e4\u00e4n ei voi menn\u00e4.<\/p>\n<p style=\"text-align: center;\"><a href=\"\/blog\/wp-content\/uploads\/2020\/halpa_bensa.jpg\"><img decoding=\"async\" src=\"\/blog\/wp-content\/uploads\/2020\/halpa_bensa.jpg\" \/><\/a><\/p>\n<p style=\"text-align: center;\"><em>Polttoaine on kohta halvempaa kuin vesi<\/em><\/p>\n<p style=\"text-align: justify;\">Kaikenlainen kuluttaminen on kriisin keskell\u00e4 my\u00f6s vaikeaa. Tilasin esimerkiksi <a title=\"Uudet sisukset p\u00f6yt\u00e4koneeseen\" href=\"https:\/\/www.vuosiamaailmalla.fi\/?p=10313\">uuden tietokoneeni<\/a> pariksi upouuden n\u00e4yt\u00f6n, mutta tilaus ei ole liikahtanut kahdessa viikossa mihink\u00e4\u00e4n. Samaan aikaan tekisi kyll\u00e4 mieli tukea suosikkiravintoloita, mutta pienenkin sairastumisriskin keskell\u00e4 niist\u00e4 ei uskalla tilata noutoruokaa.<\/p>\n<p style=\"text-align: justify;\">Poikkeuksellinen aika n\u00e4kyy my\u00f6s kaupunkien katukuvassa, jossa monet liikkeet ovat vakuutussyist\u00e4 laudoittaneet julkisivunsa ilkivallan sek\u00e4 murtovarkaiden pelossa. Murrot ovatkin lis\u00e4\u00e4ntyneet runsaasti etenkin Downtownin alueella, jossa <a title=\"Pitk\u00e4kyntisten py\u00f6r\u00e4varkaiden uhrina\" href=\"https:\/\/www.vuosiamaailmalla.fi\/blog\/2020\/pitkakyntisten-pyoravarkaiden-uhrina\/\">omaisuusvarkauksilla<\/a> huumeidenk\u00e4ytt\u00f6\u00e4\u00e4n normaalisti rahoittava sakki on alkanut murtautumaan autioihin liiketiloihin varastettavan tavaran per\u00e4ss\u00e4. Suljetut rajat ovat my\u00f6s tyrehdytt\u00e4neet huumereittej\u00e4, jonka vuoksi pahimmilla alueilla odotetaankin hermostuneina v\u00e4kivallan <a title=\"T\u00e4ydellisen ep\u00e4onnistunut huumepolitiikka\" href=\"https:\/\/www.vuosiamaailmalla.fi\/blog\/2024\/taydellisen-epaonnistunut-huumepolitiikka\/\">mahdollista lis\u00e4\u00e4ntymist\u00e4<\/a> vieroitusoireisten <a title=\"Rikollisille luovutettu paratiisi\" href=\"https:\/\/www.vuosiamaailmalla.fi\/blog\/2021\/rikollisille-luovutettu-paratiisi\/\">narkkareiden muuttuessa ep\u00e4toivoisemmaksi<\/a>.<\/p>\n<p style=\"text-align: center;\"><a href=\"\/blog\/wp-content\/uploads\/2020\/laudoitetut_liikkeet1.jpg\"><img decoding=\"async\" src=\"\/blog\/wp-content\/uploads\/2020\/thumbs\/thumbs_laudoitetut_liikkeet1.jpg\" \/><\/a><a href=\"\/blog\/wp-content\/uploads\/2020\/laudoitetut_liikkeet3.jpg\"><img decoding=\"async\" src=\"\/blog\/wp-content\/uploads\/2020\/thumbs\/thumbs_laudoitetut_liikkeet3.jpg\" \/><\/a><a href=\"\/blog\/wp-content\/uploads\/2020\/laudoitetut_liikkeet2.jpg\"><img decoding=\"async\" src=\"\/blog\/wp-content\/uploads\/2020\/thumbs\/thumbs_laudoitetut_liikkeet2.jpg\" \/><\/a><\/p>\n<p style=\"text-align: center;\"><em>Downtownin laudoitettuja liikekiinteist\u00f6j\u00e4<\/em><\/p>\n<p style=\"text-align: justify;\">Hienoksi ilmi\u00f6ksi on puolestaan muodostunut sairaanhoitohenkil\u00f6kunnan juhliminen joka ilta kello seitsem\u00e4lt\u00e4, jolloin ihmiset kokoontuvat tornitalojen parvekkeille taputtamaan ja soittamaan erilaisia soittimia. Kaduilla n\u00e4kyy tuolloin my\u00f6s suuria h\u00e4lytysajoneuvojen saattueita, jotka osoittavat kunnioitusta t\u00e4lle t\u00e4rke\u00e4lle ihmisryhm\u00e4lle, joka riskeeraa oman terveytens\u00e4 muiden hyv\u00e4ksi. Suurin osa nuorista tartunnan saaneista on juuri hoitohenkil\u00f6kuntaa, joten kiitokselle on paikkansa.<\/p>\n<p style=\"text-align: center;\"><iframe loading=\"lazy\" src=\"https:\/\/www.youtube-nocookie.com\/embed\/qJ3RiVeR_0A\" width=\"560\" height=\"315\" frameborder=\"0\" allowfullscreen=\"allowfullscreen\"><\/iframe><\/p>\n<p style=\"text-align: center;\"><em>Kello seitsem\u00e4n kiitollisuutta<\/em><\/p>\n<p style=\"text-align: justify;\">T\u00e4m\u00e4n kaiken keskell\u00e4 monen el\u00e4m\u00e4 rullaakin l\u00e4hinn\u00e4 oman kodin ymp\u00e4rill\u00e4, jossa ty\u00f6nteko ja vapaa-aika taistelevat ep\u00e4selv\u00e4ss\u00e4 tilanteessa kesken\u00e4\u00e4n. P\u00e4iv\u00e4t tuntuvat samanlaisilta, kun normaali vapaus menn\u00e4 ja tehd\u00e4 puuttuvat. Onneksi ulkona on silti mahdollista k\u00e4yd\u00e4 ja k\u00e4ymmekin k\u00e4velyll\u00e4 joka toinen p\u00e4iv\u00e4, mik\u00e4 virkist\u00e4\u00e4 mielt\u00e4. Onneksemme asunnossamme on my\u00f6s riitt\u00e4v\u00e4sti tilaa molempien olla ja ty\u00f6skennell\u00e4, sill\u00e4 voin n\u00e4hd\u00e4 hermojen kiristyv\u00e4n helposti <a title=\"Asukkaana Trump Towerissa\" href=\"https:\/\/www.vuosiamaailmalla.fi\/?p=9783\">pienemm\u00e4ss\u00e4 k\u00e4mp\u00e4ss\u00e4<\/a>.<\/p>\n<p style=\"text-align: center;\"><a href=\"\/blog\/wp-content\/uploads\/2020\/koronarajoituksia_hissiin.jpg\"><img decoding=\"async\" src=\"\/blog\/wp-content\/uploads\/2020\/koronarajoituksia_hissiin.jpg\" \/><\/a><\/p>\n<p style=\"text-align: center;\"><em>Hississ\u00e4kin on nykyisin s\u00e4\u00e4nn\u00f6t<\/em><\/p>\n<p style=\"text-align: justify;\">Seuraavat kaksi viikkoa kertovat varmasti mihin tilanne tulee pitk\u00e4ll\u00e4 jaksolla kehittym\u00e4\u00e4n. Vaikka British Columbian tilanne jatkaisikin taittumistaan tai k\u00e4\u00e4ntyisi jopa laskuun, oltaisiinko rajoituksia silti valmiita hiljalleen l\u00f6ys\u00e4\u00e4m\u00e4ss\u00e4? P\u00e4\u00e4t\u00f6s tulee olemaan eritt\u00e4in hankala, mutta ainakin itselleni on suuri luotto provinssin ylimpiin terveysviranomaisiin, jotka ovat hoitaneet tilannetta ammattitaitoisesti koko sen ajan.<\/p>\n","protected":false},"excerpt":{"rendered":"<p>N\u00e4in kahden viikon j\u00e4lkeen lienee j\u00e4lleen paikallaan p\u00e4ivitt\u00e4\u00e4 milt\u00e4 koronatilanne n\u00e4ytt\u00e4\u00e4 t\u00e4\u00e4ll\u00e4 Kanadan l\u00e4nsirannikolla. Maailmalla viime viikot ovat olleet r\u00e4j\u00e4hdysm\u00e4isen kasvun aikaa ja varsinkin etel\u00e4naapurissamme alettiin l\u00f6yt\u00e4\u00e4 satojatuhansia tapauksia testauksen p\u00e4\u00e4stess\u00e4 kunnolla k\u00e4yntiin. Siell\u00e4 yksi tautitapausten keskus n\u00e4ytt\u00e4\u00e4 olevan Colorado, jossa koronaa lienee ollut runsaasti jo helmikuussa siell\u00e4 lasketellessamme. Onneksi tauti ei kuitenkaan tarttunut meihin, &hellip; <a href=\"https:\/\/www.vuosiamaailmalla.fi\/blog\/2020\/lupaavalla-koronakayralla\/\" class=\"more-link\">Jatka lukemista<span class=\"screen-reader-text\"> &#8221;Lupaavalla koronak\u00e4yr\u00e4ll\u00e4&#8221;<\/span><\/a><\/p>\n","protected":false},"author":1,"featured_media":10604,"comment_status":"open","ping_status":"open","sticky":false,"template":"","format":"standard","meta":{"_jetpack_memberships_contains_paid_content":false,"footnotes":""},"categories":[17,3],"tags":[25,34,77,78,935,1487,939],"class_list":["post-10597","post","type-post","status-publish","format-standard","has-post-thumbnail","hentry","category-arki-kanadassa","category-arki-ulkomailla","tag-ajankohtaista","tag-arki","tag-burnaby","tag-burnaby-metrotown","tag-kanada","tag-koronavirus","tag-vancouver"],"jetpack_featured_media_url":"https:\/\/www.vuosiamaailmalla.fi\/blog\/wp-content\/uploads\/laudoitetut_liikkeet_banner.jpg","jetpack_sharing_enabled":true,"_links":{"self":[{"href":"https:\/\/www.vuosiamaailmalla.fi\/blog\/wp-json\/wp\/v2\/posts\/10597","targetHints":{"allow":["GET"]}}],"collection":[{"href":"https:\/\/www.vuosiamaailmalla.fi\/blog\/wp-json\/wp\/v2\/posts"}],"about":[{"href":"https:\/\/www.vuosiamaailmalla.fi\/blog\/wp-json\/wp\/v2\/types\/post"}],"author":[{"embeddable":true,"href":"https:\/\/www.vuosiamaailmalla.fi\/blog\/wp-json\/wp\/v2\/users\/1"}],"replies":[{"embeddable":true,"href":"https:\/\/www.vuosiamaailmalla.fi\/blog\/wp-json\/wp\/v2\/comments?post=10597"}],"version-history":[{"count":5,"href":"https:\/\/www.vuosiamaailmalla.fi\/blog\/wp-json\/wp\/v2\/posts\/10597\/revisions"}],"predecessor-version":[{"id":13929,"href":"https:\/\/www.vuosiamaailmalla.fi\/blog\/wp-json\/wp\/v2\/posts\/10597\/revisions\/13929"}],"wp:featuredmedia":[{"embeddable":true,"href":"https:\/\/www.vuosiamaailmalla.fi\/blog\/wp-json\/wp\/v2\/media\/10604"}],"wp:attachment":[{"href":"https:\/\/www.vuosiamaailmalla.fi\/blog\/wp-json\/wp\/v2\/media?parent=10597"}],"wp:term":[{"taxonomy":"category","embeddable":true,"href":"https:\/\/www.vuosiamaailmalla.fi\/blog\/wp-json\/wp\/v2\/categories?post=10597"},{"taxonomy":"post_tag","embeddable":true,"href":"https:\/\/www.vuosiamaailmalla.fi\/blog\/wp-json\/wp\/v2\/tags?post=10597"}],"curies":[{"name":"wp","href":"https:\/\/api.w.org\/{rel}","templated":true}]}}