{"id":10622,"date":"2020-04-19T17:49:56","date_gmt":"2020-04-20T00:49:56","guid":{"rendered":"http:\/\/13.53.127.146\/?p=10622"},"modified":"2020-04-19T18:06:08","modified_gmt":"2020-04-20T01:06:08","slug":"uusi-normaali","status":"publish","type":"post","link":"https:\/\/www.vuosiamaailmalla.fi\/blog\/2020\/uusi-normaali\/","title":{"rendered":"Uusi normaali"},"content":{"rendered":"<p style=\"text-align: justify;\">Viikon tuleminen loppuun tarkoittaa, ett\u00e4 takana on jo viisi viikkoa kotoa ty\u00f6skentely\u00e4. Edess\u00e4 on my\u00f6skin n\u00e4ill\u00e4 n\u00e4kymin ainakin viel\u00e4 toinen mokoma, kun Kanadassa aletaan sopeutumaan <a title=\"Huoli koronaviruksesta\" href=\"https:\/\/www.vuosiamaailmalla.fi\/?p=10572\">koronan aiheuttamaan<\/a> uuteen normaaliin. Muun maailman tapaan tauti jyll\u00e4\u00e4 my\u00f6s Kanadassa ja koko maan tapausten m\u00e4\u00e4r\u00e4 on viimeisten kahden viikon aikana kaksi ja puoli kertaistunut 33 922 vahvistettuun tapaukseen ja 1506 kuolemaan.<\/p>\n<p><!--more--><\/p>\n<p style=\"text-align: center;\"><a href=\"\/blog\/wp-content\/uploads\/2020\/kanadan_tartunnat2.jpg\"><img decoding=\"async\" src=\"\/blog\/wp-content\/uploads\/2020\/kanadan_tartunnat2.jpg\" \/><\/a><\/p>\n<p style=\"text-align: center;\"><em>Tilanne Kanadassa t\u00e4n\u00e4\u00e4n<\/em><\/p>\n<p style=\"text-align: justify;\">Molemmista noin puolet on todettu epidemiasta pahiten k\u00e4rsineess\u00e4 Quebecissa ja Ontariossakin ohitettiin loppuviikosta merkitt\u00e4v\u00e4 10 000 tapauksen raja. N\u00e4ihin kahteen verrattuna muu Kanada on p\u00e4rj\u00e4nnyt hyvin ja Albertan 2562 tapausta sek\u00e4 Bristish Columbian 1618 ovat kertaluokkaa pienempi\u00e4. Lukemien kasvu on l\u00e4nness\u00e4 my\u00f6s hidasta ja Vancouverissa tapausten m\u00e4\u00e4r\u00e4 on kasvanut viimeisten kahden viikon aikana ainoastaan 400:lla. P\u00e4iv\u00e4kohtaiset uusien tapausten m\u00e4\u00e4r\u00e4 on ollut jo viikkojen ajan 15-45 tapauksen v\u00e4lill\u00e4 ja aktiivisesti sairastavien m\u00e4\u00e4r\u00e4 on j\u00e4m\u00e4ht\u00e4nyt noin 500 tienoille. Parantuneiden m\u00e4\u00e4r\u00e4 on sekin kohonnut yli 60%, mik\u00e4 kertoo provinssin onnistuneen <a title=\"Lupaavalla koronak\u00e4yr\u00e4ll\u00e4\" href=\"https:\/\/www.vuosiamaailmalla.fi\/?p=10597\">litist\u00e4m\u00e4\u00e4n kasvuk\u00e4yr\u00e4n<\/a>.<\/p>\n<p style=\"text-align: justify;\">Tilanne voi kuitenkin muuttua nopeasti, sill\u00e4 esimerkiksi naapuriprovinssi Albertassa oltiin viel\u00e4 viikko sitten vakaalla k\u00e4yr\u00e4ll\u00e4, kunnes tapauksia alkoi ilmaantumaan \u00e4killisesti satoja lis\u00e4\u00e4. T\u00e4m\u00e4 on harmillista, sill\u00e4 provinssi on ollut valveutunut epidemian suhteen ja on yksi parhaiten siihen valmistautunut. Alberta esimerkiksi hankki suojav\u00e4lineit\u00e4 runsain mitoin heti alkuvuodesta ja onkin viime viikkoina l\u00e4hett\u00e4nyt apua muille provinsseille. Toivottavasti epidemia ei p\u00e4\u00e4sek\u00e4\u00e4n pahentumaan Albertassa, jota kurittaa jo poikkeuksellisen <a title=\"\u00d6ljy ajoi British Columbian ja Albertan kauppasotaan\" href=\"https:\/\/www.vuosiamaailmalla.fi\/?p=9498\">hankala taloustilanne<\/a>.<\/p>\n<p style=\"text-align: center;\"><a href=\"\/blog\/wp-content\/uploads\/2020\/ikajakauma_british_columbiassa.jpg\"><img decoding=\"async\" src=\"\/blog\/wp-content\/uploads\/2020\/ikajakauma_british_columbiassa.jpg\" \/><\/a><\/p>\n<p style=\"text-align: center;\"><em>Nuoretkin sairastuvat mutta kuolleiden keski-ik\u00e4 on 86 vuotta<\/em><\/p>\n<p style=\"text-align: center;\"><a href=\"\/blog\/wp-content\/uploads\/2020\/jakauma_british_columbiassa.jpg\"><img decoding=\"async\" src=\"\/blog\/wp-content\/uploads\/2020\/jakauma_british_columbiassa.jpg\" \/><\/a><\/p>\n<p style=\"text-align: center;\"><em>Naiset ovat sairastuneet herkemmin<\/em><\/p>\n<p style=\"text-align: justify;\">Meill\u00e4 t\u00e4\u00e4ll\u00e4 British Columbiassa on siis syyt\u00e4 optimismiin, mutta n\u00e4ht\u00e4v\u00e4n\u00e4 on viel\u00e4 viikon takaisen p\u00e4\u00e4si\u00e4isviikonlopun vaikutus numeroihin. Upea jopa +18 asteen kev\u00e4tkeli on <a title=\"Puolieristyksiss\u00e4 kev\u00e4\u00e4n keskell\u00e4\" href=\"https:\/\/www.vuosiamaailmalla.fi\/?p=10583\">hellinyt Vancouveria<\/a> jo viikkojen ajan niin ett\u00e4 puissa alkaa olla jo lehdet. S\u00e4\u00e4 onkin saanut monet vancouverilaiset ulkoilemaan, mik\u00e4 lis\u00e4\u00e4 tartuntojen riski\u00e4. Ihmiset noudattavat silti ohjeita tunnollisesti ja kaupungilla pidet\u00e4\u00e4n et\u00e4isyytt\u00e4 toisiin. Kaikkia silti mietitytt\u00e4\u00e4 milloin aloitetaan paluu kohti normaalia?<\/p>\n<p style=\"text-align: center;\"><a href=\"\/blog\/wp-content\/uploads\/2020\/upea_kevatkeli.jpg\"><img decoding=\"async\" src=\"\/blog\/wp-content\/uploads\/2020\/upea_kevatkeli.jpg\" \/><\/a><\/p>\n<p style=\"text-align: center;\"><em>Upea, upea keli<\/em><\/p>\n<p style=\"text-align: justify;\">Vaikka aiempi normaali onkin viel\u00e4 kaukainen haave, on mahdollista ett\u00e4 provinssissa aletaan avaamaan joitain toimintoja toukokuun puoliv\u00e4liss\u00e4. Koronaryhm\u00e4\u00e4 johtava ja runsaasti kunnioitusta ker\u00e4nnyt tohtori Bonnie Henry haluaa provinssin pelaavan varman p\u00e4\u00e4lle ja on korostanut kaiken riippuvan taudin etenemisest\u00e4 sek\u00e4 kurissa pysymisest\u00e4.<\/p>\n<p style=\"text-align: center;\"><a href=\"\/blog\/wp-content\/uploads\/2020\/bonnie_henry.jpg\"><img decoding=\"async\" src=\"\/blog\/wp-content\/uploads\/2020\/thumbs\/thumbs_bonnie_henry.jpg\" \/><\/a><\/p>\n<p style=\"text-align: center;\"><em>Tohtori Henry on ihailtu<\/em><\/p>\n<p style=\"text-align: justify;\">Itse olemme keskittyneet p\u00e4\u00e4asiassa kotona olemiseen, mutta aloimme viikko sitten satunnaisesti tilaamaan noutoruokaa muutamista ravintoloista n\u00e4iden toimintaa tukeaksemme. Ruokal\u00e4hetit ovatkin todella n\u00e4kyv\u00e4 osa tyhjentynytt\u00e4 katukuvaa ja toivottavasti moni ravintola onnistuu selviytym\u00e4\u00e4n vakavasta taloustilanteesta.<\/p>\n<p style=\"text-align: center;\"><a href=\"\/blog\/wp-content\/uploads\/2020\/noutoruokaa.jpg\"><img decoding=\"async\" src=\"\/blog\/wp-content\/uploads\/2020\/noutoruokaa.jpg\" \/><\/a><\/p>\n<p style=\"text-align: center;\"><em>Noutoruokaa uskaltanee nyt tilata<\/em><\/p>\n<p style=\"text-align: justify;\">Kanadan valtio on rient\u00e4nyt muiden maiden tapaan yritysten avuksi ja erilaiset yrityslainaohjelmat ovat saaneet kymmeni\u00e4tuhansia hakemuksia. T\u00e4ss\u00e4 yrityksi\u00e4 on auttanut my\u00f6s Niinan henkil\u00f6kohtainen ty\u00f6panos, sill\u00e4 t\u00e4m\u00e4n ty\u00f6nantajan liiketoimintaa on pienyritysten yrityslainotus,mille on ollut viime aikoina runsaasti kysynt\u00e4\u00e4.<\/p>\n<p style=\"text-align: justify;\">Samaan aikaan kuitenkin <a title=\"Ty\u00f6tt\u00f6myysturva Kanadassa\" href=\"https:\/\/www.vuosiamaailmalla.fi\/?p=8192\">ty\u00f6tt\u00f6mien ja lomautettujen<\/a> m\u00e4\u00e4r\u00e4 on noussut arvioiden mukaan ainakin kaksi miljoonaa, joskin esimerkiksi lentoyhti\u00f6t ovat alkaneet lis\u00e4\u00e4m\u00e4\u00e4n lomautettuja takaisin palkkalistoilleen valtion suostuttua maksamaan seuraavien kuukausien aikana 75% ty\u00f6ntekij\u00f6iden palkasta. Valtion tukea saavat my\u00f6s esimerkiksi ty\u00f6ns\u00e4 menett\u00e4neet, pienituloiset sek\u00e4 kriittisill\u00e4 aloilla ty\u00f6skentelev\u00e4t. Tuki tulee monelle tarpeeseen, sill\u00e4 monet eiv\u00e4t pystyneet maksamaan vuokraansa kuun vaihteessa. Pelkoa h\u00e4\u00e4d\u00f6st\u00e4 ei kuitenkaan ole, sill\u00e4 <a title=\"Provinssi tuli vuokralaisten avuksi\" href=\"https:\/\/www.vuosiamaailmalla.fi\/?p=9391\">provinssit<\/a> ovat t\u00e4ll\u00e4 hetkell\u00e4 j\u00e4\u00e4dytt\u00e4neet vuokranantajien mahdollisuuden h\u00e4\u00e4t\u00f6ihin.<\/p>\n<p style=\"text-align: center;\"><a href=\"\/blog\/wp-content\/uploads\/2020\/helpotuksia_vuokralaisille.jpg\"><img decoding=\"async\" src=\"\/blog\/wp-content\/uploads\/2020\/helpotuksia_vuokralaisille.jpg\" \/><\/a><\/p>\n<p style=\"text-align: center;\"><em>Vuokralaisille on monia helpotuksia<\/em><\/p>\n<p style=\"text-align: justify;\">K\u00e4yt\u00e4nn\u00f6n arjessa el\u00e4m\u00e4 onkin asettautunut uuteen normaaliin, eiv\u00e4tk\u00e4 asiat kuten kaupassa k\u00e4ynti ole viime viikkoina juuri muuttuneet. Kaupoista l\u00f6ytyy nyt p\u00e4\u00e4s\u00e4\u00e4nt\u00f6isesti kaikkia tuotteita ja vaikka ostorajoitukset ovat edelleenkin voimassa, on niit\u00e4 my\u00f6s ajoittain poistettu joidenkin tuoteryhmien osalta. Normaaliksi on tullut kuitenkin asiakasm\u00e4\u00e4rien s\u00e4\u00e4nn\u00f6stely ja kaikkialla jonotetaan kun ihmiskontaktien m\u00e4\u00e4r\u00e4\u00e4 yritet\u00e4\u00e4n s\u00e4\u00e4dell\u00e4. T\u00e4ll\u00e4 onkin suuri merkitys, sill\u00e4 arvioiden mukaan pienikin lis\u00e4ys kontaktien m\u00e4\u00e4r\u00e4ss\u00e4 voisi saada koronatapausten m\u00e4\u00e4r\u00e4n j\u00e4lleen nousuun.<\/p>\n<p style=\"text-align: center;\"><a href=\"\/blog\/wp-content\/uploads\/2020\/rajoituksia_busseissa.jpg\"><img decoding=\"async\" src=\"\/blog\/wp-content\/uploads\/2020\/rajoituksia_busseissa.jpg\" \/><\/a><\/p>\n<p style=\"text-align: center;\"><em>Linja-autoissakin pysyt\u00e4\u00e4n erill\u00e4\u00e4n<\/em><\/p>\n<p style=\"text-align: justify;\">Kaiken t\u00e4m\u00e4n keskell\u00e4 tuntuu t\u00e4ysin poissuljetulta ett\u00e4 t\u00e4n\u00e4 vuonna tulisi lomailtua ainakaan ulkomailla. Hyv\u00e4 jos t\u00e4n\u00e4 jouluna p\u00e4\u00e4see edes Suomeen, sill\u00e4 syksyn ja ensitalven tilannetta ei voi kukaan aavistaa. Lomap\u00e4ivi\u00e4 ei t\u00e4ll\u00e4 er\u00e4\u00e4 tulekaan k\u00e4ytetty\u00e4 kun odotamme parempaa tietoa siit\u00e4 josko lomailu tulee olemaan mahdollista edes Kanadassa tai oman provinssin alueella. Kenell\u00e4k\u00e4\u00e4n ei ole viel\u00e4 vastausta, sill\u00e4 uusi normaali pakottaa katsomaan miten asiat kehittyv\u00e4t tulevien viikkojen ja kuukausien aikana.<\/p>\n","protected":false},"excerpt":{"rendered":"<p>Viikon tuleminen loppuun tarkoittaa, ett\u00e4 takana on jo viisi viikkoa kotoa ty\u00f6skentely\u00e4. Edess\u00e4 on my\u00f6skin n\u00e4ill\u00e4 n\u00e4kymin ainakin viel\u00e4 toinen mokoma, kun Kanadassa aletaan sopeutumaan koronan aiheuttamaan uuteen normaaliin. Muun maailman tapaan tauti jyll\u00e4\u00e4 my\u00f6s Kanadassa ja koko maan tapausten m\u00e4\u00e4r\u00e4 on viimeisten kahden viikon aikana kaksi ja puoli kertaistunut 33 922 vahvistettuun tapaukseen ja &hellip; <a href=\"https:\/\/www.vuosiamaailmalla.fi\/blog\/2020\/uusi-normaali\/\" class=\"more-link\">Jatka lukemista<span class=\"screen-reader-text\"> &#8221;Uusi normaali&#8221;<\/span><\/a><\/p>\n","protected":false},"author":1,"featured_media":10626,"comment_status":"open","ping_status":"open","sticky":false,"template":"","format":"standard","meta":{"_jetpack_memberships_contains_paid_content":false,"footnotes":""},"categories":[17,3],"tags":[25,34,935,1487,939],"class_list":["post-10622","post","type-post","status-publish","format-standard","has-post-thumbnail","hentry","category-arki-kanadassa","category-arki-ulkomailla","tag-ajankohtaista","tag-arki","tag-kanada","tag-koronavirus","tag-vancouver"],"jetpack_featured_media_url":"https:\/\/www.vuosiamaailmalla.fi\/blog\/wp-content\/uploads\/upea_kevatkeli_banner.jpg","jetpack_sharing_enabled":true,"_links":{"self":[{"href":"https:\/\/www.vuosiamaailmalla.fi\/blog\/wp-json\/wp\/v2\/posts\/10622","targetHints":{"allow":["GET"]}}],"collection":[{"href":"https:\/\/www.vuosiamaailmalla.fi\/blog\/wp-json\/wp\/v2\/posts"}],"about":[{"href":"https:\/\/www.vuosiamaailmalla.fi\/blog\/wp-json\/wp\/v2\/types\/post"}],"author":[{"embeddable":true,"href":"https:\/\/www.vuosiamaailmalla.fi\/blog\/wp-json\/wp\/v2\/users\/1"}],"replies":[{"embeddable":true,"href":"https:\/\/www.vuosiamaailmalla.fi\/blog\/wp-json\/wp\/v2\/comments?post=10622"}],"version-history":[{"count":0,"href":"https:\/\/www.vuosiamaailmalla.fi\/blog\/wp-json\/wp\/v2\/posts\/10622\/revisions"}],"wp:featuredmedia":[{"embeddable":true,"href":"https:\/\/www.vuosiamaailmalla.fi\/blog\/wp-json\/wp\/v2\/media\/10626"}],"wp:attachment":[{"href":"https:\/\/www.vuosiamaailmalla.fi\/blog\/wp-json\/wp\/v2\/media?parent=10622"}],"wp:term":[{"taxonomy":"category","embeddable":true,"href":"https:\/\/www.vuosiamaailmalla.fi\/blog\/wp-json\/wp\/v2\/categories?post=10622"},{"taxonomy":"post_tag","embeddable":true,"href":"https:\/\/www.vuosiamaailmalla.fi\/blog\/wp-json\/wp\/v2\/tags?post=10622"}],"curies":[{"name":"wp","href":"https:\/\/api.w.org\/{rel}","templated":true}]}}