{"id":10638,"date":"2020-05-03T12:09:38","date_gmt":"2020-05-03T19:09:38","guid":{"rendered":"http:\/\/13.53.127.146\/?p=10638"},"modified":"2024-04-19T18:06:37","modified_gmt":"2024-04-20T01:06:37","slug":"kaksi-kuukautta-koronaa","status":"publish","type":"post","link":"https:\/\/www.vuosiamaailmalla.fi\/blog\/2020\/kaksi-kuukautta-koronaa\/","title":{"rendered":"Kaksi kuukautta koronaa"},"content":{"rendered":"<p style=\"text-align: justify;\">Kev\u00e4t on vaihtunut j\u00e4lleen kes\u00e4n puolelle ja kalentereissa on k\u00e4\u00e4nnetty esille toukokuu. Vaikka Kanadassa ei vietet\u00e4k\u00e4\u00e4n vappua ennen kuin <a title=\"Sekavat pyh\u00e4p\u00e4iv\u00e4t\" href=\"https:\/\/www.vuosiamaailmalla.fi\/?p=10195\">vasta syyskuussa<\/a>, on t\u00e4\u00e4ll\u00e4 saatu nauttia kauniista ja l\u00e4mpimist\u00e4 keleist\u00e4. Ensi viikon lopulla saatetaan jopa kokea kes\u00e4n ensimm\u00e4inen <a title=\"Kaikkien aikojen enn\u00e4tyshelle\" href=\"https:\/\/www.vuosiamaailmalla.fi\/blog\/2021\/kaikkien-aikojen-ennatyshelle\/\">hellep\u00e4iv\u00e4<\/a>, mik\u00e4 olisi mit\u00e4 oivallisinta!<\/p>\n<p><!--more--><\/p>\n<p style=\"text-align: justify;\">British Columbian koronatilanne jatkaa pitk\u00e4lti aiemmin kerrotulla linjalla, eik\u00e4 tilanne ole muuttunut viime viikkoina oleellisesti parempaan tai huonompaan suuntaan. Uusia tartuntatapauksia todetaan edelleen p\u00e4ivitt\u00e4in noin 20-35, joista suurin osa tunnettujen tartuntaketjujen yhteydess\u00e4. Vanhainkotien lis\u00e4ksi esimerkiksi Missionissa sijaitsevassa vankilassa on todettu yhteens\u00e4 133 tartuntaa ja Albertan rajan l\u00e4heisyydess\u00e4 sijaitsevalla ty\u00f6leirill\u00e4 15.<\/p>\n<p style=\"text-align: center;\"><a href=\"\/blog\/wp-content\/uploads\/2020\/kanadan_tartunnat3.jpg\"><img decoding=\"async\" src=\"\/blog\/wp-content\/uploads\/2020\/kanadan_tartunnat3.jpg\" \/><\/a><\/p>\n<p style=\"text-align: center;\"><em>Tilanne Kanadassa t\u00e4n\u00e4\u00e4n<\/em><\/p>\n<p style=\"text-align: justify;\">Viikko sitten huolta aiheutti my\u00f6s tartuntojen l\u00f6ytyminen vancouverilaiselta kananjalostuslaitokselta, jonka j\u00e4ljilt\u00e4 tapauksia on todettu muutamalla muullakin laitoksella. Koska kyseess\u00e4 on ruoanvalmistus, on tapaus ollut omiaan <a title=\"Huoli koronaviruksesta\" href=\"https:\/\/www.vuosiamaailmalla.fi\/?p=10572\">aiheuttamaan huolta<\/a> ihmisten keskuudessa ja ensimm\u00e4isten tartuntojen paljastuttua samaisista laitoksista on l\u00f6ytynyt kymmeni\u00e4 muita sairastuneita. Albertassa samanlainen jalostuslaitos on koko provinssin suurin\u00a0 yksitt\u00e4inen tartuntakeskus, jossa yli 920 ty\u00f6ntekij\u00e4\u00e4 on saanut koronan!<\/p>\n<p style=\"text-align: center;\"><a href=\"\/blog\/wp-content\/uploads\/2020\/ruoanjalostuskeskus.jpg\"><img decoding=\"async\" src=\"\/blog\/wp-content\/uploads\/2020\/ruoanjalostuskeskus.jpg\" \/><\/a><\/p>\n<p style=\"text-align: center;\"><em>Albertan suurin tartuntakeskus<\/em><\/p>\n<p style=\"text-align: justify;\">Uusimpien tutkimusten mukaan korona saapui matkaajien mukana Kanadaan erityisesti Yhdysvalloista ja Ranskasta, sek\u00e4 pienemm\u00e4ss\u00e4 mittakaavassa <a title=\"Valtava Pietarinkirkko sek\u00e4 antiikin Rooman n\u00e4ht\u00e4vyyksi\u00e4\" href=\"https:\/\/www.vuosiamaailmalla.fi\/?p=2843\">Italiasta<\/a> ja Iranista. Tutkimuksessa yhdistettiin todettujen tapausten matkustushistoriaa ja vain muutamissa tapauksissa pystyttiin toteamaan yhteys Kiinaan.<\/p>\n<p style=\"text-align: justify;\">T\u00e4m\u00e4 on sangen yll\u00e4tt\u00e4v\u00e4\u00e4 Kanadassa asuvien ja vierailevien kiinalaisten suuren m\u00e4\u00e4r\u00e4n vuoksi, mutta t\u00e4t\u00e4 tukee my\u00f6s se ettei edes t\u00e4\u00e4ll\u00e4 British Columbiassa todettu montakaan tartuntaa viruksen riehuessa viel\u00e4 Kiinassa. Kanada ei edes ollut ensimm\u00e4isi\u00e4 Kiinan matkailua rajoittaneita, mutta samaan aikaan raja Yhdysvaltoihin pysyi auki aina maaliskuun puoleenv\u00e4liin saakka.<\/p>\n<p style=\"text-align: center;\"><a href=\"\/blog\/wp-content\/uploads\/2020\/vancouverin_koronatilanne2.jpg\"><img decoding=\"async\" src=\"\/blog\/wp-content\/uploads\/2020\/vancouverin_koronatilanne2.jpg\" \/><\/a><\/p>\n<p style=\"text-align: center;\"><em>Sairaalassa olevien m\u00e4\u00e4r\u00e4 laskee tasaisesti<\/em><\/p>\n<p style=\"text-align: justify;\">Rajasta on kuitenkin tullut viime viikkoina ihmisten kohtaamispaikka, kun Washingtonin osavaltiossa asuvat kanadalaiset ovat saapuneet n\u00e4kem\u00e4\u00e4n Kanadan puolella asuvia sukulaisiaan. Maiden rajan ollessa isolta osin vain pieni ojapahanen, on sen \u00e4\u00e4relle helppo ajaa autolla istumaan ja juttelemaan kymmenen metrin p\u00e4\u00e4ss\u00e4 olevien sukulaisten kanssa. Rajalla onkin vuodatettu kyyneli\u00e4, kun vastik\u00e4\u00e4n lapsen saaneet vanhemmat ovat p\u00e4\u00e4sseet n\u00e4ytt\u00e4m\u00e4\u00e4n uuden tulokkaan ensimm\u00e4ist\u00e4 kertaa isovanhemmille.<\/p>\n<p style=\"text-align: center;\"><a href=\"\/blog\/wp-content\/uploads\/2020\/tapaaminen_rajalla.jpg\"><img decoding=\"async\" src=\"\/blog\/wp-content\/uploads\/2020\/tapaaminen_rajalla.jpg\" \/><\/a><\/p>\n<p style=\"text-align: center;\"><em>Kohtaamisia rajalla<\/em><\/p>\n<p style=\"text-align: justify;\">Kotosalla <a title=\"Uusi normaali\" href=\"https:\/\/www.vuosiamaailmalla.fi\/?p=10622\">uusi koronanormaali<\/a> on jatkunut hyvin samanlaisena ilman tietoa eristyksen purkamisesta. Voimakkaampia toimia tehneet provinssit ilmoittivat t\u00e4ll\u00e4 viikolla eristystoimien asteittaisesta kevent\u00e4misest\u00e4 toukokuun aikana, mutta British Columbian torjuntaa johtava tohtori Bonnie Henry on ollut sanojensa suhteen hyvin varovainen. Selv\u00e4\u00e4 on vain, ett\u00e4 t\u00e4m\u00e4 kes\u00e4 tulee olemaan poikkeuksellinen ja lomia voidaan joutua viett\u00e4m\u00e4\u00e4n hyvinkin paikallisesti.<\/p>\n<p style=\"text-align: center;\"><a href=\"\/blog\/wp-content\/uploads\/2020\/sosiaalista_eristysta_kaupassa8.jpg\"><img decoding=\"async\" src=\"\/blog\/wp-content\/uploads\/2020\/thumbs\/thumbs_sosiaalista_eristysta_kaupassa8.jpg\" \/><\/a><a href=\"\/blog\/wp-content\/uploads\/2020\/sosiaalista_eristysta_kaupassa9.jpg\"><img decoding=\"async\" src=\"\/blog\/wp-content\/uploads\/2020\/thumbs\/thumbs_sosiaalista_eristysta_kaupassa9.jpg\" \/><\/a><\/p>\n<p style=\"text-align: center;\"><em>Kaupassa pidet\u00e4\u00e4n edelleen et\u00e4isyytt\u00e4<\/em><\/p>\n<p style=\"text-align: justify;\">Kanadalaiset kotitaloudet ovatkin <a title=\"Kanadan ty\u00f6llisyystilanne (2021)\" href=\"https:\/\/www.vuosiamaailmalla.fi\/blog\/2021\/kanadan-tyollisyystilanne-2021\/\">ottaneet kriisiss\u00e4 osumaa<\/a> ja esimerkiksi huhtikuun ensimm\u00e4isen\u00e4 p\u00e4iv\u00e4 noin 10% vuokralaisista ei maksanut tai pystynyt maksamaan vuokraansa. Luvun pel\u00e4t\u00e4\u00e4n olevan viel\u00e4 korkeampi toukokuun alussa, kunhan asiasta saadaan ensi viikolla dataa. Samaan aikaan 45% kanadalaisista on lyk\u00e4nnyt t\u00e4m\u00e4n vuotisten <a title=\"Verotus Kanadassa\" href=\"https:\/\/www.vuosiamaailmalla.fi\/?p=8867\">verojen maksua<\/a> l\u00e4hemm\u00e4s uutta kes\u00e4kuun 1. p\u00e4iv\u00e4n takarajaa.<\/p>\n<p style=\"text-align: justify;\">Valtiolta on virrannut avustusmiljardeja vuokralaisille ja monille muillekin ihmisryhmille, joista osa my\u00f6s yritt\u00e4\u00e4 hyv\u00e4ksik\u00e4ytt\u00e4\u00e4 tilannetta nyt kun vuokrasopimusten irtisanominen on v\u00e4liaikaisesti keskeytetty. Meid\u00e4nkin asuinalueella on n\u00e4kynyt naurettavia julisteita, jossa marginaaliset sosialistiliikkeet kehoittavat ihmisi\u00e4 boikotoimaan &#8221;kapitalistisia vuokranantajasikoja&#8221; j\u00e4tt\u00e4m\u00e4ll\u00e4 vuokra maksamatta.<\/p>\n<p style=\"text-align: justify;\">Kaikkein suurin tuki tuntuvat valuvan kodittomien ja muiden &#8221;uhanalaisten&#8221; ihmisryhmien taskuun. Vaikka lehdist\u00e4 saa lukea p\u00e4ivitt\u00e4in huumeh\u00f6rh\u00f6jen <a title=\"T\u00e4ydellisen ep\u00e4onnistunut huumepolitiikka\" href=\"https:\/\/www.vuosiamaailmalla.fi\/blog\/2024\/taydellisen-epaonnistunut-huumepolitiikka\/\">lis\u00e4\u00e4ntyneest\u00e4 v\u00e4kivallasta<\/a> sek\u00e4 valtavasta <a title=\"Rikosaalto hienostoalueilla\" href=\"https:\/\/www.vuosiamaailmalla.fi\/?p=9302\">asuntomurtojen<\/a> ja omaisuusvarkauksien sarjasta, riitt\u00e4\u00e4 t\u00e4lle ihmisryhm\u00e4lle pohjattomasti sympatiaa. Kodittomien telttakyl\u00e4t ovat levinneet epidemian aikana uusille alueille ja Vancouverinsaarella sijaitsevassa Parksvilless\u00e4 kodittomat jopa valloittivat paikallisen hautausmaan, asettamalla telttansa ja heitt\u00e4m\u00e4ll\u00e4 roskansa \u00e4\u00e4rimm\u00e4isen ep\u00e4kunnioittavasti hautojen p\u00e4\u00e4lle.<\/p>\n<p style=\"text-align: center;\"><a href=\"\/blog\/wp-content\/uploads\/2020\/kodittomat_hautausmaalla.jpg\"><img decoding=\"async\" src=\"\/blog\/wp-content\/uploads\/2020\/kodittomat_hautausmaalla.jpg\" \/><\/a><\/p>\n<p style=\"text-align: center;\"><em>Kodittomat hautausmaalla<\/em><\/p>\n<p style=\"text-align: justify;\">Ammattimaisten k\u00f6yhyysaktivistien t\u00e4ysin viet\u00e4viss\u00e4 olevat paikallispoliitikot ovatkin vuorotellen julistaneet tukitoimia ja uusin idea on huumeidenk\u00e4ytt\u00e4jien asuttaminen tyhj\u00e4n\u00e4 oleviin hotelleihin suolaiseen hintaan. Victoriassa er\u00e4s motelli joutuikin v\u00e4litt\u00f6m\u00e4sti katumap\u00e4\u00e4lle, kun poloiset asukkaat ry\u00f6stiv\u00e4t ensit\u00f6ikseen huoneista kaiken irtaimiston ja repiv\u00e4t jopa ilmastointilaitteet seinist\u00e4 katumarkkinoille k\u00e4rr\u00e4tt\u00e4v\u00e4ksi. Hotelleja t\u00e4m\u00e4 tai takuuvarmasti mukana tulevat <em>bed bugit<\/em> eiv\u00e4t silti huoleta, sill\u00e4 veronmaksaja korvaa kaikki tulevat korjaukset&#8230;<\/p>\n<p style=\"text-align: center;\"><a href=\"\/blog\/wp-content\/uploads\/2020\/halpa_bensa2.jpg\"><img decoding=\"async\" src=\"\/blog\/wp-content\/uploads\/2020\/halpa_bensa2.jpg\" \/><\/a><\/p>\n<p style=\"text-align: center;\"><em>Polttoaine on pysynyt halpana<\/em><\/p>\n<p style=\"text-align: justify;\">Koronan loppulaskun hintaa ei tied\u00e4k\u00e4\u00e4n kukaan, mutta on selv\u00e4\u00e4 ett\u00e4 mikroskooppisen pieni virus tulee k\u00e4ym\u00e4\u00e4n <a title=\"Kanadan ty\u00f6llisyystilanne (2021)\" href=\"https:\/\/www.vuosiamaailmalla.fi\/blog\/2021\/kanadan-tyollisyystilanne-2021\/\">\u00e4\u00e4rimm\u00e4isen kalliiksi<\/a>. Kanadalle erityisesti t\u00e4rke\u00e4\u00e4 on Yhdysvaltojen nopea elpyminen, sill\u00e4 maan viennist\u00e4 ylivoimaisesti suurin osa suuntautuu <a title=\"Kanada sulattelee USA:n vaalitulosta\" href=\"https:\/\/www.vuosiamaailmalla.fi\/?p=8606\">rajan etel\u00e4puolelle<\/a>. T\u00e4ss\u00e4 mieless\u00e4 Yhdysvaltojen markkinoiden v\u00e4hitt\u00e4inen avautuminen onkin positiivinen merkki kaiken negatiivisen keskell\u00e4.<\/p>\n","protected":false},"excerpt":{"rendered":"<p>Kev\u00e4t on vaihtunut j\u00e4lleen kes\u00e4n puolelle ja kalentereissa on k\u00e4\u00e4nnetty esille toukokuu. Vaikka Kanadassa ei vietet\u00e4k\u00e4\u00e4n vappua ennen kuin vasta syyskuussa, on t\u00e4\u00e4ll\u00e4 saatu nauttia kauniista ja l\u00e4mpimist\u00e4 keleist\u00e4. Ensi viikon lopulla saatetaan jopa kokea kes\u00e4n ensimm\u00e4inen hellep\u00e4iv\u00e4, mik\u00e4 olisi mit\u00e4 oivallisinta!<\/p>\n","protected":false},"author":1,"featured_media":10640,"comment_status":"open","ping_status":"open","sticky":false,"template":"","format":"standard","meta":{"_jetpack_memberships_contains_paid_content":false,"footnotes":""},"categories":[17,3],"tags":[25,34,935,1487,275,939,1062],"class_list":["post-10638","post","type-post","status-publish","format-standard","has-post-thumbnail","hentry","category-arki-kanadassa","category-arki-ulkomailla","tag-ajankohtaista","tag-arki","tag-kanada","tag-koronavirus","tag-rikollisuus","tag-vancouver","tag-victoria"],"jetpack_featured_media_url":"https:\/\/www.vuosiamaailmalla.fi\/blog\/wp-content\/uploads\/kanadan_tartunnat_banner.jpg","jetpack_sharing_enabled":true,"_links":{"self":[{"href":"https:\/\/www.vuosiamaailmalla.fi\/blog\/wp-json\/wp\/v2\/posts\/10638","targetHints":{"allow":["GET"]}}],"collection":[{"href":"https:\/\/www.vuosiamaailmalla.fi\/blog\/wp-json\/wp\/v2\/posts"}],"about":[{"href":"https:\/\/www.vuosiamaailmalla.fi\/blog\/wp-json\/wp\/v2\/types\/post"}],"author":[{"embeddable":true,"href":"https:\/\/www.vuosiamaailmalla.fi\/blog\/wp-json\/wp\/v2\/users\/1"}],"replies":[{"embeddable":true,"href":"https:\/\/www.vuosiamaailmalla.fi\/blog\/wp-json\/wp\/v2\/comments?post=10638"}],"version-history":[{"count":4,"href":"https:\/\/www.vuosiamaailmalla.fi\/blog\/wp-json\/wp\/v2\/posts\/10638\/revisions"}],"predecessor-version":[{"id":13603,"href":"https:\/\/www.vuosiamaailmalla.fi\/blog\/wp-json\/wp\/v2\/posts\/10638\/revisions\/13603"}],"wp:featuredmedia":[{"embeddable":true,"href":"https:\/\/www.vuosiamaailmalla.fi\/blog\/wp-json\/wp\/v2\/media\/10640"}],"wp:attachment":[{"href":"https:\/\/www.vuosiamaailmalla.fi\/blog\/wp-json\/wp\/v2\/media?parent=10638"}],"wp:term":[{"taxonomy":"category","embeddable":true,"href":"https:\/\/www.vuosiamaailmalla.fi\/blog\/wp-json\/wp\/v2\/categories?post=10638"},{"taxonomy":"post_tag","embeddable":true,"href":"https:\/\/www.vuosiamaailmalla.fi\/blog\/wp-json\/wp\/v2\/tags?post=10638"}],"curies":[{"name":"wp","href":"https:\/\/api.w.org\/{rel}","templated":true}]}}