{"id":10658,"date":"2020-05-17T15:33:40","date_gmt":"2020-05-17T22:33:40","guid":{"rendered":"http:\/\/13.53.127.146\/?p=10658"},"modified":"2023-10-22T14:27:50","modified_gmt":"2023-10-22T21:27:50","slug":"suunnitelma-paluusta-normaaliin","status":"publish","type":"post","link":"https:\/\/www.vuosiamaailmalla.fi\/blog\/2020\/suunnitelma-paluusta-normaaliin\/","title":{"rendered":"Suunnitelma paluusta normaaliin"},"content":{"rendered":"<p style=\"text-align: justify;\">Pian kymmenen viikkoa jatkuneessa koronakaranteenissa tultiin viikko sitten k\u00e4\u00e4nnekohtaan, kun British Columbia julkaisi odotetun suunnitelmansa paluusta kohti normaalia. El\u00e4m\u00e4 on ollut viimeisten <a title=\"Kaksi kuukautta koronaa\" href=\"https:\/\/www.vuosiamaailmalla.fi\/blog\/2020\/kaksi-kuukautta-koronaa\/\">kahden kuukauden ajan<\/a> monilta osin rajattua, vaikkei provinssissa ollakaan oltu miss\u00e4\u00e4n vaiheessa tiukkojen rajoitusten alaisuudessa. Pitk\u00e4 lista v\u00e4ltt\u00e4m\u00e4tt\u00f6m\u00e4ksi m\u00e4\u00e4ritellyist\u00e4 palveluista on ollut auki koko kriisin ajan, mutta esimerkiksi t\u00e4rkeill\u00e4 palvelu- ja matkailualoilla ty\u00f6t ovat loppuneet kymmenilt\u00e4 tuhansilta ihmisilt\u00e4.<\/p>\n<p><!--more--><\/p>\n<p style=\"text-align: justify;\">Provinssin epidemiastrategiana on ollut johdonmukaisesti epidemian hidastaminen ja nykyisill\u00e4 toimilla ihmisten kanssak\u00e4ymisen m\u00e4\u00e4r\u00e4\u00e4 on saatu pudotettua 30%:iin normaalista. Se on riitt\u00e4nyt uusien tartuntojen saamiseksi <a title=\"Lupaavalla koronak\u00e4yr\u00e4ll\u00e4\" href=\"https:\/\/www.vuosiamaailmalla.fi\/blog\/2020\/lupaavalla-koronakayralla\/\">laskuk\u00e4yr\u00e4lle<\/a>, jossa uusia tartuntoja on havaittu viime viikkoina p\u00e4ivitt\u00e4in vain 10-20. Samaan aikaan sairaalassa olevien m\u00e4\u00e4r\u00e4 on pudonnut 38:aan ja tehohoidossa olevien ainoastaan yhteentoista, parantuneiden m\u00e4\u00e4r\u00e4n noustua jo 79 prosenttiin (koko Kanadassa 50%). British Columbian 2428 tartuntaa sek\u00e4 141 kuollutta ovat hyvin alhaiset lukemat yli <a title=\"British Columbia ylitti 5 miljoonaa asukasta\" href=\"https:\/\/www.vuosiamaailmalla.fi\/blog\/2019\/british-columbia-ylitti-5-miljoonaa-asukasta\/\">viiden miljoonan asukkaan<\/a> provinssille ja terveysviranomaisten strategia n\u00e4ytt\u00e4\u00e4kin toimineen.<\/p>\n<p style=\"text-align: center;\"><a href=\"\/blog\/wp-content\/uploads\/2020\/trendi_kuolemissa.jpg\"><img decoding=\"async\" src=\"\/blog\/wp-content\/uploads\/2020\/trendi_kuolemissa.jpg\" \/><\/a><\/p>\n<p style=\"text-align: center;\"><em>Kuolemien m\u00e4\u00e4r\u00e4 on pysynyt kurissa<\/em><\/p>\n<p style=\"text-align: center;\"><a href=\"\/blog\/wp-content\/uploads\/2020\/vancouverin_koronatilanne3.jpg\"><img decoding=\"async\" src=\"\/blog\/wp-content\/uploads\/2020\/vancouverin_koronatilanne3.jpg\" \/><\/a><\/p>\n<p style=\"text-align: center;\"><em>Sairaalatapaukset ovat painuneet alas<\/em><\/p>\n<p style=\"text-align: justify;\">Kevyit\u00e4k\u00e4\u00e4n poikkeusolosuhteita ei voi kuitenkaan jatkaa loputtomiin ja provinssin suunnitelma paluusta normaaliin on neliportainen. Sen ensimm\u00e4inen vaihe ovat nykyiset osin rajatut toimet ja meneill\u00e4\u00e4n olevan pitk\u00e4\u00e4 viikonloppua seuraa ensi viikon tiistaina suunnitelman toinen vaihe. Siin\u00e4 hammasl\u00e4\u00e4k\u00e4rit, kampaajat, lastenhoito sek\u00e4 kaupat ja liikkeet saavat j\u00e4lleen avata toimintojaan erikoisj\u00e4rjestelyin. My\u00f6s ravintolat saavat j\u00e4lleen myyd\u00e4 ruokaa tiloissaan, mik\u00e4 t\u00e4ydent\u00e4\u00e4 viime kuukausina kuumana k\u00e4ynytt\u00e4 noutoruoan myynti\u00e4.<\/p>\n<p style=\"text-align: center;\"><a href=\"\/blog\/wp-content\/uploads\/2020\/ravintola_myy_ruokaa.jpg\"><img decoding=\"async\" src=\"\/blog\/wp-content\/uploads\/2020\/ravintola_myy_ruokaa.jpg\" \/><\/a><\/p>\n<p style=\"text-align: center;\"><em>Ravintolat ovat myyneet my\u00f6s ruokatarpeita<\/em><\/p>\n<p style=\"text-align: justify;\">Ilahduttavasti my\u00f6s provinssin upeat kansallispuistot alkavat avata porttejaan ja ett\u00e4 <a title=\"Telttaviikonloppu Harrison Lakella\" href=\"https:\/\/www.vuosiamaailmalla.fi\/blog\/2019\/telttaviikonloppu-harrison-lakella\/\">leiripaikkojen<\/a> luvataan avautuvan kes\u00e4kuussa. Kaupunkien kymmenet puistot sek\u00e4 rannat avaavat my\u00f6s tilansa kaupunkilaisten k\u00e4ytt\u00f6\u00f6n, mille onkin ollut kova paine viime viikkojen <a title=\"Richmondin ymp\u00e4riajo\" href=\"https:\/\/www.vuosiamaailmalla.fi\/blog\/2020\/richmondin-ympariajo\/\">kes\u00e4kelien<\/a> aikana.<\/p>\n<p style=\"text-align: center;\"><a href=\"\/blog\/wp-content\/uploads\/2020\/rannat_pullollaan.jpg\"><img decoding=\"async\" src=\"\/blog\/wp-content\/uploads\/2020\/rannat_pullollaan.jpg\" \/><\/a><\/p>\n<p style=\"text-align: center;\"><em>Rannoilla on ollut kiireist\u00e4<\/em><\/p>\n<p style=\"text-align: justify;\">Kakkosvaiheen ennakoidaan nostavan ihmisten kanssak\u00e4ymist\u00e4 60%:iin normaalista, jota pidet\u00e4\u00e4n yl\u00e4arvona tartuntojen pit\u00e4miseksi kurissa. Siksi suunnitelman kolmannelle vaiheelle ei olekaan annettu viel\u00e4 tarkkaa aikataulua, mutta kes\u00e4n ja alkusyksyn aikana hotellit, filmituotanto sek\u00e4 yl\u00e4koulut aloittavat j\u00e4lleen toimintansa. T\u00e4m\u00e4 on kuitenkin ehdollista vain tartuntam\u00e4\u00e4rien pysyess\u00e4 alhaisena ja poikkeustoimia voidaankin jatkaa tilanteen k\u00e4\u00e4ntyess\u00e4 huonompaan suuntaan.<\/p>\n<p style=\"text-align: center;\"><a href=\"\/blog\/wp-content\/uploads\/2020\/kanssakaymisen_maara.jpg\"><img decoding=\"async\" src=\"\/blog\/wp-content\/uploads\/2020\/kanssakaymisen_maara.jpg\" \/><\/a><\/p>\n<p style=\"text-align: center;\"><em>Kanssak\u00e4ymisten m\u00e4\u00e4r\u00e4n merkitys<\/em><\/p>\n<p style=\"text-align: justify;\">Viimeinen nelj\u00e4s vaihe tarkoittaa paluuta t\u00e4yteen normaaliin, jolle ei viel\u00e4 t\u00e4ss\u00e4 vaiheessa osata antaa aikataulua. T\u00e4h\u00e4n kuuluvat <a title=\"Naisten MM-jalkapalloa katsomassa\" href=\"https:\/\/www.vuosiamaailmalla.fi\/blog\/2015\/naisten-mm-jalkapalloa-katsomassa\/\">urheilutapahtumat<\/a>, <a title=\"Lavalla The Chainsmokers\" href=\"https:\/\/www.vuosiamaailmalla.fi\/?p=10359\">konsertit<\/a> ja konferenssit, sek\u00e4 my\u00f6skin kansainv\u00e4linen turismi. My\u00f6s y\u00f6kerhojen ja kasinoiden kaltaisten tiiviiden sis\u00e4tilojen avaaminen on t\u00e4ss\u00e4 vaiheessa ep\u00e4varmaa. N\u00e4ytt\u00e4\u00e4kin silt\u00e4, ett\u00e4 kuluvasta vuodesta voi tulla voimakkaan kotimaanmatkailun aikaa, miss\u00e4 pient\u00e4 huolta her\u00e4tt\u00e4\u00e4t epidemiasta pahemmin k\u00e4rsineiden Ontarion ja Quebecin miljoonien asukkaiden mahdollinen matkailu L\u00e4nsi-Kanadaan.<\/p>\n<p style=\"text-align: justify;\">British Columbian koronasuunnitelma on perustunut koko ajan tietoon sek\u00e4 l\u00e4pin\u00e4kyv\u00e4\u00e4n kommunikointiin, eik\u00e4 linjan kanssa ole h\u00f6tkyilty. Viranomaisten ohjeistus on ollut tiukasti linjan mukaista toisin kuin Suomessa, jossa eri instanssit ovat vuorotellen kommunikoineet erilaista viesti\u00e4. T\u00e4m\u00e4 on her\u00e4tt\u00e4nyt uskoa t\u00e4k\u00e4l\u00e4isiin viranomaisiin sek\u00e4 provinssin toimiin.<\/p>\n<p style=\"text-align: center;\"><a href=\"\/blog\/wp-content\/uploads\/2020\/kanadan_tartunnat4.jpg\"><img decoding=\"async\" src=\"\/blog\/wp-content\/uploads\/2020\/kanadan_tartunnat4.jpg\" \/><\/a><\/p>\n<p style=\"text-align: center;\"><em>Kanadan koronatilanne t\u00e4n\u00e4\u00e4n<\/em><\/p>\n<p style=\"text-align: justify;\">Meill\u00e4 et\u00e4t\u00f6it\u00e4 tekevill\u00e4 kotoa ty\u00f6skentely jatkunee viel\u00e4 kuukausien ajan, vaikka toimistoon paluu onkin sallittu ensi viikolla alkavassa kakkosvaiheessa. Toimistolle ensimm\u00e4iseksi palaavat funktiot tulevat olemaan rajattuja, useimpien jatkaessa viel\u00e4 hyv\u00e4n aikaa et\u00e4t\u00f6iss\u00e4.<\/p>\n<p style=\"text-align: justify;\">Epidemian hyv\u00e4st\u00e4 hoidosta huolimatta sen loppulasku tulee olemaan hirmuinen, sill\u00e4 esimerkiksi turismi on British Columbialle miljardien arvoinen bisnes. Sen osana esimerkiksi AirBnB:n kaltaiset yritykset ovat olleet helisem\u00e4ss\u00e4 ja <a title=\"Provinssi tuli vuokralaisten avuksi\" href=\"https:\/\/www.vuosiamaailmalla.fi\/blog\/2017\/provinssi-tuli-vuokralaisten-avuksi\/\">Vancouverin vuokramarkkinat<\/a> ovatkin t\u00e4yttyneet aiemmin AirBnB <a title=\"Tiukat s\u00e4\u00e4nn\u00f6t lyhytaikaiselle vuokraukselle\" href=\"https:\/\/www.vuosiamaailmalla.fi\/blog\/2023\/tiukat-saannot-lyhytaikaiselle-vuokraukselle\/\">k\u00e4yt\u00f6ss\u00e4 olleista k\u00e4mpist\u00e4<\/a>, mik\u00e4 n\u00e4ytt\u00e4\u00e4 alentaneen hieman yleist\u00e4 vuokratasoa. T\u00e4m\u00e4 on suurelle yleis\u00f6lle pelk\u00e4st\u00e4\u00e4n hyv\u00e4 asia ja ilahduttavasti hallitus j\u00e4tti huomiotta AirBnB:n Kanadan hallitukselle l\u00e4hett\u00e4m\u00e4n s\u00e4\u00e4likirjeen useita k\u00e4mppi\u00e4 omistavien vuokranantajien ahdingosta.<\/p>\n<p style=\"text-align: justify;\">Omana aikomuksenamme on ottaa rajoitusten vapautuminen rauhallisesti ja lis\u00e4t\u00e4 liikkeiss\u00e4 vierailua hallitusti. Jos tartunta m\u00e4\u00e4r\u00e4t pysyv\u00e4t kurissa ensimm\u00e4iset pari viikkoa, voinee t\u00e4ss\u00e4 alkaa itsekin palata hiljalleen takaisin normaaliin. Siihen saakka varovaisuus on kuitenkin edelleen valttia.<\/p>\n","protected":false},"excerpt":{"rendered":"<p>Pian kymmenen viikkoa jatkuneessa koronakaranteenissa tultiin viikko sitten k\u00e4\u00e4nnekohtaan, kun British Columbia julkaisi odotetun suunnitelmansa paluusta kohti normaalia. El\u00e4m\u00e4 on ollut viimeisten kahden kuukauden ajan monilta osin rajattua, vaikkei provinssissa ollakaan oltu miss\u00e4\u00e4n vaiheessa tiukkojen rajoitusten alaisuudessa. Pitk\u00e4 lista v\u00e4ltt\u00e4m\u00e4tt\u00f6m\u00e4ksi m\u00e4\u00e4ritellyist\u00e4 palveluista on ollut auki koko kriisin ajan, mutta esimerkiksi t\u00e4rkeill\u00e4 palvelu- ja matkailualoilla ty\u00f6t &hellip; <a href=\"https:\/\/www.vuosiamaailmalla.fi\/blog\/2020\/suunnitelma-paluusta-normaaliin\/\" class=\"more-link\">Jatka lukemista<span class=\"screen-reader-text\"> &#8221;Suunnitelma paluusta normaaliin&#8221;<\/span><\/a><\/p>\n","protected":false},"author":1,"featured_media":13376,"comment_status":"open","ping_status":"open","sticky":false,"template":"","format":"standard","meta":{"_jetpack_memberships_contains_paid_content":false,"footnotes":""},"categories":[17,3],"tags":[25,34,935,1487,939],"class_list":["post-10658","post","type-post","status-publish","format-standard","has-post-thumbnail","hentry","category-arki-kanadassa","category-arki-ulkomailla","tag-ajankohtaista","tag-arki","tag-kanada","tag-koronavirus","tag-vancouver"],"jetpack_featured_media_url":"https:\/\/www.vuosiamaailmalla.fi\/blog\/wp-content\/uploads\/rannat_pullollaan_banner.jpg","jetpack_sharing_enabled":true,"_links":{"self":[{"href":"https:\/\/www.vuosiamaailmalla.fi\/blog\/wp-json\/wp\/v2\/posts\/10658","targetHints":{"allow":["GET"]}}],"collection":[{"href":"https:\/\/www.vuosiamaailmalla.fi\/blog\/wp-json\/wp\/v2\/posts"}],"about":[{"href":"https:\/\/www.vuosiamaailmalla.fi\/blog\/wp-json\/wp\/v2\/types\/post"}],"author":[{"embeddable":true,"href":"https:\/\/www.vuosiamaailmalla.fi\/blog\/wp-json\/wp\/v2\/users\/1"}],"replies":[{"embeddable":true,"href":"https:\/\/www.vuosiamaailmalla.fi\/blog\/wp-json\/wp\/v2\/comments?post=10658"}],"version-history":[{"count":3,"href":"https:\/\/www.vuosiamaailmalla.fi\/blog\/wp-json\/wp\/v2\/posts\/10658\/revisions"}],"predecessor-version":[{"id":13379,"href":"https:\/\/www.vuosiamaailmalla.fi\/blog\/wp-json\/wp\/v2\/posts\/10658\/revisions\/13379"}],"wp:featuredmedia":[{"embeddable":true,"href":"https:\/\/www.vuosiamaailmalla.fi\/blog\/wp-json\/wp\/v2\/media\/13376"}],"wp:attachment":[{"href":"https:\/\/www.vuosiamaailmalla.fi\/blog\/wp-json\/wp\/v2\/media?parent=10658"}],"wp:term":[{"taxonomy":"category","embeddable":true,"href":"https:\/\/www.vuosiamaailmalla.fi\/blog\/wp-json\/wp\/v2\/categories?post=10658"},{"taxonomy":"post_tag","embeddable":true,"href":"https:\/\/www.vuosiamaailmalla.fi\/blog\/wp-json\/wp\/v2\/tags?post=10658"}],"curies":[{"name":"wp","href":"https:\/\/api.w.org\/{rel}","templated":true}]}}