{"id":1066,"date":"2012-11-11T11:14:47","date_gmt":"2012-11-11T19:14:47","guid":{"rendered":"http:\/\/13.53.127.146\/?p=1066"},"modified":"2021-02-01T19:05:28","modified_gmt":"2021-02-02T03:05:28","slug":"syksyn-vareja","status":"publish","type":"post","link":"https:\/\/www.vuosiamaailmalla.fi\/blog\/2012\/syksyn-vareja\/","title":{"rendered":"Syksyn v\u00e4rej\u00e4"},"content":{"rendered":"<p style=\"text-align: justify;\">Syksy on v\u00e4rien aikaa ja Kanada on kuuluisa kauniista ruskastaan. Onhan maan lipussakin ruskanpunainen vaahteranlehti, tosin punaisen v\u00e4rin tausta on ennemminkin maan brittil\u00e4isess\u00e4 historiassa, kuin syksyss\u00e4. Pohjoisena maana syksy kuitenkin v\u00e4rj\u00e4\u00e4 Kanadan valtavat mets\u00e4alueet joka vuosi keltaisen, punaisen sek\u00e4 oranssin lukemattomilla sekoituksilla.<\/p>\n<p><!--more--><\/p>\n<p style=\"text-align: justify;\">Koska ruskan alkamiseen vaikuttaa kaikkein eniten p\u00e4iv\u00e4n lyhentyminen ja auringonvalon v\u00e4heminen syksyisin, alkavat lehdet vaihtaa v\u00e4ri\u00e4 suunnilleen samoihin aikoihin Kanadan molemmilla rannikoilla. Ruska on kuitenkin voimakkain ja ehdottomasti v\u00e4rikk\u00e4in maan it\u00e4rannikolla, miss\u00e4 syksyinen s\u00e4\u00e4 on yleens\u00e4 l\u00e4nsirannikkoa kylmemp\u00e4\u00e4 ja kuivempaa. Kalliovuorten l\u00e4nsipuolella sijaitsevilla alueilla, kuten Vancouverissa, nautitaan leudommista keleist\u00e4 l\u00e4pi talven ja saadaan syksyisin niin paljon vett\u00e4, etteiv\u00e4t puut tuota paljoa lehdet punertavaksi v\u00e4rj\u00e4\u00e4v\u00e4\u00e4 <em>antosyaania<\/em>.<\/p>\n<p style=\"text-align: justify;\">T\u00e4m\u00e4n vuoksi t\u00e4\u00e4ll\u00e4 l\u00e4nsirannikolla ruska on melko mieto ja sis\u00e4lt\u00e4\u00e4 yleens\u00e4 kaikkein eniten keltaisen s\u00e4vyj\u00e4. L\u00e4nsirannikolla mets\u00e4t muodostuvat my\u00f6s paljolti havupuista ja muista ikivihreist\u00e4 lajikkeista, mitk\u00e4 pysyv\u00e4t vihert\u00e4vin\u00e4 l\u00e4pi leudon talven. Kuitenkin kaupunkialueilla istutettu puusto on p\u00e4\u00e4osin visuaalisesti n\u00e4timp\u00e4n\u00e4 pidetty\u00e4 lehtipuustoa, mink\u00e4 vuoksi Vancouverissakin voi kokea ainakin jonkinlaista ruskan taikaa.<\/p>\n<p style=\"text-align: center;\"><a href=\"\/blog\/wp-content\/uploads\/2012\/syksy_burnabyssa1.jpg\"><img decoding=\"async\" style=\"border: 0px none; margin: 5px;\" src=\"\/blog\/wp-content\/uploads\/2012\/thumbs\/thumbs_syksy_burnabyssa1.jpg\" alt=\"\" \/><\/a><a href=\"\/blog\/wp-content\/uploads\/2012\/syksy_burnabyssa5.jpg\"><img decoding=\"async\" style=\"border: 0px none; margin: 5px;\" src=\"\/blog\/wp-content\/uploads\/2012\/thumbs\/thumbs_syksy_burnabyssa5.jpg\" alt=\"\" \/><\/a><br \/>\n<a href=\"\/blog\/wp-content\/uploads\/2012\/syksy_burnabyssa4.jpg\"><img decoding=\"async\" style=\"border: 0px none; margin: 5px;\" src=\"\/blog\/wp-content\/uploads\/2012\/thumbs\/thumbs_syksy_burnabyssa4.jpg\" alt=\"\" \/><\/a><a href=\"\/blog\/wp-content\/uploads\/2012\/syksy_burnabyssa3.jpg\"><img decoding=\"async\" style=\"border: 0px none; margin: 5px;\" src=\"\/blog\/wp-content\/uploads\/2012\/thumbs\/thumbs_syksy_burnabyssa3.jpg\" alt=\"\" \/><\/a><\/p>\n<p style=\"text-align: center;\"><em>Ruskaa Burnabyss\u00e4<\/em><\/p>\n<p style=\"text-align: center;\"><a href=\"\/blog\/wp-content\/uploads\/2012\/syksy_burnabyssa2.jpg\"><img decoding=\"async\" style=\"border: 0px none; margin: 5px;\" src=\"\/blog\/wp-content\/uploads\/2012\/thumbs\/thumbs_syksy_burnabyssa2.jpg\" alt=\"\" \/><\/a><\/p>\n<p style=\"text-align: justify;\">Vaikka kelit ovatkin olleet sangen <a title=\"Taivas aukeni viimeinkin\" href=\"https:\/\/www.vuosiamaailmalla.fi\/?p=818\">sateiset<\/a>, olen viimeisen parin viikon aikana kierrellyt eri asuinalueiden katuja etsiskellen merkkej\u00e4 ruskasta. Pienen otokseni perusteella Vancouverin kaupungin alueella parhaimmat alueet syksyn kuvaamiseen n\u00e4ytt\u00e4isiv\u00e4t olevan vanhoja lehtipuita paljon sis\u00e4lt\u00e4v\u00e4 <a title=\"Rikosaalto hienostoalueilla\" href=\"http:\/\/www.vuosiamaailmalla.fi\/blog\/2017\/rikosaalto-hienostoalueilla\/\">Shaughnessyn hienostoalue<\/a> sek\u00e4 Mount Pleasantin alue <em>11th<\/em> ja <em>33th Avenuen<\/em> v\u00e4lill\u00e4. My\u00f6s <em>Commercial Driven<\/em> it\u00e4puoleiset sivukadut It\u00e4-Vancouverissa sis\u00e4lt\u00e4v\u00e4t melko hyvi\u00e4 kuvauspaikkoja, jotka kannattaa tsekata.<\/p>\n<p style=\"text-align: center;\"><a href=\"\/blog\/wp-content\/uploads\/2012\/syksy_downtownissa1.jpg\"><img decoding=\"async\" style=\"border: 0px none; margin: 5px;\" src=\"\/blog\/wp-content\/uploads\/2012\/thumbs\/thumbs_syksy_downtownissa1.jpg\" alt=\"\" \/><\/a><a href=\"\/blog\/wp-content\/uploads\/2012\/syksy_downtownissa2.jpg\"><img decoding=\"async\" style=\"border: 0px none; margin: 5px;\" src=\"\/blog\/wp-content\/uploads\/2012\/thumbs\/thumbs_syksy_downtownissa2.jpg\" alt=\"\" \/><\/a><\/p>\n<p style=\"text-align: center;\"><em>Syksyn v\u00e4rej\u00e4 keskustassa<\/em><\/p>\n<p style=\"text-align: justify;\">Itsell\u00e4ni t\u00e4m\u00e4 syksy menee hyvien kuvauspaikkojen etsinn\u00e4ss\u00e4, joita voi sitten ensi vuonna yritt\u00e4\u00e4 k\u00e4yd\u00e4 kuvaamassa paremman kelin vallitessa. Muutamassa hyv\u00e4ksi osoittautuneessa paikassa ehdinkin hieman jo missata kaikkein parhaan kuvausajan, sill\u00e4 syksyn eteneminen vaihtelee kadusta toiseen. Viime viikkojen sateinen kelikin teki osasta valokuvia hieman synkeit\u00e4, mutta mahtuipa joukkoon muutama poutap\u00e4iv\u00e4n\u00e4 kauniilla sinisell\u00e4 taivaallakin kuvattu otos. Ensi syksyn\u00e4 sitten paremmalla ajoituksella.<\/p>\n<p style=\"text-align: center;\"><a href=\"\/blog\/wp-content\/uploads\/2012\/syksy_shaughnessyssa1.jpg\"><img decoding=\"async\" style=\"border: 0px none; margin: 5px;\" src=\"\/blog\/wp-content\/uploads\/2012\/thumbs\/thumbs_syksy_shaughnessyssa1.jpg\" alt=\"\" \/><\/a><a href=\"\/blog\/wp-content\/uploads\/2012\/syksy_shaughnessyssa2.jpg\"><img decoding=\"async\" style=\"border: 0px none; margin: 5px;\" src=\"\/blog\/wp-content\/uploads\/2012\/thumbs\/thumbs_syksy_shaughnessyssa2.jpg\" alt=\"\" \/><\/a><a href=\"\/blog\/wp-content\/uploads\/2012\/syksy_shaughnessyssa4.jpg\"><img decoding=\"async\" style=\"border: 0px none; margin: 5px;\" src=\"\/blog\/wp-content\/uploads\/2012\/thumbs\/thumbs_syksy_shaughnessyssa4.jpg\" alt=\"\" \/><\/a><br \/>\n<a href=\"\/blog\/wp-content\/uploads\/2012\/syksy_shaughnessyssa5.jpg\"><img decoding=\"async\" style=\"border: 0px none; margin: 5px;\" src=\"\/blog\/wp-content\/uploads\/2012\/thumbs\/thumbs_syksy_shaughnessyssa5.jpg\" alt=\"\" \/><\/a><a href=\"\/blog\/wp-content\/uploads\/2012\/syksy_shaughnessyssa3.jpg\"><img decoding=\"async\" style=\"border: 0px none; margin: 5px;\" src=\"\/blog\/wp-content\/uploads\/2012\/thumbs\/thumbs_syksy_shaughnessyssa3.jpg\" alt=\"\" \/><\/a><\/p>\n<p style=\"text-align: center;\"><em>Shaughnessyn vehreit\u00e4 katuja<\/em><\/p>\n<p style=\"text-align: center;\"><a href=\"\/blog\/wp-content\/uploads\/2012\/syksyn_vareja2.jpg\"><img decoding=\"async\" style=\"border: 0px none; margin: 5px;\" src=\"\/blog\/wp-content\/uploads\/2012\/thumbs\/thumbs_syksyn_vareja2.jpg\" alt=\"\" \/><\/a><a href=\"\/blog\/wp-content\/uploads\/2012\/syksyn_vareja1.jpg\"><img decoding=\"async\" style=\"border: 0px none; margin: 5px;\" src=\"\/blog\/wp-content\/uploads\/2012\/thumbs\/thumbs_syksyn_vareja1.jpg\" alt=\"\" \/><\/a><a href=\"\/blog\/wp-content\/uploads\/2012\/syksyn_vareja3.jpg\"><img decoding=\"async\" style=\"border: 0px none; margin: 5px;\" src=\"\/blog\/wp-content\/uploads\/2012\/thumbs\/thumbs_syksyn_vareja3.jpg\" alt=\"\" \/><\/a><a href=\"\/blog\/wp-content\/uploads\/2012\/syksyn_vareja4.jpg\"><img decoding=\"async\" style=\"border: 0px none; margin: 5px;\" src=\"\/blog\/wp-content\/uploads\/2012\/thumbs\/thumbs_syksyn_vareja4.jpg\" alt=\"\" \/><\/a><a href=\"\/blog\/wp-content\/uploads\/2012\/syksyn_vareja5.jpg\"><img decoding=\"async\" style=\"border: 0px none; margin: 5px;\" src=\"\/blog\/wp-content\/uploads\/2012\/thumbs\/thumbs_syksyn_vareja5.jpg\" alt=\"\" \/><\/a><\/p>\n<p style=\"text-align: center;\"><em>Mountain Pleasantin aluetta<\/em><\/p>\n","protected":false},"excerpt":{"rendered":"<p>Syksy on v\u00e4rien aikaa ja Kanada on kuuluisa kauniista ruskastaan. Onhan maan lipussakin ruskanpunainen vaahteranlehti, tosin punaisen v\u00e4rin tausta on ennemminkin maan brittil\u00e4isess\u00e4 historiassa, kuin syksyss\u00e4. Pohjoisena maana syksy kuitenkin v\u00e4rj\u00e4\u00e4 Kanadan valtavat mets\u00e4alueet joka vuosi keltaisen, punaisen sek\u00e4 oranssin lukemattomilla sekoituksilla.<\/p>\n","protected":false},"author":1,"featured_media":11479,"comment_status":"open","ping_status":"open","sticky":false,"template":"","format":"standard","meta":{"_jetpack_memberships_contains_paid_content":false,"footnotes":""},"categories":[17,3],"tags":[25,34,77,935,361,299,939,360,941,238],"class_list":["post-1066","post","type-post","status-publish","format-standard","has-post-thumbnail","hentry","category-arki-kanadassa","category-arki-ulkomailla","tag-ajankohtaista","tag-arki","tag-burnaby","tag-kanada","tag-ruska","tag-syksy","tag-vancouver","tag-vancouver-mount-pleasant","tag-vancouver-shaughnessy","tag-vancouver-west-end"],"jetpack_featured_media_url":"https:\/\/www.vuosiamaailmalla.fi\/blog\/wp-content\/uploads\/syksy_downtownissa_banner-1.jpg","jetpack_sharing_enabled":true,"_links":{"self":[{"href":"https:\/\/www.vuosiamaailmalla.fi\/blog\/wp-json\/wp\/v2\/posts\/1066","targetHints":{"allow":["GET"]}}],"collection":[{"href":"https:\/\/www.vuosiamaailmalla.fi\/blog\/wp-json\/wp\/v2\/posts"}],"about":[{"href":"https:\/\/www.vuosiamaailmalla.fi\/blog\/wp-json\/wp\/v2\/types\/post"}],"author":[{"embeddable":true,"href":"https:\/\/www.vuosiamaailmalla.fi\/blog\/wp-json\/wp\/v2\/users\/1"}],"replies":[{"embeddable":true,"href":"https:\/\/www.vuosiamaailmalla.fi\/blog\/wp-json\/wp\/v2\/comments?post=1066"}],"version-history":[{"count":2,"href":"https:\/\/www.vuosiamaailmalla.fi\/blog\/wp-json\/wp\/v2\/posts\/1066\/revisions"}],"predecessor-version":[{"id":11481,"href":"https:\/\/www.vuosiamaailmalla.fi\/blog\/wp-json\/wp\/v2\/posts\/1066\/revisions\/11481"}],"wp:featuredmedia":[{"embeddable":true,"href":"https:\/\/www.vuosiamaailmalla.fi\/blog\/wp-json\/wp\/v2\/media\/11479"}],"wp:attachment":[{"href":"https:\/\/www.vuosiamaailmalla.fi\/blog\/wp-json\/wp\/v2\/media?parent=1066"}],"wp:term":[{"taxonomy":"category","embeddable":true,"href":"https:\/\/www.vuosiamaailmalla.fi\/blog\/wp-json\/wp\/v2\/categories?post=1066"},{"taxonomy":"post_tag","embeddable":true,"href":"https:\/\/www.vuosiamaailmalla.fi\/blog\/wp-json\/wp\/v2\/tags?post=1066"}],"curies":[{"name":"wp","href":"https:\/\/api.w.org\/{rel}","templated":true}]}}