{"id":10673,"date":"2020-05-30T15:29:06","date_gmt":"2020-05-30T22:29:06","guid":{"rendered":"http:\/\/13.53.127.146\/?p=10673"},"modified":"2020-05-30T21:42:13","modified_gmt":"2020-05-31T04:42:13","slug":"normaalimpaa-arkea","status":"publish","type":"post","link":"https:\/\/www.vuosiamaailmalla.fi\/blog\/2020\/normaalimpaa-arkea\/","title":{"rendered":"Normaalimpaa arkea"},"content":{"rendered":"<p style=\"text-align: justify;\">British Columbiassa aloitettiin kaksi viikkoa sitten <a title=\"Suunnitelma paluusta normaaliin\" href=\"https:\/\/www.vuosiamaailmalla.fi\/?p=10658\">paluu kohti normaalia<\/a> kun ravintolat, kampaajat sek\u00e4 monet liikkeet saivat provinssin terveysviranomaisilta luvan palata toimintaan. Kyseess\u00e4 on neliportaisen suunnitelman toisesta vaiheesta, jonka aikana avattavalle liiketoiminnalle on kuitenkin edelleen tarkat s\u00e4\u00e4nn\u00f6kset. Esimerkiksi ravintoloissa ruokailijoiden m\u00e4\u00e4r\u00e4\u00e4 on rajoitettu tyhjien p\u00f6ytien j\u00e4tt\u00e4miseksi p\u00f6yt\u00e4kuntien v\u00e4liin, mink\u00e4 lis\u00e4ksi terassi- ja patiotilat on maksimoitu paremman tuuletuksen vuoksi.<\/p>\n<p><!--more--><\/p>\n<p style=\"text-align: justify;\">Partureissa rajoitukset ovat samansuuntaiset ja liikkeiss\u00e4 on uurastettu aamusta iltaan patoutuneen kysynn\u00e4n tyydytt\u00e4miseksi. Itseni onnistui saada aika parturille viime viikon sunnuntaina hiustenleikkuulle, jonka edellisest\u00e4 kerrasta oli ehtinyt vier\u00e4ht\u00e4\u00e4 11 viikkoa. Parturiin p\u00e4\u00e4si vain ajanvarauksella ja oman maskin kanssa, joita sek\u00e4 asiakkaat ett\u00e4 henkil\u00f6kunta pit\u00e4v\u00e4t koko operaation ajan. Maskien vuoksi ainoastaan hiustenleikkuu on mahdollista, sill\u00e4 esimerkiksi parran siistiminen olisi liian hankalaa. Lyhyen kes\u00e4tukan leikkauttaminen oli silti mahtava juttu ja pieni osoitus asioiden asteittaisesta normalisoitumisesta.<\/p>\n<p style=\"text-align: center;\"><a href=\"\/blog\/wp-content\/uploads\/2020\/kesaletti.jpg\"><img decoding=\"async\" src=\"\/blog\/wp-content\/uploads\/2020\/thumbs\/thumbs_kesaletti.jpg\" \/><\/a><\/p>\n<p style=\"text-align: center;\"><em>Kevyt kes\u00e4letti<\/em><\/p>\n<p style=\"text-align: justify;\">Toinen paikka miss\u00e4 paluun normaaliin huomaa ovat ruokakaupat. Vaikka kaupoissa onkin edelleen voimassa jo tutuksi k\u00e4yneet <a title=\"Uusi normaali\" href=\"https:\/\/www.vuosiamaailmalla.fi\/?p=10622\">k\u00e4yt\u00e4nn\u00f6nj\u00e4rjestelyt<\/a>, l\u00f6ytyy niist\u00e4 jo kaikkia tuotteita. Vessapaperia, k\u00e4sidesi\u00e4 ja jopa kasvomaskeja on nyt saatavissa ja viimeisen viikon aikana viimeisetkin ostorajoitukset ovat poistuneet. T\u00e4m\u00e4 on sangen merkitt\u00e4v\u00e4\u00e4 ja kertoo siit\u00e4, ett\u00e4 kauppaketjut ovat saaneet s\u00e4\u00e4detty\u00e4 logistiikkaketjunsa vastaamaan tilanteeseen. Helppoa se ei liene ollut ja hyllyille onkin ilmestynyt t\u00e4ysin uusia tuotemerkkej\u00e4 mik\u00e4 kertoo siit\u00e4, ett\u00e4 tuotteita on jouduttu tilaamaan mist\u00e4 niit\u00e4 on vain saanut.<\/p>\n<p style=\"text-align: center;\"><a href=\"\/blog\/wp-content\/uploads\/2020\/suojamaskeja.jpg\"><img decoding=\"async\" src=\"\/blog\/wp-content\/uploads\/2020\/suojamaskeja.jpg\" \/><\/a><\/p>\n<p style=\"text-align: center;\"><em>Maskeja saa taas kaupoista<\/em><\/p>\n<p style=\"text-align: justify;\">Itse emme ole viel\u00e4 l\u00e4hteneet ulos ruokailemaan, mutta ravintoloita on tullut tuettua jo viikkojen ajan noutoruokaa tilaten. Muuten oma liikkuminen rajoittuu <a title=\"Richmondin ymp\u00e4riajo\" href=\"https:\/\/www.vuosiamaailmalla.fi\/?p=10652\">l\u00e4hinn\u00e4 l\u00e4hiseutuun<\/a>, sill\u00e4 mihink\u00e4\u00e4n ei p\u00e4\u00e4se.<\/p>\n<p style=\"text-align: center;\"><a href=\"\/blog\/wp-content\/uploads\/2020\/noutoruokaa2.jpg\"><img decoding=\"async\" src=\"\/blog\/wp-content\/uploads\/2020\/noutoruokaa2.jpg\" \/><\/a><\/p>\n<p style=\"text-align: center;\"><em>Noutoruoka on tuen osoitus<\/em><\/p>\n<p style=\"text-align: justify;\">Hieno juttu olivat t\u00e4ll\u00e4 viikolla varattavaksi tulleet telttailupaikat kes\u00e4- ja hein\u00e4kuulle. Tiistaina aamuseitsem\u00e4lt\u00e4 avautunut varauspalvelu ruuhkautui kuitenkin todella pahoin, kun yli 50 000 ihmist\u00e4 yritti varata itselleen telttapaikkaa. Meid\u00e4n onnistui saada ainoastaan yksi varaus kes\u00e4kuulle ja n\u00e4ht\u00e4v\u00e4ksi j\u00e4\u00e4 josko paikkoja l\u00f6ytyy loppukes\u00e4st\u00e4 lis\u00e4\u00e4. Kysynn\u00e4n m\u00e4\u00e4r\u00e4 on yll\u00e4tt\u00e4v\u00e4\u00e4, sill\u00e4 British Columbiaan ei odoteta tai edes toivota turisteja ennen syksy\u00e4. Esimerkiksi telttapaikkojen varaaminen t\u00e4lle kes\u00e4lle on mahdollista vain provinssin <a title=\"British Columbia ylitti 5 miljoonaa asukasta\" href=\"https:\/\/www.vuosiamaailmalla.fi\/?p=9987\">viidelle miljoonalle asukkaalle<\/a> ja tulossa lieneekin melkoinen matkailukes\u00e4 omassa provinssissa.<\/p>\n<p style=\"text-align: justify;\">Koronatilanne British Columbiassa on pysynyt viime viikot <a title=\"Lupaavalla koronak\u00e4yr\u00e4ll\u00e4\" href=\"https:\/\/www.vuosiamaailmalla.fi\/?p=10597\">eritt\u00e4in vakaana<\/a> ja p\u00e4ivi\u00e4 ilman kuolemantapauksia on ollut viikottain. Provinsin alueella kuolleiden m\u00e4\u00e4r\u00e4 on ainoastaan 164 ihmist\u00e4, kun koko Kanadassa m\u00e4\u00e4r\u00e4 on 6996. Tartuntojen seulominen testaamalla on p\u00e4\u00e4ssyt nyt t\u00e4yteen vauhtiin ja Kanadassa on testattu jo yli 1,6 miljoonaa ihmist\u00e4. Todennettujen tartuntojen m\u00e4\u00e4r\u00e4 Kanadassa on t\u00e4n\u00e4\u00e4n 89 741 ja kolmanneksi suurimmassa British Columbiassa ainoastaan 2562. Yli 84% t\u00e4\u00e4ll\u00e4 sairastuneista on parantunut ja\u00a0 sairaalassa on en\u00e4\u00e4 parikymment\u00e4 ihmist\u00e4.<\/p>\n<p style=\"text-align: center;\"><a href=\"\/blog\/wp-content\/uploads\/2020\/kanadan_tartunnat5.jpg\"><img decoding=\"async\" src=\"\/blog\/wp-content\/uploads\/2020\/kanadan_tartunnat5.jpg\" \/><\/a><\/p>\n<p style=\"text-align: center;\"><em>Koronatilanne Kanadassa t\u00e4n\u00e4\u00e4n<\/em><\/p>\n<p style=\"text-align: justify;\">Lukemamme ovat siis todella hyvi\u00e4 muuhun Kanadaan sek\u00e4 suurimpaan osaan l\u00e4nsimaita verrattuna. Ihmiset ovatkin ottaneet l\u00f6ysentyneet rajoitukset ilolla vastaan ja kes\u00e4p\u00e4ivin\u00e4 kaupungin j\u00e4lleen avautuneet puistot ovat olleet t\u00e4ynn\u00e4 vastuullisesti et\u00e4isyytt\u00e4 pit\u00e4vi\u00e4 ihmisi\u00e4 nauttimassa l\u00e4mpimist\u00e4 keleist\u00e4.<\/p>\n<p style=\"text-align: center;\"><a href=\"\/blog\/wp-content\/uploads\/2020\/koronakesa_kaupungilla1.jpg\"><img decoding=\"async\" src=\"\/blog\/wp-content\/uploads\/2020\/thumbs\/thumbs_koronakesa_kaupungilla1.jpg\" \/><\/a><a href=\"\/blog\/wp-content\/uploads\/2020\/koronakesa_kaupungilla4.jpg\"><img decoding=\"async\" src=\"\/blog\/wp-content\/uploads\/2020\/thumbs\/thumbs_koronakesa_kaupungilla4.jpg\" \/><\/a><a href=\"\/blog\/wp-content\/uploads\/2020\/koronakesa_kaupungilla3.jpg\"><img decoding=\"async\" src=\"\/blog\/wp-content\/uploads\/2020\/thumbs\/thumbs_koronakesa_kaupungilla3.jpg\" \/><\/a><\/p>\n<p style=\"text-align: center;\"><em>Koronakes\u00e4 puistossa ja rannoilla<\/em><\/p>\n<p style=\"text-align: center;\"><a href=\"\/blog\/wp-content\/uploads\/2020\/koronakesa_kaupungilla2.jpg\"><img decoding=\"async\" src=\"\/blog\/wp-content\/uploads\/2020\/koronakesa_kaupungilla2.jpg\" \/><\/a><\/p>\n<p style=\"text-align: center;\"><em>Vastuullista auringonpalvontaa<\/em><\/p>\n<p style=\"text-align: justify;\">Kauppojen ja liikkeiden avautumisen my\u00f6t\u00e4 ihmiset ovat alkaneet my\u00f6s palata ty\u00f6paikoille, mink\u00e4 n\u00e4kee liikenteen vilkastumisena. Paluun ennustetaan kuitenkin olevan hidasta ja viev\u00e4n kuukausia. Niina k\u00e4vi t\u00e4ll\u00e4 viikolla kerran toimistolla, mutta itse en ole palaamassa ty\u00f6paikalle viel\u00e4 pitk\u00e4\u00e4n aikaan. Vaikka meill\u00e4kin pieni m\u00e4\u00e4r\u00e4 ty\u00f6ntekij\u00f6it\u00e4 palaa kes\u00e4kuun toisella puoliskolla toimistolle, oletuksena on ett\u00e4 iso osa ty\u00f6skentelee et\u00e4n\u00e4 jopa ensi vuoden tammikuuhun saakka. Sinne on viel\u00e4 kotvasen verran matkaa.<\/p>\n","protected":false},"excerpt":{"rendered":"<p>British Columbiassa aloitettiin kaksi viikkoa sitten paluu kohti normaalia kun ravintolat, kampaajat sek\u00e4 monet liikkeet saivat provinssin terveysviranomaisilta luvan palata toimintaan. Kyseess\u00e4 on neliportaisen suunnitelman toisesta vaiheesta, jonka aikana avattavalle liiketoiminnalle on kuitenkin edelleen tarkat s\u00e4\u00e4nn\u00f6kset. Esimerkiksi ravintoloissa ruokailijoiden m\u00e4\u00e4r\u00e4\u00e4 on rajoitettu tyhjien p\u00f6ytien j\u00e4tt\u00e4miseksi p\u00f6yt\u00e4kuntien v\u00e4liin, mink\u00e4 lis\u00e4ksi terassi- ja patiotilat on maksimoitu paremman &hellip; <a href=\"https:\/\/www.vuosiamaailmalla.fi\/blog\/2020\/normaalimpaa-arkea\/\" class=\"more-link\">Jatka lukemista<span class=\"screen-reader-text\"> &#8221;Normaalimpaa arkea&#8221;<\/span><\/a><\/p>\n","protected":false},"author":1,"featured_media":10675,"comment_status":"open","ping_status":"open","sticky":false,"template":"","format":"standard","meta":{"_jetpack_memberships_contains_paid_content":false,"footnotes":""},"categories":[17,3],"tags":[25,34,935,1487,939],"class_list":["post-10673","post","type-post","status-publish","format-standard","has-post-thumbnail","hentry","category-arki-kanadassa","category-arki-ulkomailla","tag-ajankohtaista","tag-arki","tag-kanada","tag-koronavirus","tag-vancouver"],"jetpack_featured_media_url":"https:\/\/www.vuosiamaailmalla.fi\/blog\/wp-content\/uploads\/koronakesa_kaupungilla_banner.jpg","jetpack_sharing_enabled":true,"_links":{"self":[{"href":"https:\/\/www.vuosiamaailmalla.fi\/blog\/wp-json\/wp\/v2\/posts\/10673","targetHints":{"allow":["GET"]}}],"collection":[{"href":"https:\/\/www.vuosiamaailmalla.fi\/blog\/wp-json\/wp\/v2\/posts"}],"about":[{"href":"https:\/\/www.vuosiamaailmalla.fi\/blog\/wp-json\/wp\/v2\/types\/post"}],"author":[{"embeddable":true,"href":"https:\/\/www.vuosiamaailmalla.fi\/blog\/wp-json\/wp\/v2\/users\/1"}],"replies":[{"embeddable":true,"href":"https:\/\/www.vuosiamaailmalla.fi\/blog\/wp-json\/wp\/v2\/comments?post=10673"}],"version-history":[{"count":0,"href":"https:\/\/www.vuosiamaailmalla.fi\/blog\/wp-json\/wp\/v2\/posts\/10673\/revisions"}],"wp:featuredmedia":[{"embeddable":true,"href":"https:\/\/www.vuosiamaailmalla.fi\/blog\/wp-json\/wp\/v2\/media\/10675"}],"wp:attachment":[{"href":"https:\/\/www.vuosiamaailmalla.fi\/blog\/wp-json\/wp\/v2\/media?parent=10673"}],"wp:term":[{"taxonomy":"category","embeddable":true,"href":"https:\/\/www.vuosiamaailmalla.fi\/blog\/wp-json\/wp\/v2\/categories?post=10673"},{"taxonomy":"post_tag","embeddable":true,"href":"https:\/\/www.vuosiamaailmalla.fi\/blog\/wp-json\/wp\/v2\/tags?post=10673"}],"curies":[{"name":"wp","href":"https:\/\/api.w.org\/{rel}","templated":true}]}}