{"id":10679,"date":"2020-07-01T14:13:33","date_gmt":"2020-07-01T21:13:33","guid":{"rendered":"http:\/\/13.53.127.146\/?p=10679"},"modified":"2020-12-29T16:32:17","modified_gmt":"2020-12-30T00:32:17","slug":"virtuaalinen-canada-day","status":"publish","type":"post","link":"https:\/\/www.vuosiamaailmalla.fi\/blog\/2020\/virtuaalinen-canada-day\/","title":{"rendered":"Virtuaalinen Canada Day"},"content":{"rendered":"<p style=\"text-align: justify;\">Kanadassa vietet\u00e4\u00e4n t\u00e4n\u00e4\u00e4n maan 153. itsen\u00e4isyysp\u00e4iv\u00e4\u00e4 eli <a title=\"Itsen\u00e4isyysp\u00e4iv\u00e4 Canada Day\" href=\"https:\/\/www.vuosiamaailmalla.fi\/?p=8277\"><em>Canada Dayta<\/em><\/a>. Meill\u00e4 Niinan kanssa kyseess\u00e4 on j\u00e4rjestyksess\u00e4\u00e4n toinen itsen\u00e4isyysp\u00e4iv\u00e4 <a title=\"Uunituoreet Kanadan kansalaiset\" href=\"https:\/\/www.vuosiamaailmalla.fi\/?p=10088\">Kanadan kansalaisina<\/a> ja t\u00e4m\u00e4nvuotisia juhlallisuuksia vietet\u00e4\u00e4n koronaepidemian vuoksi poikkeuksellisesti virtuaalisesti. L\u00e4hes kaikki suuret yleis\u00f6tapahtumat ymp\u00e4ri maata on peruttu ja siirretty nettiin sek\u00e4 televisioon, jossa py\u00f6rii koko p\u00e4iv\u00e4n monenlaisia virtuaalistriimej\u00e4.<\/p>\n<p><!--more--><\/p>\n<p style=\"text-align: justify;\">Tapahtumaa varten netist\u00e4 l\u00f6ytyy runsaasti katsottavaa ja teht\u00e4v\u00e4\u00e4 juhlap\u00e4iv\u00e4n kunniaksi, kuten kanadalaisia kokkausohjeita, askarteluvinkkej\u00e4, tietovisoja sek\u00e4 monenlaista kanadalaista musiikkia. Ihmisi\u00e4 kehoitetaankin juhlistamaan itsen\u00e4isyytt\u00e4 <a title=\"Uuden Weberin sis\u00e4\u00e4najo\" href=\"https:\/\/www.vuosiamaailmalla.fi\/?p=8219\">grillaamalla<\/a> takapihalla ja olemalla perheen kesken. Juhlap\u00e4iv\u00e4n s\u00e4\u00e4n ennustetaan olevan enimm\u00e4kseen pilvinen ymp\u00e4ri t\u00e4t\u00e4 valtavaa valtiota ja esimerkiksi Vancouverissa itsen\u00e4isyysp\u00e4iv\u00e4 on harmaa.<\/p>\n<p style=\"text-align: center;\"><iframe loading=\"lazy\" src=\"https:\/\/www.youtube-nocookie.com\/embed\/pfzh9DmCKOk\" width=\"560\" height=\"315\" frameborder=\"0\" allowfullscreen=\"allowfullscreen\"><\/iframe><\/p>\n<p style=\"text-align: center;\"><em>Monenlaista tekemist\u00e4 kotiin<\/em><\/p>\n<p style=\"text-align: justify;\">My\u00f6s itsen\u00e4isyysp\u00e4iv\u00e4n juhlintaan perinteisesti liittyv\u00e4t ilotulitukset on siirretty suurimmassa osassa maata nettiin, jossa n\u00e4ht\u00e4viss\u00e4 on iltakymmenelt\u00e4 paikallista aikaa virtuaalinen ilotulitus Ottawan Parliament Hillilt\u00e4 n\u00e4htyn\u00e4.<\/p>\n<p style=\"text-align: center;\"><a href=\"\/blog\/wp-content\/uploads\/2020\/virtuaalinen_canada_day.jpg\"><img decoding=\"async\" src=\"\/blog\/wp-content\/uploads\/2020\/virtuaalinen_canada_day.jpg\" \/><\/a><\/p>\n<p style=\"text-align: center;\"><em>153. itsen\u00e4isyysp\u00e4iv\u00e4<\/em><\/p>\n<p style=\"text-align: justify;\">Oma Canada Daymme kuluu suurilta osin kotona rentoutuen ja vapaap\u00e4iv\u00e4st\u00e4 nauttien. Viime viikon suuren pohjoisen automatkan j\u00e4ljilt\u00e4 meit\u00e4 molempia v\u00e4sytt\u00e4\u00e4 edelleen, eik\u00e4 harmaa keli innosta sen suurempaan puuhasteluun.<\/p>\n<p style=\"text-align: justify;\">Positiivisena uutisena British Columbiassa siirryttiin viime viikolla provinssin <a title=\"Suunnitelma paluusta normaaliin\" href=\"https:\/\/www.vuosiamaailmalla.fi\/?p=10658\">koronasuunnitelmassa<\/a> kolmanteen vaiheeseen. Sen merkitt\u00e4vin uudistus on matkustussuositusten helpottaminen ja provinssin sis\u00e4ll\u00e4 matkustaminen on nyt sallittua kun viel\u00e4 <a title=\"Normaalimpaa arkea\" href=\"https:\/\/www.vuosiamaailmalla.fi\/?p=10673\">edellisess\u00e4 kakkosvaiheessa<\/a> sit\u00e4 kehoitettiin voimakkaasti v\u00e4ltt\u00e4m\u00e4\u00e4n. Hotellit ja majoituspaikat ovat saaneet olla auki koko ajan, mutta kysynt\u00e4 on ollut minimaalista ihmisten v\u00e4ltt\u00e4ess\u00e4 matkustamista. Kolmosvaiheen ajoittuminen kes\u00e4lomakauteen mahdollistaa nyt provissin <a title=\"British Columbia ylitti 5 miljoonaa asukasta\" href=\"https:\/\/www.vuosiamaailmalla.fi\/?p=9987\">viiden miljoonan asukkaan<\/a> l\u00e4hte\u00e4 tien p\u00e4\u00e4lle tutkimaan t\u00e4t\u00e4 uskomattoman upeaa provinssia, kuten me viime viikolla teimme!<\/p>\n<p style=\"text-align: center;\"><a href=\"\/blog\/wp-content\/uploads\/2020\/kolmosvaiheessa.jpg\"><img decoding=\"async\" src=\"\/blog\/wp-content\/uploads\/2020\/kolmosvaiheessa.jpg\" \/><\/a><\/p>\n<p style=\"text-align: center;\"><em>Matkustaminen avautui viime viikolla<\/em><\/p>\n<p style=\"text-align: justify;\">Kolmannessa vaiheessa my\u00f6s British Columbialle t\u00e4rke\u00e4 televisio- ja elokuvatuotanto voi jatkua tietyin rajoituksin ja pieni m\u00e4\u00e4r\u00e4 vierailijoita sallitaan my\u00f6s vanhustenkodeissa, joissa koronavirus on tehnyt eniten tuhoaan. My\u00f6s NHL-kauden pit\u00e4isi jatkua l\u00e4hiviikkoina, mutta Vancouver ei tule toimimaan keskuskaupunkina, sill\u00e4 NHL ei suostunut provinssin tiukkoihin erist\u00e4ytymisvaatimuksiin.<\/p>\n<p style=\"text-align: justify;\">Matkustamista toisiin provinsseihin suositellaan edelleen v\u00e4ltett\u00e4v\u00e4n ilman polttavaa syyt\u00e4, mik\u00e4 on sama my\u00f6s ulkomaanmatkailun kanssa. Amerikan puolelle matkailua ei t\u00e4ll\u00e4 er\u00e4\u00e4 suositella kuin h\u00e4t\u00e4tapauksissa ja vaikka EU salliikin kanadalaisten matkailun t\u00e4st\u00e4 viikosta saakka, seuraa kaikkea provinssin ulkopuolella olevaa matkailua edelleen kahden viikon pakollinen erist\u00e4ytyminen.<\/p>\n<p style=\"text-align: center;\"><a href=\"\/blog\/wp-content\/uploads\/2020\/matkustus_ohjeet.jpg\"><img decoding=\"async\" src=\"\/blog\/wp-content\/uploads\/2020\/matkustus_ohjeet.jpg\" \/><\/a><\/p>\n<p style=\"text-align: center;\"><em>Matkalla on syyt\u00e4 muistaa monta asiaa<\/em><\/p>\n<p style=\"text-align: justify;\">Varovaisuuteen on kuitenkin syyt\u00e4, sill\u00e4 korona ei ole kadonnut mihink\u00e4\u00e4n. British Columbiassa tilanne jatkuu eritt\u00e4in hyv\u00e4n\u00e4 ja on t\u00e4ysin hallinnassa, mutta uusia tapauksia todetaan silti 5-15 joka p\u00e4iv\u00e4. Yhteens\u00e4 tautiin on todettu sairastuneen epidemian aikana 2916 ihmist\u00e4 joista aktiivisesta sairastavia on kuitenkin en\u00e4\u00e4 152.<\/p>\n<p style=\"text-align: justify;\">Ilahduttavasti kuolleiden m\u00e4\u00e4r\u00e4n kasvu on tasaantunut ja viimeiseen kuukauteen on kuollut vain muutama ihminen. Ehk\u00e4 kes\u00e4 ja influenssakauden p\u00e4\u00e4ttyminen auttavat asiassa, sill\u00e4 sairaalassa olevien m\u00e4\u00e4r\u00e4 on laskenut alle kahteenkymmeneen. Lukemassa on viimeisen viikon aikana pient\u00e4 nousua, sill\u00e4 kes\u00e4kuun puoliv\u00e4liss\u00e4 p\u00e4\u00e4stiin jo l\u00e4helle kymment\u00e4 sairaalatapausta. <a title=\"Lupaavalla koronak\u00e4yr\u00e4ll\u00e4\" href=\"https:\/\/www.vuosiamaailmalla.fi\/?p=10597\">Ihmisten kanssak\u00e4yminen<\/a> on noussut viime aikoina 65% lukemaan, joka on l\u00e4hell\u00e4 pistett\u00e4 jonka ylittyess\u00e4 tapausten m\u00e4\u00e4r\u00e4 nousee mallien mukaan j\u00e4lleen kasvuun.<\/p>\n<p style=\"text-align: justify;\">Kanadassa ylitettiin viime viikolla my\u00f6s sadantuhannen tapauksen raja ja lukema on t\u00e4n\u00e4\u00e4n 104 204. Suurimmat tartuntapes\u00e4kkeet ovat edelleen Quebec ja Montreal joissa on todetty per\u00e4ti 86.9% Kanadan tartunnoista. British Columbian osuus on ainoastaan 2.8% mik\u00e4 kertoo ep\u00e4tasaisesta tilanteesta saman maan sis\u00e4ll\u00e4.<\/p>\n<p style=\"text-align: center;\"><a href=\"\/blog\/wp-content\/uploads\/2020\/kanadan_tartunnat6.jpg\"><img decoding=\"async\" src=\"\/blog\/wp-content\/uploads\/2020\/kanadan_tartunnat6.jpg\" \/><\/a><\/p>\n<p style=\"text-align: center;\"><em>Kanadan koronatartunnat t\u00e4n\u00e4\u00e4n<\/em><\/p>\n<p style=\"text-align: justify;\">Poikkeusolosuhteista huolimatta kanadalaisten is\u00e4nmaallinen henki on t\u00e4n\u00e4\u00e4n korkealla ja normaaleihin juhlallisuuksiin p\u00e4\u00e4st\u00e4neen j\u00e4lleen ensi vuonna kun Kanadasta tulee j\u00e4lleen vuoden vanhempi.<\/p>\n<p style=\"text-align: center;\"><a href=\"\/blog\/wp-content\/uploads\/2020\/henki_korkealla.jpg\"><img decoding=\"async\" src=\"\/blog\/wp-content\/uploads\/2020\/henki_korkealla.jpg\" \/><\/a><\/p>\n<p style=\"text-align: center;\"><em>Poikkeuskes\u00e4st\u00e4 huolimatta henki on korkealla<\/em><\/p>\n","protected":false},"excerpt":{"rendered":"<p>Kanadassa vietet\u00e4\u00e4n t\u00e4n\u00e4\u00e4n maan 153. itsen\u00e4isyysp\u00e4iv\u00e4\u00e4 eli Canada Dayta. Meill\u00e4 Niinan kanssa kyseess\u00e4 on j\u00e4rjestyksess\u00e4\u00e4n toinen itsen\u00e4isyysp\u00e4iv\u00e4 Kanadan kansalaisina ja t\u00e4m\u00e4nvuotisia juhlallisuuksia vietet\u00e4\u00e4n koronaepidemian vuoksi poikkeuksellisesti virtuaalisesti. L\u00e4hes kaikki suuret yleis\u00f6tapahtumat ymp\u00e4ri maata on peruttu ja siirretty nettiin sek\u00e4 televisioon, jossa py\u00f6rii koko p\u00e4iv\u00e4n monenlaisia virtuaalistriimej\u00e4.<\/p>\n","protected":false},"author":1,"featured_media":10681,"comment_status":"open","ping_status":"open","sticky":false,"template":"","format":"standard","meta":{"_jetpack_memberships_contains_paid_content":false,"footnotes":""},"categories":[17,3],"tags":[25,80,935,155,1487],"class_list":["post-10679","post","type-post","status-publish","format-standard","has-post-thumbnail","hentry","category-arki-kanadassa","category-arki-ulkomailla","tag-ajankohtaista","tag-canada-day","tag-kanada","tag-kanadalainen-juttu","tag-koronavirus"],"jetpack_featured_media_url":"https:\/\/www.vuosiamaailmalla.fi\/blog\/wp-content\/uploads\/virtuaalinen_canada_day_banner.jpg","jetpack_sharing_enabled":true,"_links":{"self":[{"href":"https:\/\/www.vuosiamaailmalla.fi\/blog\/wp-json\/wp\/v2\/posts\/10679","targetHints":{"allow":["GET"]}}],"collection":[{"href":"https:\/\/www.vuosiamaailmalla.fi\/blog\/wp-json\/wp\/v2\/posts"}],"about":[{"href":"https:\/\/www.vuosiamaailmalla.fi\/blog\/wp-json\/wp\/v2\/types\/post"}],"author":[{"embeddable":true,"href":"https:\/\/www.vuosiamaailmalla.fi\/blog\/wp-json\/wp\/v2\/users\/1"}],"replies":[{"embeddable":true,"href":"https:\/\/www.vuosiamaailmalla.fi\/blog\/wp-json\/wp\/v2\/comments?post=10679"}],"version-history":[{"count":1,"href":"https:\/\/www.vuosiamaailmalla.fi\/blog\/wp-json\/wp\/v2\/posts\/10679\/revisions"}],"predecessor-version":[{"id":11148,"href":"https:\/\/www.vuosiamaailmalla.fi\/blog\/wp-json\/wp\/v2\/posts\/10679\/revisions\/11148"}],"wp:featuredmedia":[{"embeddable":true,"href":"https:\/\/www.vuosiamaailmalla.fi\/blog\/wp-json\/wp\/v2\/media\/10681"}],"wp:attachment":[{"href":"https:\/\/www.vuosiamaailmalla.fi\/blog\/wp-json\/wp\/v2\/media?parent=10679"}],"wp:term":[{"taxonomy":"category","embeddable":true,"href":"https:\/\/www.vuosiamaailmalla.fi\/blog\/wp-json\/wp\/v2\/categories?post=10679"},{"taxonomy":"post_tag","embeddable":true,"href":"https:\/\/www.vuosiamaailmalla.fi\/blog\/wp-json\/wp\/v2\/tags?post=10679"}],"curies":[{"name":"wp","href":"https:\/\/api.w.org\/{rel}","templated":true}]}}