{"id":10694,"date":"2020-07-20T19:36:27","date_gmt":"2020-07-21T02:36:27","guid":{"rendered":"http:\/\/13.53.127.146\/?p=10694"},"modified":"2021-09-18T17:28:00","modified_gmt":"2021-09-19T00:28:00","slug":"toinen-aalto","status":"publish","type":"post","link":"https:\/\/www.vuosiamaailmalla.fi\/blog\/2020\/toinen-aalto\/","title":{"rendered":"Toinen aalto"},"content":{"rendered":"<p style=\"text-align: justify;\">Britishcolumbialaiset saivat t\u00e4n\u00e4\u00e4n huonoja uutisia, kun provinssin ylin terveysviranomainen tohtori Bonnie Henry kertoi 102 uudesta koronatapauksesta kolmen viime p\u00e4iv\u00e4n ajalta. Lukema on suurin sitten <a title=\"Normaalimpaa arkea\" href=\"https:\/\/www.vuosiamaailmalla.fi\/?p=10673\">huhtikuun lopun<\/a> ja kertoo toisen tartunta-aallon tulosta voimalla. Provinssin alueella on tilastoitu jo toista viikkoa 15-20 tartunnan p\u00e4iv\u00e4lukemia mik\u00e4 on nostanut huolta ihmisten unohtamisesta varoa kes\u00e4helteiden keskell\u00e4.<\/p>\n<p><!--more--><\/p>\n<p style=\"text-align: justify;\">Viime p\u00e4ivien merkitt\u00e4v\u00e4ksi tartuntakeskukseksi on paljastunut Kelownassa <a title=\"Virtuaalinen Canada Day\" href=\"https:\/\/www.vuosiamaailmalla.fi\/?p=10679\"><em>Canada Dayn<\/em><\/a> ymp\u00e4rill\u00e4 vietetyt useat kotijuhlat, joita paikkakunnalle lomailemaan saapunut nuoriso on j\u00e4rjest\u00e4nyt tuntemattomien nuorisoporukoiden kesken. Tuolloiseen kes\u00e4iseen viikonloppuun linkittyy jo yli 60 tapausta, mink\u00e4 lis\u00e4ksi tapauksia on paljastunut edelleen muutamista vanhustenkodista sek\u00e4 ravintolasta. Suurin osa tapauksista linkittyy edelleen aiemmin todettujen tapausten ymp\u00e4rille mik\u00e4 kasvattaa tapausm\u00e4\u00e4ri\u00e4 syk\u00e4yksitt\u00e4in.<\/p>\n<p style=\"text-align: center;\"><a href=\"\/blog\/wp-content\/uploads\/2020\/tartuntakayra1.jpg\"><img decoding=\"async\" src=\"\/blog\/wp-content\/uploads\/2020\/tartuntakayra1.jpg\" \/><\/a><\/p>\n<p style=\"text-align: center;\"><em>Sattumaa vaiko toinen aalto?<\/em><\/p>\n<p style=\"text-align: justify;\">Trendi on harmillinen British Columbian oltua pitk\u00e4\u00e4n yksi parhaiten epidemiaa kontrolloinut Kanadan provinssi. Kes\u00e4 ja lomat ovat kuitenkin suistamassa provinssin <a title=\"Paluu koronahuippuihin\" href=\"https:\/\/www.vuosiamaailmalla.fi\/?p=10725\">huonolle polulle<\/a> miss\u00e4 osallisena ovat my\u00f6s muista provinsseista saapuvat ihmiset.<\/p>\n<p style=\"text-align: justify;\">British Columbian 3300 todettua tapausta ovat kuitenkin edelleen v\u00e4h\u00e4n verrattuna Albertan 9587, Ontarion 37 739 ja Quebecin per\u00e4ti 57 616 tartuntaan verrattuna, mutta kahdessa viimeisess\u00e4 provinssissa <a title=\"Lupaavalla koronak\u00e4yr\u00e4ll\u00e4\" href=\"https:\/\/www.vuosiamaailmalla.fi\/?p=10597\">k\u00e4yr\u00e4 on tasaantumassa<\/a> kun t\u00e4\u00e4ll\u00e4 se on l\u00e4hd\u00f6ss\u00e4 uuteen nousuun. Viranomaismallinnuksissa ihmisten kanssak\u00e4ymisen arvioidaan olevan t\u00e4ll\u00e4 hetkell\u00e4 65-70% normaalista mik\u00e4 on kriittisen lukeman rajalla jonka yl\u00e4puolella tartunnat l\u00e4htev\u00e4t nopeaan nousuun R-lukeman ollessa t\u00e4ll\u00e4 hetkell\u00e4 hieman yli yhden. Todellisen tartuntam\u00e4\u00e4r\u00e4n ennakoidaan olevan t\u00e4ll\u00e4 hetkell\u00e4 kuitenkin kahdeksankertainen, mik\u00e4 tarkoittaisi yli 16 500 tapausta ja 0.33% provinssin v\u00e4est\u00f6st\u00e4.<\/p>\n<p style=\"text-align: center;\"><a href=\"\/blog\/wp-content\/uploads\/2020\/kanadan_tartunnat7.jpg\"><img decoding=\"async\" src=\"\/blog\/wp-content\/uploads\/2020\/kanadan_tartunnat7.jpg\" \/><\/a><\/p>\n<p style=\"text-align: center;\"><em>Kanadan tilanne t\u00e4n\u00e4\u00e4n<\/em><\/p>\n<p style=\"text-align: justify;\">Positiivisena uutisena kuolleiden m\u00e4\u00e4r\u00e4 on pysynyt viimeiset kaksi kuukautta alhaisena ja mediaani-ik\u00e4 85 vuoden tiet\u00e4mill\u00e4. 17% todetuista tartunnoista on tarvinnut sairaalahoitoa mediaanin ollessa 69 vuotta. T\u00e4ll\u00e4 hetkell\u00e4 253 aktiivisesta tapauksesta ainoastaan 18 ihmist\u00e4 on sairaalassa ja kaksi teho-osastolla, mutta lukemien ennustetaan nousevan.\u00a0 Ylip\u00e4\u00e4t\u00e4ns\u00e4 tartunnan saaneiden mediaani-ik\u00e4 on ollut 50 vuotta ja sairastuneista on ollut 52% naisia.<\/p>\n<p style=\"text-align: center;\"><a href=\"\/blog\/wp-content\/uploads\/2020\/tartuntojen_profiili.jpg\"><img decoding=\"async\" src=\"\/blog\/wp-content\/uploads\/2020\/tartuntojen_profiili.jpg\" \/><\/a><\/p>\n<p style=\"text-align: center;\"><em>Tilastoja tartunnoista<\/em><\/p>\n<p style=\"text-align: justify;\">British Columbian p\u00e4ivitt\u00e4iset testausm\u00e4\u00e4r\u00e4t ovat olleet my\u00f6s nousussa ja t\u00e4h\u00e4n menness\u00e4 201 317 ihmist\u00e4 on k\u00e4ynyt koronatestiss\u00e4, joista 1.63% on ollut positiivisia. Testiin p\u00e4\u00e4see t\u00e4ll\u00e4 hetkell\u00e4 kuka tahansa mutta testi\u00e4 voi joutua jonottamaan tovin, kuten Niina sai todeta k\u00e4ydess\u00e4\u00e4n viime viikolla testiss\u00e4. Nen\u00e4n kautta otettava ep\u00e4miellytt\u00e4v\u00e4ss\u00e4 testiss\u00e4 kesti ainoastaan kymmenen minuuttia, mutta suuri m\u00e4\u00e4r\u00e4 testattavia teki jonotuksesta melkein kaksi tuntia pitk\u00e4n\u00a0 keskell\u00e4 arkip\u00e4iv\u00e4\u00e4.<\/p>\n<p style=\"text-align: justify;\">On kiintoisaa n\u00e4hd\u00e4 mihin suuntaan epidemia t\u00e4st\u00e4 kehittyy. Selv\u00e4\u00e4 koronav\u00e4symyst\u00e4 on ollut <a title=\"Normaalimpaa arkea\" href=\"https:\/\/www.vuosiamaailmalla.fi\/?p=10673\">viimeisen kuukauden ajan<\/a> ilmassa itse kullakin, mutta ainakin t\u00e4\u00e4ll\u00e4 Burnabyss\u00e4 maskien k\u00e4ytt\u00f6 on edelleen yleist\u00e4 kiitos suuren aasialaisv\u00e4est\u00f6n. Itse jatkamme hyv\u00e4ksi todettujen hygieniatapojen noudattamista ja v\u00e4lt\u00e4mme parhaamme mukaan suuria ihmismassoja mihin on hyv\u00e4 mahdollisuus esimerkiksi <a title=\"Richmondin ymp\u00e4riajo\" href=\"https:\/\/www.vuosiamaailmalla.fi\/?p=10652\">py\u00f6r\u00e4illess\u00e4<\/a>.<\/p>\n<p style=\"text-align: center;\"><a href=\"\/blog\/wp-content\/uploads\/2020\/epidemian_r-lukema1.jpg\"><img decoding=\"async\" src=\"\/blog\/wp-content\/uploads\/2020\/epidemian_r-lukema1.jpg\" \/><\/a><\/p>\n<p style=\"text-align: center;\"><em>Kriittinen r-lukema on yli yhden<\/em><\/p>\n<p style=\"text-align: justify;\">Jos tilanne k\u00e4\u00e4ntyy entist\u00e4 pahemmaksi voi edess\u00e4 olla my\u00f6s <a title=\"Suunnitelma paluusta normaaliin\" href=\"https:\/\/www.vuosiamaailmalla.fi\/?p=10658\">paluu toiseen vaiheeseen<\/a>, jossa matkustamisesta omankin provinssin alueella tulisi j\u00e4lleen v\u00e4ltett\u00e4v\u00e4\u00e4. Henkil\u00f6kohtaisesti t\u00e4m\u00e4 ei olisi niin suuri tappio t\u00e4m\u00e4n vuoden <a title=\"Kes\u00e4lomamatkalla koronan keskell\u00e4\" href=\"https:\/\/www.vuosiamaailmalla.fi\/?p=10767\">kes\u00e4lomamme<\/a> ollessa jo takana p\u00e4in, mutta paluu aiempaan ei ole kenenk\u00e4\u00e4n etu ja se olisi my\u00f6s <a title=\"Kanadan ty\u00f6llisyystilanne (2021)\" href=\"https:\/\/www.vuosiamaailmalla.fi\/blog\/2021\/kanadan-tyollisyystilanne-2021\/\">taloudellisesti eritt\u00e4in raskasta<\/a>. Kynnys <a title=\"Kaksi kuukautta koronaa\" href=\"https:\/\/www.vuosiamaailmalla.fi\/?p=10638\">uudelleenerist\u00e4ytymiseen<\/a> onkin asetettu eritt\u00e4in korkealle ja kaikki toivovat ett\u00e4 kes\u00e4st\u00e4 <a title=\"Taittuva toinen aalto\" href=\"https:\/\/www.vuosiamaailmalla.fi\/?p=10854\">selvit\u00e4\u00e4n s\u00e4ik\u00e4hdyksell\u00e4<\/a>.<\/p>\n","protected":false},"excerpt":{"rendered":"<p>Britishcolumbialaiset saivat t\u00e4n\u00e4\u00e4n huonoja uutisia, kun provinssin ylin terveysviranomainen tohtori Bonnie Henry kertoi 102 uudesta koronatapauksesta kolmen viime p\u00e4iv\u00e4n ajalta. Lukema on suurin sitten huhtikuun lopun ja kertoo toisen tartunta-aallon tulosta voimalla. Provinssin alueella on tilastoitu jo toista viikkoa 15-20 tartunnan p\u00e4iv\u00e4lukemia mik\u00e4 on nostanut huolta ihmisten unohtamisesta varoa kes\u00e4helteiden keskell\u00e4.<\/p>\n","protected":false},"author":1,"featured_media":10696,"comment_status":"open","ping_status":"open","sticky":false,"template":"","format":"standard","meta":{"_jetpack_memberships_contains_paid_content":false,"footnotes":""},"categories":[17,3],"tags":[25,34,935,1487,939],"class_list":["post-10694","post","type-post","status-publish","format-standard","has-post-thumbnail","hentry","category-arki-kanadassa","category-arki-ulkomailla","tag-ajankohtaista","tag-arki","tag-kanada","tag-koronavirus","tag-vancouver"],"jetpack_featured_media_url":"https:\/\/www.vuosiamaailmalla.fi\/blog\/wp-content\/uploads\/tartuntakayra_banner.jpg","jetpack_sharing_enabled":true,"_links":{"self":[{"href":"https:\/\/www.vuosiamaailmalla.fi\/blog\/wp-json\/wp\/v2\/posts\/10694","targetHints":{"allow":["GET"]}}],"collection":[{"href":"https:\/\/www.vuosiamaailmalla.fi\/blog\/wp-json\/wp\/v2\/posts"}],"about":[{"href":"https:\/\/www.vuosiamaailmalla.fi\/blog\/wp-json\/wp\/v2\/types\/post"}],"author":[{"embeddable":true,"href":"https:\/\/www.vuosiamaailmalla.fi\/blog\/wp-json\/wp\/v2\/users\/1"}],"replies":[{"embeddable":true,"href":"https:\/\/www.vuosiamaailmalla.fi\/blog\/wp-json\/wp\/v2\/comments?post=10694"}],"version-history":[{"count":1,"href":"https:\/\/www.vuosiamaailmalla.fi\/blog\/wp-json\/wp\/v2\/posts\/10694\/revisions"}],"predecessor-version":[{"id":12455,"href":"https:\/\/www.vuosiamaailmalla.fi\/blog\/wp-json\/wp\/v2\/posts\/10694\/revisions\/12455"}],"wp:featuredmedia":[{"embeddable":true,"href":"https:\/\/www.vuosiamaailmalla.fi\/blog\/wp-json\/wp\/v2\/media\/10696"}],"wp:attachment":[{"href":"https:\/\/www.vuosiamaailmalla.fi\/blog\/wp-json\/wp\/v2\/media?parent=10694"}],"wp:term":[{"taxonomy":"category","embeddable":true,"href":"https:\/\/www.vuosiamaailmalla.fi\/blog\/wp-json\/wp\/v2\/categories?post=10694"},{"taxonomy":"post_tag","embeddable":true,"href":"https:\/\/www.vuosiamaailmalla.fi\/blog\/wp-json\/wp\/v2\/tags?post=10694"}],"curies":[{"name":"wp","href":"https:\/\/api.w.org\/{rel}","templated":true}]}}