{"id":10703,"date":"2020-08-03T11:56:05","date_gmt":"2020-08-03T18:56:05","guid":{"rendered":"http:\/\/13.53.127.146\/?p=10703"},"modified":"2023-08-18T22:52:31","modified_gmt":"2023-08-19T05:52:31","slug":"vesihuollon-miljardihankkeet","status":"publish","type":"post","link":"https:\/\/www.vuosiamaailmalla.fi\/blog\/2020\/vesihuollon-miljardihankkeet\/","title":{"rendered":"Vesihuollon miljardihankkeet"},"content":{"rendered":"<p style=\"text-align: justify;\">Kanadan sateisella l\u00e4nsirannikolla puhdas ja riitt\u00e4v\u00e4 vesi tuntuvat itsest\u00e4\u00e4nselvyyksilt\u00e4. Talvikaudella <a title=\"Runsassateinen tammikuu\" href=\"https:\/\/www.vuosiamaailmalla.fi\/?p=10489\">runsaat vesisateet<\/a> huuhtovat katuja viikkojen ajan ja vuorille pakkautuva <a title=\"Metrin syvyisess\u00e4 puuterihangessa\" href=\"https:\/\/www.vuosiamaailmalla.fi\/?p=9930\">paksu lumihanki<\/a> sy\u00f6tt\u00e4\u00e4 vuoristopuroja pitk\u00e4lle kes\u00e4\u00e4n. Sateisen talven vastapainoksi Vancouverin kes\u00e4 on kuitenkin rutikuiva ja <a title=\"Mets\u00e4palokauden huipentuma\" href=\"https:\/\/www.vuosiamaailmalla.fi\/?p=9757\">mets\u00e4palojen riivaama<\/a>, sill\u00e4 rannikolla ei sada hein\u00e4kuun ja syyskuun v\u00e4lisell\u00e4 <a title=\"Nelj\u00e4n kuukauden kuivuus\" href=\"https:\/\/www.vuosiamaailmalla.fi\/?p=7141\">kolmen kuukauden jaksolla<\/a> juuri ollenkaan. Tuolloin normaalisti vihre\u00e4t ruohikot kuivahtavat ja luonto asettautuu odotusasemiin ennen loppusyksyn sadekautta.<\/p>\n<p><!--more--><\/p>\n<p style=\"text-align: justify;\">Vaikka kaunis kes\u00e4jakso onkin lomailijan onni, aiheuttaa ep\u00e4tasainen saderytmi haasteita alueen vesihuollolle. Talvella vett\u00e4 on aivan liikaa ja kes\u00e4ll\u00e4 sit\u00e4 saisi olla lis\u00e4\u00e4, mink\u00e4 vuoksi metropolialueen vesihuolto nojaakin veden varastointiin suurissa tekoj\u00e4rviss\u00e4.<\/p>\n<p style=\"text-align: center;\"><a href=\"\/blog\/wp-content\/uploads\/2015\/2015_sademaara.jpg\"><img decoding=\"async\" src=\"\/blog\/wp-content\/uploads\/2015\/2015_sademaara.jpg\" \/><\/a><\/p>\n<p style=\"text-align: center;\"><em>Vesivarastot tyhjenev\u00e4t kes\u00e4ll\u00e4<\/em><\/p>\n<p style=\"text-align: justify;\">Tilanne on kuitenkin muuttumassa, sill\u00e4 Vancouverin metropolialueen <a title=\"British Columbia ylitti 5 miljoonaa asukasta\" href=\"https:\/\/www.vuosiamaailmalla.fi\/?p=9987\">voimakas v\u00e4est\u00f6nkasvu<\/a> tuo kaupunkialueelle vuosittain 40 000 uutta asukasta, joista jokainen kuluttaa vuodessa huikeita m\u00e4\u00e4ri\u00e4 vett\u00e4, lis\u00e4ten vesihuoltoon kohdistuvaa painetta. Aihe ei ole juurikaan tavallisen kansalaisen mieless\u00e4, mutta metropolialueen hallinnossa tuleva ongelma on tiedostettu jo pitk\u00e4\u00e4n ja meneill\u00e4\u00e4n onkin useita miljardiluokan vesihankkeita.<\/p>\n<p style=\"text-align: center;\"><a href=\"\/blog\/wp-content\/uploads\/2015\/tyhja_cleveland_dam3.jpg\"><img decoding=\"async\" src=\"\/blog\/wp-content\/uploads\/2015\/tyhja_cleveland_dam3.jpg\" \/><\/a><\/p>\n<p style=\"text-align: center;\"><em>Tyhjentynyt Capilano Lake<\/em><\/p>\n<p style=\"text-align: center;\"><a href=\"\/blog\/wp-content\/uploads\/2015\/capilano_reservoir_panoraama.jpg\"><img decoding=\"async\" src=\"\/blog\/wp-content\/uploads\/2015\/capilano_reservoir_panoraama_pieni.jpg\" \/><\/a><\/p>\n<p style=\"text-align: justify;\">Vancouverilaiset ovat melkoisia vedenlotraajia ja 2,5 miljoonan asukkaan metropolialueemme kuluttaa vuosittain vett\u00e4 huikeat 390 miljardia litraa. Vuoden 2011 tilaston mukaan kanadalaiset k\u00e4ytt\u00e4v\u00e4t p\u00e4ivitt\u00e4in 251 litraa vett\u00e4, mihin tulee p\u00e4\u00e4lle teollisuuden k\u00e4ytt\u00e4m\u00e4t valtavat vesim\u00e4\u00e4r\u00e4t. Vett\u00e4 kulutetaankin p\u00e4iv\u00e4ss\u00e4 427 olympiakokoisen uima-altaan verran.<\/p>\n<p style=\"text-align: center;\"><a href=\"\/blog\/wp-content\/uploads\/2020\/metropolialueen_vesisuunnitelmat1.jpg\"><img decoding=\"async\" src=\"\/blog\/wp-content\/uploads\/2020\/metropolialueen_vesisuunnitelmat1.jpg\" \/><\/a><\/p>\n<p style=\"text-align: center;\"><em>Mahdolliset laajennushankkeet<\/em><\/p>\n<p style=\"text-align: center;\"><a href=\"\/blog\/wp-content\/uploads\/2020\/metropolialueen_vesisuunnitelmat2.jpg\"><img decoding=\"async\" src=\"\/blog\/wp-content\/uploads\/2020\/metropolialueen_vesisuunnitelmat2.jpg\" \/><\/a><\/p>\n<p style=\"text-align: justify;\">Vancouverin k\u00e4ytt\u00f6vesi saadaan nykyisell\u00e4\u00e4n kahdesta vuorten v\u00e4liin padotusta tekoj\u00e4rvest\u00e4 sek\u00e4 it\u00e4puolen suuresta Coquitlam Lakesta. Capilano Lake sijaitsee West Vancouverissa ja on suuren <a title=\"Capilano Canyon\" href=\"https:\/\/www.vuosiamaailmalla.fi\/?p=2032\"><em>Cleveland Damin<\/em><\/a> takana. Padolle on vapaa p\u00e4\u00e4sy ja North Vancouverissa syv\u00e4ll\u00e4 vuoristossa sijaitsevalle Seymour Lakelle johtaa puolestaan <a title=\"Py\u00f6r\u00e4retki Seymour Lakelle\" href=\"https:\/\/www.vuosiamaailmalla.fi\/?p=3058\">kaunis py\u00f6r\u00e4ilytie<\/a>. Coquitlam Lakelle ei ole julkista p\u00e4\u00e4sy\u00e4 ollenkaan.<\/p>\n<p style=\"text-align: center;\"><a href=\"\/blog\/wp-content\/uploads\/2015\/tyhja_cleveland_dam6.jpg\"><img decoding=\"async\" src=\"\/blog\/wp-content\/uploads\/2015\/thumbs\/thumbs_tyhja_cleveland_dam6.jpg\" \/><\/a><a href=\"\/blog\/wp-content\/uploads\/2015\/tyhja_cleveland_dam5.jpg\"><img decoding=\"async\" src=\"\/blog\/wp-content\/uploads\/2015\/thumbs\/thumbs_tyhja_cleveland_dam5.jpg\" \/><\/a><\/p>\n<p style=\"text-align: center;\"><em>Cleveland Dam kuivaan aikaan<\/em><\/p>\n<p style=\"text-align: justify;\">J\u00e4rvien vedenoton parannukseen on investoitu jo satoja miljoonia, mill\u00e4 aiemmin erill\u00e4\u00e4n toimineet Capilano ja Seymour Laken vedenottolaitokset on nyt yhdistetty uudella vesitunnelilla. Coquitlam Lakelta rakennetaan paraikaa uutta rinnakkaista 485 miljoonan dollarin vesitunnelia kaupunkiin. J\u00e4rvelle suunnitellaan my\u00f6s toista vedenottopistett\u00e4, jonka avulla suurempi osa j\u00e4rven vedest\u00e4 voitaisiin hy\u00f6dynt\u00e4\u00e4. Projektin hintalappu on huikeat 2,3 miljardia dollaria ja sen ennakoidaan valmistuvan vuoteen 2035 menness\u00e4.<\/p>\n<p style=\"text-align: justify;\">V\u00e4est\u00f6nkasvun ennustetaan kuitenkin\u00a0 <a title=\"Kanadan v\u00e4est\u00f6r\u00e4j\u00e4hdys\" href=\"https:\/\/www.vuosiamaailmalla.fi\/blog\/2023\/kanadan-vaestorajahdys\/\">jatkuvan voimakkaana<\/a> niin ett\u00e4 Vancouverin asukasluku on vuonna 2050 noin 3,6 miljoonaa ja sadan vuoden p\u00e4\u00e4st\u00e4 jopa 5,5 miljoonaa. J\u00e4lkimm\u00e4isess\u00e4 tapauksessa vuosittainen vedentarve nousee per\u00e4ti 600 miljardiin litraan, mihin nykyisetk\u00e4\u00e4n j\u00e4ttihankkeet eiv\u00e4t riit\u00e4.<\/p>\n<p style=\"text-align: center;\"><a href=\"\/blog\/wp-content\/uploads\/2014\/seymour_laken_pato3.jpg\"><img decoding=\"async\" src=\"\/blog\/wp-content\/uploads\/2014\/seymour_laken_pato3.jpg\" \/><\/a><\/p>\n<p style=\"text-align: center;\"><em>Seymour Lakea voisi viel\u00e4 korottaa<\/em><\/p>\n<p style=\"text-align: justify;\">T\u00e4m\u00e4n vuoksi onkin tutkittu vaihtoehtoisia keinoja vesihuollon pitk\u00e4aikaiseksi turvaamiseksi. Cleveland Damin ja <em>Seymour Damin<\/em> korottaminen on yksi vaihtoehto, mutta sit\u00e4 ei pidet\u00e4 taloudellisesti parhaana ratkaisuna. Suositeltavampaa olisikin rakentaa j\u00e4rvien yl\u00e4puolelle kaksi uutta patoa ja luoda n\u00e4in kaksi uutta tekoj\u00e4rve\u00e4 yhteistilavuudeltaan noin 140 miljardia litraa. Samaan tulokseen p\u00e4\u00e4st\u00e4isiin my\u00f6s uudella 53 metri\u00e4 korkealla Seymour Damilla mutta korkeammalla hinnalla. Yksi tarkasteltava vaihtoehto on my\u00f6s uuden tekoj\u00e4rven luominen nykyisen Seymour Laken alapuolelle, mutta t\u00e4m\u00e4 vaatisi <a title=\"Happihyppely Rice Lakella\" href=\"https:\/\/www.vuosiamaailmalla.fi\/?p=7229\">suositun ulkoilualueen<\/a> osittaista uhraamista.<\/p>\n<p style=\"text-align: center;\"><a href=\"\/blog\/wp-content\/uploads\/2020\/capilano_laken_suunnitelmat.jpg\"><img decoding=\"async\" src=\"\/blog\/wp-content\/uploads\/2020\/capilano_laken_suunnitelmat.jpg\" \/><\/a><\/p>\n<p style=\"text-align: center;\"><em>Uusi tekoj\u00e4rvi Capilano Laken yl\u00e4puolelle<\/em><\/p>\n<p style=\"text-align: center;\"><a href=\"\/blog\/wp-content\/uploads\/2020\/seymour_laken_suunnitelmat.jpg\"><img decoding=\"async\" src=\"\/blog\/wp-content\/uploads\/2020\/seymour_laken_suunnitelmat.jpg\" \/><\/a><\/p>\n<p style=\"text-align: center;\"><em>Seymour Laken alapuolellekin voisi tehd\u00e4 tekoj\u00e4rven<\/em><\/p>\n<p style=\"text-align: justify;\">Vaihtoehtona on my\u00f6s ottaa idemp\u00e4n\u00e4 sijaitsevia j\u00e4rvi\u00e4 k\u00e4ytt\u00f6\u00f6n. <a title=\"Kaunis Pitt Lake\" href=\"https:\/\/www.vuosiamaailmalla.fi\/?p=2060\">Kaunis Pitt Lake<\/a> on suurempi kuin nykyiset juomavesivarannot yhteens\u00e4, mutta sen vesi vaatisi enemm\u00e4n k\u00e4sittely\u00e4 ja sijainti l\u00e4hes merenpinnantasolla vaatisi veden pumppaamista. Alueen muut j\u00e4rvet sijaitsevat kaupunkialueen yl\u00e4puolella, joten n\u00e4ist\u00e4 vesi johdetaan kaupunkiin painovoiman avulla.<\/p>\n<p style=\"text-align: center;\"><a href=\"\/blog\/wp-content\/uploads\/2012\/pitt_lake_panoraama.jpg\"><img decoding=\"async\" src=\"\/blog\/wp-content\/uploads\/2012\/pitt_lake_panoraama_pieni.jpg\" \/><\/a><\/p>\n<p style=\"text-align: center;\"><em>Pitt Lake sijaitsee liian matalalla<\/em><\/p>\n<p style=\"text-align: justify;\"><a title=\"Kes\u00e4y\u00f6 Golden Earsin helmassa\" href=\"https:\/\/www.vuosiamaailmalla.fi\/?p=9093\">Upea Alouette Lake<\/a> sek\u00e4 Stave Lake eiv\u00e4t ole kandidaattien joukossa, mutta valtava Harrison Lake sis\u00e4ltyy listaan. <a title=\"Telttaviikonloppu Harrison Lakella\" href=\"https:\/\/www.vuosiamaailmalla.fi\/?p=10182\">Suosittu virkistysalue<\/a> sijaitsee kuitenkin l\u00e4hes sata kilometri\u00e4 kaupungista ja vaatisi t\u00e4ten merkitt\u00e4v\u00e4\u00e4 veden pumppausta pitk\u00e4n kalliotunnelin sis\u00e4ss\u00e4, mik\u00e4 tekee siit\u00e4 kalleimman vaihtoehdon.<\/p>\n<p style=\"text-align: center;\"><a href=\"\/blog\/wp-content\/uploads\/2017\/alouette_lake_panoraama1.jpg\"><img decoding=\"async\" src=\"\/blog\/wp-content\/uploads\/2017\/alouette_lake_panoraama1_pieni.jpg\" \/><\/a><\/p>\n<p style=\"text-align: center;\"><em>Alouette Lake on suosittu ulkoilualue<\/em><\/p>\n<p style=\"text-align: center;\"><a href=\"\/blog\/wp-content\/uploads\/2019\/harrison_grindin_huipulla1.jpg\"><img decoding=\"async\" src=\"\/blog\/wp-content\/uploads\/2019\/thumbs\/thumbs_harrison_grindin_huipulla1.jpg\" \/><\/a><a href=\"\/blog\/wp-content\/uploads\/2019\/harrison_lake4.jpg\"><img decoding=\"async\" src=\"\/blog\/wp-content\/uploads\/2019\/thumbs\/thumbs_harrison_lake4.jpg\" \/><\/a><\/p>\n<p style=\"text-align: center;\"><em>Harrison Lakessa riitt\u00e4isi vett\u00e4<\/em><\/p>\n<p style=\"text-align: justify;\">Kiintoisana harkittavien vaihtoehtojen listalta l\u00f6ytyy my\u00f6s juomaveden puhdistaminen Fraser Riverist\u00e4 suunnilleen <a title=\"Vieh\u00e4tt\u00e4v\u00e4 Fort Langley\" href=\"https:\/\/www.vuosiamaailmalla.fi\/blog\/2023\/viehattava-fort-langley\/\">Fort Langleyn<\/a> kohdalta. Jokiveden k\u00e4ytt\u00f6 vaatisi kuitenkin merkitt\u00e4v\u00e4\u00e4 vedenpuhdistusta, sill\u00e4 1375 kilometri\u00e4 pitk\u00e4 joki ker\u00e4\u00e4 matkallaan monenlaisia ihmisen ja teollisuuden p\u00e4\u00e4st\u00f6j\u00e4.<\/p>\n<p style=\"text-align: justify;\">Vaihtoehtoja on siis lukuisia, eik\u00e4 valinnalla ole v\u00e4lit\u00f6nt\u00e4 kiirett\u00e4. T\u00e4m\u00e4n kokoluokan infraprojekteissa kuluu kuitenkin helposti vuosikymmenen ja ylikin, mink\u00e4 vuoksi ratkaisuja yritet\u00e4\u00e4n tehd\u00e4 jo hyviss\u00e4 ajoin.<\/p>\n<p style=\"text-align: justify;\">V\u00e4est\u00f6nkasvu on my\u00f6s ongelma j\u00e4teveden k\u00e4sittelylle ja metropolialue investoikin paraikaa useita miljardeja alueen kahden merkitt\u00e4v\u00e4n j\u00e4tevesilaitoksen huomattaviin laajennuksiin. <em>Lions Gate Bridgen<\/em> sek\u00e4 <a title=\"Vancouverin lentokentt\u00e4 uusille miljoonaluvuille\" href=\"https:\/\/www.vuosiamaailmalla.fi\/?p=7907\">lentokent\u00e4n<\/a> l\u00e4hettyvill\u00e4 sijaitsevien laitosten kapasiteetti ja tehokkuus kasvaa projekteissa huomattavasti. J\u00e4rjestelm\u00e4\u00e4n kuuluu my\u00f6s kolme muuta k\u00e4sittelylaitosta Fraser Riverin varrella, jotka huolehtivat it\u00e4isten l\u00e4hi\u00f6iden j\u00e4tevedest\u00e4.<\/p>\n<p style=\"text-align: center;\"><a href=\"\/blog\/wp-content\/uploads\/2020\/jatevedenhuolto_vancouverissa.jpg\"><img decoding=\"async\" src=\"\/blog\/wp-content\/uploads\/2020\/jatevedenhuolto_vancouverissa.jpg\" \/><\/a><\/p>\n<p style=\"text-align: center;\"><em>Nykyiset j\u00e4tevedenk\u00e4sittelylaitokset<\/em><\/p>\n<p style=\"text-align: justify;\">Vesihankkeet vaativatkin todella merkitt\u00e4vi\u00e4 p\u00e4\u00e4t\u00f6ksi\u00e4 ja miljardihankkeilla on my\u00f6s huomattava vaikutus <a title=\"Verotus Kanadassa\" href=\"https:\/\/www.vuosiamaailmalla.fi\/?p=8867\">kunnallisverotukseen<\/a>. Silti harva tiet\u00e4\u00e4 suurprojekteista paljoakaan, sill\u00e4 aihe on ei-seksik\u00e4s, eik\u00e4 media saa niist\u00e4 irti samanlaisia intohimoja kuin <a title=\"Uusi George Massey Bridge\" href=\"https:\/\/www.vuosiamaailmalla.fi\/?p=7604\">suurista siltahankkeista<\/a> tai <a title=\"Evergreen-linjan ty\u00f6maalla\" href=\"https:\/\/www.vuosiamaailmalla.fi\/?p=6936\">SkyTrain-laajennuksista<\/a>. V\u00e4ltt\u00e4m\u00e4tt\u00f6min\u00e4 niiden tasainen eteneminen on silti t\u00e4rke\u00e4\u00e4, miss\u00e4 pieni mediahuomio on vain hyv\u00e4st\u00e4.<\/p>\n","protected":false},"excerpt":{"rendered":"<p>Kanadan sateisella l\u00e4nsirannikolla puhdas ja riitt\u00e4v\u00e4 vesi tuntuvat itsest\u00e4\u00e4nselvyyksilt\u00e4. Talvikaudella runsaat vesisateet huuhtovat katuja viikkojen ajan ja vuorille pakkautuva paksu lumihanki sy\u00f6tt\u00e4\u00e4 vuoristopuroja pitk\u00e4lle kes\u00e4\u00e4n. Sateisen talven vastapainoksi Vancouverin kes\u00e4 on kuitenkin rutikuiva ja mets\u00e4palojen riivaama, sill\u00e4 rannikolla ei sada hein\u00e4kuun ja syyskuun v\u00e4lisell\u00e4 kolmen kuukauden jaksolla juuri ollenkaan. Tuolloin normaalisti vihre\u00e4t ruohikot kuivahtavat ja &hellip; <a href=\"https:\/\/www.vuosiamaailmalla.fi\/blog\/2020\/vesihuollon-miljardihankkeet\/\" class=\"more-link\">Jatka lukemista<span class=\"screen-reader-text\"> &#8221;Vesihuollon miljardihankkeet&#8221;<\/span><\/a><\/p>\n","protected":false},"author":1,"featured_media":10706,"comment_status":"open","ping_status":"open","sticky":false,"template":"","format":"standard","meta":{"_jetpack_memberships_contains_paid_content":false,"footnotes":""},"categories":[17,3],"tags":[1224,34,553,1507,935,159,559,301,751,939],"class_list":["post-10703","post","type-post","status-publish","format-standard","has-post-thumbnail","hentry","category-arki-kanadassa","category-arki-ulkomailla","tag-alouette-lake","tag-arki","tag-capilano-lake","tag-cleveland-dam","tag-kanada","tag-kesa","tag-pitt-lake","tag-rakennustyomaa","tag-seymour-lake","tag-vancouver"],"jetpack_featured_media_url":"https:\/\/www.vuosiamaailmalla.fi\/blog\/wp-content\/uploads\/metropolialueen_vesisuunnitelmat_banner.jpg","jetpack_sharing_enabled":true,"_links":{"self":[{"href":"https:\/\/www.vuosiamaailmalla.fi\/blog\/wp-json\/wp\/v2\/posts\/10703","targetHints":{"allow":["GET"]}}],"collection":[{"href":"https:\/\/www.vuosiamaailmalla.fi\/blog\/wp-json\/wp\/v2\/posts"}],"about":[{"href":"https:\/\/www.vuosiamaailmalla.fi\/blog\/wp-json\/wp\/v2\/types\/post"}],"author":[{"embeddable":true,"href":"https:\/\/www.vuosiamaailmalla.fi\/blog\/wp-json\/wp\/v2\/users\/1"}],"replies":[{"embeddable":true,"href":"https:\/\/www.vuosiamaailmalla.fi\/blog\/wp-json\/wp\/v2\/comments?post=10703"}],"version-history":[{"count":2,"href":"https:\/\/www.vuosiamaailmalla.fi\/blog\/wp-json\/wp\/v2\/posts\/10703\/revisions"}],"predecessor-version":[{"id":13242,"href":"https:\/\/www.vuosiamaailmalla.fi\/blog\/wp-json\/wp\/v2\/posts\/10703\/revisions\/13242"}],"wp:featuredmedia":[{"embeddable":true,"href":"https:\/\/www.vuosiamaailmalla.fi\/blog\/wp-json\/wp\/v2\/media\/10706"}],"wp:attachment":[{"href":"https:\/\/www.vuosiamaailmalla.fi\/blog\/wp-json\/wp\/v2\/media?parent=10703"}],"wp:term":[{"taxonomy":"category","embeddable":true,"href":"https:\/\/www.vuosiamaailmalla.fi\/blog\/wp-json\/wp\/v2\/categories?post=10703"},{"taxonomy":"post_tag","embeddable":true,"href":"https:\/\/www.vuosiamaailmalla.fi\/blog\/wp-json\/wp\/v2\/tags?post=10703"}],"curies":[{"name":"wp","href":"https:\/\/api.w.org\/{rel}","templated":true}]}}