{"id":10715,"date":"2020-08-08T14:48:08","date_gmt":"2020-08-08T21:48:08","guid":{"rendered":"http:\/\/13.53.127.146\/?p=10715"},"modified":"2024-08-18T14:33:23","modified_gmt":"2024-08-18T21:33:23","slug":"kanadan-tyollisyystilanne-2020","status":"publish","type":"post","link":"https:\/\/www.vuosiamaailmalla.fi\/blog\/2020\/kanadan-tyollisyystilanne-2020\/","title":{"rendered":"Kanadan ty\u00f6llisyystilanne (2020)"},"content":{"rendered":"<p style=\"text-align: justify;\">Vuosi 2020 on ollut huonojen uutisten t\u00e4ytt\u00e4m\u00e4. Vuosikymmenen mittainen maailmantalouden enn\u00e4tyspitk\u00e4 kasvukausi t\u00f6rm\u00e4si maaliskuussa sein\u00e4\u00e4n, kun pandemiaksi ry\u00f6st\u00e4ytynyt koronavirus sai ison osan maailman maista <a title=\"Puolieristyksiss\u00e4 kev\u00e4\u00e4n keskell\u00e4\" href=\"https:\/\/www.vuosiamaailmalla.fi\/?p=10583\">erist\u00e4ytym\u00e4\u00e4n ja sulkeutumaan<\/a>. Toimien vaikutus talouteen on ollut massiivinen ja eri maiden tilastoissa n\u00e4htiin loppukev\u00e4\u00e4st\u00e4 historiallisia ty\u00f6tt\u00f6myyslukemia jopa miljoonien ihmisten menetetty\u00e4 ty\u00f6ns\u00e4.<\/p>\n<p><!--more--><\/p>\n<p style=\"text-align: justify;\"><em>\ud83d\udca1 Lue viimeisin kirjoitus Kanadan ty\u00f6llisyystilanteesta <a href=\"https:\/\/www.vuosiamaailmalla.fi\/blog\/tag\/tyottomyys\/\">t\u00e4\u00e4ll\u00e4<\/a>.<\/em><\/p>\n<p style=\"text-align: center;\"><a href=\"\/blog\/wp-content\/uploads\/2020\/statistics_canada.jpg\"><img decoding=\"async\" src=\"\/blog\/wp-content\/uploads\/2020\/statistics_canada.jpg\" \/><\/a><\/p>\n<p style=\"text-align: center;\"><em>Tilastokeskus toimittaa kuukausittaiset lukemat<\/em><\/p>\n<p style=\"text-align: justify;\">Kev\u00e4\u00e4n shokista on alettu <a title=\"Lupaavalla koronak\u00e4yr\u00e4ll\u00e4\" href=\"https:\/\/www.vuosiamaailmalla.fi\/blog\/2020\/lupaavalla-koronakayralla\/\">kes\u00e4n mittaan<\/a> kipuamaan yl\u00f6sp\u00e4in, mutta esimerkiksi Kanadan <a title=\"Kanadan ty\u00f6llisyystilanne (2019)\" href=\"https:\/\/www.vuosiamaailmalla.fi\/?p=10212\">vuoden takaiseen<\/a> 5.7% ty\u00f6tt\u00f6myyteen on viel\u00e4 runsaasti matkaa. Juuri julkaistujen uusimpien tilastojen mukaan <strong>Kanadan ty\u00f6tt\u00f6myysprosentti oli hein\u00e4kuussa 10.9%<\/strong>, miss\u00e4 on l\u00e4hes kolme prosenttiyksikk\u00f6\u00e4 pudotusta toukokuun historiallisesta 13.7% huippulukemasta. Kev\u00e4\u00e4n koronatoimet vaikuttivat pahimmillaan 5.5 miljoonan kanadalaisen arkeen, kun 3 miljoonaa menetti ty\u00f6ns\u00e4 ja 2.5 joutui lomautetuksi. Tuosta ajasta on tultu sittemmin takaisin <a title=\"Suunnitelma paluusta normaaliin\" href=\"https:\/\/www.vuosiamaailmalla.fi\/?p=10658\">provinssien avautumisen<\/a> ansiosta, mutta koronavirus vaikuttaa edelleenkin 2.3 miljoonaan ihmisen ty\u00f6llisyystilanteeseen. Ty\u00f6llisten m\u00e4\u00e4r\u00e4 olikin hein\u00e4kuussa 93% epidemiaa edelt\u00e4neeseen helmikuuhun verrattuna.<\/p>\n<p style=\"text-align: center;\"><a href=\"\/blog\/wp-content\/uploads\/2020\/tyopaikkojen_kehitys_2020.jpg\"><img decoding=\"async\" src=\"\/blog\/wp-content\/uploads\/2020\/tyopaikkojen_kehitys_2020.jpg\" \/><\/a><\/p>\n<p style=\"text-align: center;\"><em>Ty\u00f6llisyys on heilahdellut historiallisesti<\/em><\/p>\n<p style=\"text-align: justify;\">Vaikka satojentuhansien palaaminen t\u00f6ihin onkin positiivinen uutinen, on moni joutunut palaamaan vakituisen ty\u00f6n ja normaalien ty\u00f6tuntien sijaan m\u00e4\u00e4r\u00e4aikaiseen tai v\u00e4hemm\u00e4n tunteja sis\u00e4lt\u00e4v\u00e4\u00e4n ty\u00f6h\u00f6n. T\u00e4st\u00e4 syyst\u00e4 pelkkien ty\u00f6tt\u00f6myyslukujen tuijottaminen onkin harhaanjohtavaa, sill\u00e4 talousahdingon keskell\u00e4 nopeasti luodusta CERB-tuesta riippuvien m\u00e4\u00e4r\u00e4 on edelleen korkealla, ollen 18.4% koko ty\u00f6ik\u00e4isest\u00e4 v\u00e4est\u00f6st\u00e4.<\/p>\n<p style=\"text-align: justify;\">500 dollaria viikossa maksavaa <em>CERB<\/em> eli <em>Canada Emergency Response Benefiti\u00e4<\/em> on voinut saada viimeisten 4.5 kuukauden ajan ehdoilla, jotka eiv\u00e4t normaalisti oikeuttaisi ty\u00f6tt\u00f6myysavustuksiin.\u00a0 Tuen piiriin on p\u00e4\u00e4ssyt\u00a0 k\u00e4yt\u00e4nn\u00f6ss\u00e4 jokainen sit\u00e4 vain hakenut yli 15-vuotias ja yhteens\u00e4 8.5 miljoonaa &#8211; yli 22% kaikista kanadalaista! &#8211; on ollut sen piiriss\u00e4 v\u00e4hint\u00e4\u00e4nkin kuukauden ajan. Ohjelma on maksanut ulos huimat 64 miljardia dollaria tukia, joista ainakin osa on p\u00e4\u00e4tynyt v\u00e4\u00e4riin k\u00e4siin.<\/p>\n<p style=\"text-align: center;\"><a href=\"\/blog\/wp-content\/uploads\/2020\/cerb_shekki.jpg\"><img decoding=\"async\" src=\"\/blog\/wp-content\/uploads\/2020\/cerb_shekki.jpg\" \/><\/a><\/p>\n<p style=\"text-align: center;\"><em>Miljoonat ovat saaneet tukishekkej\u00e4<\/em><\/p>\n<p style=\"text-align: justify;\">Koska todellinen oikeutus tukeen tarkastetaan verovirasto CRA:n toimesta vasta j\u00e4lkik\u00e4teen, on mediassa kerrottu vangeista ja <a title=\"Rikollisille luovutettu paratiisi\" href=\"https:\/\/www.vuosiamaailmalla.fi\/blog\/2021\/rikollisille-luovutettu-paratiisi\/\">huumeidenk\u00e4ytt\u00e4jist\u00e4<\/a>, joille on koittanut CERB:in my\u00f6t\u00e4 todelliset kulutusjuhlat. J\u00e4lkik\u00e4teen tulevat seuraamukset ja mahdolliset vaatimukset takaisinmaksusta eiv\u00e4t t\u00e4t\u00e4 porukkaa hetkauta ja rahat on siihen menness\u00e4 tuhlattu jo aikaa sitten. Kallis ohjelma on kuitenkin p\u00e4\u00e4ttym\u00e4ss\u00e4 elokuun lopussa, jonka j\u00e4lkeen ihmisi\u00e4 ollaan siirt\u00e4m\u00e4ss\u00e4 takaisin <a title=\"Ty\u00f6tt\u00f6myysturva Kanadassa\" href=\"https:\/\/www.vuosiamaailmalla.fi\/?p=8192\">normaalien ty\u00f6tt\u00f6myystukien<\/a> piiriin.<\/p>\n<p style=\"text-align: justify;\">Provinssitasolla koronasta johtuva kriisi on kohdellut Kanadan eri osia hyvin tavalla. Useamman vuoden <a title=\"Tulikuumana hohkaava talous\" href=\"https:\/\/www.vuosiamaailmalla.fi\/?p=8332\">Kanadan parhaimman ty\u00f6llisyystilanteen<\/a> omanneen British Columbian ty\u00f6tt\u00f6myys on kriisin aikana kaksi ja puoli kertaistunut vuodentakaisesta, ollen hein\u00e4kuussa 11.1%. Vaikka provinssissa onkin hoidettu epidemiaa <a title=\"Normaalimpaa arkea\" href=\"https:\/\/www.vuosiamaailmalla.fi\/?p=10673\">sangen onnistuneesti<\/a>, on se kurittanut erityisesti merkitt\u00e4v\u00e4\u00e4 matkailualaa.<\/p>\n<p style=\"text-align: center;\"><a href=\"\/blog\/wp-content\/uploads\/2020\/tyollisyys_eri_aloilla_2020.jpg\"><img decoding=\"async\" src=\"\/blog\/wp-content\/uploads\/2020\/tyollisyys_eri_aloilla_2020.jpg\" \/><\/a><\/p>\n<p style=\"text-align: center;\"><em>Eri aloilla ollaan erilaisessa tilanteessa<\/em><\/p>\n<p style=\"text-align: justify;\">Kanadan suurimman provinssin Ontarion hieman huonompaa 11.3% ty\u00f6tt\u00f6myytt\u00e4 selitt\u00e4\u00e4 puolestaan provinssin hitaampi kehitys epidemian hillitsemisess\u00e4, mink\u00e4 vuoksi siell\u00e4 ei ole viel\u00e4 siirrytty kolmanteen vaiheeseen. T\u00e4ll\u00e4 hetkell\u00e4 Ontariossa nautitaan kuitenkin laskevista tartuntam\u00e4\u00e4rist\u00e4 samaan aikaan, kun t\u00e4\u00e4ll\u00e4 British Columbiassa p\u00e4iv\u00e4m\u00e4\u00e4r\u00e4t ovat <a title=\"Toinen aalto\" href=\"https:\/\/www.vuosiamaailmalla.fi\/?p=10694\">valitettavasti kasvussa<\/a> juurikin kolmannen vaiheen vapautusten vuoksi.<\/p>\n<p style=\"text-align: center;\"><a href=\"\/blog\/wp-content\/uploads\/2020\/tyollisten_maara_2020.jpg\"><img decoding=\"async\" src=\"\/blog\/wp-content\/uploads\/2020\/tyollisten_maara_2020.jpg\" \/><\/a><\/p>\n<p style=\"text-align: center;\"><em>Viel\u00e4 on matkaa aiempaan<\/em><\/p>\n<p style=\"text-align: justify;\">Muualla Kanadassa tilanne on samanlainen, ty\u00f6tt\u00f6myyslukemien ollessa huomattavasti viime vuotta korkeammalla, mutta matkalla alasp\u00e4in. Lukemien perusteella on silti vaikea sanoa mit\u00e4\u00e4n epidemian pitk\u00e4aikaisesta vaikutuksesta Kanadan talouteen, sill\u00e4 viimeisten kahden kuukauden positiivinen kehitys on vain paluuta aiempaan, eik\u00e4 siis oikeaa talouskasvua. Milloin aiempi taso saavutetaan ja miten talous kehittyy siit\u00e4 eteenp\u00e4in ovat viel\u00e4 avoimia kysymyksi\u00e4, joihin kest\u00e4nee saada vastaus ainakin <a title=\"Kanadan ty\u00f6llisyystilanne (2021)\" href=\"https:\/\/www.vuosiamaailmalla.fi\/blog\/2021\/kanadan-tyollisyystilanne-2021\/\">ensi vuoteen<\/a>.<\/p>\n<p style=\"text-align: justify;\">Eri provinssien ty\u00f6tt\u00f6myyslukemat (suluissa vuoden takainen):<\/p>\n<p><span style=\"color: #ff0000;\">\u2014 Newfoundland and Labrador 15.6% (12.8)<\/span><br \/>\n<span style=\"color: #ff0000;\">\u2014 Prince Edward Island 11.7% (8.4)<\/span><br \/>\n<span style=\"color: #ff0000;\">\u2014 Nova Scotia 10.8% (7.4)<\/span><br \/>\n<span style=\"color: #ff0000;\">\u2014 New Brunswick 9.8% (8.5)<\/span><br \/>\n<span style=\"color: #ff0000;\">\u2014 Quebec 9.5% (4.9)<\/span><br \/>\n<span style=\"color: #ff0000;\">\u2014 Ontario 11.3% (5.7)<\/span><br \/>\n<span style=\"color: #ff0000;\">\u2014 Manitoba 8.2% (5.8)<\/span><br \/>\n<span style=\"color: #ff0000;\">\u2014 Saskatchewan 8.8% (5.4)<\/span><br \/>\n<span style=\"color: #ff0000;\">\u2014 Alberta 12.8% (7.0)<\/span><br \/>\n<span style=\"color: #ff0000;\">\u2014 British Columbia 11.1% (4.4)<\/span><\/p>\n","protected":false},"excerpt":{"rendered":"<p>Vuosi 2020 on ollut huonojen uutisten t\u00e4ytt\u00e4m\u00e4. Vuosikymmenen mittainen maailmantalouden enn\u00e4tyspitk\u00e4 kasvukausi t\u00f6rm\u00e4si maaliskuussa sein\u00e4\u00e4n, kun pandemiaksi ry\u00f6st\u00e4ytynyt koronavirus sai ison osan maailman maista erist\u00e4ytym\u00e4\u00e4n ja sulkeutumaan. Toimien vaikutus talouteen on ollut massiivinen ja eri maiden tilastoissa n\u00e4htiin loppukev\u00e4\u00e4st\u00e4 historiallisia ty\u00f6tt\u00f6myyslukemia jopa miljoonien ihmisten menetetty\u00e4 ty\u00f6ns\u00e4.<\/p>\n","protected":false},"author":1,"featured_media":10721,"comment_status":"open","ping_status":"open","sticky":false,"template":"","format":"standard","meta":{"_jetpack_memberships_contains_paid_content":false,"footnotes":""},"categories":[17,3,13],"tags":[25,935,1487,491,207,965],"class_list":["post-10715","post","type-post","status-publish","format-standard","has-post-thumbnail","hentry","category-arki-kanadassa","category-arki-ulkomailla","category-tyoskentely-kanadassa","tag-ajankohtaista","tag-kanada","tag-koronavirus","tag-talous","tag-tyo","tag-tyottomyys"],"jetpack_featured_media_url":"https:\/\/www.vuosiamaailmalla.fi\/blog\/wp-content\/uploads\/cerb_shekki_banner.jpg","jetpack_sharing_enabled":true,"_links":{"self":[{"href":"https:\/\/www.vuosiamaailmalla.fi\/blog\/wp-json\/wp\/v2\/posts\/10715","targetHints":{"allow":["GET"]}}],"collection":[{"href":"https:\/\/www.vuosiamaailmalla.fi\/blog\/wp-json\/wp\/v2\/posts"}],"about":[{"href":"https:\/\/www.vuosiamaailmalla.fi\/blog\/wp-json\/wp\/v2\/types\/post"}],"author":[{"embeddable":true,"href":"https:\/\/www.vuosiamaailmalla.fi\/blog\/wp-json\/wp\/v2\/users\/1"}],"replies":[{"embeddable":true,"href":"https:\/\/www.vuosiamaailmalla.fi\/blog\/wp-json\/wp\/v2\/comments?post=10715"}],"version-history":[{"count":5,"href":"https:\/\/www.vuosiamaailmalla.fi\/blog\/wp-json\/wp\/v2\/posts\/10715\/revisions"}],"predecessor-version":[{"id":13737,"href":"https:\/\/www.vuosiamaailmalla.fi\/blog\/wp-json\/wp\/v2\/posts\/10715\/revisions\/13737"}],"wp:featuredmedia":[{"embeddable":true,"href":"https:\/\/www.vuosiamaailmalla.fi\/blog\/wp-json\/wp\/v2\/media\/10721"}],"wp:attachment":[{"href":"https:\/\/www.vuosiamaailmalla.fi\/blog\/wp-json\/wp\/v2\/media?parent=10715"}],"wp:term":[{"taxonomy":"category","embeddable":true,"href":"https:\/\/www.vuosiamaailmalla.fi\/blog\/wp-json\/wp\/v2\/categories?post=10715"},{"taxonomy":"post_tag","embeddable":true,"href":"https:\/\/www.vuosiamaailmalla.fi\/blog\/wp-json\/wp\/v2\/tags?post=10715"}],"curies":[{"name":"wp","href":"https:\/\/api.w.org\/{rel}","templated":true}]}}