{"id":1072,"date":"2010-10-26T17:41:41","date_gmt":"2010-10-27T00:41:41","guid":{"rendered":"http:\/\/13.53.127.146\/?p=1072"},"modified":"2023-02-11T19:33:50","modified_gmt":"2023-02-12T03:33:50","slug":"matkalaukkujen-pakkaamisen-ihanuutta","status":"publish","type":"post","link":"https:\/\/www.vuosiamaailmalla.fi\/blog\/2010\/matkalaukkujen-pakkaamisen-ihanuutta\/","title":{"rendered":"Matkalaukkujen pakkaamisen ihanuutta"},"content":{"rendered":"<p style=\"text-align: justify;\">J\u00e4lleen on koittanut se reissuun l\u00e4ht\u00f6\u00e4 edelt\u00e4v\u00e4 ilta, joka menee perinteisesti ainakin meill\u00e4 pakkaamisen merkeiss\u00e4. Matkalaukkujen pakkaamiseen on muodostunut meill\u00e4 sellainen ty\u00f6njako, ett\u00e4 Niina hoitaa vaatetuksen ja hammastahnojen pakkaamisen. Min\u00e4 puolestani hoidan mukaan l\u00e4pp\u00e4rin tarvittavilla tiedoilla, tehtyjen varausten tulostamisen, sek\u00e4 kameralaitteiston lataamisen ja kaiken siihen liittyv\u00e4n laukkuun paukkaamisen. J\u00e4rkev\u00e4h\u00e4n se olisi n\u00e4ist\u00e4 jo edelt\u00e4vin\u00e4 iltoina kaikessa rauhassa huolehtia, mutta eip\u00e4 se tunnu koskaan onnistuvan. N\u00e4in voisi ehk\u00e4 my\u00f6s minimoida kotiin unohtuvan tavaran m\u00e4\u00e4r\u00e4n, mutta ei. Meill\u00e4 semmoinen ei vain luonnistu. \ud83d\ude44<\/p>\n<p style=\"text-align: justify;\">T\u00e4ll\u00e4 kertaa <a title=\"Uskomaton Dubai\" href=\"https:\/\/www.vuosiamaailmalla.fi\/?p=1842\">reissu<\/a> on sent\u00e4\u00e4n sangen lyhyt, sill\u00e4 olemme takaisin jo maanantai aamup\u00e4iv\u00e4ll\u00e4. Lentomme l\u00e4htee huomenna alkuillasta, eli ehdimme olla huomennakin viel\u00e4 t\u00e4yden p\u00e4iv\u00e4n t\u00f6iss\u00e4. Harmillisesti lentoajat tuonne Dubaihin melkein poikkeuksetta hanurista ja mekin olemme perill\u00e4 ihanasti torstaiaamuna kello 05:00. Paluulento l\u00e4htee puolestaan maanantaiaamuna kello 03:30, eli aivan keskell\u00e4 y\u00f6t\u00e4.<\/p>\n<p style=\"text-align: justify;\">Onneksi t\u00e4lle reissulle ei tarvitse pakata mukaan kovin paljon vaatetta, sill\u00e4 Dubain loppuviikon s\u00e4\u00e4 tuntuisi olevan aika tasaiset +34 astetta. Onneksi on sent\u00e4\u00e4n laskenut yli +40 asteen lukemista, joita n\u00e4htiin viel\u00e4 pari viikkoa sitten. Silti Berliinin +10 asteen keskelt\u00e4 tuollaisen keskelle tupsahtaminen (ja varsinkin sielt\u00e4 palaaminen) lienev\u00e4t pieni\u00e4 shokkeja.<\/p>\n<p style=\"text-align: justify;\">Reissun aikana blogiin voi tulla pieni\u00e4 p\u00e4ivityksi\u00e4, sill\u00e4 fiiniss\u00e4 hotellissamme pit\u00e4isi olla ilmainen netti. Voi kuitenkin olla, ett\u00e4 lyhyt aika Dubaissa menee aivan muissa merkeiss\u00e4, kuin netiss\u00e4 istuessa&#8230; 8)<\/p>\n","protected":false},"excerpt":{"rendered":"<p>J\u00e4lleen on koittanut se reissuun l\u00e4ht\u00f6\u00e4 edelt\u00e4v\u00e4 ilta, joka menee perinteisesti ainakin meill\u00e4 pakkaamisen merkeiss\u00e4. Matkalaukkujen pakkaamiseen on muodostunut meill\u00e4 sellainen ty\u00f6njako, ett\u00e4 Niina hoitaa vaatetuksen ja hammastahnojen pakkaamisen. Min\u00e4 puolestani hoidan mukaan l\u00e4pp\u00e4rin tarvittavilla tiedoilla, tehtyjen varausten tulostamisen, sek\u00e4 kameralaitteiston lataamisen ja kaiken siihen liittyv\u00e4n laukkuun paukkaamisen. J\u00e4rkev\u00e4h\u00e4n se olisi n\u00e4ist\u00e4 jo edelt\u00e4vin\u00e4 iltoina &hellip; <a href=\"https:\/\/www.vuosiamaailmalla.fi\/blog\/2010\/matkalaukkujen-pakkaamisen-ihanuutta\/\" class=\"more-link\">Jatka lukemista<span class=\"screen-reader-text\"> &#8221;Matkalaukkujen pakkaamisen ihanuutta&#8221;<\/span><\/a><\/p>\n","protected":false},"author":1,"featured_media":0,"comment_status":"open","ping_status":"open","sticky":false,"template":"","format":"standard","meta":{"_jetpack_memberships_contains_paid_content":false,"footnotes":""},"categories":[362,7],"tags":[33,94,363],"class_list":["post-1072","post","type-post","status-publish","format-standard","hentry","category-arabiemiraatit","category-matkakertomukset","tag-arabiemiraatit","tag-dubai","tag-matkakertomus-dubai"],"jetpack_featured_media_url":"","jetpack_sharing_enabled":true,"_links":{"self":[{"href":"https:\/\/www.vuosiamaailmalla.fi\/blog\/wp-json\/wp\/v2\/posts\/1072","targetHints":{"allow":["GET"]}}],"collection":[{"href":"https:\/\/www.vuosiamaailmalla.fi\/blog\/wp-json\/wp\/v2\/posts"}],"about":[{"href":"https:\/\/www.vuosiamaailmalla.fi\/blog\/wp-json\/wp\/v2\/types\/post"}],"author":[{"embeddable":true,"href":"https:\/\/www.vuosiamaailmalla.fi\/blog\/wp-json\/wp\/v2\/users\/1"}],"replies":[{"embeddable":true,"href":"https:\/\/www.vuosiamaailmalla.fi\/blog\/wp-json\/wp\/v2\/comments?post=1072"}],"version-history":[{"count":1,"href":"https:\/\/www.vuosiamaailmalla.fi\/blog\/wp-json\/wp\/v2\/posts\/1072\/revisions"}],"predecessor-version":[{"id":13019,"href":"https:\/\/www.vuosiamaailmalla.fi\/blog\/wp-json\/wp\/v2\/posts\/1072\/revisions\/13019"}],"wp:attachment":[{"href":"https:\/\/www.vuosiamaailmalla.fi\/blog\/wp-json\/wp\/v2\/media?parent=1072"}],"wp:term":[{"taxonomy":"category","embeddable":true,"href":"https:\/\/www.vuosiamaailmalla.fi\/blog\/wp-json\/wp\/v2\/categories?post=1072"},{"taxonomy":"post_tag","embeddable":true,"href":"https:\/\/www.vuosiamaailmalla.fi\/blog\/wp-json\/wp\/v2\/tags?post=1072"}],"curies":[{"name":"wp","href":"https:\/\/api.w.org\/{rel}","templated":true}]}}