{"id":10731,"date":"2020-08-29T13:12:40","date_gmt":"2020-08-29T20:12:40","guid":{"rendered":"http:\/\/13.53.127.146\/?p=10731"},"modified":"2023-09-03T12:30:46","modified_gmt":"2023-09-03T19:30:46","slug":"14-vuotta-maailmalla","status":"publish","type":"post","link":"https:\/\/www.vuosiamaailmalla.fi\/blog\/2020\/14-vuotta-maailmalla\/","title":{"rendered":"14 vuotta maailmalla"},"content":{"rendered":"<p style=\"text-align: justify;\">Kes\u00e4n k\u00e4\u00e4ntyminen hiljalleen syksyksi muistuttaa vuosittain siit\u00e4, ett\u00e4 takana on j\u00e4lleen yksi vuosi lis\u00e4\u00e4 maailmankansalaisena. Alkuviikosta minulla ja Niinalla tuleekin t\u00e4yteen jo 14 vuotta ulkomailla asumista ja takana on vivahteikas vuosi jollaista emme olisi osanneet aavistaakaan.<\/p>\n<p><!--more--><\/p>\n<p style=\"text-align: justify;\">Ennen n\u00e4iden yhteenvetojen kirjoittamista kurkistan aina ensimm\u00e4iseksi mit\u00e4 tuumailin <a title=\"13 vuotta maailmalla\" href=\"https:\/\/www.vuosiamaailmalla.fi\/?p=10242\">vuosi sitten<\/a> t\u00e4h\u00e4n aikaan ja mit\u00e4 odotinkaan tulevalta vuodelta. Viime syksy oli tavallista ty\u00f6ss\u00e4 puurtamista, mutta onneksi hektisen ty\u00f6skentelyn katkaisi marraskuussa yksikseni tekem\u00e4 viikon mittainen lomamatka Malesiaan ja Singaporeen. Tuosta upeasta (<a title=\"Kuuma Kuala Lumpur\" href=\"https:\/\/www.vuosiamaailmalla.fi\/blog\/2019\/kuuma-kuala-lumpur\/\">ja kuumasta<\/a>!) reissusta on viel\u00e4 kirjoittamatta, mutta matka toi mukavan tauon pime\u00e4\u00e4n syksyyn.<\/p>\n<p style=\"text-align: center;\"><a href=\"\/blog\/wp-content\/uploads\/2019\/valipaivat_pohjois-karjalassa1.jpg\"><img decoding=\"async\" src=\"\/blog\/wp-content\/uploads\/2019\/thumbs\/thumbs_valipaivat_pohjois-karjalassa1.jpg\" \/><\/a><a href=\"\/blog\/wp-content\/uploads\/2020\/helsingin_tuomiokirkko2.jpg\"><img decoding=\"async\" src=\"\/blog\/wp-content\/uploads\/2020\/thumbs\/thumbs_helsingin_tuomiokirkko2.jpg\" \/><\/a><\/p>\n<p style=\"text-align: center;\"><em>Suomessa tuli k\u00e4yty\u00e4 juuri sopivasti<\/em><\/p>\n<p style=\"text-align: center;\"><a href=\"\/blog\/wp-content\/uploads\/2020\/etelasataman_aluetta_panoraama.jpg\"><img decoding=\"async\" src=\"\/blog\/wp-content\/uploads\/2020\/etelasataman_aluetta_panoraama_pieni.jpg\" \/><\/a><\/p>\n<p style=\"text-align: center;\"><em>Helsingiss\u00e4kin tuli kierrelty\u00e4<\/em><\/p>\n<p style=\"text-align: justify;\">Jouluksi ja vuodenvaihteeksi matkustimme j\u00e4lleen <a title=\"Joululoma nostalgisissa merkeiss\u00e4\" href=\"https:\/\/www.vuosiamaailmalla.fi\/?p=10512\">perinteisesti Suomeen<\/a>, mik\u00e4 oli mukava reissu sis\u00e4lt\u00e4en my\u00f6s pienen <a title=\"Turistina Helsingiss\u00e4\" href=\"https:\/\/www.vuosiamaailmalla.fi\/?p=10528\">miniloman Helsingiss\u00e4<\/a>. Onneksi matka tuli tehty\u00e4, sill\u00e4 t\u00e4ksi vuodeksi suunniteltu joululoma j\u00e4\u00e4 todenn\u00e4k\u00f6isesti tekem\u00e4tt\u00e4 <a title=\"Joulu pandemian keskell\u00e4\" href=\"https:\/\/www.vuosiamaailmalla.fi\/blog\/2020\/joulu-pandemian-keskella\/\">koronah\u00e4ss\u00e4k\u00e4n vuoksi<\/a>. Onneksi enn\u00e4timme sent\u00e4\u00e4n tehd\u00e4 vuosittaisen laskettelumatkamme ennen rajojen sulkeutumista, kun k\u00e4vimme helmikuussa katsastamassa <a title=\"T\u00e4ydellinen lasketteluloma Coloradossa\" href=\"https:\/\/www.vuosiamaailmalla.fi\/?p=10577\">Coloradon upeat rinteet<\/a> sek\u00e4 korkeat vuoret.<\/p>\n<p style=\"text-align: center;\"><a href=\"\/blog\/wp-content\/uploads\/2020\/keystone_panoraama2.jpg\"><img decoding=\"async\" src=\"\/blog\/wp-content\/uploads\/2020\/keystone_panoraama2_pieni.jpg\" \/><\/a><\/p>\n<p style=\"text-align: center;\"><em>Coloradossa oli upea laskea<\/em><\/p>\n<p style=\"text-align: justify;\">Vuosiraportin voisikin melkein p\u00e4\u00e4tt\u00e4\u00e4 t\u00e4h\u00e4n, sill\u00e4 seuraavat kuusi kuukautta kaikki on ollut pys\u00e4hdyksiss\u00e4 koronan vuoksi. Onneksi me sek\u00e4 kaikki sukulaisemme ovat pysyneet tervein\u00e4 ja British Columbia on tehnyt p\u00e4\u00e4s\u00e4\u00e4nt\u00f6isesti <a title=\"Suunnitelma paluusta normaaliin\" href=\"https:\/\/www.vuosiamaailmalla.fi\/?p=10658\">hyv\u00e4\u00e4 ty\u00f6t\u00e4<\/a> koronan torjunnassa, vaikka tilanne onkin nyt vuorostaan <a title=\"Paluu koronahuippuihin\" href=\"https:\/\/www.vuosiamaailmalla.fi\/?p=10725\">huononemaan p\u00e4in<\/a>. Ihmisten suhtautuminen tilanteeseen on kuitenkin muuttunut aiemmasta ja jotenkin suuretkaan tartuntam\u00e4\u00e4r\u00e4t eiv\u00e4t onnistu en\u00e4\u00e4 h\u00e4tk\u00e4hdytt\u00e4m\u00e4\u00e4n samalla tavalla <a title=\"K\u00e4sist\u00e4 karannut korona\" href=\"https:\/\/www.vuosiamaailmalla.fi\/blog\/2020\/kasista-karannut-korona\/\">kuin aiemmin<\/a>. Arki rullaa epidemias\u00e4\u00e4nt\u00f6j\u00e4 noudattaen ja l\u00e4hinn\u00e4 <a title=\"J\u00e4\u00e4tel\u00f6retki Pitt Meadowsiin\" href=\"https:\/\/www.vuosiamaailmalla.fi\/blog\/2021\/jaateloretki-pitt-meadowsiin\/\">kodin ymp\u00e4rist\u00f6ss\u00e4<\/a> liikkuen.<\/p>\n<p style=\"text-align: center;\"><a href=\"\/blog\/wp-content\/uploads\/2020\/rannat_pullollaan.jpg\"><img decoding=\"async\" src=\"\/blog\/wp-content\/uploads\/2020\/rannat_pullollaan.jpg\" \/><\/a><\/p>\n<p style=\"text-align: center;\"><em>Kes\u00e4 on ollut koronaerist\u00e4ytymist\u00e4<\/em><\/p>\n<p style=\"text-align: justify;\">Kaikkein tymp\u00e4\u00e4nnytt\u00e4vint\u00e4 onkin, ettei Vancouverin alueelta ole tullut poistuttua viimeisten kuuden kuukauden aikana kuin <a title=\"Kes\u00e4lomamatkalla koronan keskell\u00e4\" href=\"https:\/\/www.vuosiamaailmalla.fi\/blog\/2020\/kesalomamatkalla-koronan-keskella\/\">juhannusmatkallamme<\/a> pohjoisen British Columbian upeisiin maisemiin. Matka oli eritt\u00e4in antoisa ja se oli kes\u00e4n ainoa telttailumme. Mennyt kes\u00e4 on ollut keleilt\u00e4\u00e4n hyv\u00e4 ja olemmekin py\u00f6r\u00e4illeet <a title=\"Suuri kolmen sillan py\u00f6r\u00e4ily\" href=\"https:\/\/www.vuosiamaailmalla.fi\/blog\/2020\/suuri-kolmen-sillan-pyoraily\/\">pitki\u00e4 matkoja<\/a> <a title=\"Ensikosketus s\u00e4hk\u00f6py\u00f6r\u00e4ilyyn\" href=\"https:\/\/www.vuosiamaailmalla.fi\/blog\/2020\/ensimmainen-sahkopyora-ncm-prague\/\">uusilla s\u00e4hk\u00f6py\u00f6rill\u00e4mme<\/a>, joka on ollut meill\u00e4 kes\u00e4n keskeinen teema.<\/p>\n<p style=\"text-align: justify;\">T\u00e4n\u00e4 vuonna meille tuli my\u00f6s t\u00e4yteen vuosi kanadalaisina. T\u00e4m\u00e4 tapahtui jo toukokuussa, mutta s\u00e4\u00e4stin asiasta kirjoittamisen t\u00e4h\u00e4n viestiin saakka. Ensimm\u00e4inen vuosi <a title=\"Uunituoreet Kanadan kansalaiset\" href=\"https:\/\/www.vuosiamaailmalla.fi\/?p=10088\">Kanadan kansalaisina<\/a> on ollut kiintoisa ja p\u00e4\u00e4simmekin heti syksyll\u00e4 \u00e4\u00e4nest\u00e4m\u00e4\u00e4n <a title=\"Sekava vaalitulos\" href=\"https:\/\/www.vuosiamaailmalla.fi\/?p=10288\">maan parlamenttivaaleissa<\/a>. Sittemmin uutta passia ei ole tullut otettua kaapista, mutta ajatus kanadalaisuudesta on uponnut ja siit\u00e4 on alkanut tulla uusi osa identiteetti\u00e4mme. Ensimm\u00e4isen polven maahanmuuttajina tulemme toki aina kokemaan olevamme ensisijaisesti suomalaisia, mutta kanadalaisuus aiheuttaa\u00a0 silti suurta ylpeytt\u00e4, erityisesti aina <a title=\"Virtuaalinen Canada Day\" href=\"https:\/\/www.vuosiamaailmalla.fi\/?p=10679\">itsen\u00e4isyysp\u00e4iv\u00e4n<\/a> alla.<\/p>\n<p style=\"text-align: center;\"><a href=\"\/blog\/wp-content\/uploads\/2019\/uunituoreet_kanadalaiset3.jpg\"><img decoding=\"async\" src=\"\/blog\/wp-content\/uploads\/2019\/uunituoreet_kanadalaiset3.jpg\" \/><\/a><\/p>\n<p style=\"text-align: center;\"><em>Takana ensivuosi kanadalaisena<\/em><\/p>\n<p style=\"text-align: justify;\">Asumiskuvioissa nelj\u00e4stoista vuosi on ollut tasaisen vakaa, mik\u00e4 on hyv\u00e4 asia. Meill\u00e4 on hyv\u00e4 ja reilu vuokranantaja, joka ei ole nostanut vuokraamme kahden viime vuoden aikana, mik\u00e4 on eritt\u00e4in harvinaista <a title=\"Kalliin hulppeat huvilat\" href=\"https:\/\/www.vuosiamaailmalla.fi\/?p=10186\">\u00e4\u00e4rimm\u00e4isen kalliissa<\/a> Vancouverissa.<\/p>\n<p style=\"text-align: center;\"><a href=\"\/blog\/wp-content\/uploads\/2020\/hamartyva_brentwood_panoraama4.jpg\"><img decoding=\"async\" src=\"\/blog\/wp-content\/uploads\/2020\/hamartyva_brentwood_panoraama4_pieni.jpg\" \/><\/a><\/p>\n<p style=\"text-align: center;\"><em>Kotoa on kivat maisemat<\/em><\/p>\n<p style=\"text-align: justify;\">Ty\u00f6puolella vuosi on kuitenkin tarjonnut merkitt\u00e4vi\u00e4 muutoksia, kuukausia jatkuneen et\u00e4ty\u00f6skentelyn lis\u00e4ksi. Vaihdoin hein\u00e4kuussa ty\u00f6paikkaa ja taakse j\u00e4i nelj\u00e4 upeaa vuotta videopelikehityksess\u00e4. Uusi aihealue sek\u00e4 huomattavasti suurempi rooli ovat pit\u00e4neet minut viimeiset kaksi kuukautta kiireisen\u00e4 uuteen ty\u00f6h\u00f6n ja lukuisiin uusiin ihmisiin tutustuessa.<\/p>\n<p style=\"text-align: justify;\">Ensi viikolla alkamassa onkin jo <a title=\"15 vuotta maailmalla\" href=\"https:\/\/www.vuosiamaailmalla.fi\/blog\/2021\/15-vuotta-maailmalla\/\">viidestoista vuosi maailmalla<\/a>, joka on j\u00e4lleen pieni virstanpylv\u00e4s. Kyseess\u00e4 ei ole <a title=\"El\u00e4m\u00e4mme seikkailu \u2013 10 vuotta maailmalla\" href=\"https:\/\/www.vuosiamaailmalla.fi\/?p=8337\">kymmenteen vuoden<\/a> verrattavasta merkkipaalusta, mutta lukema kyll\u00e4 pys\u00e4ytt\u00e4\u00e4 ja kirjoitan sen aiheuttamista tunnelmista j\u00e4lleen vuoden p\u00e4\u00e4st\u00e4.<\/p>\n<p style=\"text-align: center;\"><a href=\"\/blog\/wp-content\/uploads\/2017\/ensimmaisella_ajolla2.jpg\"><img decoding=\"async\" src=\"\/blog\/wp-content\/uploads\/2017\/ensimmaisella_ajolla2.jpg\" \/><\/a><\/p>\n<p style=\"text-align: center;\"><em>Vanha auto on alla en\u00e4\u00e4 kaksi viikkoa<\/em><\/p>\n<p style=\"text-align: justify;\">Itse vuosi ja mit\u00e4 sen aikana tulee tapahtumaan on kuitenkin koronan vuoksi h\u00e4m\u00e4r\u00e4n peitossa ja voikin olla, ett\u00e4 tunnelmat ovat hyvinkin samanlaiset kuin t\u00e4n\u00e4\u00e4n. Mutta jos olen jotain t\u00e4t\u00e4 blogia pit\u00e4ess\u00e4 oppinut, on se ett\u00e4 tulevaa on <a title=\"Iloisia perheuutisia!\" href=\"https:\/\/www.vuosiamaailmalla.fi\/blog\/2021\/iloisia-perheuutisia\/\">vaikea aavistaa<\/a> ja ainoa asia mik\u00e4 on varma on <a title=\"2017 BMW X1 xDrive28i\" href=\"https:\/\/www.vuosiamaailmalla.fi\/?p=8983\">automme<\/a> vaihtuminen uuteen ja <a title=\"Huikea 2021 BMW X3M Competition\" href=\"https:\/\/www.vuosiamaailmalla.fi\/blog\/2020\/huikea-2021-bmw-x3m-competition\/\">eritt\u00e4in kiintoisaan ajopeliin<\/a> vain kahden viikon p\u00e4\u00e4st\u00e4. Siit\u00e4 sek\u00e4 kaikesta muusta tulevasta tulee varmasti olemaan juttua t\u00e4\u00e4ll\u00e4 blogissa! Kiitoksia edesottamustemme seuraamisesta.<\/p>\n","protected":false},"excerpt":{"rendered":"<p>Kes\u00e4n k\u00e4\u00e4ntyminen hiljalleen syksyksi muistuttaa vuosittain siit\u00e4, ett\u00e4 takana on j\u00e4lleen yksi vuosi lis\u00e4\u00e4 maailmankansalaisena. Alkuviikosta minulla ja Niinalla tuleekin t\u00e4yteen jo 14 vuotta ulkomailla asumista ja takana on vivahteikas vuosi jollaista emme olisi osanneet aavistaakaan.<\/p>\n","protected":false},"author":1,"featured_media":0,"comment_status":"open","ping_status":"open","sticky":false,"template":"","format":"standard","meta":{"_jetpack_memberships_contains_paid_content":false,"footnotes":""},"categories":[17,3,4,13],"tags":[25,34,935,1487,939],"class_list":["post-10731","post","type-post","status-publish","format-standard","hentry","category-arki-kanadassa","category-arki-ulkomailla","category-asuminen-kanadassa","category-tyoskentely-kanadassa","tag-ajankohtaista","tag-arki","tag-kanada","tag-koronavirus","tag-vancouver"],"jetpack_featured_media_url":"","jetpack_sharing_enabled":true,"_links":{"self":[{"href":"https:\/\/www.vuosiamaailmalla.fi\/blog\/wp-json\/wp\/v2\/posts\/10731","targetHints":{"allow":["GET"]}}],"collection":[{"href":"https:\/\/www.vuosiamaailmalla.fi\/blog\/wp-json\/wp\/v2\/posts"}],"about":[{"href":"https:\/\/www.vuosiamaailmalla.fi\/blog\/wp-json\/wp\/v2\/types\/post"}],"author":[{"embeddable":true,"href":"https:\/\/www.vuosiamaailmalla.fi\/blog\/wp-json\/wp\/v2\/users\/1"}],"replies":[{"embeddable":true,"href":"https:\/\/www.vuosiamaailmalla.fi\/blog\/wp-json\/wp\/v2\/comments?post=10731"}],"version-history":[{"count":3,"href":"https:\/\/www.vuosiamaailmalla.fi\/blog\/wp-json\/wp\/v2\/posts\/10731\/revisions"}],"predecessor-version":[{"id":12411,"href":"https:\/\/www.vuosiamaailmalla.fi\/blog\/wp-json\/wp\/v2\/posts\/10731\/revisions\/12411"}],"wp:attachment":[{"href":"https:\/\/www.vuosiamaailmalla.fi\/blog\/wp-json\/wp\/v2\/media?parent=10731"}],"wp:term":[{"taxonomy":"category","embeddable":true,"href":"https:\/\/www.vuosiamaailmalla.fi\/blog\/wp-json\/wp\/v2\/categories?post=10731"},{"taxonomy":"post_tag","embeddable":true,"href":"https:\/\/www.vuosiamaailmalla.fi\/blog\/wp-json\/wp\/v2\/tags?post=10731"}],"curies":[{"name":"wp","href":"https:\/\/api.w.org\/{rel}","templated":true}]}}