{"id":10767,"date":"2020-07-06T19:51:59","date_gmt":"2020-07-07T02:51:59","guid":{"rendered":"http:\/\/13.53.127.146\/?p=10767"},"modified":"2023-02-11T19:43:48","modified_gmt":"2023-02-12T03:43:48","slug":"kesalomamatkalla-koronan-keskella","status":"publish","type":"post","link":"https:\/\/www.vuosiamaailmalla.fi\/blog\/2020\/kesalomamatkalla-koronan-keskella\/","title":{"rendered":"Kes\u00e4lomamatkalla koronan keskell\u00e4"},"content":{"rendered":"<p><em>Matkakertomuksen muut osat l\u00f6ytyv\u00e4t\u00a0<a href=\"https:\/\/www.vuosiamaailmalla.fi\/?tag=matkakertomus-prince-rupert\">t\u00e4\u00e4lt\u00e4<\/a>.<\/em><\/p>\n<p style=\"text-align: justify;\">Vuosi 2020 ei ole suosinut matkailijoita ja moni on saanut heitt\u00e4\u00e4 hyv\u00e4stit aiemmille lomasuunnitelmille koronaviruksen suljettua maiden ja jopa provinssien <a title=\"Huoli koronaviruksesta\" href=\"https:\/\/www.vuosiamaailmalla.fi\/?p=10572\">v\u00e4liset rajat<\/a>. Esimerkiksi p\u00e4\u00e4si\u00e4iseksi suunniteltu lomamme <a title=\"Ensimm\u00e4ist\u00e4 kertaa Seattlessa\" href=\"https:\/\/www.vuosiamaailmalla.fi\/?p=7087\">Seattlessa<\/a> j\u00e4i kaukaiseksi haaveeksi, eik\u00e4 kes\u00e4lle uskaltanut tehd\u00e4 suuri muutoksia yleisen ep\u00e4varmuuden jatkuessa. Johonkin ne lomap\u00e4iv\u00e4t on silti k\u00e4ytett\u00e4v\u00e4 ja kes\u00e4kuussa varmistunut tieto uudesta ty\u00f6paikastani lukitsi kes\u00e4loman ajankohdaksi juhannusta seuranneet kaksi viikkoa.<\/p>\n<p style=\"text-align: justify;\">Kes\u00e4kuussa British Columbiassa elettiin edelleen <a title=\"Suunnitelma paluusta normaaliin\" href=\"https:\/\/www.vuosiamaailmalla.fi\/?p=10658\">epidemian kakkosvaihetta<\/a>, jonka aikana kaikkea matkustamista kehoitettiin v\u00e4ltt\u00e4m\u00e4\u00e4n. Matkustamista ei oltu kuitenkaan kielletty ja hyv\u00e4t tautilukemat enteiliv\u00e4t <a title=\"Normaalimpaa arkea\" href=\"https:\/\/www.vuosiamaailmalla.fi\/?p=10673\">kolmannen vaiheen<\/a> v\u00e4\u00e4j\u00e4\u00e4m\u00e4t\u00f6nt\u00e4 l\u00e4hestymist\u00e4. P\u00e4\u00e4timme Niinan kanssa ett\u00e4 riski olisi pieni ja niinp\u00e4 pakkaisimme <a title=\"Nelj\u00e4 kes\u00e4\u00e4 BMW X1 ratissa\" href=\"https:\/\/www.vuosiamaailmalla.fi\/?p=10741\">automme<\/a> ja suuntaisimme kohti pohjoista.<\/p>\n<p><!--more--><\/p>\n<p style=\"text-align: center;\"><iframe loading=\"lazy\" style=\"border: 0;\" tabindex=\"0\" src=\"https:\/\/www.google.com\/maps\/embed?pb=!1m64!1m12!1m3!1d4325613.849112084!2d-127.3039685584266!3d52.278043759069654!2m3!1f0!2f0!3f0!3m2!1i1024!2i768!4f13.1!4m49!3e0!4m5!1s0x548673f143a94fb3%3A0xbb9196ea9b81f38b!2sVancouver%2C%20British%20Columbia!3m2!1d49.2827291!2d-123.12073749999999!4m5!1s0x538705ef9570a739%3A0x50135152a7b2230!2sQuesnel%2C%20BC!3m2!1d52.9817372!2d-122.4949058!4m5!1s0x547509629c5d2717%3A0xa65b2375f04cb24f!2sSmithers%2C%20BC!3m2!1d54.782354999999995!2d-127.1685541!4m5!1s0x54749994f30f4865%3A0x318a4a1d19918a52!2sTerrace%2C%20BC!3m2!1d54.5181925!2d-128.6031539!4m5!1s0x54739b67e4311549%3A0x2efe3cabda35abec!2sKitimat%2C%20BC!3m2!1d54.063273699999996!2d-128.6369607!4m5!1s0x5472d5136b7f4569%3A0x7107e30f4dd95612!2sPrince%20Rupert%2C%20BC!3m2!1d54.3150367!2d-130.3208187!4m5!1s0x540b17d933c4e79d%3A0xdfe330e8538d3a74!2sAiyansh%2C%20BC!3m2!1d55.261005999999995!2d-129.04991099999998!4m5!1s0x548673f143a94fb3%3A0xbb9196ea9b81f38b!2sVancouver%2C%20British%20Columbia!3m2!1d49.2827291!2d-123.12073749999999!5e1!3m2!1sen!2sca!4v1599446776255!5m2!1sen!2sca\" width=\"600\" height=\"450\" frameborder=\"0\" allowfullscreen=\"allowfullscreen\" aria-hidden=\"false\"><\/iframe><\/p>\n<p style=\"text-align: center;\"><em>Nopeasti suunniteltu kes\u00e4lomareissu<\/em><\/p>\n<p style=\"text-align: justify;\">Matkamme vaati muutosta aiempiin suunnitelmiin ja niinp\u00e4 <a title=\"Aktiivinen leirint\u00e4viikonloppu Pembertonissa\" href=\"https:\/\/www.vuosiamaailmalla.fi\/?p=9744\">Pembertonin<\/a> <em>Nairn Fallsille<\/em> varattu kes\u00e4n ainoa telttailuviikonloppu kutistui pelk\u00e4ksi y\u00f6pymiseksi matkalla kohti pohjoista. Matkaan l\u00e4hdettiin perjantaina heti viimeisen ty\u00f6p\u00e4iv\u00e4ni j\u00e4lkeen ja Pembertonista matka jatkui lauantaiaamusta lyhyen telttay\u00f6n j\u00e4lkeen. Etapin maisemat ovat meille tuttuja lukuisilta <a title=\"Juhannusretki rannikkovuorten ymp\u00e4ri\" href=\"https:\/\/www.vuosiamaailmalla.fi\/?p=5447\">vuorten ymp\u00e4riajoiltamme<\/a> mutta Duffey Laken seudun jylh\u00e4t vuoret viritt\u00e4v\u00e4t aina matkatunnelmaan.<\/p>\n<p style=\"text-align: center;\"><a href=\"\/blog\/wp-content\/uploads\/2020\/duffey_lake_road2.jpg\"><img decoding=\"async\" src=\"\/blog\/wp-content\/uploads\/2020\/thumbs\/thumbs_duffey_lake_road2.jpg\" \/><\/a><a href=\"\/blog\/wp-content\/uploads\/2020\/duffey_lake_road1.jpg\"><img decoding=\"async\" src=\"\/blog\/wp-content\/uploads\/2020\/thumbs\/thumbs_duffey_lake_road1.jpg\" \/><\/a><a href=\"\/blog\/wp-content\/uploads\/2020\/duffey_lake1.jpg\"><img decoding=\"async\" src=\"\/blog\/wp-content\/uploads\/2020\/thumbs\/thumbs_duffey_lake1.jpg\" \/><\/a><br \/>\n<a href=\"\/blog\/wp-content\/uploads\/2020\/duffey_lake_road4.jpg\"><img decoding=\"async\" src=\"\/blog\/wp-content\/uploads\/2020\/thumbs\/thumbs_duffey_lake_road4.jpg\" \/><\/a><a href=\"\/blog\/wp-content\/uploads\/2020\/matkalla_pohjoiseen4.jpg\"><img decoding=\"async\" src=\"\/blog\/wp-content\/uploads\/2020\/thumbs\/thumbs_matkalla_pohjoiseen4.jpg\" \/><\/a><a href=\"\/blog\/wp-content\/uploads\/2020\/duffey_lake_road3.jpg\"><img decoding=\"async\" src=\"\/blog\/wp-content\/uploads\/2020\/thumbs\/thumbs_duffey_lake_road3.jpg\" \/><\/a><\/p>\n<p style=\"text-align: center;\"><em>Alkumatkan tuttuja maisemia<\/em><\/p>\n<p style=\"text-align: justify;\">Aamup\u00e4iv\u00e4n keli oli pilvinen ja maasto kostea edellisy\u00f6n sateesta, mutta\u00a0 ilahduttavasti s\u00e4\u00e4 alkoi parantua Lillooetin kohdalla, jossa Fraser River virtaa vuolaana syv\u00e4n kanjonin pohjalla. Maisemia tuli pys\u00e4hdytty\u00e4 ihailemaan monessa kohtaa samalla kun jalat saivat hieman verryttely\u00e4.<\/p>\n<p style=\"text-align: center;\"><a href=\"\/blog\/wp-content\/uploads\/2020\/duffey_lake_road5.jpg\"><img decoding=\"async\" src=\"\/blog\/wp-content\/uploads\/2020\/thumbs\/thumbs_duffey_lake_road5.jpg\" \/><\/a><a href=\"\/blog\/wp-content\/uploads\/2020\/kanjoni_lillooetin_lahella3.jpg\"><img decoding=\"async\" src=\"\/blog\/wp-content\/uploads\/2020\/thumbs\/thumbs_kanjoni_lillooetin_lahella3.jpg\" \/><\/a><a href=\"\/blog\/wp-content\/uploads\/2020\/kanjoni_lillooetin_lahella1.jpg\"><img decoding=\"async\" src=\"\/blog\/wp-content\/uploads\/2020\/thumbs\/thumbs_kanjoni_lillooetin_lahella1.jpg\" \/><\/a><br \/>\n<a href=\"\/blog\/wp-content\/uploads\/2020\/kanjoni_lillooetin_lahella2.jpg\"><img decoding=\"async\" src=\"\/blog\/wp-content\/uploads\/2020\/thumbs\/thumbs_kanjoni_lillooetin_lahella2.jpg\" \/><\/a><a href=\"\/blog\/wp-content\/uploads\/2020\/kanjoni_lillooetin_lahella4.jpg\"><img decoding=\"async\" src=\"\/blog\/wp-content\/uploads\/2020\/thumbs\/thumbs_kanjoni_lillooetin_lahella4.jpg\" \/><\/a><\/p>\n<p style=\"text-align: center;\"><em>Fraser Canyonin karut maisemat<\/em><\/p>\n<p style=\"text-align: center;\"><a href=\"\/blog\/wp-content\/uploads\/2020\/fraser_river_lillooetissa_panoraama.jpg\"><img decoding=\"async\" src=\"\/blog\/wp-content\/uploads\/2020\/fraser_river_lillooetissa_panoraama_pieni.jpg\" \/><\/a><\/p>\n<p style=\"text-align: center;\"><em>Lillooetin tienoilla<\/em><\/p>\n<p style=\"text-align: justify;\">Cache Creekist\u00e4 eteenp\u00e4in maisemat olivat meille uusia, sill\u00e4 emme ole olleet aiemmin n\u00e4in kaukana kotoa. Alue tunnetaan Cariboona ja se on suuri yl\u00e4nk\u00f6alue British Columbian ytimess\u00e4. Et\u00e4isyydet pienten asutuskeskusten v\u00e4lill\u00e4 ovat pitki\u00e4 ja ensimm\u00e4inen pys\u00e4hdyksemme oli vasta pieni 100 Mile House joka sijaitsee &#8211; yll\u00e4tys yll\u00e4tys &#8211; tasan sata mailia Lillooetista. 1800-luvun puoliv\u00e4liss\u00e4 Cariboon alueella koettiin kultarynt\u00e4ys jonka aikana alueen ainoan k\u00e4rrypolun varrelle muodostui lukuisia pelk\u00e4st\u00e4\u00e4n et\u00e4isyyden mukaan nimettyj\u00e4 taajamia kuten 70, 100, 105 ja 150 Mile House.<\/p>\n<p style=\"text-align: center;\"><a href=\"\/blog\/wp-content\/uploads\/2020\/100_mile_house.jpg\"><img decoding=\"async\" src=\"\/blog\/wp-content\/uploads\/2020\/thumbs\/thumbs_100_mile_house.jpg\" \/><\/a><a href=\"\/blog\/wp-content\/uploads\/2020\/matkalla_pohjoiseen9.jpg\"><img decoding=\"async\" src=\"\/blog\/wp-content\/uploads\/2020\/thumbs\/thumbs_matkalla_pohjoiseen9.jpg\" \/><\/a><a href=\"\/blog\/wp-content\/uploads\/2020\/lehmipojat_tyossaan.jpg\"><img decoding=\"async\" src=\"\/blog\/wp-content\/uploads\/2020\/thumbs\/thumbs_lehmipojat_tyossaan.jpg\" \/><\/a><\/p>\n<p style=\"text-align: center;\"><em>Maisemia entisen k\u00e4rrypolun varrella<\/em><\/p>\n<p style=\"text-align: justify;\">100 Mile Housessa asuu pysyv\u00e4sti vajaat 2000 asukasta mutta se on sangen kuuluisa sit\u00e4 ymp\u00e4r\u00f6ivist\u00e4 sadoista j\u00e4rvist\u00e4, joita pidet\u00e4\u00e4n hyvin\u00e4 kalavesin\u00e4. Kyl\u00e4n keskustassa matkaajaa odottaa erikoinen n\u00e4ky, sill\u00e4 kyl\u00e4nraiting varressa seisovat maailman suurimmat murtomaasukset. Suomalaiselle huomiota kiinnitt\u00e4\u00e4 valtavien suksien olevan Karhu-merkkiset, joskaan niill\u00e4 ei ole mit\u00e4\u00e4n yhteytt\u00e4 Suomeen. 100 Mile Housen laajat salot ovat kuitenkin suosittua murtomaahiihtoaluetta ja laduilla on on harjoitellut useita <a title=\"Olympiatuli syttyi Vancouveriin\" href=\"https:\/\/www.vuosiamaailmalla.fi\/?p=2731\">Kanadan olympiajoukkueen<\/a> j\u00e4seni\u00e4.<\/p>\n<p style=\"text-align: center;\"><a href=\"\/blog\/wp-content\/uploads\/2020\/maailman_suurimmat_sukset.jpg\"><img decoding=\"async\" src=\"\/blog\/wp-content\/uploads\/2020\/thumbs\/thumbs_maailman_suurimmat_sukset.jpg\" \/><\/a><\/p>\n<p style=\"text-align: center;\"><em>Maailman suurimmat murtomaasukset<\/em><\/p>\n<p style=\"text-align: justify;\">Lounaan j\u00e4lkeen matkamme jatkui maantiet\u00e4 kohti pohjoista. Williams Lakelle tullessamme maisemat alkoivat n\u00e4ytt\u00e4m\u00e4\u00e4n j\u00e4lleen tutulta, sill\u00e4 olimmehan olleet kaupungissa vain vuotta aiemmin viime kes\u00e4n suurella etel\u00e4isen British Columbian kierroksellamme. Edellisell\u00e4 reissulla minun ei kuitenkaan onnistunut ottaa kuvaa t\u00e4m\u00e4n sahateollisuudesta el\u00e4v\u00e4n kaupungin lukuisista hirsim\u00f6kkitehtaista, joilla kuvataan <em>HGTV:ll\u00e4<\/em>\u00a0n\u00e4ht\u00e4v\u00e4\u00e4 <a href=\"https:\/\/www.pioneerloghomesofbc.com\/timber-kings\/\"><em>Timber Kings<\/em><\/a> televisiosarjaa. Hieman et\u00e4\u00e4mm\u00e4ll\u00e4 n\u00e4imme my\u00f6s toisen,\u00a0 <em>Discovery Channelilla<\/em> n\u00e4ht\u00e4v\u00e4n tositelevisiosarja <em>Jade Feverin<\/em> mainoksen tienvarressa. Itse sarjan kuvauspaikka Jade City sijaitsee kuitenkin viel\u00e4 satoja kilometrej\u00e4 pohjoisempana, mutta n\u00e4m\u00e4 kertovat ett\u00e4 Kanadan televisiotuotanto voi hyvin ja sen kautta syrj\u00e4seudutkin ovat saaneet pient\u00e4 n\u00e4kyvyytt\u00e4 kansainv\u00e4lisill\u00e4 televiokanavilla.<\/p>\n<p style=\"text-align: center;\"><a href=\"\/blog\/wp-content\/uploads\/2020\/timber_kings_tyomaa1.jpg\"><img decoding=\"async\" src=\"\/blog\/wp-content\/uploads\/2020\/thumbs\/thumbs_timber_kings_tyomaa1.jpg\" \/><\/a><a href=\"\/blog\/wp-content\/uploads\/2020\/timber_kings_tyomaa2.jpg\"><img decoding=\"async\" src=\"\/blog\/wp-content\/uploads\/2020\/thumbs\/thumbs_timber_kings_tyomaa2.jpg\" \/><\/a><a href=\"\/blog\/wp-content\/uploads\/2020\/timber_kings_tyomaa3.jpg\"><img decoding=\"async\" src=\"\/blog\/wp-content\/uploads\/2020\/thumbs\/thumbs_timber_kings_tyomaa3.jpg\" \/><\/a><\/p>\n<p style=\"text-align: center;\"><em>Williams Laken m\u00f6kkitehtaita<\/em><\/p>\n<p style=\"text-align: center;\"><a href=\"\/blog\/wp-content\/uploads\/2020\/matkalla_pohjoiseen10.jpg\"><img decoding=\"async\" src=\"\/blog\/wp-content\/uploads\/2020\/matkalla_pohjoiseen10.jpg\" \/><\/a><\/p>\n<p style=\"text-align: center;\"><em>Televisiosta tuttu paikka<\/em><\/p>\n<p style=\"text-align: justify;\">Alkuillasta saavutimme noin 500 kilometrin ajomatkan p\u00e4\u00e4tteeksi y\u00f6paikkamme Quesnelin. Quesnel on vajaan 23 000 asukkaan pikkukaupunki Fraser ja Quesnel Riverin haarassa. Kaupunki oli aikoinaan merkitt\u00e4v\u00e4 pys\u00e4hdyspiste matkalla l\u00e4heiseen Barkervilleen, josta l\u00f6ydettiin\u00a0 kultaa vuonna 1861. Alueen historiasta muistuttaa edelleen kaupunkiin tultaessa maailman suurin vaskooli, josta emme valitettavasti saaneet kunnon valokuvaa.<\/p>\n<p style=\"text-align: justify;\">1800-luvun huippuvuosista muistuttaa my\u00f6s kaupungin keskustassa sijaitseva kasinohotelli <em>Billy Barker<\/em>, jonka nimi juontaa juurensa 1860-luvulla juuri Barkervillen alueella ensimm\u00e4isen\u00e4 kultaa l\u00f6yt\u00e4neeseen kullankaivajaan. Erikoista on my\u00f6s itse rakennus, joka muistuttaa erehdytt\u00e4v\u00e4sti siipiratasalusta, jotka kynsiv\u00e4t aikoinaan Fraser Riveri\u00e4 tarjoten kyydin pohjoisen kaivannoille vuosina 1862 &#8211; 1921.<\/p>\n<p style=\"text-align: center;\"><a href=\"\/blog\/wp-content\/uploads\/2020\/billy_barker_hotel2.jpg\"><img decoding=\"async\" src=\"\/blog\/wp-content\/uploads\/2020\/thumbs\/thumbs_billy_barker_hotel2.jpg\" \/><\/a><a href=\"\/blog\/wp-content\/uploads\/2020\/billy_barker_hotel1.jpg\"><img decoding=\"async\" src=\"\/blog\/wp-content\/uploads\/2020\/thumbs\/thumbs_billy_barker_hotel1.jpg\" \/><\/a><\/p>\n<p style=\"text-align: center;\"><em>Historiaa haviseva hotelli<\/em><\/p>\n<p style=\"text-align: justify;\">Hauskan n\u00e4k\u00f6inen hotelli toimi y\u00f6paikkanamme ja illan aikana ehdimme katsastaa kaupungin pienen keskustan, jonka pieni erikoisuus ovat yhteens\u00e4 23 hauskasti maalattua vesipostia. Onnistuimme l\u00f6yt\u00e4m\u00e4\u00e4n n\u00e4ist\u00e4 muutaman ja ne pirist\u00e4v\u00e4t pikkukaupungin katukuvaa mukavasti.<\/p>\n<p style=\"text-align: center;\"><a href=\"\/blog\/wp-content\/uploads\/2020\/quesnelin_keskustaa1.jpg\"><img decoding=\"async\" src=\"\/blog\/wp-content\/uploads\/2020\/thumbs\/thumbs_quesnelin_keskustaa1.jpg\" \/><\/a><a href=\"\/blog\/wp-content\/uploads\/2020\/quesnelin_keskustaa3.jpg\"><img decoding=\"async\" src=\"\/blog\/wp-content\/uploads\/2020\/thumbs\/thumbs_quesnelin_keskustaa3.jpg\" \/><\/a><a href=\"\/blog\/wp-content\/uploads\/2020\/quesnelin_keskustaa2.jpg\"><img decoding=\"async\" src=\"\/blog\/wp-content\/uploads\/2020\/thumbs\/thumbs_quesnelin_keskustaa2.jpg\" \/><\/a><\/p>\n<p style=\"text-align: center;\"><em>Quesnelin keskusta<\/em><\/p>\n<p style=\"text-align: justify;\">Y\u00f6n aikana nukuimme huonosti, sill\u00e4 huoneen ilmastointi oli \u00e4\u00e4nek\u00e4s ja mieless\u00e4 painoi huoli rankasta ukkoskuurosta. Cariboon alueella saadaan toisinaan rankkoja raekuuroja jotka saattavat vaurioittaa autoja, mutta onneksi t\u00e4llainen ei sattunut kohdalle. Mielt\u00e4 arvelutti my\u00f6s ajatus auton sis\u00e4\u00e4n j\u00e4\u00e4neist\u00e4 tavaroista joita emme olleet raahanneet turvaan hotellihuoneeseemme, mutta onneksi y\u00f6 ei tuonut mukanaan harmeja.<\/p>\n<p style=\"text-align: justify;\">Aamusta oli Niinan vuoro hyp\u00e4t\u00e4 rattiin jatkaessamme matkaa kohti Prince Georgea. Sinne saavuttuamme ajoimme muutaman ympyr\u00e4n kaupungin keskustassa viime kes\u00e4n muistoja virkist\u00e4en, mutta jatkoimme j\u00e4lleen sangen nopeasti matkaamme takaisin kohti er\u00e4maata.<\/p>\n<p style=\"text-align: center;\"><a href=\"\/blog\/wp-content\/uploads\/2020\/matkalla_pohjoiseen3.jpg\"><img decoding=\"async\" src=\"\/blog\/wp-content\/uploads\/2020\/thumbs\/thumbs_matkalla_pohjoiseen3.jpg\" \/><\/a><a href=\"\/blog\/wp-content\/uploads\/2020\/matkalla_pohjoiseen2.jpg\"><img decoding=\"async\" src=\"\/blog\/wp-content\/uploads\/2020\/thumbs\/thumbs_matkalla_pohjoiseen2.jpg\" \/><\/a><a href=\"\/blog\/wp-content\/uploads\/2020\/matkalla_pohjoiseen1.jpg\"><img decoding=\"async\" src=\"\/blog\/wp-content\/uploads\/2020\/thumbs\/thumbs_matkalla_pohjoiseen1.jpg\" \/><\/a><\/p>\n<p style=\"text-align: center;\"><em>Matkalla pohjoiseen<\/em><\/p>\n<p style=\"text-align: center;\"><a href=\"\/blog\/wp-content\/uploads\/2020\/saapuminen_prince_georgeen1.jpg\"><img decoding=\"async\" src=\"\/blog\/wp-content\/uploads\/2020\/saapuminen_prince_georgeen1_pieni.jpg\" \/><\/a><\/p>\n<p style=\"text-align: center;\"><em>Pohjoisen keskus Prince George<\/em><\/p>\n<p style=\"text-align: center;\"><a href=\"\/blog\/wp-content\/uploads\/2020\/saapuminen_prince_georgeen2.jpg\"><img decoding=\"async\" src=\"\/blog\/wp-content\/uploads\/2020\/thumbs\/thumbs_saapuminen_prince_georgeen2.jpg\" \/><\/a><a href=\"\/blog\/wp-content\/uploads\/2020\/saapuminen_prince_georgeen3.jpg\"><img decoding=\"async\" src=\"\/blog\/wp-content\/uploads\/2020\/thumbs\/thumbs_saapuminen_prince_georgeen3.jpg\" \/><\/a><\/p>\n<p style=\"text-align: center;\"><em>Teollisuuskeskus Prince George<\/em><\/p>\n<p style=\"text-align: justify;\">Lounas tuli sy\u00f6ty\u00e4 Vanderhoof nimisess\u00e4 pikkupaikassa, joka on British Columbian maantieteellinen keskipiste. Tieto muistutti meit\u00e4 provinsin valtavasta koosta, sill\u00e4 Vancouverista kertyy Vanderhoofiin matkaa l\u00e4hemm\u00e4s 900 kilometri\u00e4. Olimme siis samaan aikaan sek\u00e4 kaukana kotoa ett\u00e4 emme kovinkaan kaukana.<\/p>\n<p style=\"text-align: center;\"><a href=\"\/blog\/wp-content\/uploads\/2020\/vanderhoof.jpg\"><img decoding=\"async\" src=\"\/blog\/wp-content\/uploads\/2020\/thumbs\/thumbs_vanderhoof.jpg\" \/><\/a><a href=\"\/blog\/wp-content\/uploads\/2020\/matkalla_pohjoiseen8.jpg\"><img decoding=\"async\" src=\"\/blog\/wp-content\/uploads\/2020\/thumbs\/thumbs_matkalla_pohjoiseen8.jpg\" \/><\/a><a href=\"\/blog\/wp-content\/uploads\/2020\/matkalla_pohjoiseen5.jpg\"><img decoding=\"async\" src=\"\/blog\/wp-content\/uploads\/2020\/thumbs\/thumbs_matkalla_pohjoiseen5.jpg\" \/><\/a><\/p>\n<p style=\"text-align: center;\"><em>Provinssin keskipisteess\u00e4<\/em><\/p>\n<p style=\"text-align: justify;\"><em>Highway 16<\/em> johtaa Prince Georgesta l\u00e4nteen ja on sangen yksin\u00e4inen maantie, joka halkoo loputtomilta tuntuvaa er\u00e4maata. Tien varrella on pieni\u00e4 asumuksia, mutta seuraava suurempi asutuskeskus on vasta 350 kilometrin p\u00e4\u00e4ss\u00e4 ja kokolailla puoliv\u00e4liss\u00e4 <a title=\"Kanadan sateisin kaupunki Prince Rupert\" href=\"https:\/\/www.vuosiamaailmalla.fi\/?p=10786\">Prince Rupertiin<\/a> sijaitseva 5300 asukkaan Smithers. Alunperin rautatien ymp\u00e4rille rakentunut pieni kyl\u00e4 on t\u00e4k\u00e4l\u00e4isitt\u00e4in sangen kuuluisa rennosta menostaan ja mekin olemme kuulleet nimen useasti aiemmin. Alueen laskettelumahdollisuuksia kuvataan mahtaviksi ja kyl\u00e4n taustalla kohoava 2589-metrisen Hudson Bay Mountainin rinteill\u00e4 sijaitseekin pieni laskettelukeskus. Ajoimme yl\u00f6s keskukselle hienojen maisemien toivossa, mutta ainoaksi kiintoisaksi n\u00e4ht\u00e4vyydeksi j\u00e4i hiekkatien varrella ollut ja todenn\u00e4k\u00f6isesti susien sy\u00f6m\u00e4 poron raato.<\/p>\n<p style=\"text-align: center;\"><a href=\"\/blog\/wp-content\/uploads\/2020\/skeena_river_panoraama1.jpg\"><img decoding=\"async\" src=\"\/blog\/wp-content\/uploads\/2020\/skeena_river_panoraama1_pieni.jpg\" \/><\/a><\/p>\n<p style=\"text-align: center;\"><em>Vuolaana virtaava Bulkley River<\/em><\/p>\n<p style=\"text-align: center;\"><a href=\"\/blog\/wp-content\/uploads\/2020\/smithers1.jpg\"><img decoding=\"async\" src=\"\/blog\/wp-content\/uploads\/2020\/thumbs\/thumbs_smithers1.jpg\" \/><\/a><a href=\"\/blog\/wp-content\/uploads\/2020\/smithers2.jpg\"><img decoding=\"async\" src=\"\/blog\/wp-content\/uploads\/2020\/thumbs\/thumbs_smithers2.jpg\" \/><\/a><a href=\"\/blog\/wp-content\/uploads\/2020\/raato.jpg\"><img decoding=\"async\" src=\"\/blog\/wp-content\/uploads\/2020\/thumbs\/thumbs_raato.jpg\" \/><\/a><\/p>\n<p style=\"text-align: center;\"><em>Alppihenkinen Smithers<\/em><\/p>\n<p style=\"text-align: justify;\">Smithersin pieni keskusta on viihtyis\u00e4 ja siin\u00e4 on hieman <a title=\"Laskettelureissu Alpeille\" href=\"https:\/\/www.vuosiamaailmalla.fi\/?p=2321\">alppihenke\u00e4<\/a>. Kyl\u00e4n taustalla kohoava jylh\u00e4 vuori tekee vaikutuksen kaikkialta n\u00e4htyn\u00e4, joskin n\u00e4in kes\u00e4ll\u00e4 vuoren huipun lumikerros on joutunut antamaan periksi l\u00e4mpim\u00e4lle s\u00e4\u00e4lle. Pakollinen n\u00e4ht\u00e4vyys aivan vuoren juuressa ovat <em>Twin Fallsin<\/em> kaksoisvesiputous, jolle johtaa lyhyt joskin sangen jyrkk\u00e4 polku. Valitettavasti aurinko oli juuri kuvaussuuntaa vastaan, mutta vuolaana kohisevat vesiputoukset tekiv\u00e4t meihin silti vaikutuksen.<\/p>\n<p style=\"text-align: center;\"><a href=\"\/blog\/wp-content\/uploads\/2020\/smithers_twin_falls3.jpg\"><img decoding=\"async\" src=\"\/blog\/wp-content\/uploads\/2020\/thumbs\/thumbs_smithers_twin_falls3.jpg\" \/><\/a><a href=\"\/blog\/wp-content\/uploads\/2020\/smithers_twin_falls2.jpg\"><img decoding=\"async\" src=\"\/blog\/wp-content\/uploads\/2020\/thumbs\/thumbs_smithers_twin_falls2.jpg\" \/><\/a><a href=\"\/blog\/wp-content\/uploads\/2020\/smithers_twin_falls1.jpg\"><img decoding=\"async\" src=\"\/blog\/wp-content\/uploads\/2020\/thumbs\/thumbs_smithers_twin_falls1.jpg\" \/><\/a><\/p>\n<p style=\"text-align: center;\"><em>Kaksoisvesiputoukset<\/em><\/p>\n<p style=\"text-align: justify;\">Hyvin nukutun y\u00f6n j\u00e4lkeen jatkoimme j\u00e4lleen matkaamme edelleen kohti l\u00e4ntt\u00e4 sek\u00e4 rannikkoa. Matkalla huomiomme kiinnittiv\u00e4t kyltit siit\u00e4, ett\u00e4 olimme saapuneet <em>Wet&#8217;suwet&#8217;en<\/em> intiaaniheimon alueelle. Intiaaniheimoja sek\u00e4 n\u00e4iden reservaattialueita on Kanadassa joka puolella, mutta syy miksi juuri t\u00e4m\u00e4 heimo kiinnitti huomiomme oli sen tunnetuksi tuleminen <a title=\"Kanada panttivankina\" href=\"https:\/\/www.vuosiamaailmalla.fi\/?p=10508\">helmikuun protestiliikkeen<\/a> aikana. Tuolloin laittomia heimojohtajia tukeneet aktivistit pys\u00e4yttiv\u00e4t suuren osan Kanadan junaliikenteest\u00e4 yli kuukauden ajaksi, kun <a title=\"Vaalit skandaalien varjossa\" href=\"https:\/\/www.vuosiamaailmalla.fi\/?p=10269\">p\u00e4\u00e4ministeri Trudeaun<\/a> hallinto kiemurteli p\u00e4\u00e4t\u00f6sten kanssa. Naurettavat protestit maksoivat <a title=\"Kanadan ty\u00f6llisyystilanne (2021)\" href=\"https:\/\/www.vuosiamaailmalla.fi\/blog\/2021\/kanadan-tyollisyystilanne-2021\/\">Kanadan taloudelle<\/a> satoja miljoonia dollareita mik\u00e4 kuitenkin pyyhkiytyi kaikkien mielest\u00e4 koronaepidemian <a title=\"Uusi normaali\" href=\"https:\/\/www.vuosiamaailmalla.fi\/?p=10622\">r\u00e4j\u00e4hdetty\u00e4 k\u00e4siin<\/a> maaliskuun lopulla.<\/p>\n<p style=\"text-align: justify;\">Maantie seurailee Bulkley Riverin vartta, joka puristuu kapeikkoon Witset Canyonin kohdalla. Paikka on paikallisten suosima kalastuspaikka, jossa voi joinain vuodenaikoina nostaa kalaa joesta pelk\u00e4ll\u00e4 haavilla. N\u00e4in maanantaiaamuna paikalla ei ollut ket\u00e4\u00e4n, mutta se tarjosi tilaisuuden lepuutta hieman jalkojamme kosken kohinaa kuunnellen.<\/p>\n<p style=\"text-align: center;\"><a href=\"\/blog\/wp-content\/uploads\/2020\/morrison_rapids1.jpg\"><img decoding=\"async\" src=\"\/blog\/wp-content\/uploads\/2020\/thumbs\/thumbs_morrison_rapids1.jpg\" \/><\/a><a href=\"\/blog\/wp-content\/uploads\/2020\/morrison_rapids3.jpg\"><img decoding=\"async\" src=\"\/blog\/wp-content\/uploads\/2020\/thumbs\/thumbs_morrison_rapids3.jpg\" \/><\/a><a href=\"\/blog\/wp-content\/uploads\/2020\/morrison_rapids2.jpg\"><img decoding=\"async\" src=\"\/blog\/wp-content\/uploads\/2020\/thumbs\/thumbs_morrison_rapids2.jpg\" \/><\/a><\/p>\n<p style=\"text-align: center;\"><em>Jokikapeikko\u00a0<\/em><\/p>\n<p style=\"text-align: justify;\">Edemp\u00e4n\u00e4 maisemat muuttuvat huikeiksi kun rannikon vuorijonot alkavat kohota ymp\u00e4rill\u00e4. Pieni mutta pys\u00e4hdyksen arvoinen n\u00e4ht\u00e4vyys l\u00f6ytyy pienen New Hazeltonin kyl\u00e4pahasen l\u00e4helt\u00e4 paikallistiell\u00e4 alkuper\u00e4iseen Hazeltonin kyl\u00e4\u00e4n. Hazelton sijaitsee upealla paikalla kohdassa jossa Bulkley River yhdistyy suurempaan Skeena Riveriin. 570 kilometri\u00e4 pitk\u00e4 Skeena River on British Columbian toiseksi pisin joki heti Fraser Riverin j\u00e4lkeen ja sen kautta virtaa valtavat m\u00e4\u00e4r\u00e4t vuoristoon satavasta sadevedest\u00e4 takaisin Tyyneenmereen.<\/p>\n<p style=\"text-align: justify;\">Hazeltoniin p\u00e4\u00e4st\u00e4kseen on kuitenkin ensiksi ylitett\u00e4v\u00e4 Bulkley River yksikaista 140-metrist\u00e4 <em>Hagwilget Canyon Bridge\u00e4<\/em> pitkin, joka ylitt\u00e4\u00e4 80 metri\u00e4 alapuolella virtaavan joen. Nykyinen metallista rakennettu silta on j\u00e4rjestyksess\u00e4\u00e4n nelj\u00e4s paikalla seissyt silta ja se on rakennettu vuonna 1931. Vanha silta on silti j\u00e4m\u00e4kk\u00e4 mutta mielt\u00e4 kutkuttava k\u00e4vell\u00e4 ja ajaa, sill\u00e4 se muodostuu paksusta rautaverkosta jonka l\u00e4vitse n\u00e4kee. Puhelimesta ja avaimista onkin hyv\u00e4 pit\u00e4\u00e4 tiukasti kiinni sillalla astellessa.<\/p>\n<p style=\"text-align: center;\"><a href=\"\/blog\/wp-content\/uploads\/2020\/hagwilget_bridge1.jpg\"><img decoding=\"async\" src=\"\/blog\/wp-content\/uploads\/2020\/thumbs\/thumbs_hagwilget_bridge1.jpg\" \/><\/a><a href=\"\/blog\/wp-content\/uploads\/2020\/hagwilget_bridge2.jpg\"><img decoding=\"async\" src=\"\/blog\/wp-content\/uploads\/2020\/thumbs\/thumbs_hagwilget_bridge2.jpg\" \/><\/a><a href=\"\/blog\/wp-content\/uploads\/2020\/hagwilget_bridge3.jpg\"><img decoding=\"async\" src=\"\/blog\/wp-content\/uploads\/2020\/thumbs\/thumbs_hagwilget_bridge3.jpg\" \/><\/a><\/p>\n<p style=\"text-align: center;\"><em>Hurja Hagwilget Bridge<\/em><\/p>\n<p style=\"text-align: center;\"><a href=\"\/blog\/wp-content\/uploads\/2020\/hagwilget_bridge4.jpg\"><img decoding=\"async\" src=\"\/blog\/wp-content\/uploads\/2020\/thumbs\/thumbs_hagwilget_bridge4.jpg\" \/><\/a><a href=\"\/blog\/wp-content\/uploads\/2020\/hagwilget_bridge5.jpg\"><img decoding=\"async\" src=\"\/blog\/wp-content\/uploads\/2020\/thumbs\/thumbs_hagwilget_bridge5.jpg\" \/><\/a><\/p>\n<p style=\"text-align: center;\"><em>Korkealla sillalla tuulee<\/em><\/p>\n<p style=\"text-align: justify;\">Hazeltonin kyl\u00e4ss\u00e4 sijaitsee kehuttu alkuasukasmuseo, joka ei kuitenkaan ollut koronaviruksen vuoksi avoinna. Sama toistuisi useasti matkamme aikana, matkailukohteiden ollessa viel\u00e4 suureksi osaksi kiinni kakkosvaiheen johdosta.<\/p>\n<p style=\"text-align: center;\"><a href=\"\/blog\/wp-content\/uploads\/2020\/hazeltonin_intiaanikyla2.jpg\"><img decoding=\"async\" src=\"\/blog\/wp-content\/uploads\/2020\/thumbs\/thumbs_hazeltonin_intiaanikyla2.jpg\" \/><\/a><a href=\"\/blog\/wp-content\/uploads\/2020\/hazeltonin_intiaanikyla1.jpg\"><img decoding=\"async\" src=\"\/blog\/wp-content\/uploads\/2020\/thumbs\/thumbs_hazeltonin_intiaanikyla1.jpg\" \/><\/a><\/p>\n<p style=\"text-align: center;\"><em>Historiallinen Hazelton<\/em><\/p>\n<p style=\"text-align: justify;\">Paluumatkalla valtatielle ihailimme viel\u00e4 kerran Hazeltonista avautuvaa maisemaa, jota hallitsee kerrassaan upea vuorijono jonka korkein huippu on 2076 metri\u00e4 korkea ja ter\u00e4v\u00e4 Hagwilget Peak. Valokuva ei yksinkertaisesti tee oikeutta sille, miten n\u00e4ytt\u00e4v\u00e4 vuori oikeasti on.<\/p>\n<p style=\"text-align: center;\"><a href=\"\/blog\/wp-content\/uploads\/2020\/hagwilget_peak_panoraama.jpg\"><img decoding=\"async\" src=\"\/blog\/wp-content\/uploads\/2020\/hagwilget_peak_panoraama_pieni.jpg\" \/><\/a><\/p>\n<p style=\"text-align: center;\"><em>Kaunis pohjoinen<\/em><\/p>\n<p style=\"text-align: center;\"><a href=\"\/blog\/wp-content\/uploads\/2020\/hagwilget_peak1.jpg\"><img decoding=\"async\" src=\"\/blog\/wp-content\/uploads\/2020\/thumbs\/thumbs_hagwilget_peak1.jpg\" \/><\/a><a href=\"\/blog\/wp-content\/uploads\/2020\/matkalla_pohjoiseen6.jpg\"><img decoding=\"async\" src=\"\/blog\/wp-content\/uploads\/2020\/thumbs\/thumbs_matkalla_pohjoiseen6.jpg\" \/><\/a><\/p>\n<p style=\"text-align: center;\"><em>Jylh\u00e4 Hagwilget Peak<\/em><\/p>\n<p style=\"text-align: justify;\">P\u00e4iv\u00e4n p\u00e4\u00e4tepiste oli 15 000 asukkaan Terrace, joka on alueen merkitt\u00e4vin asutuskeskus. T\u00e4ll\u00e4 seudulla viett\u00e4isimme seuraavat p\u00e4iv\u00e4mme ymp\u00e4r\u00f6ivi\u00e4 paikkoja tutkien ja valokuvia napsien. Varsinainen majapaikkamme sijaitsi Terracesta 18 kilometri\u00e4 etel\u00e4\u00e4n kauniissa <em>Lakelse Lake Provincial Parkissa<\/em>. Olimme varanneet leirint\u00e4alueelta telttapaikan seuraavaksi nelj\u00e4ksi y\u00f6ksi, mik\u00e4 oli ihanan helppoa. Suurkaupungissa asuessa on tottunut siihen, ett\u00e4 telttapaikoista on joka kes\u00e4 verinen taistelu, mutta t\u00e4\u00e4ll\u00e4 kaukana pohjoisessa varauksia ei tarvitse v\u00e4ltt\u00e4m\u00e4tt\u00e4 tarvitse edes tehd\u00e4 etuk\u00e4teen, sill\u00e4 tilaa tuntuu riitt\u00e4v\u00e4n.<\/p>\n<p style=\"text-align: center;\"><a href=\"\/blog\/wp-content\/uploads\/2020\/terrace1.jpg\"><img decoding=\"async\" src=\"\/blog\/wp-content\/uploads\/2020\/thumbs\/thumbs_terrace1.jpg\" \/><\/a><a href=\"\/blog\/wp-content\/uploads\/2020\/terrace2.jpg\"><img decoding=\"async\" src=\"\/blog\/wp-content\/uploads\/2020\/thumbs\/thumbs_terrace2.jpg\" \/><\/a><\/p>\n<p style=\"text-align: center;\"><em>Koillisprovinssin\u00a0 keskus Terrace<\/em><\/p>\n<p style=\"text-align: center;\"><a href=\"\/blog\/wp-content\/uploads\/2020\/lakelse_lake_leirilla1.jpg\"><img decoding=\"async\" src=\"\/blog\/wp-content\/uploads\/2020\/thumbs\/thumbs_lakelse_lake_leirilla1.jpg\" \/><\/a><a href=\"\/blog\/wp-content\/uploads\/2020\/lakelse_lake_leirilla2.jpg\"><img decoding=\"async\" src=\"\/blog\/wp-content\/uploads\/2020\/thumbs\/thumbs_lakelse_lake_leirilla2.jpg\" \/><\/a><a href=\"\/blog\/wp-content\/uploads\/2020\/lakelse_lake_leirilla3.jpg\"><img decoding=\"async\" src=\"\/blog\/wp-content\/uploads\/2020\/thumbs\/thumbs_lakelse_lake_leirilla3.jpg\" \/><\/a><\/p>\n<p style=\"text-align: center;\"><em>Leirint\u00e4alueella oli tilaa<\/em><\/p>\n<p style=\"text-align: justify;\">Pystytimme telttamme ja askartelimme yll\u00e4tt\u00e4v\u00e4n hyvin onnistuneen katoksen telttapaikkamme ylle. Lopun iltaa nautimme nuotion loimusta sek\u00e4 ulkoilmassa telttailun parhaista puolista. Seuraavien p\u00e4ivien seikkailuista sek\u00e4 matkakohteista lis\u00e4\u00e4 <a title=\"Pohjoisen buumikaupunki Kitimat\" href=\"https:\/\/www.vuosiamaailmalla.fi\/?p=10770\">seuraavassa kirjoituksessa<\/a>.<\/p>\n<p style=\"text-align: right;\"><em>Seuraavaan osaan\u00a0<a title=\"Pohjoisen buumikaupunki Kitimat\" href=\"https:\/\/www.vuosiamaailmalla.fi\/?p=10770\">t\u00e4st\u00e4<\/a>. Matkakertomuksen muut osat l\u00f6ytyv\u00e4t\u00a0<a href=\"https:\/\/www.vuosiamaailmalla.fi\/?tag=matkakertomus-prince-rupert\">t\u00e4\u00e4lt\u00e4<\/a>.<\/em><\/p>\n","protected":false},"excerpt":{"rendered":"<p>Matkakertomuksen muut osat l\u00f6ytyv\u00e4t\u00a0t\u00e4\u00e4lt\u00e4. Vuosi 2020 ei ole suosinut matkailijoita ja moni on saanut heitt\u00e4\u00e4 hyv\u00e4stit aiemmille lomasuunnitelmille koronaviruksen suljettua maiden ja jopa provinssien v\u00e4liset rajat. Esimerkiksi p\u00e4\u00e4si\u00e4iseksi suunniteltu lomamme Seattlessa j\u00e4i kaukaiseksi haaveeksi, eik\u00e4 kes\u00e4lle uskaltanut tehd\u00e4 suuri muutoksia yleisen ep\u00e4varmuuden jatkuessa. Johonkin ne lomap\u00e4iv\u00e4t on silti k\u00e4ytett\u00e4v\u00e4 ja kes\u00e4kuussa varmistunut tieto uudesta ty\u00f6paikastani &hellip; <a href=\"https:\/\/www.vuosiamaailmalla.fi\/blog\/2020\/kesalomamatkalla-koronan-keskella\/\" class=\"more-link\">Jatka lukemista<span class=\"screen-reader-text\"> &#8221;Kes\u00e4lomamatkalla koronan keskell\u00e4&#8221;<\/span><\/a><\/p>\n","protected":false},"author":1,"featured_media":10775,"comment_status":"open","ping_status":"open","sticky":false,"template":"","format":"standard","meta":{"_jetpack_memberships_contains_paid_content":false,"footnotes":""},"categories":[9,7],"tags":[1515,1517,935,1487,1516,580,1510,1513,1514,329,1512,1511,1474],"class_list":["post-10767","post","type-post","status-publish","format-standard","has-post-thumbnail","hentry","category-kanada","category-matkakertomukset","tag-100-mile-house","tag-hagwilget-canyon-bridge","tag-kanada","tag-koronavirus","tag-lakelse-lake-provincial-park","tag-lillooet","tag-matkakertomus-prince-rupert","tag-prince-george","tag-quesnel","tag-road-trip","tag-smithers","tag-terrace","tag-wetsuweten"],"jetpack_featured_media_url":"https:\/\/www.vuosiamaailmalla.fi\/blog\/wp-content\/uploads\/hazeltonin_intiaanikyla_banner.jpg","jetpack_sharing_enabled":true,"_links":{"self":[{"href":"https:\/\/www.vuosiamaailmalla.fi\/blog\/wp-json\/wp\/v2\/posts\/10767","targetHints":{"allow":["GET"]}}],"collection":[{"href":"https:\/\/www.vuosiamaailmalla.fi\/blog\/wp-json\/wp\/v2\/posts"}],"about":[{"href":"https:\/\/www.vuosiamaailmalla.fi\/blog\/wp-json\/wp\/v2\/types\/post"}],"author":[{"embeddable":true,"href":"https:\/\/www.vuosiamaailmalla.fi\/blog\/wp-json\/wp\/v2\/users\/1"}],"replies":[{"embeddable":true,"href":"https:\/\/www.vuosiamaailmalla.fi\/blog\/wp-json\/wp\/v2\/comments?post=10767"}],"version-history":[{"count":2,"href":"https:\/\/www.vuosiamaailmalla.fi\/blog\/wp-json\/wp\/v2\/posts\/10767\/revisions"}],"predecessor-version":[{"id":13034,"href":"https:\/\/www.vuosiamaailmalla.fi\/blog\/wp-json\/wp\/v2\/posts\/10767\/revisions\/13034"}],"wp:featuredmedia":[{"embeddable":true,"href":"https:\/\/www.vuosiamaailmalla.fi\/blog\/wp-json\/wp\/v2\/media\/10775"}],"wp:attachment":[{"href":"https:\/\/www.vuosiamaailmalla.fi\/blog\/wp-json\/wp\/v2\/media?parent=10767"}],"wp:term":[{"taxonomy":"category","embeddable":true,"href":"https:\/\/www.vuosiamaailmalla.fi\/blog\/wp-json\/wp\/v2\/categories?post=10767"},{"taxonomy":"post_tag","embeddable":true,"href":"https:\/\/www.vuosiamaailmalla.fi\/blog\/wp-json\/wp\/v2\/tags?post=10767"}],"curies":[{"name":"wp","href":"https:\/\/api.w.org\/{rel}","templated":true}]}}