{"id":1077,"date":"2010-10-28T20:00:44","date_gmt":"2010-10-29T03:00:44","guid":{"rendered":"http:\/\/13.53.127.146\/?p=1077"},"modified":"2013-04-27T14:33:45","modified_gmt":"2013-04-27T21:33:45","slug":"vasyneena-dubaissa","status":"publish","type":"post","link":"https:\/\/www.vuosiamaailmalla.fi\/blog\/2010\/vasyneena-dubaissa\/","title":{"rendered":"V\u00e4syneen\u00e4 Dubaissa"},"content":{"rendered":"<p style=\"text-align: justify;\">T\u00e4\u00e4ll\u00e4 sit\u00e4 sitten ollaan, kuluttamisen ja materialismin mekassa Dubaissa. <em>Turkish Airlinesin<\/em> lento oli perill\u00e4 noin ajallaan puoli kuuden aikaan aamulla, mink\u00e4 j\u00e4lkeen on kierretty Dubai Downtownin alueella. Lentokoneessa ei tullut saatua yht\u00e4\u00e4n unta, joten viime y\u00f6n\u00e4 j\u00e4iv\u00e4t unet kokonaan v\u00e4liin. Olo onkin puolentoista valvotun vuorokauden j\u00e4ljilt\u00e4 melkoisen v\u00e4synyt, mutta silti saimme urheasti kierretty\u00e4 paikkoja. Esimerkiksi maailman korkein rakennus<em> Burj Khalifa<\/em> <a title=\"Uskomaton Dubai\" href=\"https:\/\/www.vuosiamaailmalla.fi\/?p=1842\">valloitettiin<\/a> heti aamup\u00e4iv\u00e4st\u00e4.<\/p>\n<p style=\"text-align: justify;\">Keli on j\u00e4rkytt\u00e4v\u00e4n kuumankostea ja sis\u00e4tilat puolestaa j\u00e4\u00e4kylmiksi viilennettyj\u00e4. <em>Dubai Mall<\/em> on maailman suurin ostoskeskus ja sen 1200 liikkeest\u00e4 ehdimme n\u00e4hd\u00e4 ehk\u00e4 vain kolmanneksen. Paikan koko on uskomaton ja sis\u00e4lt\u00e4 l\u00f6ytyy muun muassa j\u00e4\u00e4kiekkoareena kauppojen lomassa.<\/p>\n<p style=\"text-align: justify;\">Nyt on pakko antaa unelle tilaa, jotka tulevat varmasti hyvin upeassa 34. kerroksen hotellihuoneessamme. Huomenna meno jatkuu kiireisen\u00e4 ja suuntaamme heti aamusta <em>Mall of the Emirates<\/em> -kauppakeskukselle <a title=\"Laskettelua, off-roadia sek\u00e4 vatsatanssia kuumalla aavikolla\" href=\"https:\/\/www.vuosiamaailmalla.fi\/?p=1884\">laskettelemaan<\/a>. Pakkohan sekin j\u00e4rjett\u00f6myys on kokeilla ja suksille tekeekin kovasti mieli p\u00e4\u00e4st\u00e4. Lis\u00e4ksi tiedossa on y\u00f6kuvaamista Burj Khalifan alueella, joten toivottavasti keli pysyy kirkkaana. T\u00e4llaista t\u00e4\u00e4lt\u00e4 Persianlahden rannalta. \ud83d\ude1b<\/p>\n","protected":false},"excerpt":{"rendered":"<p>T\u00e4\u00e4ll\u00e4 sit\u00e4 sitten ollaan, kuluttamisen ja materialismin mekassa Dubaissa. Turkish Airlinesin lento oli perill\u00e4 noin ajallaan puoli kuuden aikaan aamulla, mink\u00e4 j\u00e4lkeen on kierretty Dubai Downtownin alueella. Lentokoneessa ei tullut saatua yht\u00e4\u00e4n unta, joten viime y\u00f6n\u00e4 j\u00e4iv\u00e4t unet kokonaan v\u00e4liin. Olo onkin puolentoista valvotun vuorokauden j\u00e4ljilt\u00e4 melkoisen v\u00e4synyt, mutta silti saimme urheasti kierretty\u00e4 paikkoja. Esimerkiksi &hellip; <a href=\"https:\/\/www.vuosiamaailmalla.fi\/blog\/2010\/vasyneena-dubaissa\/\" class=\"more-link\">Jatka lukemista<span class=\"screen-reader-text\"> &#8221;V\u00e4syneen\u00e4 Dubaissa&#8221;<\/span><\/a><\/p>\n","protected":false},"author":1,"featured_media":0,"comment_status":"open","ping_status":"open","sticky":false,"template":"","format":"standard","meta":{"_jetpack_memberships_contains_paid_content":false,"footnotes":""},"categories":[362,7,12],"tags":[33,94,363],"class_list":["post-1077","post","type-post","status-publish","format-standard","hentry","category-arabiemiraatit","category-matkakertomukset","category-matkalla-kerrottua","tag-arabiemiraatit","tag-dubai","tag-matkakertomus-dubai"],"jetpack_featured_media_url":"","jetpack_sharing_enabled":true,"_links":{"self":[{"href":"https:\/\/www.vuosiamaailmalla.fi\/blog\/wp-json\/wp\/v2\/posts\/1077","targetHints":{"allow":["GET"]}}],"collection":[{"href":"https:\/\/www.vuosiamaailmalla.fi\/blog\/wp-json\/wp\/v2\/posts"}],"about":[{"href":"https:\/\/www.vuosiamaailmalla.fi\/blog\/wp-json\/wp\/v2\/types\/post"}],"author":[{"embeddable":true,"href":"https:\/\/www.vuosiamaailmalla.fi\/blog\/wp-json\/wp\/v2\/users\/1"}],"replies":[{"embeddable":true,"href":"https:\/\/www.vuosiamaailmalla.fi\/blog\/wp-json\/wp\/v2\/comments?post=1077"}],"version-history":[{"count":0,"href":"https:\/\/www.vuosiamaailmalla.fi\/blog\/wp-json\/wp\/v2\/posts\/1077\/revisions"}],"wp:attachment":[{"href":"https:\/\/www.vuosiamaailmalla.fi\/blog\/wp-json\/wp\/v2\/media?parent=1077"}],"wp:term":[{"taxonomy":"category","embeddable":true,"href":"https:\/\/www.vuosiamaailmalla.fi\/blog\/wp-json\/wp\/v2\/categories?post=1077"},{"taxonomy":"post_tag","embeddable":true,"href":"https:\/\/www.vuosiamaailmalla.fi\/blog\/wp-json\/wp\/v2\/tags?post=1077"}],"curies":[{"name":"wp","href":"https:\/\/api.w.org\/{rel}","templated":true}]}}