{"id":10784,"date":"2020-06-18T20:14:31","date_gmt":"2020-06-19T03:14:31","guid":{"rendered":"http:\/\/13.53.127.146\/?p=10784"},"modified":"2020-09-06T20:19:41","modified_gmt":"2020-09-07T03:19:41","slug":"ex-tempore-kesaloma","status":"publish","type":"post","link":"https:\/\/www.vuosiamaailmalla.fi\/blog\/2020\/ex-tempore-kesaloma\/","title":{"rendered":"Ex tempore kes\u00e4loma"},"content":{"rendered":"<p style=\"text-align: justify;\">Kirjoitan t\u00e4ss\u00e4 pienell\u00e4 varoitusajalla, ett\u00e4 huomenna meill\u00e4 alkaa kes\u00e4loma. Lomaa ei ollut tullut alunperin suunniteltua juhannuksen yhteyteen, mutta hyvin lutviutuneiden ty\u00f6kuvioiden my\u00f6t\u00e4 minulla on huomenna viimeinen ty\u00f6p\u00e4iv\u00e4 nykyisess\u00e4 ty\u00f6paikassani ja uudet ty\u00f6t alkavat kahden viikon p\u00e4\u00e4st\u00e4. N\u00e4in ollen ainoa tilaisuus l\u00e4hte\u00e4 reissuun on nyt, mink\u00e4 vuoksi suuntaamme huomenna kohti pohjoista.<\/p>\n<p style=\"text-align: justify;\">Tarkempi reittisuunnitelma hahmottuu kunhan olemme tien p\u00e4\u00e4ll\u00e4 sill\u00e4 joustavuutta suunnitelmiin tuo mukanamme kulkeva teltta sek\u00e4 leirint\u00e4tarpeet. Suuntana tulee olemaan British Columbian kauniiksi kehuttu koillisnurkka ja Terracen seutu. Alueella sijaitsee lukuisia kiintoisia kaupunkeja joiden tunnelmista j\u00e4lleen <a title=\"Kes\u00e4lomamatkalla koronan keskell\u00e4\" href=\"https:\/\/www.vuosiamaailmalla.fi\/?p=10767\">my\u00f6hemmin matkakertomuksessa<\/a>.<\/p>\n<p style=\"text-align: justify;\">Hyv\u00e4\u00e4 juhannusta kaikille lukijoille!<\/p>\n","protected":false},"excerpt":{"rendered":"<p>Kirjoitan t\u00e4ss\u00e4 pienell\u00e4 varoitusajalla, ett\u00e4 huomenna meill\u00e4 alkaa kes\u00e4loma. Lomaa ei ollut tullut alunperin suunniteltua juhannuksen yhteyteen, mutta hyvin lutviutuneiden ty\u00f6kuvioiden my\u00f6t\u00e4 minulla on huomenna viimeinen ty\u00f6p\u00e4iv\u00e4 nykyisess\u00e4 ty\u00f6paikassani ja uudet ty\u00f6t alkavat kahden viikon p\u00e4\u00e4st\u00e4. N\u00e4in ollen ainoa tilaisuus l\u00e4hte\u00e4 reissuun on nyt, mink\u00e4 vuoksi suuntaamme huomenna kohti pohjoista. Tarkempi reittisuunnitelma hahmottuu kunhan olemme &hellip; <a href=\"https:\/\/www.vuosiamaailmalla.fi\/blog\/2020\/ex-tempore-kesaloma\/\" class=\"more-link\">Jatka lukemista<span class=\"screen-reader-text\"> &#8221;Ex tempore kes\u00e4loma&#8221;<\/span><\/a><\/p>\n","protected":false},"author":1,"featured_media":0,"comment_status":"open","ping_status":"open","sticky":false,"template":"","format":"standard","meta":{"_jetpack_memberships_contains_paid_content":false,"footnotes":""},"categories":[3,9,7],"tags":[25,1510],"class_list":["post-10784","post","type-post","status-publish","format-standard","hentry","category-arki-ulkomailla","category-kanada","category-matkakertomukset","tag-ajankohtaista","tag-matkakertomus-prince-rupert"],"jetpack_featured_media_url":"","jetpack_sharing_enabled":true,"_links":{"self":[{"href":"https:\/\/www.vuosiamaailmalla.fi\/blog\/wp-json\/wp\/v2\/posts\/10784","targetHints":{"allow":["GET"]}}],"collection":[{"href":"https:\/\/www.vuosiamaailmalla.fi\/blog\/wp-json\/wp\/v2\/posts"}],"about":[{"href":"https:\/\/www.vuosiamaailmalla.fi\/blog\/wp-json\/wp\/v2\/types\/post"}],"author":[{"embeddable":true,"href":"https:\/\/www.vuosiamaailmalla.fi\/blog\/wp-json\/wp\/v2\/users\/1"}],"replies":[{"embeddable":true,"href":"https:\/\/www.vuosiamaailmalla.fi\/blog\/wp-json\/wp\/v2\/comments?post=10784"}],"version-history":[{"count":0,"href":"https:\/\/www.vuosiamaailmalla.fi\/blog\/wp-json\/wp\/v2\/posts\/10784\/revisions"}],"wp:attachment":[{"href":"https:\/\/www.vuosiamaailmalla.fi\/blog\/wp-json\/wp\/v2\/media?parent=10784"}],"wp:term":[{"taxonomy":"category","embeddable":true,"href":"https:\/\/www.vuosiamaailmalla.fi\/blog\/wp-json\/wp\/v2\/categories?post=10784"},{"taxonomy":"post_tag","embeddable":true,"href":"https:\/\/www.vuosiamaailmalla.fi\/blog\/wp-json\/wp\/v2\/tags?post=10784"}],"curies":[{"name":"wp","href":"https:\/\/api.w.org\/{rel}","templated":true}]}}