{"id":10809,"date":"2020-09-12T21:03:23","date_gmt":"2020-09-13T04:03:23","guid":{"rendered":"http:\/\/13.53.127.146\/?p=10809"},"modified":"2021-07-01T16:55:43","modified_gmt":"2021-07-01T23:55:43","slug":"maailman-huonoin-ilmanlaatu","status":"publish","type":"post","link":"https:\/\/www.vuosiamaailmalla.fi\/blog\/2020\/maailman-huonoin-ilmanlaatu\/","title":{"rendered":"Maailman huonoin ilmanlaatu"},"content":{"rendered":"<p style=\"text-align: justify;\">Laajat mets\u00e4palot ovat jokavuotinen kiusa t\u00e4\u00e4ll\u00e4 Yhdysvaltojen ja Kanadan l\u00e4nsirannikolla. Toisinaan jopa <a title=\"Nelj\u00e4n kuukauden kuivuus\" href=\"https:\/\/www.vuosiamaailmalla.fi\/?p=7141\">kuukausia kest\u00e4v\u00e4n<\/a> sateettoman kauden kuivattamat mets\u00e4t ovat loppukes\u00e4\u00e4n menness\u00e4 rutikuivia ja syttyv\u00e4t pienimm\u00e4st\u00e4kin sytykkeest\u00e4, jonka tarjoaa valitettavan usein ihmisten huolimaton tai joskus tahallinenkin toiminta. Ongelma koskettaa erityisesti rannikkovuorten it\u00e4puolella sijaitsevaa sis\u00e4maata, jonka ilmasto on jo normaalistikin kuivaa aroa ja joka leimahtaa herk\u00e4sti tulta kohdatessaan.<\/p>\n<p><!--more--><\/p>\n<p style=\"text-align: justify;\">Mets\u00e4palot aiheuttavat joka vuosi mittavaa tuhoa maaseudulla ja joskus ne saattavat uhata isompiakin kaupunkeja, kuten vuoden 2016 katastrofaalinen <a title=\"Fort McMurrayn tulimyrsky\" href=\"https:\/\/www.vuosiamaailmalla.fi\/?p=8234\">tulimyrsky Fort McMurrayssa<\/a>. Useimmiten suurkaupunkilaisten el\u00e4m\u00e4\u00e4 haittaa kuitenkin liekkimeren sijaan kaukaisten suurpalojen synnytt\u00e4m\u00e4 paksu savuvaippa, joka voi peitt\u00e4\u00e4 alleen satojen kilometrien <a title=\"Siperian mets\u00e4palot\" href=\"https:\/\/www.vuosiamaailmalla.fi\/?p=158\">laajuisia alueita<\/a> ja oikein pahan palokauden kohdalla jopa ison osan koko l\u00e4nsirannikkoa.<\/p>\n<p style=\"text-align: center;\"><a href=\"\/blog\/wp-content\/uploads\/2020\/savun_peittama_burnaby2.jpg\"><img decoding=\"async\" src=\"\/blog\/wp-content\/uploads\/2020\/savun_peittama_burnaby2.jpg\" \/><\/a><\/p>\n<p style=\"text-align: center;\"><em>Harmaa lauantaiaamu<\/em><\/p>\n<p style=\"text-align: justify;\">Erityisesti vuosien 2015, 2017 ja 2018 mets\u00e4palot olivat poikkeuksellisen vakavia ja Vancouverissa saatiin tuolloin k\u00e4rsi\u00e4 sankasta savusta <a title=\"Mets\u00e4palosavun saartamana\" href=\"https:\/\/www.vuosiamaailmalla.fi\/?p=9083\">useiden p\u00e4ivien ajan<\/a>. Vuonna 2017 ja 2018 laajat mets\u00e4palot tekiv\u00e4t tuhoa British Columbian ja Albertan alueella, mutta viime vuonna l\u00e4nsirannikolla saatiin heng\u00e4ht\u00e4\u00e4 mets\u00e4palojen v\u00e4livuotta, ilman vakavia paloja tai merkitt\u00e4v\u00e4\u00e4 savuhaittaa. Tilanne vaikutti hyv\u00e4lt\u00e4 my\u00f6s t\u00e4n\u00e4 kes\u00e4n\u00e4 ja mets\u00e4palovaara Kanadan puolella onkin ollut maltillinen aina viime viikkoihin asti. Tilanne ei ole kuitenkaan sama rajan etel\u00e4puolella, jossa roihuaa t\u00e4t\u00e4 kirjoittaessa kolme suurta aluetta yhteens\u00e4 kolmessa osavaltiossa aina Pohjois-Kaliforniasta Washingtoniin ulottuvalla alueella.<\/p>\n<p style=\"text-align: center;\"><a href=\"\/blog\/wp-content\/uploads\/2020\/savun_peittama_burnaby1.jpg\"><img decoding=\"async\" src=\"\/blog\/wp-content\/uploads\/2020\/thumbs\/thumbs_savun_peittama_burnaby1.jpg\" \/><\/a><a href=\"\/blog\/wp-content\/uploads\/2020\/savun_peittama_burnaby3.jpg\"><img decoding=\"async\" src=\"\/blog\/wp-content\/uploads\/2020\/thumbs\/thumbs_savun_peittama_burnaby3.jpg\" \/><\/a><\/p>\n<p style=\"text-align: center;\"><em>Eritt\u00e4in huono ilma Burnabyss\u00e4<\/em><\/p>\n<p style=\"text-align: justify;\">Suurpalojen synnytt\u00e4m\u00e4 savuvaippa on pysytellyt p\u00e4\u00e4osin rajan etel\u00e4puolella mutta t\u00e4m\u00e4n viikon tiistaina savu kantautui ensimm\u00e4ist\u00e4 kertaa Vancouveriin ja eilen perjantaina <a title=\"Savun peitt\u00e4m\u00e4 kaupunki\" href=\"https:\/\/www.vuosiamaailmalla.fi\/?p=5914\">savu peitti kaupungin<\/a> alleen. T\u00e4n\u00e4\u00e4n lauantaina paikalleen j\u00e4m\u00e4ht\u00e4neest\u00e4 savusta muodostui niin paksua, ett\u00e4 ilmanlaatua mittaavilla sivustoilla Vancouver on ollut poikkeuksellisesti maailman huonoimman ilmanlaadun omaava kaupunki, ylitt\u00e4en reilusti jopa kehitysmaiden saasteisimmat kaupungit.<\/p>\n<p style=\"text-align: center;\"><a href=\"\/blog\/wp-content\/uploads\/2020\/maailman_huonoin_ilmanlaatu.jpg\"><img decoding=\"async\" src=\"\/blog\/wp-content\/uploads\/2020\/thumbs\/thumbs_maailman_huonoin_ilmanlaatu.jpg\" \/><\/a><\/p>\n<p style=\"text-align: center;\"><em>Maailman huonoin ilmanlaatu<\/em><\/p>\n<p style=\"text-align: justify;\">Savun onkin voinut haistaa selv\u00e4sti ja ulkona liikkumista on kehoitettu v\u00e4ltt\u00e4m\u00e4\u00e4n ilman ollessa ep\u00e4terveellist\u00e4 terveellekin ihmisille. Onneksi savu saapui vasta \u00e4skett\u00e4isen hellejakson j\u00e4lkeen, joten ulkona ei ole kuuma p\u00e4tsi mik\u00e4 tekee savusta hieman siedett\u00e4v\u00e4mp\u00e4\u00e4. Savu on my\u00f6skin pysytellyt asuntomme ulkopuolella, joskin t\u00e4st\u00e4 huolehtiminen on vaikeaa jos tilanne jatkuu useamman p\u00e4iv\u00e4n ajan. <a title=\"Kaikkien aikojen enn\u00e4tyshelle\" href=\"https:\/\/www.vuosiamaailmalla.fi\/blog\/2021\/kaikkien-aikojen-ennatyshelle\/\">Tornitalojen ilmastointij\u00e4rjestelm\u00e4t<\/a> nimitt\u00e4in vet\u00e4v\u00e4t savua filttereist\u00e4\u00e4n huolimatta yhteisiin tiloihin, mist\u00e4 se kulkeutuu hiljalleen asuntoihin.<\/p>\n<p style=\"text-align: center;\"><a href=\"\/blog\/wp-content\/uploads\/2020\/savun_peittama_vancouver_panoraama.jpg\"><img decoding=\"async\" src=\"\/blog\/wp-content\/uploads\/2020\/savun_peittama_vancouver_panoraama_pieni.jpg\" \/><\/a><\/p>\n<p style=\"text-align: center;\"><em>Savun peitt\u00e4m\u00e4 Vancouver<\/em><\/p>\n<p style=\"text-align: justify;\">Pient\u00e4 apua ilmanlaatuun ennustetaan maanantaiksi, jolloin Tyynelt\u00e4merelt\u00e4 saapuu heikko matalapaine, joka saattaa tirist\u00e4\u00e4 rannikon yll\u00e4 vett\u00e4 <a title=\"Sumuun k\u00e4\u00e4ritty metropoli\" href=\"https:\/\/www.vuosiamaailmalla.fi\/?p=11047\">puhdistaen ilmaa<\/a>. Tuulen ennustetaan my\u00f6s k\u00e4\u00e4ntyv\u00e4n id\u00e4n suuntaan, joka <a title=\"Taivas aukeni viimeinkin\" href=\"https:\/\/www.vuosiamaailmalla.fi\/?p=818\">antaisi helpostusta<\/a> muutaman todella sakean p\u00e4iv\u00e4n j\u00e4lkeen. Mets\u00e4palojen sammuminen vaatii kuitenkin s\u00e4\u00e4n muutosta ja syyssateiden saapumista, mihin saattaa menn\u00e4 viel\u00e4 viikkoja eli k\u00e4rvistely jatkunee viel\u00e4 jonkin aikaa koko l\u00e4nsirannikon mitalla.<\/p>\n","protected":false},"excerpt":{"rendered":"<p>Laajat mets\u00e4palot ovat jokavuotinen kiusa t\u00e4\u00e4ll\u00e4 Yhdysvaltojen ja Kanadan l\u00e4nsirannikolla. Toisinaan jopa kuukausia kest\u00e4v\u00e4n sateettoman kauden kuivattamat mets\u00e4t ovat loppukes\u00e4\u00e4n menness\u00e4 rutikuivia ja syttyv\u00e4t pienimm\u00e4st\u00e4kin sytykkeest\u00e4, jonka tarjoaa valitettavan usein ihmisten huolimaton tai joskus tahallinenkin toiminta. Ongelma koskettaa erityisesti rannikkovuorten it\u00e4puolella sijaitsevaa sis\u00e4maata, jonka ilmasto on jo normaalistikin kuivaa aroa ja joka leimahtaa herk\u00e4sti tulta &hellip; <a href=\"https:\/\/www.vuosiamaailmalla.fi\/blog\/2020\/maailman-huonoin-ilmanlaatu\/\" class=\"more-link\">Jatka lukemista<span class=\"screen-reader-text\"> &#8221;Maailman huonoin ilmanlaatu&#8221;<\/span><\/a><\/p>\n","protected":false},"author":1,"featured_media":10811,"comment_status":"open","ping_status":"open","sticky":false,"template":"","format":"standard","meta":{"_jetpack_memberships_contains_paid_content":false,"footnotes":""},"categories":[17,3],"tags":[25,34,935,159,875,939],"class_list":["post-10809","post","type-post","status-publish","format-standard","has-post-thumbnail","hentry","category-arki-kanadassa","category-arki-ulkomailla","tag-ajankohtaista","tag-arki","tag-kanada","tag-kesa","tag-metsapalo","tag-vancouver"],"jetpack_featured_media_url":"https:\/\/www.vuosiamaailmalla.fi\/blog\/wp-content\/uploads\/savun_peittama_vancouver_banner.jpg","jetpack_sharing_enabled":true,"_links":{"self":[{"href":"https:\/\/www.vuosiamaailmalla.fi\/blog\/wp-json\/wp\/v2\/posts\/10809","targetHints":{"allow":["GET"]}}],"collection":[{"href":"https:\/\/www.vuosiamaailmalla.fi\/blog\/wp-json\/wp\/v2\/posts"}],"about":[{"href":"https:\/\/www.vuosiamaailmalla.fi\/blog\/wp-json\/wp\/v2\/types\/post"}],"author":[{"embeddable":true,"href":"https:\/\/www.vuosiamaailmalla.fi\/blog\/wp-json\/wp\/v2\/users\/1"}],"replies":[{"embeddable":true,"href":"https:\/\/www.vuosiamaailmalla.fi\/blog\/wp-json\/wp\/v2\/comments?post=10809"}],"version-history":[{"count":1,"href":"https:\/\/www.vuosiamaailmalla.fi\/blog\/wp-json\/wp\/v2\/posts\/10809\/revisions"}],"predecessor-version":[{"id":12300,"href":"https:\/\/www.vuosiamaailmalla.fi\/blog\/wp-json\/wp\/v2\/posts\/10809\/revisions\/12300"}],"wp:featuredmedia":[{"embeddable":true,"href":"https:\/\/www.vuosiamaailmalla.fi\/blog\/wp-json\/wp\/v2\/media\/10811"}],"wp:attachment":[{"href":"https:\/\/www.vuosiamaailmalla.fi\/blog\/wp-json\/wp\/v2\/media?parent=10809"}],"wp:term":[{"taxonomy":"category","embeddable":true,"href":"https:\/\/www.vuosiamaailmalla.fi\/blog\/wp-json\/wp\/v2\/categories?post=10809"},{"taxonomy":"post_tag","embeddable":true,"href":"https:\/\/www.vuosiamaailmalla.fi\/blog\/wp-json\/wp\/v2\/tags?post=10809"}],"curies":[{"name":"wp","href":"https:\/\/api.w.org\/{rel}","templated":true}]}}