{"id":1081,"date":"2010-10-31T07:17:36","date_gmt":"2010-10-31T14:17:36","guid":{"rendered":"http:\/\/13.53.127.146\/?p=1081"},"modified":"2013-04-27T14:32:33","modified_gmt":"2013-04-27T21:32:33","slug":"dubain-viimeinen-aamu","status":"publish","type":"post","link":"https:\/\/www.vuosiamaailmalla.fi\/blog\/2010\/dubain-viimeinen-aamu\/","title":{"rendered":"Dubain viimeinen aamu"},"content":{"rendered":"<p style=\"text-align: justify;\">Niin se on vain koittanut pienen mini-lomamme viimeinen p\u00e4iv\u00e4 t\u00e4\u00e4ll\u00e4 Dubaissa. Edess\u00e4 on kuitenkin touhukas viimeinen p\u00e4iv\u00e4 <em>Dubai Marinan<\/em> sek\u00e4 <em>Palm Jumeirah<\/em> -tekosaaren liepeill\u00e4, mink\u00e4 lis\u00e4ksi k\u00e4yd\u00e4\u00e4n nauttimassa <a title=\"Seitsem\u00e4n t\u00e4hden teehetki\" href=\"https:\/\/www.vuosiamaailmalla.fi\/?p=2003\">iltap\u00e4iv\u00e4kahvit<\/a> kuuluisalla <em>Burj Al Arab<\/em> -hotellilla. <em>Dubai Fountainin<\/em> suihkul\u00e4hde-showkin pit\u00e4nee k\u00e4yd\u00e4 katsomassa viel\u00e4 kertaalleen, ennen lentokent\u00e4lle suuntaamista. Siell\u00e4 onkin sitten tiedossa odottelua, sill\u00e4 paluulentomme l\u00e4htee vasta ensi y\u00f6n\u00e4 kello 03:30 kohti Istanbulia. Perill\u00e4 Berliiniss\u00e4 ollaan maanantaina kello 10:30 kieppeill\u00e4, eli sit\u00e4 ehtii sopivasti ty\u00f6kavereiden kanssa lounaalle. \ud83d\ude42<\/p>\n<p style=\"text-align: justify;\">Reissu on mennyt loistavasti ja olemme menneiden kolmen p\u00e4iv\u00e4n aikana kerenneet n\u00e4hd\u00e4 monenlaista. Hienoja kokemuksia ovat muun muassa olleet laskettelu <em>Ski Dubaissa<\/em> (uskomaton paikka!) sek\u00e4 eilisiltainen <a title=\"Laskettelua, off-roadia sek\u00e4 vatsatanssia kuumalla aavikolla\" href=\"https:\/\/www.vuosiamaailmalla.fi\/?p=1884\">aavikkosafari<\/a>. J\u00e4lkimm\u00e4isell\u00e4 tuli koettua dyynill\u00e4 hurjastelu maastoauton kyydiss\u00e4, n\u00e4hty\u00e4 auringonlasku aavikolla sek\u00e4 ratsastettua kamelilla. Paluumatkalla Dubain tyhj\u00e4st\u00e4 nouseva silhuetti oli my\u00f6s upea n\u00e4ky pimeyden keskell\u00e4.<\/p>\n<p style=\"text-align: justify;\">N\u00e4ist\u00e4 ja kaikesta muusta tulen kirjoittamaan tarkempaa matkakertomusta <a title=\"Uskomaton Dubai\" href=\"https:\/\/www.vuosiamaailmalla.fi\/?p=1842\">my\u00f6hemmin<\/a>, kunhan ensiksi kerke\u00e4mme taas asettumaan kotiin, sek\u00e4 hieman lajittelemaan satoja matkakuviamme.<\/p>\n","protected":false},"excerpt":{"rendered":"<p>Niin se on vain koittanut pienen mini-lomamme viimeinen p\u00e4iv\u00e4 t\u00e4\u00e4ll\u00e4 Dubaissa. Edess\u00e4 on kuitenkin touhukas viimeinen p\u00e4iv\u00e4 Dubai Marinan sek\u00e4 Palm Jumeirah -tekosaaren liepeill\u00e4, mink\u00e4 lis\u00e4ksi k\u00e4yd\u00e4\u00e4n nauttimassa iltap\u00e4iv\u00e4kahvit kuuluisalla Burj Al Arab -hotellilla. Dubai Fountainin suihkul\u00e4hde-showkin pit\u00e4nee k\u00e4yd\u00e4 katsomassa viel\u00e4 kertaalleen, ennen lentokent\u00e4lle suuntaamista. Siell\u00e4 onkin sitten tiedossa odottelua, sill\u00e4 paluulentomme l\u00e4htee vasta ensi &hellip; <a href=\"https:\/\/www.vuosiamaailmalla.fi\/blog\/2010\/dubain-viimeinen-aamu\/\" class=\"more-link\">Jatka lukemista<span class=\"screen-reader-text\"> &#8221;Dubain viimeinen aamu&#8221;<\/span><\/a><\/p>\n","protected":false},"author":1,"featured_media":0,"comment_status":"open","ping_status":"open","sticky":false,"template":"","format":"standard","meta":{"_jetpack_memberships_contains_paid_content":false,"footnotes":""},"categories":[362,7,12],"tags":[33,94,363],"class_list":["post-1081","post","type-post","status-publish","format-standard","hentry","category-arabiemiraatit","category-matkakertomukset","category-matkalla-kerrottua","tag-arabiemiraatit","tag-dubai","tag-matkakertomus-dubai"],"jetpack_featured_media_url":"","jetpack_sharing_enabled":true,"_links":{"self":[{"href":"https:\/\/www.vuosiamaailmalla.fi\/blog\/wp-json\/wp\/v2\/posts\/1081","targetHints":{"allow":["GET"]}}],"collection":[{"href":"https:\/\/www.vuosiamaailmalla.fi\/blog\/wp-json\/wp\/v2\/posts"}],"about":[{"href":"https:\/\/www.vuosiamaailmalla.fi\/blog\/wp-json\/wp\/v2\/types\/post"}],"author":[{"embeddable":true,"href":"https:\/\/www.vuosiamaailmalla.fi\/blog\/wp-json\/wp\/v2\/users\/1"}],"replies":[{"embeddable":true,"href":"https:\/\/www.vuosiamaailmalla.fi\/blog\/wp-json\/wp\/v2\/comments?post=1081"}],"version-history":[{"count":0,"href":"https:\/\/www.vuosiamaailmalla.fi\/blog\/wp-json\/wp\/v2\/posts\/1081\/revisions"}],"wp:attachment":[{"href":"https:\/\/www.vuosiamaailmalla.fi\/blog\/wp-json\/wp\/v2\/media?parent=1081"}],"wp:term":[{"taxonomy":"category","embeddable":true,"href":"https:\/\/www.vuosiamaailmalla.fi\/blog\/wp-json\/wp\/v2\/categories?post=1081"},{"taxonomy":"post_tag","embeddable":true,"href":"https:\/\/www.vuosiamaailmalla.fi\/blog\/wp-json\/wp\/v2\/tags?post=1081"}],"curies":[{"name":"wp","href":"https:\/\/api.w.org\/{rel}","templated":true}]}}