{"id":10823,"date":"2020-09-14T18:58:42","date_gmt":"2020-09-15T01:58:42","guid":{"rendered":"http:\/\/13.53.127.146\/?p=10823"},"modified":"2020-09-14T18:58:42","modified_gmt":"2020-09-15T01:58:42","slug":"huonojen-uutisten-vuorokausi","status":"publish","type":"post","link":"https:\/\/www.vuosiamaailmalla.fi\/blog\/2020\/huonojen-uutisten-vuorokausi\/","title":{"rendered":"Huonojen uutisten vuorokausi"},"content":{"rendered":"<p style=\"text-align: justify;\">Vancouverin metropolialueen uutistoimituksissa on ollut t\u00e4n\u00e4\u00e4n maanantaina kiireinen alku uuteen viikkoon, sill\u00e4 menneen vuorokauden aikana on tapahtunut poikkeuksellisen runsas kattaus huonoja uutisia. Huonojen uutisten sarjan aloitti my\u00f6h\u00e4\u00e4n sunnuntai-iltana New Westminsterin ranta-alueella liekkeihin leimahtanut laiturialue, joka on paikallisten suosima ulkoilualue Fraser Riverin varressa. 600 metri\u00e4 pitk\u00e4 laituri tuhoutui nopeasti edenneess\u00e4 tulipalossa t\u00e4ysin ja kohteen sammutusta on jatkettu koko maanantaip\u00e4iv\u00e4.<\/p>\n<p><!--more--><\/p>\n<p style=\"text-align: center;\"><a href=\"\/blog\/wp-content\/uploads\/2020\/new_westminsterin_tulipalo1.jpg\"><img decoding=\"async\" src=\"\/blog\/wp-content\/uploads\/2020\/thumbs\/thumbs_new_westminsterin_tulipalo1.jpg\" \/><\/a><a href=\"\/blog\/wp-content\/uploads\/2020\/new_westminsterin_tulipalo3.jpg\"><img decoding=\"async\" src=\"\/blog\/wp-content\/uploads\/2020\/thumbs\/thumbs_new_westminsterin_tulipalo3.jpg\" \/><\/a><a href=\"\/blog\/wp-content\/uploads\/2020\/new_westminsterin_tulipalo2.jpg\"><img decoding=\"async\" src=\"\/blog\/wp-content\/uploads\/2020\/thumbs\/thumbs_new_westminsterin_tulipalo2.jpg\" \/><\/a><\/p>\n<p style=\"text-align: center;\"><em>Tuhopoltto New Westministerin rannassa<\/em><\/p>\n<p style=\"text-align: justify;\">Tulipalosta syntyneet myrkylliset savumassat lis\u00e4\u00e4v\u00e4t vain entisest\u00e4\u00e4n Vancouverin jo valmiiksi <a title=\"Maailman huonoin ilmanlaatu\" href=\"https:\/\/www.vuosiamaailmalla.fi\/?p=10809\">enn\u00e4tyksellisen huonoon ilmanlaatuun<\/a>, joka on ollut mets\u00e4palosavusta paksuna perjantaista saakka. Helpostusta hengitykselle eritt\u00e4in haitalliseksi muuttuneeseen ilmaan saattaa olla tiedossa maanantain ja tiistain v\u00e4lisen\u00e4 y\u00f6n\u00e4, sill\u00e4 t\u00e4t\u00e4 kirjoittaessa ulkona tihkuttaa pienesti vett\u00e4, joka saattaa puhdistaa ilmaa ainakin hetkellisesti.<\/p>\n<p style=\"text-align: center;\"><a href=\"\/blog\/wp-content\/uploads\/2020\/savuinen_keskusta.jpg\"><img decoding=\"async\" src=\"\/blog\/wp-content\/uploads\/2020\/savuinen_keskusta.jpg\" \/><\/a><\/p>\n<p style=\"text-align: center;\"><em>Eritt\u00e4in huono ilmanlaatu<\/em><\/p>\n<p style=\"text-align: justify;\">Y\u00f6n tuoksinassa tapahtui kuitenkin jotain mit\u00e4 kukaan uuteen aamuun her\u00e4nnyt ei olisi voinut uskoa todeksi. Squamishissa sijaitseva ja eritt\u00e4in <a title=\"Ensivierailu Sea to Sky Gondolalla\" href=\"https:\/\/www.vuosiamaailmalla.fi\/?p=10198\">suosittu gondolin\u00e4ht\u00e4vyys<\/a> joutui nimitt\u00e4in aamuy\u00f6ll\u00e4 kello nelj\u00e4n aikaan uudestaan vakavan vandalismin uhriksi, kun joku idiootti katkaisi yl\u00f6s johtavan gondolihissin kaapelin jo toisen kerran.<\/p>\n<p style=\"text-align: justify;\">Sama kohde joutui <a title=\"Onnettomuus Squamishin gondolihissill\u00e4\" href=\"https:\/\/www.vuosiamaailmalla.fi\/?p=10202\">identtisen iskun<\/a> kohteeksi ainoastaan 13 kuukautta sitten, mik\u00e4 j\u00e4rkytti monia paikallisia. Syyllisi\u00e4 tekoon ei l\u00f6ydetty ja viime y\u00f6n\u00e4 todenn\u00e4k\u00f6isesti sama idiootti toisti k\u00e4sitt\u00e4m\u00e4tt\u00f6m\u00e4n tekonsa. Ensimm\u00e4isest\u00e4 teosta kertyi yhteens\u00e4 viiden miljoonan dollarin vahingot, kun koko matkailukohde joutui olemaan kiinni yli kuuden kuukauden ajan ja nyt sattuneesta ennustetaan l\u00e4hes yht\u00e4 kallista, kun gondoli ehti olla .<\/p>\n<p style=\"text-align: center;\"><a href=\"\/blog\/wp-content\/uploads\/2020\/uusi_gondolaisku.jpg\"><img decoding=\"async\" src=\"\/blog\/wp-content\/uploads\/2020\/uusi_gondolaisku.jpg\" \/><\/a><\/p>\n<p style=\"text-align: center;\"><em>Uusi isku suosittua kohdetta vastaan<\/em><\/p>\n<p style=\"text-align: justify;\">Tapaus on kaikessa t\u00f6rkeydess\u00e4\u00e4n \u00e4imistytt\u00e4v\u00e4 ja investoinnit turvallisuuteen eiv\u00e4t n\u00e4yt\u00e4 pystyneen est\u00e4m\u00e4\u00e4n tekoa. Uudet turvaj\u00e4rjestelm\u00e4t onnistuivat h\u00e4lytt\u00e4m\u00e4\u00e4n teosta keskell\u00e4 y\u00f6t\u00e4 ja tekij\u00e4st\u00e4 saatetaan olla saatu kuvamateriaalia, mutta j\u00e4\u00e4 n\u00e4ht\u00e4v\u00e4ksi saadaanko kyseinen idiootti kiinni.<\/p>\n<p style=\"text-align: justify;\">Aamuy\u00f6n tuoksinassa Lower Mainlandin toisella laidalla <a title=\"Othello Tunnels\" href=\"https:\/\/www.vuosiamaailmalla.fi\/?p=3170\">Hopessa<\/a> her\u00e4ttiin puolestaan valtavaan r\u00e4min\u00e4\u00e4n, kun useita kilometrej\u00e4 pitk\u00e4n tavarajunan vaunuja suistui raiteilta. Aluksi pienelt\u00e4 kuulostanut onnettomuus paljastuikin aamun valjettua per\u00e4ti 60 vaunun suureksi romukasaksi, joka levitti kyydiss\u00e4 ollutta lannoitetta pitk\u00e4n matkaa radan varrelle.<\/p>\n<p style=\"text-align: center;\"><a href=\"\/blog\/wp-content\/uploads\/2020\/junaonnettomuus_kartta.jpg\"><img decoding=\"async\" src=\"\/blog\/wp-content\/uploads\/2020\/junaonnettomuus_kartta.jpg\" \/><\/a><\/p>\n<p style=\"text-align: center;\"><em>Junaonnettomuuden sijainti<\/em><\/p>\n<p style=\"text-align: center;\"><a href=\"\/blog\/wp-content\/uploads\/2020\/junaonnettomuus3.jpg\"><img decoding=\"async\" src=\"\/blog\/wp-content\/uploads\/2020\/thumbs\/thumbs_junaonnettomuus3.jpg\" \/><\/a><a href=\"\/blog\/wp-content\/uploads\/2020\/junaonnettomuus2.jpg\"><img decoding=\"async\" src=\"\/blog\/wp-content\/uploads\/2020\/thumbs\/thumbs_junaonnettomuus2.jpg\" \/><\/a><a href=\"\/blog\/wp-content\/uploads\/2020\/junaonnettomuus1.jpg\"><img decoding=\"async\" src=\"\/blog\/wp-content\/uploads\/2020\/thumbs\/thumbs_junaonnettomuus1.jpg\" \/><\/a><\/p>\n<p style=\"text-align: center;\"><em>60 junavaunua kasassa<\/em><\/p>\n<p style=\"text-align: justify;\">Onnena onnettomuudessa kyydiss\u00e4 ollut kuorma ei ole ymp\u00e4rist\u00f6lle kovinkaan vaarallista ja onnettomuuspaikka sijaitsee aivan <a title=\"Valtatie halki helvetin\" href=\"https:\/\/www.vuosiamaailmalla.fi\/?p=2735\"><em>Coquihalla Highwayn<\/em><\/a> varressa, johon pelastuspartioilla on helppo p\u00e4\u00e4sy.<\/p>\n<p style=\"text-align: justify;\">Tapahtuma oli kyll\u00e4 omiaan t\u00e4ydent\u00e4m\u00e4\u00e4n todellista huonojen uutisten vuorokautta, johon lis\u00e4si viel\u00e4 entisest\u00e4\u00e4n viikonlopulta raportoidut 317 uutta koronatartuntaa, joka jatkaa <a title=\"Paluu koronahuippuihin\" href=\"https:\/\/www.vuosiamaailmalla.fi\/?p=10725\">uusien enn\u00e4tysten tekemist\u00e4<\/a> kaiken harmillisen keskell\u00e4.<\/p>\n","protected":false},"excerpt":{"rendered":"<p>Vancouverin metropolialueen uutistoimituksissa on ollut t\u00e4n\u00e4\u00e4n maanantaina kiireinen alku uuteen viikkoon, sill\u00e4 menneen vuorokauden aikana on tapahtunut poikkeuksellisen runsas kattaus huonoja uutisia. Huonojen uutisten sarjan aloitti my\u00f6h\u00e4\u00e4n sunnuntai-iltana New Westminsterin ranta-alueella liekkeihin leimahtanut laiturialue, joka on paikallisten suosima ulkoilualue Fraser Riverin varressa. 600 metri\u00e4 pitk\u00e4 laituri tuhoutui nopeasti edenneess\u00e4 tulipalossa t\u00e4ysin ja kohteen sammutusta on &hellip; <a href=\"https:\/\/www.vuosiamaailmalla.fi\/blog\/2020\/huonojen-uutisten-vuorokausi\/\" class=\"more-link\">Jatka lukemista<span class=\"screen-reader-text\"> &#8221;Huonojen uutisten vuorokausi&#8221;<\/span><\/a><\/p>\n","protected":false},"author":1,"featured_media":10825,"comment_status":"open","ping_status":"open","sticky":false,"template":"","format":"standard","meta":{"_jetpack_memberships_contains_paid_content":false,"footnotes":""},"categories":[17,3],"tags":[25,770,935,1487,575,275,1427,612],"class_list":["post-10823","post","type-post","status-publish","format-standard","has-post-thumbnail","hentry","category-arki-kanadassa","category-arki-ulkomailla","tag-ajankohtaista","tag-hope","tag-kanada","tag-koronavirus","tag-new-westminster","tag-rikollisuus","tag-sea-to-sky-gondola","tag-squamish"],"jetpack_featured_media_url":"https:\/\/www.vuosiamaailmalla.fi\/blog\/wp-content\/uploads\/new_westminsterin_tulipalo_banner.jpg","jetpack_sharing_enabled":true,"_links":{"self":[{"href":"https:\/\/www.vuosiamaailmalla.fi\/blog\/wp-json\/wp\/v2\/posts\/10823","targetHints":{"allow":["GET"]}}],"collection":[{"href":"https:\/\/www.vuosiamaailmalla.fi\/blog\/wp-json\/wp\/v2\/posts"}],"about":[{"href":"https:\/\/www.vuosiamaailmalla.fi\/blog\/wp-json\/wp\/v2\/types\/post"}],"author":[{"embeddable":true,"href":"https:\/\/www.vuosiamaailmalla.fi\/blog\/wp-json\/wp\/v2\/users\/1"}],"replies":[{"embeddable":true,"href":"https:\/\/www.vuosiamaailmalla.fi\/blog\/wp-json\/wp\/v2\/comments?post=10823"}],"version-history":[{"count":0,"href":"https:\/\/www.vuosiamaailmalla.fi\/blog\/wp-json\/wp\/v2\/posts\/10823\/revisions"}],"wp:featuredmedia":[{"embeddable":true,"href":"https:\/\/www.vuosiamaailmalla.fi\/blog\/wp-json\/wp\/v2\/media\/10825"}],"wp:attachment":[{"href":"https:\/\/www.vuosiamaailmalla.fi\/blog\/wp-json\/wp\/v2\/media?parent=10823"}],"wp:term":[{"taxonomy":"category","embeddable":true,"href":"https:\/\/www.vuosiamaailmalla.fi\/blog\/wp-json\/wp\/v2\/categories?post=10823"},{"taxonomy":"post_tag","embeddable":true,"href":"https:\/\/www.vuosiamaailmalla.fi\/blog\/wp-json\/wp\/v2\/tags?post=10823"}],"curies":[{"name":"wp","href":"https:\/\/api.w.org\/{rel}","templated":true}]}}