{"id":10832,"date":"2020-09-27T18:00:07","date_gmt":"2020-09-28T01:00:07","guid":{"rendered":"http:\/\/13.53.127.146\/?p=10832"},"modified":"2024-04-19T18:05:15","modified_gmt":"2024-04-20T01:05:15","slug":"pitkakyntisten-pyoravarkaiden-uhrina","status":"publish","type":"post","link":"https:\/\/www.vuosiamaailmalla.fi\/blog\/2020\/pitkakyntisten-pyoravarkaiden-uhrina\/","title":{"rendered":"Pitk\u00e4kyntisten py\u00f6r\u00e4varkaiden uhrina"},"content":{"rendered":"<p style=\"text-align: justify;\">Sanotaan, ett\u00e4 jotta voisi tuntea itsens\u00e4 todelliseksi vancouverilaiseksi, on jokaisen k\u00e4yt\u00e4v\u00e4 l\u00e4pi ainakin kertaalleen paikallinen riitti py\u00f6r\u00e4varkauden uhriksi joutumisesta. Vain muutama viikko sitten kirjoitin minun ja Niinan mukavasta py\u00f6r\u00e4ilykes\u00e4st\u00e4 <a title=\"Ensikosketus s\u00e4hk\u00f6py\u00f6r\u00e4ilyyn\" href=\"https:\/\/www.vuosiamaailmalla.fi\/?p=10751\">uusilla s\u00e4hk\u00f6py\u00f6rill\u00e4mme<\/a>. Enp\u00e4 arvannut tuota kirjoitusta laatiessani, ett\u00e4 polkupy\u00f6r\u00e4mme varastettaisiin vain muutamaa p\u00e4iv\u00e4\u00e4 my\u00f6hemmin&#8230;<\/p>\n<p><!--more--><\/p>\n<p style=\"text-align: justify;\">Py\u00f6r\u00e4varkauden uhka on Vancouverissa todella suuri, sill\u00e4 kaupungissa varastetaan vuosittain yli 2000 polkupy\u00f6r\u00e4\u00e4. Ja t\u00e4m\u00e4 siis pelk\u00e4st\u00e4\u00e4n Vancouverin alueella, mihin ymp\u00e4ryskaupungeissa tapahtuvat varkaudet lis\u00e4\u00e4v\u00e4t entisest\u00e4\u00e4n. Py\u00f6r\u00e4n menetys jossain kohtaa onkin l\u00e4hes v\u00e4\u00e4j\u00e4\u00e4m\u00e4t\u00f6n kohtalo, mink\u00e4 vuoksi emme ostaneet kalliita py\u00f6ri\u00e4, sill\u00e4 normivakuutusten katto tulee vastaan noin tuhannen dollarin tienoilla.<\/p>\n<p style=\"text-align: center;\"><a href=\"\/blog\/wp-content\/uploads\/2020\/pollitty_pyora.jpg\"><img decoding=\"async\" src=\"\/blog\/wp-content\/uploads\/2020\/pollitty_pyora.jpg\" \/><\/a><\/p>\n<p style=\"text-align: center;\"><em>Py\u00f6r\u00e4 ennen varkautta<\/em><\/p>\n<p style=\"text-align: justify;\">Uskoimme silti py\u00f6riemme olevan sangen hyv\u00e4ss\u00e4 turvassa, sill\u00e4 py\u00f6r\u00e4varastoomme on p\u00e4\u00e4sy vain k\u00e4nnykk\u00e4applikaatiolla, jolla jokainen k\u00e4ynti rekistet\u00f6id\u00e4\u00e4n tietoj\u00e4rjestelm\u00e4\u00e4n. Varaston sis\u00e4ll\u00e4 jokainen py\u00f6r\u00e4 on omassa metallih\u00e4kiss\u00e4\u00e4n, jonka ovet lukitsimme kaksilla lukoilla. Lopulta viel\u00e4 itse h\u00e4kin sis\u00e4ss\u00e4 molemmat py\u00f6r\u00e4mme olivat lukittuja j\u00e4re\u00e4ll\u00e4 U-lukolla sek\u00e4 paksulla ketjulla.<\/p>\n<p style=\"text-align: justify;\">Py\u00f6r\u00e4varaston ulko-ovea tuijottaa my\u00f6s valvontakamera ja rakennuksen tiloissa kiert\u00e4\u00e4 aktiivisesti vartija, joten meid\u00e4n oli kohtuullista olettaa py\u00f6riemme olevan sangen turvassa, mutta kuinka sitten k\u00e4vik\u00e4\u00e4n. Niina tuli er\u00e4\u00e4n\u00e4 iltap\u00e4iv\u00e4n\u00e4 kertomaan, ett\u00e4 py\u00f6r\u00e4varaston sein\u00e4ss\u00e4 oli aukko ja py\u00f6r\u00e4mme olivat kadonneet y\u00f6n aikana varkaiden matkaan. Varaston ulkosein\u00e4\u00e4n leikattu k\u00e4den ment\u00e4v\u00e4 reik\u00e4 oli mahdollistanut varkaan avata ovi sis\u00e4puolelta ja n\u00e4in ohittaa sen lukitus. Py\u00f6r\u00e4h\u00e4kkien lukot oli puolestaan napsaistu pihdeill\u00e4 todenn\u00e4k\u00f6isesti muutamassa sekunnissa, mink\u00e4 j\u00e4lkeen r\u00f6yhke\u00e4 varas oli yksinkertaisesti kantanut viel\u00e4 lukitut py\u00f6r\u00e4t mukanaan y\u00f6n pimeyteen.<\/p>\n<p style=\"text-align: center;\"><a href=\"\/blog\/wp-content\/uploads\/2020\/reika_seinassa.jpg\"><img decoding=\"async\" src=\"\/blog\/wp-content\/uploads\/2020\/thumbs\/thumbs_reika_seinassa.jpg\" \/><\/a><a href=\"\/blog\/wp-content\/uploads\/2020\/nips_naps_lukot.jpg\"><img decoding=\"async\" src=\"\/blog\/wp-content\/uploads\/2020\/thumbs\/thumbs_nips_naps_lukot.jpg\" \/><\/a><\/p>\n<p style=\"text-align: center;\"><em>Voroa ei ovet ja lukot pid\u00e4telleet<\/em><\/p>\n<p style=\"text-align: justify;\">Tapauksesta oli tallentunut videokuvaa, mutta y\u00f6vartija ei ollut tapausta havainnut. Meille videokuvaa ei suostuttu n\u00e4ytt\u00e4m\u00e4\u00e4n, sill\u00e4 varasparoillakin on Kanadassa oikeus yksityisyyteen. Niinp\u00e4 poliisi kirjasi tapauksen j\u00e4rjestelm\u00e4\u00e4ns\u00e4 ja me ilmoitimme siit\u00e4 harmistuneina vakuutusyhti\u00f6\u00f6mme. Teimme my\u00f6s ilmoituksen polkupy\u00f6r\u00e4rekisteri <a href=\"https:\/\/project529.com\/garage\"><em>Project 529:een<\/em><\/a> jossa on tallessa kymmenientuhansien polkupy\u00f6rien tiedot ja kuvat, joita poliisi hy\u00f6dynt\u00e4\u00e4 py\u00f6rien omistajan l\u00f6yt\u00e4miseksi.<\/p>\n<p style=\"text-align: center;\"><a href=\"\/blog\/wp-content\/uploads\/2020\/project_529.jpg\"><img decoding=\"async\" src=\"\/blog\/wp-content\/uploads\/2020\/project_529.jpg\" \/><\/a><\/p>\n<p style=\"text-align: center;\"><em>Yksi nelj\u00e4st\u00e4 on saatu takaisin<\/em><\/p>\n<p style=\"text-align: justify;\">Min\u00e4 olin t\u00e4ysin varma, ettei py\u00f6ri\u00e4 n\u00e4ht\u00e4isi en\u00e4\u00e4 koskaan, mutta kaksi viikkoa my\u00f6hemmin puhelin pirisi my\u00f6h\u00e4\u00e4n illalla. Henkil\u00f6 Burnabyn RCMP:lt\u00e4 soitti, ett\u00e4 tuntomerkkej\u00e4mme vastaava polkupy\u00f6r\u00e4 oli l\u00f6ytynyt It\u00e4-Vancouverin <a title=\"Rikollisille luovutettu paratiisi\" href=\"https:\/\/www.vuosiamaailmalla.fi\/blog\/2021\/rikollisille-luovutettu-paratiisi\/\">kodittomien telttakyl\u00e4st\u00e4<\/a> &#8221;tutun yksil\u00f6n&#8221; hallusta. Sarjanumero m\u00e4ts\u00e4si minun py\u00f6r\u00e4\u00e4ni ja niinp\u00e4 k\u00e4vin torstaina noutamassa py\u00f6r\u00e4ni poliisilaitokselta.<\/p>\n<p style=\"text-align: justify;\">Py\u00f6r\u00e4 oli ilahduttavasti hyv\u00e4ss\u00e4 kunnossa, eik\u00e4 sill\u00e4 oltu ajettu metri\u00e4k\u00e4\u00e4n. Varkaiden ei ollut nimitt\u00e4in onnistunut rikkoa py\u00f6r\u00e4\u00e4ni suojellutta U-lukkoa, melkoisesta yritt\u00e4misest\u00e4 huolimatta. Lukkoa oli sahattu, murskattu ja poltettu, mutta se ei ollut antanut kusip\u00e4ille periksi. Lopulta py\u00f6r\u00e4 oli kiinnitt\u00e4nyt poliisien huomion, jotka olivat takavarikoineet sen.<\/p>\n<p style=\"text-align: center;\"><a href=\"\/blog\/wp-content\/uploads\/2020\/murjottu_lukko.jpg\"><img decoding=\"async\" src=\"\/blog\/wp-content\/uploads\/2020\/murjottu_lukko.jpg\" \/><\/a><\/p>\n<p style=\"text-align: center;\"><em>Lukko pisti vastaan<\/em><\/p>\n<p style=\"text-align: justify;\">Meill\u00e4 oli siis puoliksi onni onnettomuudessa, kun minun onnistui saada polkupy\u00f6r\u00e4ni takaisin. Niinan py\u00f6r\u00e4 on kuitenkin edelleen teill\u00e4 tiet\u00e4m\u00e4tt\u00f6mill\u00e4 ja sit\u00e4 tuskin en\u00e4\u00e4 n\u00e4hd\u00e4\u00e4n. Ehk\u00e4 varkaiden onnistui rikkoa samanlainen lukko h\u00e4nen py\u00f6r\u00e4ss\u00e4\u00e4n tai ehk\u00e4 py\u00f6r\u00e4 on vain toisen <a title=\"T\u00e4ydellisen ep\u00e4onnistunut huumepolitiikka\" href=\"https:\/\/www.vuosiamaailmalla.fi\/blog\/2024\/taydellisen-epaonnistunut-huumepolitiikka\/\">huumeh\u00f6rh\u00f6n<\/a> hallussa. Py\u00f6r\u00e4varkaudet ovat Vancouverissa eritt\u00e4in yleinen riesa, sill\u00e4 varkailla ei ole l\u00e4hes mink\u00e4\u00e4nlaista pelkoa seurauksista paikallispoliitikkojen ja tuomareiden silitt\u00e4ess\u00e4 n\u00e4iden &#8221;ep\u00e4onnisten poloisten&#8221; p\u00e4it\u00e4 joka k\u00e4\u00e4nteess\u00e4. Niinp\u00e4 kadulla r\u00e4ll\u00e4kk\u00e4 k\u00e4siss\u00e4\u00e4n k\u00e4velev\u00e4 narkkari onkin valitettavan <a title=\"Vaarallinen Vancouver\" href=\"https:\/\/www.vuosiamaailmalla.fi\/blog\/2022\/vaarallinen-vancouver\/\">yleinen n\u00e4ky<\/a>.<\/p>\n<p style=\"text-align: justify;\">Onneksi Niinan py\u00f6r\u00e4st\u00e4 ei kuitenkaan ole varkaille iloa s\u00e4hk\u00f6py\u00f6r\u00e4n\u00e4, sill\u00e4 meill\u00e4 oli molempien py\u00f6rien akut sis\u00e4ll\u00e4 asunnossamme. Kyseist\u00e4 akkumallia on l\u00f6ydett\u00e4viss\u00e4 t\u00e4k\u00e4l\u00e4isitt\u00e4in heikosti ja se maksaa erikseen ostettuna l\u00e4hemm\u00e4s 300 dollaria, mik\u00e4 tekee varastetusta py\u00f6r\u00e4st\u00e4 v\u00e4hemm\u00e4n haluttavan ostaa.<\/p>\n<p style=\"text-align: center;\"><a href=\"\/blog\/wp-content\/uploads\/2020\/varastetun_pyoran_nouto.jpg\"><img decoding=\"async\" src=\"\/blog\/wp-content\/uploads\/2020\/varastetun_pyoran_nouto.jpg\" \/><\/a><\/p>\n<p style=\"text-align: center;\"><em>Onneksi ehj\u00e4 py\u00f6r\u00e4<\/em><\/p>\n<p style=\"text-align: justify;\">Nyt py\u00f6r\u00e4n takaisin saatuani uusi ongelmani onkin mihin py\u00f6r\u00e4n uskaltaa en\u00e4\u00e4 varastoida kaikkien suojausten petetty\u00e4? Py\u00f6r\u00e4varastoomme en ainakaan luota en\u00e4\u00e4 ilman selkeit\u00e4 turvallisuusparannuksia, joista taloyhti\u00f6ss\u00e4mme nyt keskustellaan. Siihen saakka pid\u00e4n py\u00f6r\u00e4\u00e4ni korkealla sijaitsevalla parvekkeellamme, josta se ei kyll\u00e4 katoa, mutta mik\u00e4 tekee my\u00f6s py\u00f6r\u00e4n k\u00e4ytt\u00e4misest\u00e4 haastavaa. T\u00e4ss\u00e4 pit\u00e4\u00e4kin katsoa tilannetta ja mietti\u00e4 suunnitelmia talven ylitse, josko ensi vuonna tulee py\u00f6r\u00e4ilty\u00e4 lainkaan. Harmi jos ei tule, sill\u00e4 py\u00f6r\u00e4ily on kaikesta t\u00e4st\u00e4 harmista huolimatta todella mukavaa ja mieli tekee kyll\u00e4 py\u00f6r\u00e4teille.<\/p>\n","protected":false},"excerpt":{"rendered":"<p>Sanotaan, ett\u00e4 jotta voisi tuntea itsens\u00e4 todelliseksi vancouverilaiseksi, on jokaisen k\u00e4yt\u00e4v\u00e4 l\u00e4pi ainakin kertaalleen paikallinen riitti py\u00f6r\u00e4varkauden uhriksi joutumisesta. Vain muutama viikko sitten kirjoitin minun ja Niinan mukavasta py\u00f6r\u00e4ilykes\u00e4st\u00e4 uusilla s\u00e4hk\u00f6py\u00f6rill\u00e4mme. Enp\u00e4 arvannut tuota kirjoitusta laatiessani, ett\u00e4 polkupy\u00f6r\u00e4mme varastettaisiin vain muutamaa p\u00e4iv\u00e4\u00e4 my\u00f6hemmin&#8230;<\/p>\n","protected":false},"author":1,"featured_media":10834,"comment_status":"open","ping_status":"open","sticky":false,"template":"","format":"standard","meta":{"_jetpack_memberships_contains_paid_content":false,"footnotes":""},"categories":[17,3],"tags":[34,155,501,1508,1509,275,939],"class_list":["post-10832","post","type-post","status-publish","format-standard","has-post-thumbnail","hentry","category-arki-kanadassa","category-arki-ulkomailla","tag-arki","tag-kanadalainen-juttu","tag-maastopyoraily","tag-ncm","tag-ncm-prague","tag-rikollisuus","tag-vancouver"],"jetpack_featured_media_url":"https:\/\/www.vuosiamaailmalla.fi\/blog\/wp-content\/uploads\/murjottu_lukko_banner.jpg","jetpack_sharing_enabled":true,"_links":{"self":[{"href":"https:\/\/www.vuosiamaailmalla.fi\/blog\/wp-json\/wp\/v2\/posts\/10832","targetHints":{"allow":["GET"]}}],"collection":[{"href":"https:\/\/www.vuosiamaailmalla.fi\/blog\/wp-json\/wp\/v2\/posts"}],"about":[{"href":"https:\/\/www.vuosiamaailmalla.fi\/blog\/wp-json\/wp\/v2\/types\/post"}],"author":[{"embeddable":true,"href":"https:\/\/www.vuosiamaailmalla.fi\/blog\/wp-json\/wp\/v2\/users\/1"}],"replies":[{"embeddable":true,"href":"https:\/\/www.vuosiamaailmalla.fi\/blog\/wp-json\/wp\/v2\/comments?post=10832"}],"version-history":[{"count":3,"href":"https:\/\/www.vuosiamaailmalla.fi\/blog\/wp-json\/wp\/v2\/posts\/10832\/revisions"}],"predecessor-version":[{"id":13601,"href":"https:\/\/www.vuosiamaailmalla.fi\/blog\/wp-json\/wp\/v2\/posts\/10832\/revisions\/13601"}],"wp:featuredmedia":[{"embeddable":true,"href":"https:\/\/www.vuosiamaailmalla.fi\/blog\/wp-json\/wp\/v2\/media\/10834"}],"wp:attachment":[{"href":"https:\/\/www.vuosiamaailmalla.fi\/blog\/wp-json\/wp\/v2\/media?parent=10832"}],"wp:term":[{"taxonomy":"category","embeddable":true,"href":"https:\/\/www.vuosiamaailmalla.fi\/blog\/wp-json\/wp\/v2\/categories?post=10832"},{"taxonomy":"post_tag","embeddable":true,"href":"https:\/\/www.vuosiamaailmalla.fi\/blog\/wp-json\/wp\/v2\/tags?post=10832"}],"curies":[{"name":"wp","href":"https:\/\/api.w.org\/{rel}","templated":true}]}}