{"id":1084,"date":"2010-10-13T19:57:06","date_gmt":"2010-10-14T02:57:06","guid":{"rendered":"http:\/\/13.53.127.146\/?p=1084"},"modified":"2015-10-23T19:01:24","modified_gmt":"2015-10-24T02:01:24","slug":"euroviisut-2011-menivat-dusseldorfiin","status":"publish","type":"post","link":"https:\/\/www.vuosiamaailmalla.fi\/blog\/2010\/euroviisut-2011-menivat-dusseldorfiin\/","title":{"rendered":"Euroviisut 2011 meniv\u00e4t D\u00fcsseldorfiin"},"content":{"rendered":"<p style=\"text-align: justify;\">Hassua kyll\u00e4, olen vain kerran <a title=\"Euroviisut 2011 Berliiniss\u00e4?\" href=\"https:\/\/www.vuosiamaailmalla.fi\/?p=1185\">aiemmin<\/a> kertonut, ett\u00e4 ensi vuoden Saksassa j\u00e4rjestett\u00e4v\u00e4t Euroviisut voisivat ehk\u00e4 olla Berliiniss\u00e4. Kuitenkin t\u00e4m\u00e4 on ollut yksi eniten k\u00e4vij\u00f6it\u00e4 blogiini tuova kirjoitus ja &#8221;euroviisut&#8221; hakusanalla t\u00e4nne on l\u00f6yt\u00e4nyt kymmeni\u00e4 ihmisi\u00e4. Siksi lienee paikallaan kertoa, ett\u00e4 Berliini ei sitten kisoja itselleen voittanut, vaan kisat meniv\u00e4t yll\u00e4tt\u00e4en L\u00e4nsi-Saksan <a href=\"https:\/\/www.vuosiamaailmalla.fi\/?p=1283\">D\u00fcsseldorfiin<\/a>. \ud83d\ude41<\/p>\n<p style=\"text-align: justify;\">Kuten aiemmin kerroin, kisojen j\u00e4rjest\u00e4mispaikasta syntyi heti Saksan Lena Meyer-Landrutin t\u00e4m\u00e4n vuoden voiton j\u00e4lkeen kova julkinen kisa, jossa Berliini, <a href=\"https:\/\/www.vuosiamaailmalla.fi\/?p=310\">Hampuri<\/a>, <a href=\"https:\/\/www.vuosiamaailmalla.fi\/?p=1265\">K\u00f6ln<\/a> sek\u00e4 <a href=\"https:\/\/www.vuosiamaailmalla.fi\/?p=7347\">Hannover<\/a> kisasivat ensi vuoden laulukilpailusta. Lopulta kuitenkin kisapaikkoja arvioinut lautakunta p\u00e4\u00e4tyi alkuper\u00e4isen listan ulkopuolinen D\u00fcsseldorfiin. Lukemani saksalaismedian mukaan asiaan vaikutti kovasti se, ett\u00e4 D\u00fcsseldorfissa paikan p\u00e4\u00e4lle saadaan mahtumaan jopa 24 000 katsojaa, mik\u00e4 on tuplasti se mit\u00e4 muissa kandidaattikaupungeissa olisi ollut mahdollista. Ja enemm\u00e4n vierailijoita tarkoittaa enemm\u00e4n rahaa, mik\u00e4 on t\u00e4rke\u00e4 tekij\u00e4 kun j\u00e4rjest\u00e4j\u00e4tahona on maan yleisradio <em>ARD<\/em>, jonka toiminta rahoitetaan tv-lupamaksuilla.<\/p>\n<p><!--more--><\/p>\n<p style=\"text-align: justify;\">Onhan se pienesti harmi, ettei Berliini kisoja itselleen voittanut, sill\u00e4 ne olisivat tuoneet kaupunkiin pient\u00e4 vipin\u00e4\u00e4. Lis\u00e4ksi <a href=\"https:\/\/www.vuosiamaailmalla.fi\/?p=7328\">Tempelhofin entiselle lentokent\u00e4lle<\/a> ehdotettu j\u00e4ttim\u00e4inen, jopa 11 000 katsojaa mahduttava j\u00e4ttiteltta olisi tarjonnut kisoille erikoiset puitteet. Teltta aiheutti my\u00f6s avoimia kysymyksi\u00e4, kuten akustiikan toimivuuden. Niinp\u00e4 raati lopulta p\u00e4\u00e4tyi Nordrhein-Westfalenin osavaltion p\u00e4\u00e4kaupungin kannalle.<\/p>\n<p style=\"text-align: justify;\">Kuten viime kerralla tuli todettua, emme olisi l\u00e4hteneet kisoja katsomaan, vaikka ne olisi j\u00e4rjestetty Berliiniss\u00e4. Niinp\u00e4 ei ole vaaraa, ett\u00e4 matkustaisimme kisoihin D\u00fcsseldorfiinkaan. Varmasti kisoja tulee silti, ainakin sivusilm\u00e4ll\u00e4 seurattua, sill\u00e4 voihan siin\u00e4 ohessa n\u00e4ky\u00e4 tuttuja D\u00fcsseldorfin maisemia&#8230;<\/p>\n","protected":false},"excerpt":{"rendered":"<p>Hassua kyll\u00e4, olen vain kerran aiemmin kertonut, ett\u00e4 ensi vuoden Saksassa j\u00e4rjestett\u00e4v\u00e4t Euroviisut voisivat ehk\u00e4 olla Berliiniss\u00e4. Kuitenkin t\u00e4m\u00e4 on ollut yksi eniten k\u00e4vij\u00f6it\u00e4 blogiini tuova kirjoitus ja &#8221;euroviisut&#8221; hakusanalla t\u00e4nne on l\u00f6yt\u00e4nyt kymmeni\u00e4 ihmisi\u00e4. Siksi lienee paikallaan kertoa, ett\u00e4 Berliini ei sitten kisoja itselleen voittanut, vaan kisat meniv\u00e4t yll\u00e4tt\u00e4en L\u00e4nsi-Saksan D\u00fcsseldorfiin. \ud83d\ude41 Kuten aiemmin &hellip; <a href=\"https:\/\/www.vuosiamaailmalla.fi\/blog\/2010\/euroviisut-2011-menivat-dusseldorfiin\/\" class=\"more-link\">Jatka lukemista<span class=\"screen-reader-text\"> &#8221;Euroviisut 2011 meniv\u00e4t D\u00fcsseldorfiin&#8221;<\/span><\/a><\/p>\n","protected":false},"author":1,"featured_media":0,"comment_status":"open","ping_status":"open","sticky":false,"template":"","format":"standard","meta":{"_jetpack_memberships_contains_paid_content":false,"footnotes":""},"categories":[18,3],"tags":[25,49,100,106,190],"class_list":["post-1084","post","type-post","status-publish","format-standard","hentry","category-arki-saksassa","category-arki-ulkomailla","tag-ajankohtaista","tag-berliini","tag-dusseldorf","tag-euroviisut","tag-saksa"],"jetpack_featured_media_url":"","jetpack_sharing_enabled":true,"_links":{"self":[{"href":"https:\/\/www.vuosiamaailmalla.fi\/blog\/wp-json\/wp\/v2\/posts\/1084","targetHints":{"allow":["GET"]}}],"collection":[{"href":"https:\/\/www.vuosiamaailmalla.fi\/blog\/wp-json\/wp\/v2\/posts"}],"about":[{"href":"https:\/\/www.vuosiamaailmalla.fi\/blog\/wp-json\/wp\/v2\/types\/post"}],"author":[{"embeddable":true,"href":"https:\/\/www.vuosiamaailmalla.fi\/blog\/wp-json\/wp\/v2\/users\/1"}],"replies":[{"embeddable":true,"href":"https:\/\/www.vuosiamaailmalla.fi\/blog\/wp-json\/wp\/v2\/comments?post=1084"}],"version-history":[{"count":0,"href":"https:\/\/www.vuosiamaailmalla.fi\/blog\/wp-json\/wp\/v2\/posts\/1084\/revisions"}],"wp:attachment":[{"href":"https:\/\/www.vuosiamaailmalla.fi\/blog\/wp-json\/wp\/v2\/media?parent=1084"}],"wp:term":[{"taxonomy":"category","embeddable":true,"href":"https:\/\/www.vuosiamaailmalla.fi\/blog\/wp-json\/wp\/v2\/categories?post=1084"},{"taxonomy":"post_tag","embeddable":true,"href":"https:\/\/www.vuosiamaailmalla.fi\/blog\/wp-json\/wp\/v2\/tags?post=1084"}],"curies":[{"name":"wp","href":"https:\/\/api.w.org\/{rel}","templated":true}]}}