{"id":10854,"date":"2020-10-10T19:43:08","date_gmt":"2020-10-11T02:43:08","guid":{"rendered":"http:\/\/13.53.127.146\/?p=10854"},"modified":"2021-09-18T17:26:41","modified_gmt":"2021-09-19T00:26:41","slug":"taittuva-toinen-aalto","status":"publish","type":"post","link":"https:\/\/www.vuosiamaailmalla.fi\/blog\/2020\/taittuva-toinen-aalto\/","title":{"rendered":"Taittuva toinen aalto"},"content":{"rendered":"<p style=\"text-align: justify;\">British Columbiassa ylitettiin torstaina henkinen rajapyykki, kun epidemian aikana todettujen koronatapausten yhteism\u00e4\u00e4r\u00e4 ylitti maagiset 10 000 tapausta. Epidemiaa sen alkuaikoina eritt\u00e4in <a title=\"Lupaavalla koronak\u00e4yr\u00e4ll\u00e4\" href=\"https:\/\/www.vuosiamaailmalla.fi\/?p=10597\">menestyksekk\u00e4\u00e4sti hoitaneessa<\/a> provinssissamme on eletty viruksen <a title=\"Toinen aalto\" href=\"https:\/\/www.vuosiamaailmalla.fi\/?p=10694\">toista aaltoa<\/a> aina hein\u00e4kuun puolesta v\u00e4list\u00e4 saakka, jolloin rajoituksista liiketoiminnalle sek\u00e4 ihmisten liikkumiselle luovuttiin laajasti <a title=\"Kanadan ty\u00f6llisyystilanne (2021)\" href=\"https:\/\/www.vuosiamaailmalla.fi\/blog\/2021\/kanadan-tyollisyystilanne-2021\/\">talouden avaamisen<\/a> kolmannessa vaiheessa.<\/p>\n<p><!--more--><\/p>\n<p style=\"text-align: justify;\">Kes\u00e4kuussa jo alle kymmeneen painunut p\u00e4ivitt\u00e4isten tapausten m\u00e4\u00e4r\u00e4 pongahtikin elokuussa viiteenkymmeneen ja syyskuun lopulla on saatu tottua jo <a title=\"Paluu koronahuippuihin\" href=\"https:\/\/www.vuosiamaailmalla.fi\/?p=10725\">yli sataan<\/a> tapaukseen. Voimakas toinen vaihe saikin tapausm\u00e4\u00e4r\u00e4mme l\u00e4hes saavuttamaan l\u00e4hes <a title=\"British Columbia ylitti 5 miljoonaa asukasta\" href=\"https:\/\/www.vuosiamaailmalla.fi\/?p=9987\">samankokoisen Suomen<\/a> lukemat aina ennen viime viikkojen tapausm\u00e4\u00e4rien huikeaa nousua Suomessa. Suomen my\u00f6h\u00e4isen toisen aallon my\u00f6t\u00e4 ero on j\u00e4lleen kasvanut, sill\u00e4 tautitapausten m\u00e4\u00e4r\u00e4 on k\u00e4\u00e4ntynyt t\u00e4\u00e4ll\u00e4 j\u00e4lleen laskuun.<\/p>\n<p style=\"text-align: center;\"><a href=\"\/blog\/wp-content\/uploads\/2020\/kanadan_tartunnat9.jpg\"><img decoding=\"async\" src=\"\/blog\/wp-content\/uploads\/2020\/kanadan_tartunnat9.jpg\" \/><\/a><\/p>\n<p style=\"text-align: center;\"><em>Voimakas toista aaltoa<\/em><\/p>\n<p style=\"text-align: justify;\">Vaihtelua selitt\u00e4\u00e4 ihmisten liikkumisen m\u00e4\u00e4r\u00e4, joka kutistui ensimm\u00e4isen aallon <a title=\"Puolieristyksiss\u00e4 kev\u00e4\u00e4n keskell\u00e4\" href=\"https:\/\/www.vuosiamaailmalla.fi\/?p=10583\">rajoitusten iskiess\u00e4<\/a> nopeasti minimiin, mutta palautui toisen aallon kiihtyess\u00e4 yli 70 prosenttiin normaalista. Nyt ihmiset n\u00e4ytt\u00e4v\u00e4t j\u00e4lleen uskoneen uutisia ja viimeisimpien arvioiden mukaan kanssak\u00e4ymisen m\u00e4\u00e4r\u00e4 on vain noin 45% normaalista, mink\u00e4 vuoksi t\u00e4rke\u00e4 r-lukema on painunut j\u00e4lleen alle yhden, saaden epidemian tasaantumaan.<\/p>\n<p style=\"text-align: center;\"><a href=\"\/blog\/wp-content\/uploads\/2020\/epidemian_r-lukema3.jpg\"><img decoding=\"async\" src=\"\/blog\/wp-content\/uploads\/2020\/epidemian_r-lukema3.jpg\" \/><\/a><\/p>\n<p style=\"text-align: center;\"><em>Kriittinen r-lukema<\/em><\/p>\n<p style=\"text-align: justify;\">Kest\u00e4\u00e4 kuitenkin tovin ennen kuin p\u00e4ivitt\u00e4isen lukemat laskevat, sill\u00e4 aktiivisten tapausten m\u00e4\u00e4r\u00e4 on 1406 ja yli kolme tuhatta ihmist\u00e4 on altistumisen vuoksi eristyksiss\u00e4. Aiemmin my\u00f6s nopeasti kohonneet sairaalatapaukset ovat tasaantuneet ja ovat nyt 68 koronapotilasta, joista 19 tehohoidossa. Sairaaloiden kapasiteetti ei siis ole koetuksella, vaikka lukemat ovatkin seitsem\u00e4n kertaa <a title=\"Normaalimpaa arkea\" href=\"https:\/\/www.vuosiamaailmalla.fi\/?p=10673\">keskikes\u00e4\u00e4 suuremmat<\/a>. Kuolleiden m\u00e4\u00e4r\u00e4 on pysytellyt alhaisena, epidemian kokonaislukeman ollessa 245.<\/p>\n<p style=\"text-align: justify;\">Pahoin pel\u00e4tty tapaus oli koulujen alku syyskuun alussa, jolloin yli puoli miljoonaa koululaista palasi luokkiin suuren huolen saattelemana. T\u00e4m\u00e4n ei ole kuitenkaan todettu lis\u00e4nneen lukemiin voimakkaasti, sill\u00e4 kouluik\u00e4isten tartuntam\u00e4\u00e4r\u00e4t ovat edelleen hyvin pienet, joskin asiaa tutkaillaan jatkuvasti suurella m\u00e4\u00e4r\u00e4ll\u00e4 testej\u00e4. British Columbiassa on k\u00e4yt\u00f6ss\u00e4 t\u00e4\u00e4ll\u00e4 kehitetty helppo sylkitesti, jolla on testattu jo kaksi kolmasosaa kaikista oppilaista. Ainoastaan 0.7% testatuista lapsista on todettu sairastuneen ja n\u00e4ist\u00e4 suurin osa on saanut tartunnan koulun ulkopuolelta tunnetun tartuntaketjun osana.<\/p>\n<p style=\"text-align: center;\"><a href=\"\/blog\/wp-content\/uploads\/2020\/tartuntakayra4.jpg\"><img decoding=\"async\" src=\"\/blog\/wp-content\/uploads\/2020\/thumbs\/thumbs_tartuntakayra4.jpg\" \/><\/a><a href=\"\/blog\/wp-content\/uploads\/2020\/tartuntakayra5.jpg\"><img decoding=\"async\" src=\"\/blog\/wp-content\/uploads\/2020\/thumbs\/thumbs_tartuntakayra5.jpg\" \/><\/a><\/p>\n<p style=\"text-align: center;\"><em>Toinen aalto osoittaa taittumisen merkkej\u00e4<\/em><\/p>\n<p style=\"text-align: justify;\">P\u00e4ivitt\u00e4isen testauksen m\u00e4\u00e4r\u00e4 on vakiintunut noin 12 500 testiin ja testeihin p\u00e4\u00e4see edelleen t\u00e4ysin maksutta. Jonottamisen v\u00e4hent\u00e4miseksi uusia testauspaikkoja on avattu suuriin kaupunkeihin ja tilastojen mukaan testitulosta joutuu odottamaan keskim\u00e4\u00e4rin 28 tunnin ajan, noin 1.6% testatuista paljastuen positiivisiksi.<\/p>\n<p style=\"text-align: justify;\">Oma k\u00e4ytt\u00e4ytymisemme on seurannut aika tarkasti mainittua ja palasin itse syyskuussa ty\u00f6skentelem\u00e4\u00e4n p\u00e4\u00e4asiallisesti kotoa, k\u00e4yden toimistolla vain kerran viikossa. Emme k\u00e4y ulkona sy\u00f6m\u00e4ss\u00e4, mutta noutoruokaa tulee tilattua ja noudettua tiiviisti ravintoloita tukien. Ulkona k\u00e4ymist\u00e4 onkin haitannut koronaa enemm\u00e4n <a title=\"Maailman huonoin ilmanlaatu\" href=\"https:\/\/www.vuosiamaailmalla.fi\/?p=10809\">viime viikkojen mets\u00e4palosavu<\/a>, joka on poistunut syyssateiden saavuttua.<\/p>\n<p style=\"text-align: center;\"><a href=\"\/blog\/wp-content\/uploads\/2020\/koronakesa.jpg\"><img decoding=\"async\" src=\"\/blog\/wp-content\/uploads\/2020\/koronakesa.jpg\" \/><\/a><\/p>\n<p style=\"text-align: center;\"><em>Kes\u00e4 oli kaunis mutta koronan v\u00e4ritt\u00e4m\u00e4<\/em><\/p>\n<p style=\"text-align: justify;\">Tarkkana on silti syyt\u00e4 olla, sill\u00e4 pilvenpiirt\u00e4j\u00e4ss\u00e4mme on ollut koronaan sairastuneita asukkaita, mink\u00e4 lis\u00e4ksi alakerran hotellin tiloissa y\u00f6pyy terveydenhoitohenkil\u00f6kuntaa sek\u00e4 karanteeniin m\u00e4\u00e4r\u00e4ttyj\u00e4 ulkomailta palanneita. Hisseihin ei siis tungeta muiden ihmisten kanssa ja maskeja k\u00e4ytt\u00e4\u00e4 l\u00e4hes jokainen.<\/p>\n<p style=\"text-align: center;\"><a href=\"\/blog\/wp-content\/uploads\/2020\/koronatapauksia_talossa1.jpg\"><img decoding=\"async\" src=\"\/blog\/wp-content\/uploads\/2020\/thumbs\/thumbs_koronatapauksia_talossa1.jpg\" \/><\/a><a href=\"\/blog\/wp-content\/uploads\/2020\/koronatapauksia_talossa2.jpg\"><img decoding=\"async\" src=\"\/blog\/wp-content\/uploads\/2020\/thumbs\/thumbs_koronatapauksia_talossa2.jpg\" \/><\/a><\/p>\n<p style=\"text-align: center;\"><em>Koronatapauksia naapurissa<\/em><\/p>\n<p style=\"text-align: justify;\">L\u00e4hestyv\u00e4 talvi tullaankin siis viett\u00e4m\u00e4\u00e4n poikkeusolosuhteissa. Ajatus <a title=\"Joululoma nostalgisissa merkeiss\u00e4\" href=\"https:\/\/www.vuosiamaailmalla.fi\/?p=10512\">joulusta Suomessa<\/a> on haudattu, toivon ollessa nyt ensi kes\u00e4ss\u00e4. P\u00e4\u00e4timme my\u00f6s j\u00e4tt\u00e4\u00e4 ostamatta laskettelukortit Whistleriin, sill\u00e4 <a title=\"Puolieristyksiss\u00e4 kev\u00e4\u00e4n keskell\u00e4\" href=\"https:\/\/www.vuosiamaailmalla.fi\/?p=10583\">kesken j\u00e4\u00e4neest\u00e4<\/a> viime kaudesta saamamme alennus oli sen verran pieni. Laskettelu on my\u00f6s tehty t\u00e4n\u00e4 talvena hankalaksi, sill\u00e4 rinteeseen p\u00e4\u00e4sy\u00e4 rajoitetaan p\u00e4ivitt\u00e4in, mink\u00e4 lis\u00e4ksi laskettelijoiden tulee pit\u00e4\u00e4 maskia jopa rinteess\u00e4. Samanlaiset rajoitukset vaelluspoluille saivatkin meid\u00e4t valitsemaan t\u00e4n\u00e4 kes\u00e4n\u00e4 vaellusta vapaamman <a title=\"Richmondin ymp\u00e4riajo\" href=\"https:\/\/www.vuosiamaailmalla.fi\/?p=10652\">py\u00f6r\u00e4ilyn<\/a>.<\/p>\n<p style=\"text-align: justify;\">T\u00e4ysin ilman matkaa ei silti jouduta olemaan, sill\u00e4 olemme varanneet marraskuuksi nelj\u00e4n p\u00e4iv\u00e4n reissun Vancouverinsaarelle aina yht\u00e4 ihanaan Tofinoon myrskyj\u00e4 bongaamaan. Siihen on viel\u00e4 kuukausi ja paraikaa vietett\u00e4v\u00e4\u00e4 <a title=\"Thanksgiving Day\" href=\"https:\/\/www.vuosiamaailmalla.fi\/?p=813\">kiitosp\u00e4iv\u00e4n<\/a> pitk\u00e4\u00e4 viikonloppua viet\u00e4mme ihan vain kotona kahdestaan. Viranomaiset ovat pyyt\u00e4neet ihmisi\u00e4 j\u00e4tt\u00e4m\u00e4\u00e4n perinteinen kiitosp\u00e4iv\u00e4n illallinen t\u00e4n\u00e4 vuonna v\u00e4liin tai ainakin kutistamaan kutsuvieraiden m\u00e4\u00e4r\u00e4\u00e4, ettei kahden viikon p\u00e4\u00e4st\u00e4 n\u00e4ht\u00e4isi j\u00e4lleen yl\u00f6sp\u00e4in k\u00e4\u00e4ntynytt\u00e4 tartuntak\u00e4yr\u00e4\u00e4.<\/p>\n<p style=\"text-align: center;\"><a href=\"\/blog\/wp-content\/uploads\/2020\/erilainen_kiitospaiva.jpg\"><img decoding=\"async\" src=\"\/blog\/wp-content\/uploads\/2020\/erilainen_kiitospaiva.jpg\" \/><\/a><\/p>\n<p style=\"text-align: center;\"><em>Erilainen kiitosp\u00e4iv\u00e4<\/em><\/p>\n<p style=\"text-align: justify;\">Koronaepidemia <a title=\"Railakas halloween\" href=\"https:\/\/www.vuosiamaailmalla.fi\/?p=10931\">aiheuttaa muutoksia<\/a> my\u00f6s loppukuusta vietett\u00e4v\u00e4\u00e4n perinteiseen <a title=\"Halloween Parade\" href=\"https:\/\/www.vuosiamaailmalla.fi\/?p=3327\">halloweeniin<\/a>, sill\u00e4 tuhansien lasten kiertely\u00e4 talojen ovilla ei pidet\u00e4 t\u00e4ss\u00e4 tilanteessa lainkaan hyv\u00e4n\u00e4 ideana. T\u00e4m\u00e4 tulee harmittamaan erityisesti lapsia, joille lokakuinen juhla on yksi vuoden rakkaimpia, mutta epidemian aikana mik\u00e4\u00e4n ei ole vastaa <a title=\"Uusi normaali\" href=\"https:\/\/www.vuosiamaailmalla.fi\/?p=10622\">vanhaa normaalia<\/a>.<\/p>\n","protected":false},"excerpt":{"rendered":"<p>British Columbiassa ylitettiin torstaina henkinen rajapyykki, kun epidemian aikana todettujen koronatapausten yhteism\u00e4\u00e4r\u00e4 ylitti maagiset 10 000 tapausta. Epidemiaa sen alkuaikoina eritt\u00e4in menestyksekk\u00e4\u00e4sti hoitaneessa provinssissamme on eletty viruksen toista aaltoa aina hein\u00e4kuun puolesta v\u00e4list\u00e4 saakka, jolloin rajoituksista liiketoiminnalle sek\u00e4 ihmisten liikkumiselle luovuttiin laajasti talouden avaamisen kolmannessa vaiheessa.<\/p>\n","protected":false},"author":1,"featured_media":10856,"comment_status":"open","ping_status":"open","sticky":false,"template":"","format":"standard","meta":{"_jetpack_memberships_contains_paid_content":false,"footnotes":""},"categories":[17,3],"tags":[25,34,935,1487,298],"class_list":["post-10854","post","type-post","status-publish","format-standard","has-post-thumbnail","hentry","category-arki-kanadassa","category-arki-ulkomailla","tag-ajankohtaista","tag-arki","tag-kanada","tag-koronavirus","tag-thanksgiving-day"],"jetpack_featured_media_url":"https:\/\/www.vuosiamaailmalla.fi\/blog\/wp-content\/uploads\/erilainen_kiitospaiva_banner.jpg","jetpack_sharing_enabled":true,"_links":{"self":[{"href":"https:\/\/www.vuosiamaailmalla.fi\/blog\/wp-json\/wp\/v2\/posts\/10854","targetHints":{"allow":["GET"]}}],"collection":[{"href":"https:\/\/www.vuosiamaailmalla.fi\/blog\/wp-json\/wp\/v2\/posts"}],"about":[{"href":"https:\/\/www.vuosiamaailmalla.fi\/blog\/wp-json\/wp\/v2\/types\/post"}],"author":[{"embeddable":true,"href":"https:\/\/www.vuosiamaailmalla.fi\/blog\/wp-json\/wp\/v2\/users\/1"}],"replies":[{"embeddable":true,"href":"https:\/\/www.vuosiamaailmalla.fi\/blog\/wp-json\/wp\/v2\/comments?post=10854"}],"version-history":[{"count":1,"href":"https:\/\/www.vuosiamaailmalla.fi\/blog\/wp-json\/wp\/v2\/posts\/10854\/revisions"}],"predecessor-version":[{"id":12452,"href":"https:\/\/www.vuosiamaailmalla.fi\/blog\/wp-json\/wp\/v2\/posts\/10854\/revisions\/12452"}],"wp:featuredmedia":[{"embeddable":true,"href":"https:\/\/www.vuosiamaailmalla.fi\/blog\/wp-json\/wp\/v2\/media\/10856"}],"wp:attachment":[{"href":"https:\/\/www.vuosiamaailmalla.fi\/blog\/wp-json\/wp\/v2\/media?parent=10854"}],"wp:term":[{"taxonomy":"category","embeddable":true,"href":"https:\/\/www.vuosiamaailmalla.fi\/blog\/wp-json\/wp\/v2\/categories?post=10854"},{"taxonomy":"post_tag","embeddable":true,"href":"https:\/\/www.vuosiamaailmalla.fi\/blog\/wp-json\/wp\/v2\/tags?post=10854"}],"curies":[{"name":"wp","href":"https:\/\/api.w.org\/{rel}","templated":true}]}}