{"id":10861,"date":"2020-10-12T15:00:53","date_gmt":"2020-10-12T22:00:53","guid":{"rendered":"http:\/\/13.53.127.146\/?p=10861"},"modified":"2020-10-12T15:06:29","modified_gmt":"2020-10-12T22:06:29","slug":"kanadan-pisimmalla-laiturilla","status":"publish","type":"post","link":"https:\/\/www.vuosiamaailmalla.fi\/blog\/2020\/kanadan-pisimmalla-laiturilla\/","title":{"rendered":"Kanadan pisimm\u00e4ll\u00e4 laiturilla"},"content":{"rendered":"<p style=\"text-align: justify;\">Tasan kuukausi sitten saimme allemme <a title=\"Huikea 2021 BMW X3M Competition\" href=\"https:\/\/www.vuosiamaailmalla.fi\/?p=10846\">upouuden automme<\/a> ja viikkoa my\u00f6hemmin h\u00e4lvenneen <a title=\"Maailman huonoin ilmanlaatu\" href=\"https:\/\/www.vuosiamaailmalla.fi\/?p=10809\">paksun mets\u00e4palosavun<\/a> v\u00e4istytty\u00e4 oli aika l\u00e4hte\u00e4 paljon odotetulle ensiajelulle. Kohteeksi valikoimme aivan Yhdysvaltojen rajalla sijaitsevan 20 000 asukkaan White Rockin, jossa emme ole k\u00e4yneet <a title=\"P\u00e4\u00e4si\u00e4ispy\u00f6r\u00e4ily Crescent Beachilla\" href=\"https:\/\/www.vuosiamaailmalla.fi\/?p=5019\">pieneen hetkeen<\/a>. Hiljainen pikkukaupunki ei ole kuitenkaan kovin hiljainen viikonloppuisin, jolloin ihmismassat saapuvat katsomaan kaupungin kuuluisaa Kanadan pisint\u00e4 laituria.<\/p>\n<p><!--more--><\/p>\n<p style=\"text-align: center;\"><a href=\"\/blog\/wp-content\/uploads\/2020\/bmw_x3m_competition_ensiajolla1.jpg\"><img decoding=\"async\" src=\"\/blog\/wp-content\/uploads\/2020\/thumbs\/thumbs_bmw_x3m_competition_ensiajolla1.jpg\" \/><\/a><a href=\"\/blog\/wp-content\/uploads\/2020\/bmw_x3m_competition_ensiajolla2.jpg\"><img decoding=\"async\" src=\"\/blog\/wp-content\/uploads\/2020\/thumbs\/thumbs_bmw_x3m_competition_ensiajolla2.jpg\" \/><\/a><\/p>\n<p style=\"text-align: center;\"><em>Uuden auton ensiajolla<\/em><\/p>\n<p style=\"text-align: center;\"><a href=\"\/blog\/wp-content\/uploads\/2020\/linna_ja_morska.jpg\"><img decoding=\"async\" src=\"\/blog\/wp-content\/uploads\/2020\/linna_ja_morska.jpg\" \/><\/a><\/p>\n<p style=\"text-align: center;\"><em>Linna ja m\u00f6rsk\u00e4<\/em><\/p>\n<p style=\"text-align: justify;\">Vuonna 1914 valmistunut ja 470 metri\u00e4 pitk\u00e4 puinen laituri sijaitsee kaupungin keskustassa, l\u00e4hell\u00e4 White Rockille nimens\u00e4 antanutta valkoista kivenlohkaretta. Alunperin h\u00f6yrylaivojen ankkuripaikkana toiminut pitk\u00e4 laituri ei johda mihink\u00e4\u00e4n ja se ty\u00f6ntyy kauas ulapalla sijaitsevalle aallonmurtajalle. White Rockin edustan rannikko on l\u00e4heisen <a title=\"Kes\u00e4p\u00e4iv\u00e4 geo-k\u00e4tk\u00f6ilem\u00e4ss\u00e4\" href=\"https:\/\/www.vuosiamaailmalla.fi\/?p=5783\">Centennial Beachin<\/a> tapaan hyvin matala ja viel\u00e4 puolenkin kilometrin p\u00e4\u00e4ss\u00e4 veden syvyys on vain metrin verran.<\/p>\n<p style=\"text-align: center;\"><a href=\"\/blog\/wp-content\/uploads\/2020\/white_rockin_valkoinen_kivi1.jpg\"><img decoding=\"async\" src=\"\/blog\/wp-content\/uploads\/2020\/thumbs\/thumbs_white_rockin_valkoinen_kivi1.jpg\" \/><\/a><a href=\"\/blog\/wp-content\/uploads\/2020\/white_rockin_valkoinen_kivi2.jpg\"><img decoding=\"async\" src=\"\/blog\/wp-content\/uploads\/2020\/thumbs\/thumbs_white_rockin_valkoinen_kivi2.jpg\" \/><\/a><\/p>\n<p style=\"text-align: center;\"><em>Kaupungin kuuluisa valkoinen kivi<\/em><\/p>\n<p style=\"text-align: center;\"><a href=\"\/blog\/wp-content\/uploads\/2020\/kanadan_pisin_laituri1.jpg\"><img decoding=\"async\" src=\"\/blog\/wp-content\/uploads\/2020\/thumbs\/thumbs_kanadan_pisin_laituri1.jpg\" \/><\/a><a href=\"\/blog\/wp-content\/uploads\/2020\/kanadan_pisin_laituri2.jpg\"><img decoding=\"async\" src=\"\/blog\/wp-content\/uploads\/2020\/thumbs\/thumbs_kanadan_pisin_laituri2.jpg\" \/><\/a><\/p>\n<p style=\"text-align: center;\"><em>Kanadan pisin laituri<\/em><\/p>\n<p style=\"text-align: justify;\">Lauantainen merenranta oli rauhallinen, mutta aina n\u00e4in ei kuitenkaan ole. Vancouverin seudulle iskee syksyisin ja talvisin voimakkaita myrskyj\u00e4, jollainen koettiin joulukuun 20. p\u00e4iv\u00e4 vuonna 2018. Vietimme tuolloin <a title=\"Ensimm\u00e4inen joulu Kanadassa\" href=\"https:\/\/www.vuosiamaailmalla.fi\/?p=9912\">ensimm\u00e4ist\u00e4 jouluamme Kanadassa<\/a> ja muistan meid\u00e4n tuolloin seuranneen myrskyn etenemist\u00e4 uutisissa. Voimakas myrsky aiheutti tuhoja ymp\u00e4ri metropolialuetta, mutta erityisen paljon vahinkoa se aiheutti juuri White Rockissa.<\/p>\n<p style=\"text-align: justify;\">Tuulen nimitt\u00e4in onnistui irroittaa rantaveteen ankkuroituja veneit\u00e4, jotka paiskautuivat p\u00e4in kaupungin kuuluisaa laituria. Paikalle myrskyn nostattamia korkeita aaltoja katsomaan tulleet ihmiset pystyiv\u00e4t vain katsomaan miten meri hakkasi veneit\u00e4 laituria vasten kunnes laituri antoi lopulta periksi, j\u00e4tt\u00e4en j\u00e4lkeens\u00e4 30 metri\u00e4 pitk\u00e4n aukon laituriin.<\/p>\n<p style=\"text-align: center;\"><a href=\"\/blog\/wp-content\/uploads\/2020\/laituri_myrskyssa1.jpg\"><img decoding=\"async\" src=\"\/blog\/wp-content\/uploads\/2020\/thumbs\/thumbs_laituri_myrskyssa1.jpg\" \/><\/a><a href=\"\/blog\/wp-content\/uploads\/2020\/laituri_myrskyssa2.jpg\"><img decoding=\"async\" src=\"\/blog\/wp-content\/uploads\/2020\/thumbs\/thumbs_laituri_myrskyssa2.jpg\" \/><\/a><a href=\"\/blog\/wp-content\/uploads\/2020\/laituri_myrskyssa3.jpg\"><img decoding=\"async\" src=\"\/blog\/wp-content\/uploads\/2020\/thumbs\/thumbs_laituri_myrskyssa3.jpg\" \/><\/a><\/p>\n<p style=\"text-align: center;\"><em>Kahden vuoden takainen myrsky<\/em><\/p>\n<p style=\"text-align: justify;\">Laiturin p\u00e4\u00e4h\u00e4n nalkkiin j\u00e4\u00e4nyt mies jouduttiin evakuoimaan helikopterilla turvaan ja seuraavana p\u00e4iv\u00e4n\u00e4 whiterockilaiset her\u00e4siv\u00e4t ep\u00e4todelliseen tietoon siit\u00e4, ett\u00e4 kaupungin kuuluisin n\u00e4ht\u00e4vyys oli vaurioitunut pahoin myrskyss\u00e4. Paikalliset vannoivat kuitenkin korjaavansa tuhon j\u00e4ljet ja vain vuotta my\u00f6hemmin avautui 11 miljoonaa maksanut uusittu laituri. Samassa yhteydess\u00e4 remontoitiin my\u00f6s iso osa ymp\u00e4r\u00f6iv\u00e4\u00e4 ranta-aluetta, joka on kes\u00e4isin t\u00e4ynn\u00e4 raikkaasta meri-ilmasta nauttimaan saapuneita ihmisi\u00e4.<\/p>\n<p style=\"text-align: center;\"><a href=\"\/blog\/wp-content\/uploads\/2020\/kanadan_pisin_laituri3.jpg\"><img decoding=\"async\" src=\"\/blog\/wp-content\/uploads\/2020\/thumbs\/thumbs_kanadan_pisin_laituri3.jpg\" \/><\/a><a href=\"\/blog\/wp-content\/uploads\/2020\/kanadan_pisin_laituri4.jpg\"><img decoding=\"async\" src=\"\/blog\/wp-content\/uploads\/2020\/thumbs\/thumbs_kanadan_pisin_laituri4.jpg\" \/><\/a><\/p>\n<p style=\"text-align: center;\"><em>Laituri ulapalle<\/em><\/p>\n<p style=\"text-align: center;\"><a href=\"\/blog\/wp-content\/uploads\/2020\/kanadan_pisin_laituri5.jpg\"><img decoding=\"async\" src=\"\/blog\/wp-content\/uploads\/2020\/thumbs\/thumbs_kanadan_pisin_laituri5.jpg\" \/><\/a><a href=\"\/blog\/wp-content\/uploads\/2020\/kanadan_pisin_laituri6.jpg\"><img decoding=\"async\" src=\"\/blog\/wp-content\/uploads\/2020\/thumbs\/thumbs_kanadan_pisin_laituri6.jpg\" \/><\/a><a href=\"\/blog\/wp-content\/uploads\/2020\/kanadan_pisin_laituri7.jpg\"><img decoding=\"async\" src=\"\/blog\/wp-content\/uploads\/2020\/thumbs\/thumbs_kanadan_pisin_laituri7.jpg\" \/><\/a><\/p>\n<p style=\"text-align: center;\"><em>470 metri\u00e4 laituria<\/em><\/p>\n<p style=\"text-align: center;\"><a href=\"\/blog\/wp-content\/uploads\/2020\/kanadan_pisin_laituri8.jpg\"><img decoding=\"async\" src=\"\/blog\/wp-content\/uploads\/2020\/kanadan_pisin_laituri8.jpg\" \/><\/a><\/p>\n<p style=\"text-align: center;\"><em>Rauhallinen lauantai<\/em><\/p>\n<p style=\"text-align: justify;\">Uusittu ranta on ollut nyt auki vuoden ajan ja ensiajomme tarjosi meille hyv\u00e4n tilaisuuden ulkoiluun uudella laiturilla, jolla oli nyttenkin runsaasti ihmisi\u00e4. Laiturin remontti n\u00e4ytt\u00e4\u00e4kin onnistuneen teht\u00e4v\u00e4ss\u00e4\u00e4n ja ihmiset ovat selv\u00e4stikin l\u00f6yt\u00e4neet takaisin White Rockiin useimmiten rauhallisen meren \u00e4\u00e4relle.<\/p>\n<p style=\"text-align: center;\"><a href=\"\/blog\/wp-content\/uploads\/2020\/white_rockin_ranta2.jpg\"><img decoding=\"async\" src=\"\/blog\/wp-content\/uploads\/2020\/thumbs\/thumbs_white_rockin_ranta2.jpg\" \/><\/a><a href=\"\/blog\/wp-content\/uploads\/2020\/white_rockin_ranta3.jpg\"><img decoding=\"async\" src=\"\/blog\/wp-content\/uploads\/2020\/thumbs\/thumbs_white_rockin_ranta3.jpg\" \/><\/a><\/p>\n<p style=\"text-align: center;\"><em>Rannalla kulkee edelleen aktiivinen junarata<\/em><\/p>\n<p style=\"text-align: center;\"><a href=\"\/blog\/wp-content\/uploads\/2020\/white_rockin_ranta1.jpg\"><img decoding=\"async\" src=\"\/blog\/wp-content\/uploads\/2020\/thumbs\/thumbs_white_rockin_ranta1.jpg\" \/><\/a><a href=\"\/blog\/wp-content\/uploads\/2020\/white_rockin_ranta4.jpg\"><img decoding=\"async\" src=\"\/blog\/wp-content\/uploads\/2020\/thumbs\/thumbs_white_rockin_ranta4.jpg\" \/><\/a><\/p>\n<p style=\"text-align: center;\"><em>Uusiksi tehty ranta<\/em><\/p>\n","protected":false},"excerpt":{"rendered":"<p>Tasan kuukausi sitten saimme allemme upouuden automme ja viikkoa my\u00f6hemmin h\u00e4lvenneen paksun mets\u00e4palosavun v\u00e4istytty\u00e4 oli aika l\u00e4hte\u00e4 paljon odotetulle ensiajelulle. Kohteeksi valikoimme aivan Yhdysvaltojen rajalla sijaitsevan 20 000 asukkaan White Rockin, jossa emme ole k\u00e4yneet pieneen hetkeen. Hiljainen pikkukaupunki ei ole kuitenkaan kovin hiljainen viikonloppuisin, jolloin ihmismassat saapuvat katsomaan kaupungin kuuluisaa Kanadan pisint\u00e4 laituria.<\/p>\n","protected":false},"author":1,"featured_media":10862,"comment_status":"open","ping_status":"open","sticky":false,"template":"","format":"standard","meta":{"_jetpack_memberships_contains_paid_content":false,"footnotes":""},"categories":[17,3],"tags":[34,935,567],"class_list":["post-10861","post","type-post","status-publish","format-standard","has-post-thumbnail","hentry","category-arki-kanadassa","category-arki-ulkomailla","tag-arki","tag-kanada","tag-white-rock"],"jetpack_featured_media_url":"https:\/\/www.vuosiamaailmalla.fi\/blog\/wp-content\/uploads\/kanadan_pisin_laituri_banner.jpg","jetpack_sharing_enabled":true,"_links":{"self":[{"href":"https:\/\/www.vuosiamaailmalla.fi\/blog\/wp-json\/wp\/v2\/posts\/10861","targetHints":{"allow":["GET"]}}],"collection":[{"href":"https:\/\/www.vuosiamaailmalla.fi\/blog\/wp-json\/wp\/v2\/posts"}],"about":[{"href":"https:\/\/www.vuosiamaailmalla.fi\/blog\/wp-json\/wp\/v2\/types\/post"}],"author":[{"embeddable":true,"href":"https:\/\/www.vuosiamaailmalla.fi\/blog\/wp-json\/wp\/v2\/users\/1"}],"replies":[{"embeddable":true,"href":"https:\/\/www.vuosiamaailmalla.fi\/blog\/wp-json\/wp\/v2\/comments?post=10861"}],"version-history":[{"count":0,"href":"https:\/\/www.vuosiamaailmalla.fi\/blog\/wp-json\/wp\/v2\/posts\/10861\/revisions"}],"wp:featuredmedia":[{"embeddable":true,"href":"https:\/\/www.vuosiamaailmalla.fi\/blog\/wp-json\/wp\/v2\/media\/10862"}],"wp:attachment":[{"href":"https:\/\/www.vuosiamaailmalla.fi\/blog\/wp-json\/wp\/v2\/media?parent=10861"}],"wp:term":[{"taxonomy":"category","embeddable":true,"href":"https:\/\/www.vuosiamaailmalla.fi\/blog\/wp-json\/wp\/v2\/categories?post=10861"},{"taxonomy":"post_tag","embeddable":true,"href":"https:\/\/www.vuosiamaailmalla.fi\/blog\/wp-json\/wp\/v2\/tags?post=10861"}],"curies":[{"name":"wp","href":"https:\/\/api.w.org\/{rel}","templated":true}]}}