{"id":10917,"date":"2020-10-25T19:39:02","date_gmt":"2020-10-26T02:39:02","guid":{"rendered":"http:\/\/13.53.127.146\/?p=10917"},"modified":"2024-10-20T13:39:07","modified_gmt":"2024-10-20T20:39:07","slug":"provinssivaaleissa-syntyi-enemmistohallitus","status":"publish","type":"post","link":"https:\/\/www.vuosiamaailmalla.fi\/blog\/2020\/provinssivaaleissa-syntyi-enemmistohallitus\/","title":{"rendered":"Provinssivaaleissa enemmist\u00f6hallitus"},"content":{"rendered":"<p style=\"text-align: justify;\">Rajan etel\u00e4puolen <a title=\"Kanada Amerikan presidentiksi!\" href=\"https:\/\/www.vuosiamaailmalla.fi\/blog\/2016\/kanada-usan-presidentiksi\/\">presidentinvaalien mediamyllytyksen<\/a> tuoksinassa pienelle huomiolle ovat j\u00e4\u00e4neet t\u00e4\u00e4ll\u00e4 British Columbiassa eilen lauantaina j\u00e4rjestetyt provinssivaalit. Vaalitaistoon k\u00e4ytiin ennenaikaisesti, p\u00e4\u00e4ministeri John Horganin ilmoitettua syyskuussa uusista vaaleista, joissa Horganin johtama <em>Uusi demokraattinen puolue<\/em> NDP toivoi voittavansa itselleen enemmist\u00f6hallituksen.<\/p>\n<p><!--more--><\/p>\n<p style=\"text-align: justify;\">British Columbiassa on eletty vuoden 2017 edellisten provinssivaalien j\u00e4lkeen tilanteessa, jossa NDP:ll\u00e4 sek\u00e4 liberaalipuolue <em>BC Liberalseilla<\/em> on molemmilla 41 paikkaa Victoriassa kokoontuvassa hallituksessa. Niinp\u00e4 vaa&#8217;ankieliasemassa ovatkin olleet kaksi paikkaa omanneet vihre\u00e4t, joiden kanssa sovittu vaaliliitto on taannut Horganille mahdollisuuden <a title=\"Vaalitaistelu rankkasateen keskell\u00e4\" href=\"https:\/\/www.vuosiamaailmalla.fi\/blog\/2024\/vaalitaistelu-rankkasateen-keskella\/\">hallita provinssia<\/a>.<\/p>\n<p style=\"text-align: center;\"><a href=\"\/blog\/wp-content\/uploads\/2020\/provinssivaalit_2020.jpg\"><img decoding=\"async\" src=\"\/blog\/wp-content\/uploads\/2020\/provinssivaalit_2020.jpg\" \/><\/a><\/p>\n<p style=\"text-align: center;\"><em>Paikalliset puoluejohtajat<\/em><\/p>\n<p style=\"text-align: justify;\">Reilut kolme vuotta NDP:n valtaa on tuonut mukanaan melko onnistunutta politiikkaa, jonka avulla puolue on kasvattanut suosiotaan samaan aikaan, kun kansallinen NDP koki r\u00f6k\u00e4letappion viime vuoden <a title=\"Vaalit skandaalien varjossa\" href=\"https:\/\/www.vuosiamaailmalla.fi\/blog\/2019\/vaalit-skandaalien-varjossa\/\">parlamenttivaaleissa<\/a>. Suosiota on satanut NDP:n <a title=\"Vancouver luopuu tietulleista\" href=\"https:\/\/www.vuosiamaailmalla.fi\/blog\/2017\/vancouver-luopuu-tietulleista\/\">poistettua tietullit<\/a> sek\u00e4 <a title=\"Provinssi tuli vuokralaisten avuksi\" href=\"https:\/\/www.vuosiamaailmalla.fi\/blog\/2017\/provinssi-tuli-vuokralaisten-avuksi\/\">avusta vuokralaisille<\/a>, jotka ovat olleet viime vuodet ahdingossa. Suosittuja ovat olleet my\u00f6skin toimet koronaepidemian hallitsemiseksi, vaikka epidemia onkin ollut viime aikoina <a title=\"Paluu koronahuippuihin\" href=\"https:\/\/www.vuosiamaailmalla.fi\/blog\/2020\/paluu-koronahuippuihin\/\">kiihtym\u00e4\u00e4n p\u00e4in<\/a>.<\/p>\n<p style=\"text-align: justify;\">P\u00e4\u00e4t\u00f6st\u00e4 pikavaaleista perusteltiinkin juuri koronalla, sill\u00e4 NDP:n on ollut vaikeaa hallita pelk\u00e4n vaaliliiton kautta. Mukana on my\u00f6s roima annos puhdasta vaalitaktiikkaa, sill\u00e4 <a title=\"Kanadan ty\u00f6llisyystilanne (2021)\" href=\"https:\/\/www.vuosiamaailmalla.fi\/blog\/2021\/kanadan-tyollisyystilanne-2021\/\">taloustilanteen<\/a> ennakoidaan n\u00e4ytt\u00e4ytyv\u00e4n l\u00e4hitulevaisuudessa paljon <a title=\"Kanadan ty\u00f6llisyystilanne (2020)\" href=\"https:\/\/www.vuosiamaailmalla.fi\/blog\/2020\/kanadan-tyollisyystilanne-2020\/\">nykyist\u00e4 huonompana<\/a>, kun liittovaltion antelias rahank\u00e4ytt\u00f6 p\u00e4\u00e4ttyy. Niinp\u00e4 mandaatin uusiminen ennen huonoja uutisia on poliittisesti j\u00e4rkev\u00e4 veto, vaikka ihmisten pakottamista \u00e4\u00e4nest\u00e4m\u00e4\u00e4n epidemian keskell\u00e4 onkin kritisoitu.<\/p>\n<p style=\"text-align: center;\"><a href=\"\/blog\/wp-content\/uploads\/2020\/2020_provinssivaalit1.jpg\"><img decoding=\"async\" src=\"\/blog\/wp-content\/uploads\/2020\/2020_provinssivaalit1.jpg\" \/><\/a><\/p>\n<p style=\"text-align: center;\"><em>Vaalitulos selvisi nopeasti<\/em><\/p>\n<p style=\"text-align: center;\"><a href=\"\/blog\/wp-content\/uploads\/2020\/provinssivaalit_2020_aikainen_tulos.jpg\"><img decoding=\"async\" src=\"\/blog\/wp-content\/uploads\/2020\/provinssivaalit_2020_aikainen_tulos.jpg\" \/><\/a><\/p>\n<p style=\"text-align: center;\"><em>Lopullista tulosta lasketaan viel\u00e4 tovi<\/em><\/p>\n<p style=\"text-align: justify;\">Taktikointi n\u00e4ytt\u00e4\u00e4 my\u00f6s toimineen, sill\u00e4 \u00e4\u00e4ntenlaskennan ollessa viel\u00e4 k\u00e4ynniss\u00e4, n\u00e4ytt\u00e4\u00e4 silt\u00e4 ett\u00e4 NDP:n onnistuu kasvattaa paikkam\u00e4\u00e4r\u00e4\u00e4ns\u00e4 ainakin kymmenell\u00e4, liberaalipuolueen kustannuksella. Lopullista vaalitulosta ei tiedet\u00e4 viel\u00e4 muutamaan viikkoon, sill\u00e4 vaaleissa on \u00e4\u00e4nestetty poikkeuksellisen\u00a0 runsaasti kirje\u00e4\u00e4nestyksen kautta. Kun yleens\u00e4 vain noin kymmenen prosenttia 3,5 miljoonasta \u00e4\u00e4nestysoikeutetusta \u00e4\u00e4nest\u00e4\u00e4 vaaleissa kirjeitse, on \u00e4\u00e4nestyskirjeit\u00e4 postitettu t\u00e4ll\u00e4 kertaa l\u00e4hes 750 000 kappaletta. \u00c4\u00e4nien palautumisesta postin kautta \u00e4\u00e4nestyspaikoille laskettavaksi kest\u00e4\u00e4 kuitenkin useita p\u00e4ivi\u00e4, jonka j\u00e4lkeen jokainen \u00e4\u00e4ni tarkastetaan viel\u00e4 sen varalta, ettei \u00e4\u00e4nest\u00e4j\u00e4 ole \u00e4\u00e4nest\u00e4nyt kahteen otteeseen.<\/p>\n<p style=\"text-align: center;\"><a href=\"\/blog\/wp-content\/uploads\/2020\/2020_provinssivaalit3.jpg\"><img decoding=\"async\" src=\"\/blog\/wp-content\/uploads\/2020\/thumbs\/thumbs_2020_provinssivaalit3.jpg\" \/><\/a><a href=\"\/blog\/wp-content\/uploads\/2020\/2020_provinssivaalit4.jpg\"><img decoding=\"async\" src=\"\/blog\/wp-content\/uploads\/2020\/thumbs\/thumbs_2020_provinssivaalit4.jpg\" \/><\/a><a href=\"\/blog\/wp-content\/uploads\/2020\/2020_provinssivaalit5.jpg\"><img decoding=\"async\" src=\"\/blog\/wp-content\/uploads\/2020\/thumbs\/thumbs_2020_provinssivaalit5.jpg\" \/><\/a><\/p>\n<p style=\"text-align: center;\"><em>Kirje\u00e4\u00e4nest\u00e4minen oli helppoa<\/em><\/p>\n<p style=\"text-align: justify;\">Meille kyseess\u00e4 olivat ensimm\u00e4iset provinssivaalimme, sill\u00e4 niihin osallistuminen vaatii <a title=\"Uunituoreet Kanadan kansalaiset\" href=\"https:\/\/www.vuosiamaailmalla.fi\/blog\/2019\/uunituoreet-kanadan-kansalaiset\/\">Kanadan kansalaisuutta<\/a>. Mekin p\u00e4\u00e4dyimme tilaamaan \u00e4\u00e4nestyslipukkeemme postitse ja kirjeen saatuamme yll\u00e4tyimme hieman \u00e4\u00e4nestysalueellamme olevien kandidaattien \u00e4\u00e4rimm\u00e4isen rajatusta m\u00e4\u00e4r\u00e4st\u00e4 &#8211; vain kolme henkil\u00f6\u00e4. Kaikilla puolueilla ei ole jokaisella \u00e4\u00e4nestysalueella ehdokasta ja valinta pitikin tehd\u00e4 kolmen vasemman laidan ehdokkaan v\u00e4lilt\u00e4. Tilanne on siin\u00e4 mieless\u00e4 mielenkiintoisa, ett\u00e4 <a title=\"Tuloksettomat parlamenttivaalit\" href=\"https:\/\/www.vuosiamaailmalla.fi\/blog\/2021\/tuloksettomat-parlamenttivaalit\/\">liittovaltiotasolla<\/a> sek\u00e4 my\u00f6s suurimmassa osassa Kanadan provinsseja konservatiivit ovat <a title=\"Sekava vaalitulos\" href=\"https:\/\/www.vuosiamaailmalla.fi\/blog\/2019\/sekava-vaalitulos\/\">merkitt\u00e4v\u00e4 puolue<\/a> ja vieneet useita vaalivoittoja. British Columbiassa puolueella ei ole kuitenkaan juuri yht\u00e4\u00e4n ehdokasta, eik\u00e4 siten my\u00f6sk\u00e4\u00e4n yht\u00e4\u00e4n paikkaa hallinnossa.<\/p>\n<p style=\"text-align: center;\"><a href=\"\/blog\/wp-content\/uploads\/2020\/2020_provinssivaalit2.jpg\"><img decoding=\"async\" src=\"\/blog\/wp-content\/uploads\/2020\/2020_provinssivaalit2.jpg\" \/><\/a><\/p>\n<p style=\"text-align: center;\"><em>Ei montaa vaihtoehtoa<\/em><\/p>\n<p style=\"text-align: justify;\">NDP:n vaalivoiton sek\u00e4 enemmist\u00f6hallituksen ollessa selv\u00e4 jo ennen lopullista vaalitulosta, katseet keskittyv\u00e4tkin siihen mit\u00e4 puolue aikoo tehd\u00e4 vahvalla mandaatillaan. On pakko my\u00f6nt\u00e4\u00e4, ett\u00e4 puolue on tehnyt hyvi\u00e4 ja arjessa avustavia p\u00e4\u00e4t\u00f6ksi\u00e4, mutta hutejakin on mahtunut listalle. Puolue ei ole esimerkiksi pystynyt avustamaan kaupunkeja <a title=\"Rikollisille luovutettu paratiisi\" href=\"https:\/\/www.vuosiamaailmalla.fi\/blog\/2021\/rikollisille-luovutettu-paratiisi\/\">vakavan huumeaallon<\/a> hoidossa ja j\u00e4ttim\u00e4isen <a title=\"Uusi George Massey Bridge\" href=\"https:\/\/www.vuosiamaailmalla.fi\/blog\/2015\/uusi-george-masseyn-silta-tulee\/\"><em>George Massey Bridgen <\/em><\/a>kuoppaaminen pelk\u00e4st\u00e4\u00e4n Liberaaleille kettuilun vuoksi on aiheuttanut jopa <a title=\"Poliitikkojen pilaama suurhanke\" href=\"https:\/\/www.vuosiamaailmalla.fi\/blog\/2022\/poliitikkojen-pilaama-suurhanke\/\">miljardin dollarin kustannukset<\/a>. Liikenne onkin ehk\u00e4 NDP:n heikoin osa-alue, joskin vaalien alla vahvistettu <a title=\"Broadway SkyTrain rakenteille\" href=\"https:\/\/www.vuosiamaailmalla.fi\/blog\/2020\/broadway-skytrain-rakenteille\/\"><em>Millennium Linen<\/em> jatko<\/a> on hyv\u00e4 p\u00e4\u00e4t\u00f6s.<\/p>\n<p style=\"text-align: justify;\">Kaksien vaalien j\u00e4lkeen seuraavat vaalit ovat British Columbian kuntavaalit vuonna 2022, johon on viel\u00e4 tovi aikaa. Niiss\u00e4 vaaleissa punnitaankin sitten puolueiden <a title=\"Vancouverin p\u00f6lh\u00f6t p\u00e4\u00e4tt\u00e4j\u00e4t\" href=\"https:\/\/www.vuosiamaailmalla.fi\/blog\/2021\/vancouverin-polhot-paattajat\/\">paikallistason kannatus<\/a> ja kiintoisaa onkin n\u00e4hd\u00e4 miten niiss\u00e4 tulee aikanaan k\u00e4ym\u00e4\u00e4n.<\/p>\n","protected":false},"excerpt":{"rendered":"<p>Rajan etel\u00e4puolen presidentinvaalien mediamyllytyksen tuoksinassa pienelle huomiolle ovat j\u00e4\u00e4neet t\u00e4\u00e4ll\u00e4 British Columbiassa eilen lauantaina j\u00e4rjestetyt provinssivaalit. Vaalitaistoon k\u00e4ytiin ennenaikaisesti, p\u00e4\u00e4ministeri John Horganin ilmoitettua syyskuussa uusista vaaleista, joissa Horganin johtama Uusi demokraattinen puolue NDP toivoi voittavansa itselleen enemmist\u00f6hallituksen.<\/p>\n","protected":false},"author":1,"featured_media":10919,"comment_status":"open","ping_status":"open","sticky":false,"template":"","format":"standard","meta":{"_jetpack_memberships_contains_paid_content":false,"footnotes":""},"categories":[17,3],"tags":[25,935,1487,297],"class_list":["post-10917","post","type-post","status-publish","format-standard","has-post-thumbnail","hentry","category-arki-kanadassa","category-arki-ulkomailla","tag-ajankohtaista","tag-kanada","tag-koronavirus","tag-vaalit"],"jetpack_featured_media_url":"https:\/\/www.vuosiamaailmalla.fi\/blog\/wp-content\/uploads\/provinssivaalit_2020_banner.jpg","jetpack_sharing_enabled":true,"_links":{"self":[{"href":"https:\/\/www.vuosiamaailmalla.fi\/blog\/wp-json\/wp\/v2\/posts\/10917","targetHints":{"allow":["GET"]}}],"collection":[{"href":"https:\/\/www.vuosiamaailmalla.fi\/blog\/wp-json\/wp\/v2\/posts"}],"about":[{"href":"https:\/\/www.vuosiamaailmalla.fi\/blog\/wp-json\/wp\/v2\/types\/post"}],"author":[{"embeddable":true,"href":"https:\/\/www.vuosiamaailmalla.fi\/blog\/wp-json\/wp\/v2\/users\/1"}],"replies":[{"embeddable":true,"href":"https:\/\/www.vuosiamaailmalla.fi\/blog\/wp-json\/wp\/v2\/comments?post=10917"}],"version-history":[{"count":7,"href":"https:\/\/www.vuosiamaailmalla.fi\/blog\/wp-json\/wp\/v2\/posts\/10917\/revisions"}],"predecessor-version":[{"id":13787,"href":"https:\/\/www.vuosiamaailmalla.fi\/blog\/wp-json\/wp\/v2\/posts\/10917\/revisions\/13787"}],"wp:featuredmedia":[{"embeddable":true,"href":"https:\/\/www.vuosiamaailmalla.fi\/blog\/wp-json\/wp\/v2\/media\/10919"}],"wp:attachment":[{"href":"https:\/\/www.vuosiamaailmalla.fi\/blog\/wp-json\/wp\/v2\/media?parent=10917"}],"wp:term":[{"taxonomy":"category","embeddable":true,"href":"https:\/\/www.vuosiamaailmalla.fi\/blog\/wp-json\/wp\/v2\/categories?post=10917"},{"taxonomy":"post_tag","embeddable":true,"href":"https:\/\/www.vuosiamaailmalla.fi\/blog\/wp-json\/wp\/v2\/tags?post=10917"}],"curies":[{"name":"wp","href":"https:\/\/api.w.org\/{rel}","templated":true}]}}