{"id":10928,"date":"2020-10-31T11:07:01","date_gmt":"2020-10-31T18:07:01","guid":{"rendered":"http:\/\/13.53.127.146\/?p=10928"},"modified":"2021-09-01T12:17:06","modified_gmt":"2021-09-01T19:17:06","slug":"syksyinen-stanley-park","status":"publish","type":"post","link":"https:\/\/www.vuosiamaailmalla.fi\/blog\/2020\/syksyinen-stanley-park\/","title":{"rendered":"Syksyinen\u00a0Stanley Park"},"content":{"rendered":"<p style=\"text-align: justify;\">Kuluva syksy on tarjonnut t\u00e4\u00e4ll\u00e4 l\u00e4nsirannikolla melko tyypillisi\u00e4 syyskelej\u00e4 eli <a title=\"Her\u00e4\u00e4minen pilvien yl\u00e4puolella\" href=\"https:\/\/www.vuosiamaailmalla.fi\/?p=8358\">usvaisia aamuja<\/a> ja <a title=\"Sateen yl\u00e4puolella\" href=\"https:\/\/www.vuosiamaailmalla.fi\/?p=8820\">sateisia p\u00e4ivi\u00e4<\/a>. L\u00e4mp\u00f6\u00e4 on ollut p\u00e4\u00e4asiassa syksylle tyypillisi\u00e4 lukemia, mutta viime viikonloppuna koettiin pieni kylm\u00e4 jakso joka toi my\u00f6s mukanaan ensilumen l\u00e4hivuorille. Lauantaina l\u00e4mp\u00f6tila h\u00e4tyytteli jopa lokakuun lopun kylmyysenn\u00e4tyksi\u00e4, kun elohopea pysytteli kaupungissa nollan tiet\u00e4miss\u00e4 l\u00e4hes koko p\u00e4iv\u00e4n auringon paistaessa.<\/p>\n<p><!--more--><\/p>\n<p style=\"text-align: center;\"><a href=\"\/blog\/wp-content\/uploads\/2020\/syksy_stanley_parkissa4.jpg\"><img decoding=\"async\" src=\"\/blog\/wp-content\/uploads\/2020\/thumbs\/thumbs_syksy_stanley_parkissa4.jpg\" \/><\/a><a href=\"\/blog\/wp-content\/uploads\/2020\/syksy_seawallilla11.jpg\"><img decoding=\"async\" src=\"\/blog\/wp-content\/uploads\/2020\/thumbs\/thumbs_syksy_seawallilla11.jpg\" \/><\/a><a href=\"\/blog\/wp-content\/uploads\/2020\/syksy_stanley_parkissa1.jpg\"><img decoding=\"async\" src=\"\/blog\/wp-content\/uploads\/2020\/thumbs\/thumbs_syksy_stanley_parkissa1.jpg\" \/><\/a><\/p>\n<p style=\"text-align: center;\"><em>Ensilumi l\u00e4hivuorilla<\/em><\/p>\n<p style=\"text-align: justify;\">Kylm\u00e4 syysp\u00e4iv\u00e4 olikin oiva mahdollisuus <a title=\"Ulkoilijat kojoottien saaliina\" href=\"https:\/\/www.vuosiamaailmalla.fi\/blog\/2021\/ulkoilijat-kojoottien-saaliina\/\">l\u00e4hte\u00e4 ulkoilemaan<\/a> ja niinp\u00e4 ajoimmekin Vancouverin Stanley Parkiin katsomaan milt\u00e4 kuulas syksy n\u00e4ytt\u00e4\u00e4 kaupungin maailmankuululla Seawall-rantaraitilla.<\/p>\n<p style=\"text-align: center;\"><a href=\"\/blog\/wp-content\/uploads\/2020\/syksy_seawallilla1.jpg\"><img decoding=\"async\" src=\"\/blog\/wp-content\/uploads\/2020\/thumbs\/thumbs_syksy_seawallilla1.jpg\" \/><\/a><a href=\"\/blog\/wp-content\/uploads\/2020\/syksy_seawallilla3.jpg\"><img decoding=\"async\" src=\"\/blog\/wp-content\/uploads\/2020\/thumbs\/thumbs_syksy_seawallilla3.jpg\" \/><\/a><a href=\"\/blog\/wp-content\/uploads\/2020\/syksy_seawallilla5.jpg\"><img decoding=\"async\" src=\"\/blog\/wp-content\/uploads\/2020\/thumbs\/thumbs_syksy_seawallilla5.jpg\" \/><\/a><br \/>\n<a href=\"\/blog\/wp-content\/uploads\/2020\/syksy_seawallilla6.jpg\"><img decoding=\"async\" src=\"\/blog\/wp-content\/uploads\/2020\/thumbs\/thumbs_syksy_seawallilla6.jpg\" \/><\/a><a href=\"\/blog\/wp-content\/uploads\/2020\/syksy_seawallilla4.jpg\"><img decoding=\"async\" src=\"\/blog\/wp-content\/uploads\/2020\/thumbs\/thumbs_syksy_seawallilla4.jpg\" \/><\/a><a href=\"\/blog\/wp-content\/uploads\/2020\/syksy_seawallilla9.jpg\"><img decoding=\"async\" src=\"\/blog\/wp-content\/uploads\/2020\/thumbs\/thumbs_syksy_seawallilla9.jpg\" \/><\/a><\/p>\n<p style=\"text-align: center;\"><em>Kuulas syysp\u00e4iv\u00e4 Seawallilla<\/em><\/p>\n<p style=\"text-align: center;\"><a href=\"\/blog\/wp-content\/uploads\/2020\/kello_kymmenen_tykki1.jpg\"><img decoding=\"async\" src=\"\/blog\/wp-content\/uploads\/2020\/kello_kymmenen_tykki1.jpg\" \/><\/a><\/p>\n<p style=\"text-align: center;\"><em>Kello kymmenen kanuuna<\/em><\/p>\n<p style=\"text-align: justify;\">Olimme liikkeell\u00e4 aikaisin joten auto oli helppo pys\u00e4k\u00f6id\u00e4 Brockton Pointin majakan luokse. Majakalta k\u00e4velimme keskustan suuntaan, joka n\u00e4ytt\u00e4ytyy aina edukseen lahdenpoukaman vastarannalla. Maisema ei ole muuttunut valtavasti sitten 63-kerroksisen <a title=\"Asukkaana Trump Towerissa\" href=\"https:\/\/www.vuosiamaailmalla.fi\/?p=9783\"><em>Trump Towerin<\/em><\/a> valmistumisen j\u00e4lkeen, mutta pian siihen ilmestyy uutena osana 161 metri\u00e4 korkea toimistopilvenpiirt\u00e4j\u00e4 <a title=\"Uusi korkein toimistopilvenpiirt\u00e4j\u00e4\" href=\"https:\/\/www.vuosiamaailmalla.fi\/?p=9806\"><em>The Stack<\/em><\/a> sek\u00e4 l\u00e4nsiosaan West Endin uudet <a title=\"Wow-arkkitehtuuri valtasi Vancouverin\" href=\"https:\/\/www.vuosiamaailmalla.fi\/?p=5266\">wow-arkkitehtuuriset<\/a>\u00a0tornitalot.<\/p>\n<p style=\"text-align: center;\"><a href=\"\/blog\/wp-content\/uploads\/2020\/syksy_seawallilla12.jpg\"><img decoding=\"async\" src=\"\/blog\/wp-content\/uploads\/2020\/thumbs\/thumbs_syksy_seawallilla12.jpg\" \/><\/a><a href=\"\/blog\/wp-content\/uploads\/2020\/syksy_seawallilla10.jpg\"><img decoding=\"async\" src=\"\/blog\/wp-content\/uploads\/2020\/thumbs\/thumbs_syksy_seawallilla10.jpg\" \/><\/a><\/p>\n<p style=\"text-align: center;\"><em>Maailmanluokan maisema<\/em><\/p>\n<p style=\"text-align: justify;\">Ilma oli tosiaan varsin kylm\u00e4 lokakuiseksi aamuksi mutta aurinko l\u00e4mmitti silti mukavasti. Pieni k\u00e4velymme oli mukavan rauhallinen ja paluumatkalla poikkesimme katsomassa puiston kuuluisia toteemipaaluja, jotka hohkasivat aamuisen kasteen keskell\u00e4.<\/p>\n<p style=\"text-align: center;\"><a href=\"\/blog\/wp-content\/uploads\/2020\/syksy_stanley_parkissa3.jpg\"><img decoding=\"async\" src=\"\/blog\/wp-content\/uploads\/2020\/thumbs\/thumbs_syksy_stanley_parkissa3.jpg\" \/><\/a><a href=\"\/blog\/wp-content\/uploads\/2020\/syksy_stanley_parkissa2.jpg\"><img decoding=\"async\" src=\"\/blog\/wp-content\/uploads\/2020\/thumbs\/thumbs_syksy_stanley_parkissa2.jpg\" \/><\/a><\/p>\n<p style=\"text-align: center;\"><em>Syksyinen Stanley Park<\/em><\/p>\n<p style=\"text-align: justify;\">Pieni happihyppelymme toimi hyv\u00e4n\u00e4 aloituksena viikonloppuun ja kaunis keli piristi mielt\u00e4 n\u00e4in pime\u00e4n\u00e4 vuodenaikana. <a title=\"Muutto Burnabyyn\" href=\"https:\/\/www.vuosiamaailmalla.fi\/?p=8202\">Burnabyss\u00e4 asuvana<\/a> Stanley Parkissa tulee k\u00e4yty\u00e4 sangen harvoin varsinkin sen j\u00e4lkeen kun <a title=\"Pitk\u00e4kyntisten py\u00f6r\u00e4varkaiden uhrina\" href=\"https:\/\/www.vuosiamaailmalla.fi\/?p=10832\">py\u00f6r\u00e4mme k\u00f6ssittiin<\/a>, mutta pieni syysretkemme motivoi meit\u00e4 ajamaan jatkossa paikalle ihastelemaan n\u00e4it\u00e4 maailmanluokan maisemia.<\/p>\n<p style=\"text-align: center;\"><a href=\"\/blog\/wp-content\/uploads\/2020\/syksy_seawallilla7.jpg\"><img decoding=\"async\" src=\"\/blog\/wp-content\/uploads\/2020\/thumbs\/thumbs_syksy_seawallilla7.jpg\" \/><\/a><a href=\"\/blog\/wp-content\/uploads\/2020\/syksy_seawallilla8.jpg\"><img decoding=\"async\" src=\"\/blog\/wp-content\/uploads\/2020\/thumbs\/thumbs_syksy_seawallilla8.jpg\" \/><\/a><a href=\"\/blog\/wp-content\/uploads\/2020\/syksy_seawallilla2.jpg\"><img decoding=\"async\" src=\"\/blog\/wp-content\/uploads\/2020\/thumbs\/thumbs_syksy_seawallilla2.jpg\" \/><\/a><\/p>\n<p style=\"text-align: center;\"><em>Mukava syysreippailu<\/em><\/p>\n","protected":false},"excerpt":{"rendered":"<p>Kuluva syksy on tarjonnut t\u00e4\u00e4ll\u00e4 l\u00e4nsirannikolla melko tyypillisi\u00e4 syyskelej\u00e4 eli usvaisia aamuja ja sateisia p\u00e4ivi\u00e4. L\u00e4mp\u00f6\u00e4 on ollut p\u00e4\u00e4asiassa syksylle tyypillisi\u00e4 lukemia, mutta viime viikonloppuna koettiin pieni kylm\u00e4 jakso joka toi my\u00f6s mukanaan ensilumen l\u00e4hivuorille. Lauantaina l\u00e4mp\u00f6tila h\u00e4tyytteli jopa lokakuun lopun kylmyysenn\u00e4tyksi\u00e4, kun elohopea pysytteli kaupungissa nollan tiet\u00e4miss\u00e4 l\u00e4hes koko p\u00e4iv\u00e4n auringon paistaessa.<\/p>\n","protected":false},"author":1,"featured_media":10929,"comment_status":"open","ping_status":"open","sticky":false,"template":"","format":"standard","meta":{"_jetpack_memberships_contains_paid_content":false,"footnotes":""},"categories":[17,3],"tags":[34,935,197,299,939,1259],"class_list":["post-10928","post","type-post","status-publish","format-standard","has-post-thumbnail","hentry","category-arki-kanadassa","category-arki-ulkomailla","tag-arki","tag-kanada","tag-stanley-park","tag-syksy","tag-vancouver","tag-vancouver-seawall"],"jetpack_featured_media_url":"https:\/\/www.vuosiamaailmalla.fi\/blog\/wp-content\/uploads\/syksy_seawallilla_banner.jpg","jetpack_sharing_enabled":true,"_links":{"self":[{"href":"https:\/\/www.vuosiamaailmalla.fi\/blog\/wp-json\/wp\/v2\/posts\/10928","targetHints":{"allow":["GET"]}}],"collection":[{"href":"https:\/\/www.vuosiamaailmalla.fi\/blog\/wp-json\/wp\/v2\/posts"}],"about":[{"href":"https:\/\/www.vuosiamaailmalla.fi\/blog\/wp-json\/wp\/v2\/types\/post"}],"author":[{"embeddable":true,"href":"https:\/\/www.vuosiamaailmalla.fi\/blog\/wp-json\/wp\/v2\/users\/1"}],"replies":[{"embeddable":true,"href":"https:\/\/www.vuosiamaailmalla.fi\/blog\/wp-json\/wp\/v2\/comments?post=10928"}],"version-history":[{"count":1,"href":"https:\/\/www.vuosiamaailmalla.fi\/blog\/wp-json\/wp\/v2\/posts\/10928\/revisions"}],"predecessor-version":[{"id":12393,"href":"https:\/\/www.vuosiamaailmalla.fi\/blog\/wp-json\/wp\/v2\/posts\/10928\/revisions\/12393"}],"wp:featuredmedia":[{"embeddable":true,"href":"https:\/\/www.vuosiamaailmalla.fi\/blog\/wp-json\/wp\/v2\/media\/10929"}],"wp:attachment":[{"href":"https:\/\/www.vuosiamaailmalla.fi\/blog\/wp-json\/wp\/v2\/media?parent=10928"}],"wp:term":[{"taxonomy":"category","embeddable":true,"href":"https:\/\/www.vuosiamaailmalla.fi\/blog\/wp-json\/wp\/v2\/categories?post=10928"},{"taxonomy":"post_tag","embeddable":true,"href":"https:\/\/www.vuosiamaailmalla.fi\/blog\/wp-json\/wp\/v2\/tags?post=10928"}],"curies":[{"name":"wp","href":"https:\/\/api.w.org\/{rel}","templated":true}]}}