{"id":10940,"date":"2015-07-01T11:51:19","date_gmt":"2015-07-01T18:51:19","guid":{"rendered":"http:\/\/13.53.127.146\/?p=10940"},"modified":"2021-03-14T16:39:19","modified_gmt":"2021-03-14T23:39:19","slug":"haastava-mount-strachan","status":"publish","type":"post","link":"https:\/\/www.vuosiamaailmalla.fi\/blog\/2015\/haastava-mount-strachan\/","title":{"rendered":"Haastava Mount Strachan"},"content":{"rendered":"<p style=\"text-align: justify;\">Kuluva kes\u00e4 on ollut upeasta kelist\u00e4\u00e4n huolimatta harmillinen, sill\u00e4 Niinan jouduttua <a title=\"Kauniilla Sunshine Coastilla\" href=\"https:\/\/www.vuosiamaailmalla.fi\/?p=8152\">py\u00f6r\u00e4ilyonnettomuuden<\/a> vuoksi <a title=\"Sairaalarumba katkenneen ranteen vuoksi\" href=\"https:\/\/www.vuosiamaailmalla.fi\/?p=5121\">ranneleikkaukseen<\/a>, emme ole pystyneet tekem\u00e4\u00e4n paljoakaan. Onneksi ranne on kuitenkin parantunut leikkauksen j\u00e4ljilt\u00e4 hyv\u00e4\u00e4 tahtia ja nyt kun luonamme on k\u00e4ym\u00e4ss\u00e4 er\u00e4s tuttumme, p\u00e4\u00e4timme l\u00e4hte\u00e4 t\u00e4n\u00e4\u00e4n <a title=\"Itsen\u00e4isyysp\u00e4iv\u00e4 Canada Day\" href=\"https:\/\/www.vuosiamaailmalla.fi\/?p=8277\">itsen\u00e4isyysp\u00e4iv\u00e4n\u00e4<\/a> nauttimaan kauniista kelist\u00e4 luonnon helmaan.<\/p>\n<p><!--more--><\/p>\n<p style=\"text-align: justify;\">Pienen tutkiskelun j\u00e4lkeen kohteeksemme valikoitui Mount Strachan, joka on yksi kolmesta <em>Cypress Mountainin<\/em> laskettelukeskusta ymp\u00e4r\u00f6iv\u00e4st\u00e4 huipusta. Kaksi muuta huippua ovat Black Mountain (jonka l\u00e4nsilaidalla sijaitsee upea <a title=\"Eagle Bluffs\" href=\"https:\/\/www.vuosiamaailmalla.fi\/?p=2211\">Eagle Bluffs<\/a>) sek\u00e4 l\u00e4heinen <a title=\"Hollyburn Mountain\" href=\"https:\/\/www.vuosiamaailmalla.fi\/?p=3012\">Hollyburn Mountain<\/a>, jolla ei kuitenkaan sijaitse laskettelurinteit\u00e4. Hieman hassusti ei ole olemassa mit\u00e4\u00e4n Cypress Mountain nimist\u00e4 vuorta ja <a title=\"T\u00e4ydellinen p\u00e4iv\u00e4 Cypress Mountainilla\" href=\"https:\/\/www.vuosiamaailmalla.fi\/?p=177\">laskettelukeskus<\/a> onkin saanut nimens\u00e4 Cypress Bowlin laaksosta, jossa se sijaitsee.<\/p>\n<p style=\"text-align: center;\"><a href=\"\/blog\/wp-content\/uploads\/2020\/mount_strachan_trail5.jpg\"><img decoding=\"async\" src=\"\/blog\/wp-content\/uploads\/2020\/mount_strachan_trail5.jpg\" \/><\/a><\/p>\n<p style=\"text-align: center;\"><em>Itsen\u00e4isyysp\u00e4iv\u00e4n vaelluksella<\/em><\/p>\n<p style=\"text-align: center;\"><a href=\"\/blog\/wp-content\/uploads\/2020\/mount_strachan_trail3.jpg\"><img decoding=\"async\" src=\"\/blog\/wp-content\/uploads\/2020\/thumbs\/thumbs_mount_strachan_trail3.jpg\" \/><\/a><a href=\"\/blog\/wp-content\/uploads\/2020\/mount_strachan_trail1.jpg\"><img decoding=\"async\" src=\"\/blog\/wp-content\/uploads\/2020\/thumbs\/thumbs_mount_strachan_trail1.jpg\" \/><\/a><\/p>\n<p style=\"text-align: center;\"><em>Alkumatkan tuttu polku<\/em><\/p>\n<p style=\"text-align: justify;\">Polku Mount Strachanille alkaa k\u00e4velyll\u00e4 pitkin hyv\u00e4kuntoista <em>Howe Sound Crest Trailia<\/em>, joka johtaisi edemp\u00e4n\u00e4 mielett\u00f6m\u00e4lle <a title=\"St Mark\u2019s Summit\" href=\"https:\/\/www.vuosiamaailmalla.fi\/?p=6983\">St. Mark&#8217;s Summitille<\/a>. Ensimm\u00e4inen pys\u00e4hdyspaikkamme oli kuitenkin <em>Bowen Lookout<\/em>, jolta n\u00e4kee hienosti merelle sek\u00e4 l\u00e4heiselle <a title=\"Kajakointia ja vaellusta Bowen Islandilla\" href=\"https:\/\/www.vuosiamaailmalla.fi\/?p=543\">Bowen Islandille<\/a>. Maisema oli omiaan innostamaan meit\u00e4 siit\u00e4 mit\u00e4 olisi viel\u00e4 edess\u00e4.<\/p>\n<p style=\"text-align: center;\"><a href=\"\/blog\/wp-content\/uploads\/2020\/bowen_lookout_panoraama1.jpg\"><img decoding=\"async\" src=\"\/blog\/wp-content\/uploads\/2020\/bowen_lookout_panoraama1_pieni.jpg\" \/><\/a><\/p>\n<p style=\"text-align: center;\"><em>Bowen Outlook<\/em><\/p>\n<p style=\"text-align: justify;\">Pari kilometri\u00e4 edemp\u00e4n\u00e4 polku tulee haaraumaan, josta reitti Mount Strachanille l\u00e4htee nousemaan yl\u00f6s jyrkk\u00e4\u00e4 solaa. Polku on sangen vaikeakulkuinen ja nousee lyhyell\u00e4 matkalla mehustavat 550 metri\u00e4, mik\u00e4 sai kyll\u00e4 hien pintaan. Taaksep\u00e4in ajoittain katsottaessa maisema muuttuu askel askeleelta yh\u00e4 huimemmaksi, kun Howe Soundin vuono tulee puiden esiin.<\/p>\n<p style=\"text-align: center;\"><a href=\"\/blog\/wp-content\/uploads\/2020\/mount_strachan_trail2.jpg\"><img decoding=\"async\" src=\"\/blog\/wp-content\/uploads\/2020\/thumbs\/thumbs_mount_strachan_trail2.jpg\" \/><\/a><\/p>\n<p style=\"text-align: center;\"><em>Polku yl\u00f6s vuorta<\/em><\/p>\n<p style=\"text-align: center;\"><a href=\"\/blog\/wp-content\/uploads\/2020\/mount_strachan_trail4.jpg\"><img decoding=\"async\" src=\"\/blog\/wp-content\/uploads\/2020\/thumbs\/thumbs_mount_strachan_trail4.jpg\" \/><\/a><a href=\"\/blog\/wp-content\/uploads\/2020\/mount_strachan_trail6.jpg\"><img decoding=\"async\" src=\"\/blog\/wp-content\/uploads\/2020\/thumbs\/thumbs_mount_strachan_trail6.jpg\" \/><\/a><a href=\"\/blog\/wp-content\/uploads\/2020\/mount_strachan_huipulla6.jpg\"><img decoding=\"async\" src=\"\/blog\/wp-content\/uploads\/2020\/thumbs\/thumbs_mount_strachan_huipulla6.jpg\" \/><\/a><\/p>\n<p style=\"text-align: center;\"><em>Alati paraneva maisema<\/em><\/p>\n<p style=\"text-align: justify;\">Nousu oli rankka meille kaikille, mutta erityisesti Niinalle, joka on viel\u00e4 toipumassa parin viikon takaisesta leikkauksesta. Urheasti taistelimme kuitenkin kaikki tiemme Mount Strachanin huipulle 1440 metrin korkeuteen.<\/p>\n<p style=\"text-align: center;\"><a href=\"\/blog\/wp-content\/uploads\/2020\/urheat_vaeltajat1.jpg\"><img decoding=\"async\" src=\"\/blog\/wp-content\/uploads\/2020\/urheat_vaeltajat1.jpg\" \/><\/a><\/p>\n<p style=\"text-align: center;\"><em>Urhea toipilas<\/em><\/p>\n<p style=\"text-align: center;\"><a href=\"\/blog\/wp-content\/uploads\/2020\/mount_strachan_huipulla5.jpg\"><img decoding=\"async\" src=\"\/blog\/wp-content\/uploads\/2020\/thumbs\/thumbs_mount_strachan_huipulla5.jpg\" \/><\/a><a href=\"\/blog\/wp-content\/uploads\/2020\/mount_strachan_huipulla4.jpg\"><img decoding=\"async\" src=\"\/blog\/wp-content\/uploads\/2020\/thumbs\/thumbs_mount_strachan_huipulla4.jpg\" \/><\/a><a href=\"\/blog\/wp-content\/uploads\/2020\/mount_strachan_huipulla1.jpg\"><img decoding=\"async\" src=\"\/blog\/wp-content\/uploads\/2020\/thumbs\/thumbs_mount_strachan_huipulla1.jpg\" \/><\/a><\/p>\n<p style=\"text-align: center;\"><em>Mount Strachanin huipulla<\/em><\/p>\n<p style=\"text-align: justify;\">Huipulla vaeltajaa tervehtii upea takavuorten maisema, jonka kruununa ovat tietenkin The Lionsin &#8221;leijonankorvat&#8221;. <a title=\"Kanadan mahtava er\u00e4maa\" href=\"https:\/\/www.vuosiamaailmalla.fi\/?p=3068\">Koskematon er\u00e4maa<\/a> tulee niin l\u00e4helle Vancouveria, ett\u00e4 se yll\u00e4tt\u00e4\u00e4 meid\u00e4t aina. Syrj\u00e4isyydest\u00e4\u00e4n huolimatta n\u00e4k\u00f6alapaikka on kuitenkin helposti tavoitettavissa, sill\u00e4 sille tuo Cypress Mountainin korkein tuolihissi. Talvella maisemat ovat kuitenkin <a title=\"Kev\u00e4thangilla Cypress Mountainilla\" href=\"https:\/\/www.vuosiamaailmalla.fi\/?p=8864\">tyystin erilaiset<\/a> ja todella paksun lumipeitteen alla.<\/p>\n<p style=\"text-align: center;\"><a href=\"\/blog\/wp-content\/uploads\/2020\/mount_strachan_huipulla8.jpg\"><img decoding=\"async\" src=\"\/blog\/wp-content\/uploads\/2020\/thumbs\/thumbs_mount_strachan_huipulla8.jpg\" \/><\/a><a href=\"\/blog\/wp-content\/uploads\/2020\/mount_strachan_huipulla2.jpg\"><img decoding=\"async\" src=\"\/blog\/wp-content\/uploads\/2020\/thumbs\/thumbs_mount_strachan_huipulla2.jpg\" \/><\/a><a href=\"\/blog\/wp-content\/uploads\/2020\/mount_strachan_huipulla7.jpg\"><img decoding=\"async\" src=\"\/blog\/wp-content\/uploads\/2020\/thumbs\/thumbs_mount_strachan_huipulla7.jpg\" \/><\/a><\/p>\n<p style=\"text-align: center;\"><em>Upea er\u00e4maa<\/em><\/p>\n<p style=\"text-align: center;\"><a href=\"\/blog\/wp-content\/uploads\/2020\/mount_strachan_huipulla3.jpg\"><img decoding=\"async\" src=\"\/blog\/wp-content\/uploads\/2020\/mount_strachan_huipulla3.jpg\" \/><\/a><\/p>\n<p style=\"text-align: center;\"><em>Kes\u00e4inen Howe Sound<\/em><\/p>\n<p style=\"text-align: center;\"><a href=\"\/blog\/wp-content\/uploads\/2020\/mount_strachan_panoraama2.jpg\"><img decoding=\"async\" src=\"\/blog\/wp-content\/uploads\/2020\/mount_strachan_panoraama2_pieni.jpg\" \/><\/a><\/p>\n<p style=\"text-align: center;\"><em>Aavat maisemat<\/em><\/p>\n<p style=\"text-align: center;\"><a href=\"\/blog\/wp-content\/uploads\/2020\/mount_strachan_panoraama1.jpg\"><img decoding=\"async\" src=\"\/blog\/wp-content\/uploads\/2020\/mount_strachan_panoraama1_pieni.jpg\" \/><\/a><\/p>\n<p style=\"text-align: justify;\">Aikamme maisemia ihailtuamme ja ev\u00e4\u00e4t sy\u00f6ty\u00e4mme l\u00e4hdimme laskeutumaan alas vuorelta. Polku alas kulkee l\u00e4hell\u00e4 laskettelurinteit\u00e4 ja noin puolimatkassa se ohittaa kiintoisan lento-onnettomuuden tapahtumapaikan. Marraskuun 23. p\u00e4iv\u00e4n\u00e4 vuonna 1963 &#8211; vain p\u00e4iv\u00e4\u00e4 John F Kennedyn <a title=\"Mahtava Dallas\" href=\"https:\/\/www.vuosiamaailmalla.fi\/?p=8124\">Dallasissa tapahtuneen<\/a> salamurhan j\u00e4lkeen &#8211; Kanadan ilmavoimien <em>T-33<\/em> h\u00e4vitt\u00e4j\u00e4 iskeytyi paksussa sumussa Mount Strachanin kylkeen. Aluetta ei oltu viel\u00e4 tuolloin kehitetty, joten pelastuspartioiden kesti kolme p\u00e4iv\u00e4\u00e4 l\u00f6yt\u00e4\u00e4\u00a0 keskell\u00e4 mets\u00e4\u00e4 sijainnut onnettomuuspaikka, mik\u00e4 koitui koneen kahden lent\u00e4j\u00e4n kohtaloksi.<\/p>\n<p style=\"text-align: center;\"><a href=\"\/blog\/wp-content\/uploads\/2020\/onnettomuuspaikka_mount_strachanilla4.jpg\"><img decoding=\"async\" src=\"\/blog\/wp-content\/uploads\/2020\/thumbs\/thumbs_onnettomuuspaikka_mount_strachanilla4.jpg\" \/><\/a><a href=\"\/blog\/wp-content\/uploads\/2020\/onnettomuuspaikka_mount_strachanilla3.jpg\"><img decoding=\"async\" src=\"\/blog\/wp-content\/uploads\/2020\/thumbs\/thumbs_onnettomuuspaikka_mount_strachanilla3.jpg\" \/><\/a><a href=\"\/blog\/wp-content\/uploads\/2020\/onnettomuuspaikka_mount_strachanilla2.jpg\"><img decoding=\"async\" src=\"\/blog\/wp-content\/uploads\/2020\/thumbs\/thumbs_onnettomuuspaikka_mount_strachanilla2.jpg\" \/><\/a><\/p>\n<p style=\"text-align: center;\"><em>Lento-onnettomuus keskell\u00e4 mets\u00e4\u00e4<\/em><\/p>\n<p style=\"text-align: justify;\">T\u00f6rm\u00e4yksess\u00e4 t\u00e4ysin palasiksi menneen lentokoneen raatoa ei ole poistettu paikalta, joten on sangen hurjaa n\u00e4hd\u00e4 v\u00e4\u00e4ntyneit\u00e4 metallinpalasia pitkin kaunista mets\u00e4\u00e4. Onnettomuuden uhrien muistoa kunnioittavat paikalle kiinnitetyt muistolaatat sek\u00e4 l\u00e4heisen laskettelurinteen nimi T-33.<\/p>\n<p style=\"text-align: center;\"><a href=\"\/blog\/wp-content\/uploads\/2020\/onnettomuuspaikka_mount_strachanilla5.jpg\"><img decoding=\"async\" src=\"\/blog\/wp-content\/uploads\/2020\/thumbs\/thumbs_onnettomuuspaikka_mount_strachanilla5.jpg\" \/><\/a><a href=\"\/blog\/wp-content\/uploads\/2020\/onnettomuuspaikka_mount_strachanilla1.jpg\"><img decoding=\"async\" src=\"\/blog\/wp-content\/uploads\/2020\/thumbs\/thumbs_onnettomuuspaikka_mount_strachanilla1.jpg\" \/><\/a><\/p>\n<p style=\"text-align: center;\"><em>Onnettomuus yli 50 vuotta sitten<\/em><\/p>\n<p style=\"text-align: justify;\">Polku p\u00e4\u00e4ttyy laskettelurinteille, joten loppumatka tullaan alas leve\u00e4\u00e4 rinnett\u00e4. Hetken matkaa alasp\u00e4in k\u00e4velty\u00e4mme kuulimme rapinaa l\u00e4heisest\u00e4 puusta. Tarkemmin asiaa kuikuiltuamme tajusimme, ett\u00e4 puuhun oli juuri kiivennyt kaksi mustakarhun pentua meit\u00e4 pakoon. Mieleemme tuli v\u00e4litt\u00f6m\u00e4sti kysymys siit\u00e4 miss\u00e4 itse emokarhu mahtaisi olla, joten kiersimme alueen mahdollisimman kaukaa. Hieman paikan ohi p\u00e4\u00e4sty\u00e4mme n\u00e4immekin emokarhun tulevan esiin pusikosta, joten onneksi tiemme eiv\u00e4t kohdanneet.<\/p>\n<p style=\"text-align: center;\"><a href=\"\/blog\/wp-content\/uploads\/2020\/karhut_puussa2.jpg\"><img decoding=\"async\" src=\"\/blog\/wp-content\/uploads\/2020\/thumbs\/thumbs_karhut_puussa2.jpg\" \/><\/a><a href=\"\/blog\/wp-content\/uploads\/2020\/karhut_puussa1.jpg\"><img decoding=\"async\" src=\"\/blog\/wp-content\/uploads\/2020\/thumbs\/thumbs_karhut_puussa1.jpg\" \/><\/a><\/p>\n<p style=\"text-align: center;\"><em>T\u00e4p\u00e4r\u00e4sti v\u00e4ltetyt karhut<\/em><\/p>\n<p style=\"text-align: justify;\">Noin kahdeksan kilometri\u00e4 pitk\u00e4 k\u00e4velymme oli kiintoisa ja eritt\u00e4in onnistunut. Helteinen keli yritti ime\u00e4 meist\u00e4 kaiken mehun mutta taistelimme silti tiemme kivikkojen sek\u00e4 karhujen halki vuoren huipulle ja takaisin. T\u00e4st\u00e4 onkin hyv\u00e4 jatkaa muihin kes\u00e4puuhiin, kuten vaikka tulevana viikonloppuna <a title=\"Kes\u00e4p\u00e4iv\u00e4 geo-k\u00e4tk\u00f6ilem\u00e4ss\u00e4\" href=\"https:\/\/www.vuosiamaailmalla.fi\/?p=5783\">geok\u00e4tk\u00f6ilem\u00e4\u00e4n<\/a>.<\/p>\n","protected":false},"excerpt":{"rendered":"<p>Kuluva kes\u00e4 on ollut upeasta kelist\u00e4\u00e4n huolimatta harmillinen, sill\u00e4 Niinan jouduttua py\u00f6r\u00e4ilyonnettomuuden vuoksi ranneleikkaukseen, emme ole pystyneet tekem\u00e4\u00e4n paljoakaan. Onneksi ranne on kuitenkin parantunut leikkauksen j\u00e4ljilt\u00e4 hyv\u00e4\u00e4 tahtia ja nyt kun luonamme on k\u00e4ym\u00e4ss\u00e4 er\u00e4s tuttumme, p\u00e4\u00e4timme l\u00e4hte\u00e4 t\u00e4n\u00e4\u00e4n itsen\u00e4isyysp\u00e4iv\u00e4n\u00e4 nauttimaan kauniista kelist\u00e4 luonnon helmaan.<\/p>\n","protected":false},"author":1,"featured_media":10941,"comment_status":"open","ping_status":"open","sticky":false,"template":"","format":"standard","meta":{"_jetpack_memberships_contains_paid_content":false,"footnotes":""},"categories":[17,3,774,775],"tags":[933,586,935,1532,938,943],"class_list":["post-10940","post","type-post","status-publish","format-standard","has-post-thumbnail","hentry","category-arki-kanadassa","category-arki-ulkomailla","category-ulkoilu","category-vaellus-ulkoilu","tag-cypress-mountain","tag-howe-sound","tag-kanada","tag-mount-strachan","tag-vaellus","tag-west-vancouver"],"jetpack_featured_media_url":"https:\/\/www.vuosiamaailmalla.fi\/blog\/wp-content\/uploads\/mount_strachan_huipulla_banner.jpg","jetpack_sharing_enabled":true,"_links":{"self":[{"href":"https:\/\/www.vuosiamaailmalla.fi\/blog\/wp-json\/wp\/v2\/posts\/10940","targetHints":{"allow":["GET"]}}],"collection":[{"href":"https:\/\/www.vuosiamaailmalla.fi\/blog\/wp-json\/wp\/v2\/posts"}],"about":[{"href":"https:\/\/www.vuosiamaailmalla.fi\/blog\/wp-json\/wp\/v2\/types\/post"}],"author":[{"embeddable":true,"href":"https:\/\/www.vuosiamaailmalla.fi\/blog\/wp-json\/wp\/v2\/users\/1"}],"replies":[{"embeddable":true,"href":"https:\/\/www.vuosiamaailmalla.fi\/blog\/wp-json\/wp\/v2\/comments?post=10940"}],"version-history":[{"count":2,"href":"https:\/\/www.vuosiamaailmalla.fi\/blog\/wp-json\/wp\/v2\/posts\/10940\/revisions"}],"predecessor-version":[{"id":12067,"href":"https:\/\/www.vuosiamaailmalla.fi\/blog\/wp-json\/wp\/v2\/posts\/10940\/revisions\/12067"}],"wp:featuredmedia":[{"embeddable":true,"href":"https:\/\/www.vuosiamaailmalla.fi\/blog\/wp-json\/wp\/v2\/media\/10941"}],"wp:attachment":[{"href":"https:\/\/www.vuosiamaailmalla.fi\/blog\/wp-json\/wp\/v2\/media?parent=10940"}],"wp:term":[{"taxonomy":"category","embeddable":true,"href":"https:\/\/www.vuosiamaailmalla.fi\/blog\/wp-json\/wp\/v2\/categories?post=10940"},{"taxonomy":"post_tag","embeddable":true,"href":"https:\/\/www.vuosiamaailmalla.fi\/blog\/wp-json\/wp\/v2\/tags?post=10940"}],"curies":[{"name":"wp","href":"https:\/\/api.w.org\/{rel}","templated":true}]}}