{"id":10986,"date":"2020-11-29T18:07:46","date_gmt":"2020-11-30T02:07:46","guid":{"rendered":"http:\/\/13.53.127.146\/?p=10986"},"modified":"2021-07-01T16:48:50","modified_gmt":"2021-07-01T23:48:50","slug":"kasista-karannut-korona","status":"publish","type":"post","link":"https:\/\/www.vuosiamaailmalla.fi\/blog\/2020\/kasista-karannut-korona\/","title":{"rendered":"K\u00e4sist\u00e4 karannut korona"},"content":{"rendered":"<p style=\"text-align: justify;\">Viel\u00e4 lokakuun alussa vietetyn kiitosp\u00e4iv\u00e4n aikoihin vaikutti silt\u00e4, ett\u00e4 British Columbian onnistuu kenties v\u00e4ltt\u00e4\u00e4 <a title=\"Taittuva toinen aalto\" href=\"https:\/\/www.vuosiamaailmalla.fi\/?p=10854\">koronan toinen aalto<\/a>. Vaikka p\u00e4ivitt\u00e4isten tartuntojen m\u00e4\u00e4r\u00e4 olikin noussut sadan tienoille, osoittivat tuolloiset lukemat pient\u00e4 laskua. Perheiden kokoontuminen kiitosp\u00e4iv\u00e4ksi sek\u00e4 erityisesti <a title=\"Railakas halloween\" href=\"https:\/\/www.vuosiamaailmalla.fi\/?p=10931\">railakas halloween<\/a> saivat kuitenkin epidemian l\u00e4htem\u00e4\u00e4n k\u00e4sist\u00e4 ja nyt provinssi kamppailee per\u00e4ti 900 p\u00e4iv\u00e4tartunnan kanssa.<\/p>\n<p><!--more--><\/p>\n<p style=\"text-align: justify;\"><a title=\"Lupaavalla koronak\u00e4yr\u00e4ll\u00e4\" href=\"https:\/\/www.vuosiamaailmalla.fi\/?p=10597\">Kuukausien hyv\u00e4 ty\u00f6<\/a> onkin mennyt hukkaan, sill\u00e4 lokakuun alun 10 000 tapausta koko epidemian aikana on muuttunut vain puolentoista kuukaudessa yli 30 000 tapaukseen. Viimeisen viikon aikana provinssimme tilanne onkin ollut l\u00e4hes koko Kanadan heikoin, joskin lukemat ovat r\u00e4j\u00e4ht\u00e4neet koko maassa. Jopa pohjoisen territorioissa on raportoitu viime viikkoina lukuisia tapauksia usean kuukauden py\u00f6reiden nollien j\u00e4lkeen.<\/p>\n<p style=\"text-align: justify;\">Vaikka testauskapasiteettia ei olekaan lis\u00e4tty viime kuukausina merkitt\u00e4v\u00e4sti, on positiivisten testien m\u00e4\u00e4r\u00e4 silti kasvanut yli <strong>kahdeksaan prosenttiin<\/strong> kaikista testeist\u00e4. Epidemia riehuu nyt erityisesti provinssin toiseksi suurimman kaupungin Surreyn alueella, joka vastaa 70% p\u00e4ivitt\u00e4isist\u00e4 tapauksista. Tauti onkin p\u00e4\u00e4asiassa hallinnassa Vancouverin metropolialueen ulkopuolella ja esimerkiksi Vancouverinsaarella p\u00e4iv\u00e4lukemat ovat eritt\u00e4in alhaisia.<\/p>\n<p style=\"text-align: center;\"><a href=\"\/blog\/wp-content\/uploads\/2020\/kanadan_tartunnat10.jpg\"><img decoding=\"async\" src=\"\/blog\/wp-content\/uploads\/2020\/kanadan_tartunnat10.jpg\" \/><\/a><\/p>\n<p style=\"text-align: center;\"><em>Kanadan koronatilanne t\u00e4n\u00e4\u00e4n<\/em><\/p>\n<p style=\"text-align: justify;\">Juuri n\u00e4it\u00e4 alueita halutaankin nyt suojata ja voimaan astui kaksi viikkoa sitten voimakas kehoitus v\u00e4ltt\u00e4\u00e4 kaikkea matkustusta. Juuri samaisena p\u00e4iv\u00e4n\u00e4 olimme saapuneet lomalle Tofinoon, jossa ehdimme viett\u00e4\u00e4 sangen normaalit nelj\u00e4 y\u00f6t\u00e4 ennen kotiinpaluuta. Sittemmin Tofinon kaikki majapaikat ovat sulkeneet ovensa, joten ajoituksemme oli onnekas hieman kuten kes\u00e4kuussa ennen <a title=\"Kes\u00e4lomamatkalla koronan keskell\u00e4\" href=\"https:\/\/www.vuosiamaailmalla.fi\/?p=10767\">kes\u00e4lomareissuamme<\/a>.<\/p>\n<p style=\"text-align: justify;\">Matkustamisen lis\u00e4ksi l\u00e4hes kaikki tapahtumat on kielletty h\u00e4it\u00e4 ja hautajaisia lukuunottamatta, joskin niidenkin osallistujam\u00e4\u00e4r\u00e4 on rajattu vain v\u00e4litt\u00f6miin sukulaisiin. Kokoontumiset on my\u00f6s kielletty yksityisasunnoissa, joissa korona on levinnyt voimakkaasti ja kotijuhlista seuraa nyt 2300 dollarin sakko, joita on my\u00f6s jaettu. Samaan aikaan laskettelukeskukset ovat <a title=\"Nuiva laskettelukauden avaus\" href=\"https:\/\/www.vuosiamaailmalla.fi\/?p=10370\">avanneet ovensa<\/a> t\u00e4ksi kaudeksi, joskin hyvin rajoitetusti. Meill\u00e4 t\u00e4m\u00e4 kausi j\u00e4\u00e4 varmaan kokonaan v\u00e4list\u00e4, sill\u00e4 kokemus ei vaikuta olevan jonojen ja normaaleina pysyneiden lipunhintojen v\u00e4\u00e4rti.<\/p>\n<p style=\"text-align: justify;\">Maskit ovat pakollisia kaikissa sis\u00e4tiloissa ja niit\u00e4 k\u00e4ytet\u00e4\u00e4n my\u00f6s sangen tunnollisesti. Maskipakon boikotoinnista rapsahtaa nyt 230 dollarin sakko, mist\u00e4 huolimatta p\u00e4ivitt\u00e4in voi lukea tapauksista joissa jotkut p\u00f6sil\u00f6t ovat k\u00e4yneet henkil\u00f6kunnan tai jopa poliisin p\u00e4\u00e4lle asiasta huomautuksen saatuaan. K\u00e4sitt\u00e4m\u00e4t\u00f6nt\u00e4 toimintaa sangen simppelin asian vuoksi.<\/p>\n<p style=\"text-align: justify;\">Viime viikkoina British Columbia onkin j\u00e4tt\u00e4nyt koronalukemissa taakseen Suomen, vaikka my\u00f6s siell\u00e4 tullaan kovaa per\u00e4ss\u00e4 noin kuukautta my\u00f6hemmin. On my\u00f6s kiintoisaa n\u00e4hd\u00e4 josko toinen aalto alkaa taittua tiukkojen toimien johdosta, mutta ainakaan viel\u00e4 tilanne ei n\u00e4yt\u00e4 hyv\u00e4lt\u00e4.<\/p>\n<p style=\"text-align: justify;\">Onneksi sent\u00e4\u00e4n <a title=\"Vauhtia rokotuksiin\" href=\"http:\/\/www.vuosiamaailmalla.fi\/blog\/2021\/vauhtia-rokotuksiin\/\">rokotten suhteen kuuluu hyv\u00e4\u00e4<\/a> ja Kanada esittelikin t\u00e4ll\u00e4 viikolla suunnitelmansa armeijan valjastamisesta rokotteiden jakamiseksi. Maan hallitus on vahvistanut osuutensa yhteens\u00e4 414 miljoonaan annokseen useilta eri valmistajilta, joista ensimm\u00e4isen\u00e4 n\u00e4ytt\u00e4v\u00e4t valmistuvan amerikkalaisten <em>Pfizerin<\/em> ja <em>Modernan<\/em> rokotteet. Niit\u00e4 p\u00e4\u00e4st\u00e4\u00e4n jakamaan todenn\u00e4k\u00f6isesti jopa kuukauden sis\u00e4\u00e4n ja maaliskuun loppuun menness\u00e4 tavoitteena on rokottaa kuusi miljoonaa kanadalaista. Suunnitelmien mukaan <a title=\"Rokotusten k\u00e4rkimaa\" href=\"https:\/\/www.vuosiamaailmalla.fi\/blog\/2021\/rokotusten-karkimaa\/\">suuri osa<\/a> koko maan <a title=\"British Columbia ylitti 5 miljoonaa asukasta\" href=\"https:\/\/www.vuosiamaailmalla.fi\/?p=9987\">39 miljoonasta asukkaasta<\/a> olisi rokotettu ensi vuoden syyskuuhun menness\u00e4.<\/p>\n<p style=\"text-align: center;\"><a href=\"\/blog\/wp-content\/uploads\/2020\/armeija_apuun.jpg\"><img decoding=\"async\" src=\"\/blog\/wp-content\/uploads\/2020\/armeija_apuun.jpg\" \/><\/a><\/p>\n<p style=\"text-align: center;\"><em>Armeija tulee vastaamaan rokotteen jakelusta<\/em><\/p>\n<p style=\"text-align: justify;\">Tavoite kalpenee Amerikan suunnitelmien rinnalla, jossa jopa 20 miljoonan odotetaan saavan rokote viel\u00e4 t\u00e4m\u00e4n vuoden aikana ja 30 miljoonaa rokotettua joka kuukausi sen j\u00e4lkeen. Operaation suurin haaste on tarve s\u00e4ilytt\u00e4\u00e4 rokote koko ketjun ajan j\u00e4\u00e4kylm\u00e4ss\u00e4, mik\u00e4 hankaloittaa jakeluketjun pystytt\u00e4mist\u00e4. Rokotteen tehoaminen vaatii my\u00f6s kahta pistosta, mik\u00e4 tuplaa operaation laajuuden.<\/p>\n<p style=\"text-align: justify;\">Kaikkein synkimp\u00e4n\u00e4 uutisena koronakuolemien m\u00e4\u00e4r\u00e4 on l\u00e4htenyt j\u00e4lleen jyrkk\u00e4\u00e4n nousuun. Kanadassa tautiin on menehtynyt yhteens\u00e4 12 000 ihmist\u00e4 ja t\u00e4\u00e4ll\u00e4 meill\u00e4kin 395, mik\u00e4 on melkein tuplaantunut viimeisten kahden kuukauden aikana. My\u00f6s sairaalat ovat aiempaa kovemmalla kun potilaiden m\u00e4\u00e4r\u00e4 on kohonnut yli kolmeensataan, joista 69 teho-osastolla.<\/p>\n<p style=\"text-align: justify;\">Sairaaloissa on koettu my\u00f6s poikkeuksellisia tilanteita, kuten esimerkiksi viikko sitten l\u00e4hisairaalassamme sattunut y\u00f6llinen tulipalo. Savua pakoon evakoidut potilaat ja henkil\u00f6kunta jouduttiin majoittamaan tilap\u00e4isesti paikalle tuotuihin linja-autoihin, mink\u00e4 tuoksinassa useat henkil\u00f6t altistuivat ja my\u00f6s sairastuivat koronaan. Surkea sattumusten sarja kuvastaa hankalaa arkea sairaaloissa.<\/p>\n<p style=\"text-align: center;\"><a href=\"\/blog\/wp-content\/uploads\/2020\/sairaalan_arkea.jpg\"><img decoding=\"async\" src=\"\/blog\/wp-content\/uploads\/2020\/sairaalan_arkea.jpg\" \/><\/a><\/p>\n<p style=\"text-align: center;\"><em>Sairaalahoitoa vaatii yh\u00e4 useampi<\/em><\/p>\n<p style=\"text-align: justify;\">Vaikka p\u00e4iv\u00e4lukemat ovatkin hurjia, ei se siltik\u00e4\u00e4n n\u00e4y itselle juuri mitenk\u00e4\u00e4n <a title=\"Normaalimpaa arkea\" href=\"https:\/\/www.vuosiamaailmalla.fi\/?p=10673\">muuttuneena arkena<\/a>. Ty\u00f6skentelemme edelleen molemmat sataprosenttisesti kotoa ja nautimme edelleen noutoruokaa. El\u00e4m\u00e4 ulkona n\u00e4ytt\u00e4\u00e4 tiukentuneista rajoitteista huolimatta samanlaiselta <a title=\"Uusi normaali\" href=\"https:\/\/www.vuosiamaailmalla.fi\/?p=10622\">uudelta normaalilta<\/a> mit\u00e4 se on ollut koko vuoden, emmek\u00e4 tunne edelleenk\u00e4\u00e4n ket\u00e4\u00e4n tautiin sairastunutta. Siksi koko tilanne onkin kovin ep\u00e4todellinen ja toivottavasti rokotukset alkavat suunnitellusti tammikuussa.<\/p>\n<p style=\"text-align: center;\"><a href=\"\/blog\/wp-content\/uploads\/2020\/lupaus_rokotteesta.jpg\"><img decoding=\"async\" src=\"\/blog\/wp-content\/uploads\/2020\/lupaus_rokotteesta.jpg\" \/><\/a><\/p>\n<p style=\"text-align: center;\"><em>Rokotukset voivat alkaa tammikuussa<\/em><\/p>\n<p style=\"text-align: justify;\">Joulua vietet\u00e4\u00e4nkin t\u00e4ten ihan vain kotosalla ja ilman <a title=\"Burnabyn kauneimmat joululaulut\" href=\"https:\/\/www.vuosiamaailmalla.fi\/?p=10458\">kauneimpia joululauja<\/a> tai <a title=\"Suomalaisilla joulumyyj\u00e4isill\u00e4\" href=\"https:\/\/www.vuosiamaailmalla.fi\/?p=10332\">joulumyyj\u00e4isi\u00e4<\/a>. Seuraavaa Suomen matkaa saadaan odotella varmasti ainakin kes\u00e4\u00e4n saakka, tosin ehk\u00e4 tuolloin alla on sitten jo rokotus ja el\u00e4m\u00e4 alkaa hiljalleen palaamaan normaaliin uomaansa.<\/p>\n","protected":false},"excerpt":{"rendered":"<p>Viel\u00e4 lokakuun alussa vietetyn kiitosp\u00e4iv\u00e4n aikoihin vaikutti silt\u00e4, ett\u00e4 British Columbian onnistuu kenties v\u00e4ltt\u00e4\u00e4 koronan toinen aalto. Vaikka p\u00e4ivitt\u00e4isten tartuntojen m\u00e4\u00e4r\u00e4 olikin noussut sadan tienoille, osoittivat tuolloiset lukemat pient\u00e4 laskua. Perheiden kokoontuminen kiitosp\u00e4iv\u00e4ksi sek\u00e4 erityisesti railakas halloween saivat kuitenkin epidemian l\u00e4htem\u00e4\u00e4n k\u00e4sist\u00e4 ja nyt provinssi kamppailee per\u00e4ti 900 p\u00e4iv\u00e4tartunnan kanssa.<\/p>\n","protected":false},"author":1,"featured_media":10988,"comment_status":"open","ping_status":"open","sticky":false,"template":"","format":"standard","meta":{"_jetpack_memberships_contains_paid_content":false,"footnotes":""},"categories":[17,3],"tags":[25,34,935,1487,939],"class_list":["post-10986","post","type-post","status-publish","format-standard","has-post-thumbnail","hentry","category-arki-kanadassa","category-arki-ulkomailla","tag-ajankohtaista","tag-arki","tag-kanada","tag-koronavirus","tag-vancouver"],"jetpack_featured_media_url":"https:\/\/www.vuosiamaailmalla.fi\/blog\/wp-content\/uploads\/korona_kanadassa_banner.jpg","jetpack_sharing_enabled":true,"_links":{"self":[{"href":"https:\/\/www.vuosiamaailmalla.fi\/blog\/wp-json\/wp\/v2\/posts\/10986","targetHints":{"allow":["GET"]}}],"collection":[{"href":"https:\/\/www.vuosiamaailmalla.fi\/blog\/wp-json\/wp\/v2\/posts"}],"about":[{"href":"https:\/\/www.vuosiamaailmalla.fi\/blog\/wp-json\/wp\/v2\/types\/post"}],"author":[{"embeddable":true,"href":"https:\/\/www.vuosiamaailmalla.fi\/blog\/wp-json\/wp\/v2\/users\/1"}],"replies":[{"embeddable":true,"href":"https:\/\/www.vuosiamaailmalla.fi\/blog\/wp-json\/wp\/v2\/comments?post=10986"}],"version-history":[{"count":4,"href":"https:\/\/www.vuosiamaailmalla.fi\/blog\/wp-json\/wp\/v2\/posts\/10986\/revisions"}],"predecessor-version":[{"id":12293,"href":"https:\/\/www.vuosiamaailmalla.fi\/blog\/wp-json\/wp\/v2\/posts\/10986\/revisions\/12293"}],"wp:featuredmedia":[{"embeddable":true,"href":"https:\/\/www.vuosiamaailmalla.fi\/blog\/wp-json\/wp\/v2\/media\/10988"}],"wp:attachment":[{"href":"https:\/\/www.vuosiamaailmalla.fi\/blog\/wp-json\/wp\/v2\/media?parent=10986"}],"wp:term":[{"taxonomy":"category","embeddable":true,"href":"https:\/\/www.vuosiamaailmalla.fi\/blog\/wp-json\/wp\/v2\/categories?post=10986"},{"taxonomy":"post_tag","embeddable":true,"href":"https:\/\/www.vuosiamaailmalla.fi\/blog\/wp-json\/wp\/v2\/tags?post=10986"}],"curies":[{"name":"wp","href":"https:\/\/api.w.org\/{rel}","templated":true}]}}