{"id":1099,"date":"2009-05-19T21:34:11","date_gmt":"2009-05-20T04:34:11","guid":{"rendered":"http:\/\/13.53.127.146\/?p=1099"},"modified":"2019-03-12T19:55:51","modified_gmt":"2019-03-13T02:55:51","slug":"ortodoksiset-talvihaamme","status":"publish","type":"post","link":"https:\/\/www.vuosiamaailmalla.fi\/blog\/2009\/ortodoksiset-talvihaamme\/","title":{"rendered":"Ortodoksiset talvih\u00e4\u00e4mme"},"content":{"rendered":"<p style=\"text-align: justify;\">Kaksi kuukautta ja kaksi viikkoa on kulunut viime viestist\u00e4ni ja melkoisesti on tapahtunut sittemmin. Tietysti kaikkein suurin asia on viime viestin lopussa lyhyk\u00e4isyydess\u00e4\u00e4n mainittu omat h\u00e4\u00e4mme, joita vietettiin helmikuussa Pohjois-Karjalassa. Mutta ennen noista juhlista kertomista, kerrotaanpa mist\u00e4 kaikki alkoi. \ud83d\ude42<\/p>\n<p style=\"text-align: justify;\">Oikeastaan kaikki juontaa alkunsa vuoden 2004 syksyyn, jolloin olimme Niinan kanssa ensimm\u00e4isell\u00e4 ulkomaanmatkallemme Pietarissa. Olimme olleen tuolloin melkein kaksi vuotta yhdess\u00e4 ja juuri tuolla matkalla tuli annettua Niinalle lupaus menn\u00e4 naimisiin viel\u00e4 t\u00e4m\u00e4n vuosikymmenen aikana. Tuolloin t\u00e4llaisen aikahaarukan antaminen tuntui kaiketi viel\u00e4 turvallisen et\u00e4\u00e4lt\u00e4, mutta niin vaan vuodet vieriv\u00e4t ja koitti kev\u00e4t 2008. Silloisella Irlannin reissullamme aloimme tosissamme puhumaan asiasta ja totesimme, ett\u00e4 valmistelut olisi aloitettava, jos lupauksen aikataulusta haluttiin pit\u00e4\u00e4 kiinni. Ja haluttiinhan sit\u00e4, joten aloimme miettim\u00e4\u00e4n sopivaa p\u00e4iv\u00e4m\u00e4\u00e4r\u00e4\u00e4.<\/p>\n<p><!--more--><\/p>\n<p><em>Aiheeseen liittyen lue my\u00f6s: <a title=\"Elviksen kanssa alttarilla\" href=\"https:\/\/www.vuosiamaailmalla.fi\/?p=9965\"><strong>Elviksen kanssa alttarilla<\/strong><\/a>.<\/em><\/p>\n<p style=\"text-align: justify;\">Kumpikaan meist\u00e4 ei halunnut tyypillisi\u00e4 kes\u00e4h\u00e4it\u00e4, vaan meit\u00e4 kumpaakin miellytti ajatus h\u00e4ist\u00e4 kauniina talvip\u00e4iv\u00e4n\u00e4 keskell\u00e4 Pohjois-Karjalan talvea. Aluksi ajattelimme maaliskuun lopun tarjoavan mahdollisesti kauneimmat kev\u00e4t-talviset kelit, mutta meille k\u00e4vi ilmi ettei vihkitoimitus olisi mahdollista tuolloin, joten peruutimme kuukauden verran syd\u00e4ntalveen p\u00e4in. Uusi ajankohta oli entist\u00e4 passelimpi, sill\u00e4 se ajoittui Etel\u00e4-Suomen hiihtolomaviikolle ja olisi n\u00e4in n\u00e4pp\u00e4rin sen suunnan vieraille.<\/p>\n<p style=\"text-align: justify;\">Pohjois-Karjala oli melkein aina varma valinta h\u00e4iden pitopaikaksi, mutta ei se ihan ainoa vaihtoehto ollut. Kyll\u00e4 Etel\u00e4-Suomeakin (minun kotipuoleni) mietittiin, sek\u00e4 jopa h\u00e4it\u00e4 &#8221;puoliv\u00e4liss\u00e4&#8221;, jolloin matkaa olisi kummallekin suvulle yht\u00e4 lailla. Ihan viimeisimpin\u00e4 vuosinamme t\u00e4\u00e4ll\u00e4 Saksassa, k\u00e4vimme jopa kevytt\u00e4 ajatusleikki\u00e4 h\u00e4iden j\u00e4rjest\u00e4misest\u00e4 t\u00e4\u00e4ll\u00e4, mutta se olisi ollut sangen hankalaa ja my\u00f6skin luonnotonta, koska kummallakaan meist\u00e4 ei ole sen syvemp\u00e4\u00e4 suhdetta Saksaan. Pohjois-Karjalan varma talvi sek\u00e4 Niinan suvun l\u00e4heisyys olivat kuitenkin lopulta ne tekij\u00e4t, joilla sijainti lopulta valittiin. \ud83d\ude42<\/p>\n<p style=\"text-align: justify;\">Jos jokin h\u00e4ihin liittyv\u00e4 oli selv\u00e4\u00e4, niin se ett\u00e4 h\u00e4\u00e4mme olisivat ortodoksiset. Niina on itse ortodoksi ja Suomen ortodoksisen kirkon suurimmat seurakunnat ovat juuri It\u00e4-Suomessa. Ajatus vihkikirkosta puolestaan oli alkanut hautua jo vuoden 2004 tammikuussa (siis jo ennen lupauksia naimisiin menosta), kun k\u00e4vimme Niinan kanssa kerran Liperin Viinij\u00e4rvell\u00e4 ortodoksisessa jumalanpalveluksessa. Viinij\u00e4rven ortodoksinen kirkko on kaunis puurakennus, joka on sis\u00e4lt\u00e4 hyvin arvokkaan n\u00e4k\u00f6inen. Viinij\u00e4rvi on Niinan kotiseurakunnan aluetta ja sit\u00e4 johtaa Niinan perheelle tuttu pappi, joten valinta oli lopulta sangen selv\u00e4.<\/p>\n<p style=\"text-align: center;\"><a href=\"\/blog\/wp-content\/uploads\/2009\/viinijarven_ortodoksinen_kirkko.jpg\" target=\"_blank\" rel=\"noopener noreferrer\"><img decoding=\"async\" style=\"border: 0px none; margin: 5px;\" src=\"\/blog\/wp-content\/uploads\/2009\/thumbs\/thumbs_viinijarven_ortodoksinen_kirkko.jpg\" alt=\"\" \/><\/a><a href=\"\/blog\/wp-content\/uploads\/2009\/kirkko_sisalta.jpg\" target=\"_blank\" rel=\"noopener noreferrer\"><img decoding=\"async\" style=\"border: 0px none; margin: 5px;\" src=\"\/blog\/wp-content\/uploads\/2009\/thumbs\/thumbs_kirkko_sisalta.jpg\" alt=\"\" \/><\/a><\/p>\n<p style=\"text-align: center;\"><em>Viinij\u00e4rven ortodoksinen kirkko<\/em><\/p>\n<p style=\"text-align: justify;\">Juhlapaikan valinta tapahtui v\u00e4h\u00e4n kirkon valinnan tapaan pitk\u00e4n ajan kuluessa. Olimme k\u00e4yneet Polvij\u00e4rvell\u00e4 (noin 30km Joensuusta) sijaitsevassa lomakeskus <em>Huhmarissa<\/em> Joensuun aikoinamme pariinkin otteeseen ja olimme jokaisella kerralla ihailleet paikan kaunista sijaintia H\u00f6yti\u00e4isen rannalla. Erityisen kaunis Huhmarissa on lomakeskuksen noin kymmenen vuotta vanha ravintola <em>Louhi<\/em>, joka on rantakallioon louhittu juhlatila. Huhmarin valintaa puolsi my\u00f6s fakta, ett\u00e4 kyseess\u00e4 on lomakyl\u00e4, joten majoittuminen olisi helppoa Etel\u00e4-Suomen vieraillemme.<\/p>\n<p style=\"text-align: justify;\">Niin h\u00e4iden suunnittelut laitettiin tosissaan k\u00e4yntiin kev\u00e4\u00e4n 2008 aikana ja kirkko varattiin. Vanhemmillemme kerroimme tulevista h\u00e4ist\u00e4 kes\u00e4kuussa Suomessa k\u00e4ydess\u00e4mme ja muut saivat tiet\u00e4\u00e4 joulun tienoilla postitettujen kutsukorttien kautta. Ty\u00f6paikallemme naimisiin menosta kerroimme vasta j\u00e4lkik\u00e4teen, sill\u00e4 emme halunneet aiheuttaa turhaa vouhottamista asian suhteen.<\/p>\n<p style=\"text-align: justify;\">Hirmuinen koristeluiden suunnittelu ja askartelu alkoi Berliinin p\u00e4\u00e4ss\u00e4 kes\u00e4ll\u00e4 ja Niinan apuna h\u00e4\u00e4ri suomalainen ty\u00f6kaveri. My\u00f6s Niinan h\u00e4\u00e4puvun ompelu aloitettiin alkusyksyst\u00e4 berliinil\u00e4isell\u00e4 ompelijalla. T\u00e4ytyy my\u00f6nt\u00e4\u00e4, ett\u00e4 oma osallistumiseni rajoittui viel\u00e4 t\u00e4ss\u00e4 vaiheessa j\u00e4rjestelyjen seuraamiseen, sill\u00e4 niin tehokkaasti askartelukaksikkomme koristeita tehtaili. \ud83d\ude09 Valmisteluja tehtiin toki jokaisen Suomen reissummekin aikana, mutta viimeinen silaus ajoittui tietenkin vasta h\u00e4it\u00e4 edelt\u00e4v\u00e4lle viikolle, jonka vietimme kokonaan Suomessa.<\/p>\n<p style=\"text-align: justify;\">Voi sit\u00e4 viime hetken j\u00e4rjestelyiden m\u00e4\u00e4r\u00e4\u00e4, mit\u00e4 viimeisell\u00e4 viikolla oli teht\u00e4v\u00e4n\u00e4, mutta asiat eteniv\u00e4t hyvin. Oli koemeikki\u00e4 ja -kampausta ja vaikka mit\u00e4, miss\u00e4 morsianta piti kiid\u00e4tt\u00e4\u00e4, sek\u00e4 kaikenlaista j\u00e4rjestelt\u00e4v\u00e4\u00e4. J\u00e4nnitys alkoi konkretisoitua viikon mittaan ja perjantaina sit\u00e4 alkoi ymm\u00e4rt\u00e4\u00e4 miten kaikki tulisi kulkemaan.<\/p>\n<p style=\"text-align: justify;\">Perjantaiaamusta menimme Huhmarille laittamaan juhlapaikan koristukset kuntoon. Istumapaikkojen plaseeraus oli tehty jo aiemmin, joten ty\u00f6ksi j\u00e4i sijoittaa koristeet ja nimikyltit paikalleen, k\u00e4yd\u00e4 l\u00e4pi suunniteltu ohjelmamme sek\u00e4 kokeilla musiikkilaitteiden toimintaa. Apunamme hy\u00f6riv\u00e4t niin Niinan \u00e4iti, nainen Huhmarista sek\u00e4 bestman (lapsuudenkaverini) tytt\u00f6yst\u00e4v\u00e4ns\u00e4 kanssa. Kun juhlapaikan j\u00e4rjestelyt olivat kunnossa, suunnistimme Viinij\u00e4rvelle, jossa tapasimme kaason (Niinan lapsuudenkaveri) sek\u00e4 papin. Papin johdolla kuivaharjoittelimme koko rituaalin l\u00e4pi ja esitimme mielt\u00e4mme vaivaavia kysymyksi\u00e4. Loppuilta menikin sitten p\u00e4iv\u00e4n vaihtumista odottaessa.<\/p>\n<p style=\"text-align: center;\"><a href=\"\/blog\/wp-content\/uploads\/2009\/tarkkaan_valmisteltuja_koristeita.jpg\" target=\"_blank\" rel=\"noopener noreferrer\"><img decoding=\"async\" style=\"border: 0px none; margin: 5px;\" src=\"\/blog\/wp-content\/uploads\/2009\/thumbs\/thumbs_tarkkaan_valmisteltuja_koristeita.jpg\" alt=\"\" \/><\/a><a href=\"\/blog\/wp-content\/uploads\/2009\/tarkkaan_valmisteltuja_koristeita2.jpg\"><img decoding=\"async\" style=\"border: 0px none; margin: 5px;\" src=\"\/blog\/wp-content\/uploads\/2009\/thumbs\/thumbs_tarkkaan_valmisteltuja_koristeita2.jpg\" \/><\/a><\/p>\n<p style=\"text-align: center;\"><em>P\u00f6ytien koristeet paikallaan<\/em><\/p>\n<p style=\"text-align: justify;\">H\u00e4\u00e4p\u00e4iv\u00e4 alkoi heti aamusta siirtym\u00e4ll\u00e4 kampaamolle Joensuuhun, jossa Niina istahti tuoliin kello kahdeksan. Noin kello kymmenen maissa min\u00e4 l\u00e4hdin autolla noutamaan kaasoa, sek\u00e4 Niinalle k\u00e4siin tulevaa kukkariipusta\/h\u00e4\u00e4kimppua Joensuun keskustasta. Kampaamolle palattuamme minutkin pikaisesti siistittiin ja vaihdoin vaatteet. Hieman ennen yht\u00e4toista Niinan pyntt\u00e4\u00e4minen oli valmis (<em>morsian: 3h, sulhanen: 15min<\/em>) ja ajoimme keskustan valokuvausliikkeelle. Siell\u00e4 suoritettiin h\u00e4\u00e4valokuvien otto hyvin ammattimaisissa olosuhteissa tarkkojen ohjeiden kera. T\u00e4ytyy antaa arvoa asiansa osaavalle valokuvaajalle siit\u00e4, miten tarkasti h\u00e4n meit\u00e4 asetteli paikoin luonnottomiinkin asentoihin, jotka kuitenkin lopullisessa kuvassa n\u00e4yttiv\u00e4t niin upeilta. Korostaa t\u00e4ytyy, ett\u00e4 h\u00e4\u00e4kuvia varten puolitoista tuntia poseeraaminen on rankkaa hommaa! \ud83d\ude06<\/p>\n<p style=\"text-align: center;\"><a href=\"\/blog\/wp-content\/uploads\/2009\/kolmen_tunnin_kaunis_tulos.jpg\" target=\"_blank\" rel=\"noopener noreferrer\"><img decoding=\"async\" style=\"border: 0px none; margin: 5px;\" src=\"\/blog\/wp-content\/uploads\/2009\/thumbs\/thumbs_kolmen_tunnin_kaunis_tulos.jpg\" alt=\"\" \/><\/a><\/p>\n<p style=\"text-align: center;\"><em>Kolmen tunnin k\u00e4herryksen kaunis lopputulos<\/em><\/p>\n<p style=\"text-align: justify;\">Kuvauksen j\u00e4lkeen olikin en\u00e4\u00e4n noin tunti siihen, ett\u00e4 vihkitilaisuus Viinij\u00e4rvell\u00e4 alkaisi. T\u00e4ytyy my\u00f6nt\u00e4\u00e4, ett\u00e4 tuon tunnin aikana kohti Viinij\u00e4rve\u00e4 ajaessa alkoi ainakin allekirjoittanutta ensimm\u00e4ist\u00e4 kertaa j\u00e4nnitt\u00e4m\u00e4\u00e4n. Mutta kello kahdelta astuessamme papin johdattamana kirkkoon sukulaistemme keskelle, oli j\u00e4nnitys jo lauennut. Ortodoksiseen vihkimiseen kuuluu monia luterilaisesta eroavia vaiheita. Ihan ensiksi kihlaparin sormukset siunataan ja asetetaan sormiin heti sis\u00e4\u00e4n tultaessa. Parille annetaan my\u00f6s kaksi palavaa tuohusta, joita pidell\u00e4\u00e4n koko toimituksen ajan. Pappi paasaa hetken, jonka j\u00e4lkeen siirryt\u00e4\u00e4n peremm\u00e4lle. Tuolloinkaan pappi ja aviopari eiv\u00e4t ole miss\u00e4\u00e4n omassa yksin\u00e4isyydess\u00e4\u00e4n juhlav\u00e4en edess\u00e4, vaan juhlav\u00e4ki melkeinp\u00e4 ymp\u00e4r\u00f6i heid\u00e4t. Erona luterilaiseen kirkkoon ortodoksisessa kirkossa ei my\u00f6sk\u00e4\u00e4n ole penkkej\u00e4 (toki vanhuksille niit\u00e4 on seinustoilla), vaan kirkkov\u00e4ki seisoo koko tilaisuuden ajan.<\/p>\n<p style=\"text-align: justify;\">Noin kolme varttia kest\u00e4v\u00e4n toimituksen aikana pappi lukee pitki\u00e4 otoksia raamatusta hieman huumaavalla \u00e4\u00e4nell\u00e4 sek\u00e4 rytmill\u00e4 ja kuoro s\u00e4est\u00e4\u00e4 aina v\u00e4lill\u00e4 rukoksia. Noin puoliv\u00e4liss\u00e4 toimitusta suoritetaan niin kutsuttu avioliittoon kruunaus, jossa aviopuolisoiden p\u00e4\u00e4n p\u00e4\u00e4lle asetetaan kruunut. K\u00e4yt\u00e4nn\u00f6ss\u00e4 kaaso ja bestman astuvat t\u00e4ll\u00f6in avioparin taakse ja pitelev\u00e4t kruunuja hieman p\u00e4\u00e4n yl\u00e4puolella seuraavan noin kymmenen minuutin ajan. J\u00e4lleen tulee lis\u00e4\u00e4 rukouksia ja avioparille juotetaan hieman viini\u00e4. Hetken per\u00e4st\u00e4 l\u00e4hdet\u00e4\u00e4n niin kutsuttuihin Jesajan karkeloihin, jossa aviopari ja kruununkantajan kiert\u00e4v\u00e4t evankeliumia papin per\u00e4ss\u00e4 kolme kertaa kuoron laulaessa ylistyst\u00e4. Kauniina yksityiskohtana tuona lauantaip\u00e4iv\u00e4n\u00e4 aurinko pilkahti viiden minuutin ajan juuri t\u00e4ss\u00e4 kohtaa, ik\u00e4\u00e4n kuin onnentoivotuksena meille. Kierrosten j\u00e4lkeen kruunut otetaan pois ja tilaisuus alkaa olla ohi. Aviopari k\u00e4y viel\u00e4 suutelemassa alttaritaulun ikoneita, jonka j\u00e4lkeen pappi puhuu avioparille. T\u00e4m\u00e4n j\u00e4lkeen virallinen osuus on ohi ja vieraat k\u00e4yv\u00e4t onnittelemassa avioparia.<\/p>\n<p style=\"text-align: center;\"><a href=\"\/blog\/wp-content\/uploads\/2009\/kruunattuina_jesajan_karkeloissa.jpg\" target=\"_blank\" rel=\"noopener noreferrer\"><img decoding=\"async\" style=\"border: 0px none; margin: 5px;\" src=\"\/blog\/wp-content\/uploads\/2009\/kruunattuina_jesajan_karkeloissa.jpg\" alt=\"\" \/><\/a><\/p>\n<p style=\"text-align: center;\"><em>Jesajan karkelot menossa<\/em><\/p>\n<p style=\"text-align: justify;\">Huh, se j\u00e4nnitt\u00e4vin osuus olisi sitten ohitse! \ud83d\ude2e Seuraavaksi tietysti poistuttiin kirkon ovista kameroiden r\u00e4iskeess\u00e4 autolle, jolla bestmanin kyyditsem\u00e4n\u00e4 ajeltiin juhlapaikalle. Ajelimme hiljalleen hieman pidemp\u00e4\u00e4 reitti\u00e4, jotta vieraamme ehtiv\u00e4t paikalle ennen meit\u00e4. Autosta astuessamme laitettiin juhlapaikalle soimaan <em>Prinsessa Ruususen h\u00e4\u00e4marssi<\/em>, jonka tahdissa astelimme taputtavan juhlav\u00e4en l\u00e4pi ruokailutilan puolelle. Siell\u00e4 suoritettiin toinen k\u00e4ttely- ja onnittelukierros, jonka j\u00e4lkeen lausuimme kiitossanat vieraille sek\u00e4 toivotimme tervetulleiksi h\u00e4\u00e4juhlaamme. Bestman ja kaaso suorittivat t\u00e4ss\u00e4 vaiheessa my\u00f6s lyhyen vieraiden esittelyn, jossa jokainen esiteltiin parilla lauseella. N\u00e4in toivoaksemme jokainen tiesi hieman kenen l\u00e4hettyvill\u00e4 istui ja ket\u00e4 juhlassa oli paikalla.<\/p>\n<p style=\"text-align: center;\"><a href=\"\/blog\/wp-content\/uploads\/2009\/kirkosta_poistuminen.jpg\"><img decoding=\"async\" style=\"border: 0px none; margin: 5px;\" src=\"\/blog\/wp-content\/uploads\/2009\/kirkosta_poistuminen.jpg\" \/><\/a><\/p>\n<p style=\"text-align: center;\"><em>Kirkosta poistuminen<\/em><\/p>\n<p style=\"text-align: justify;\">Perinteisesti juhlapaikalla h\u00e4\u00e4parille on varattu oma p\u00f6yt\u00e4ns\u00e4, mutta halusimme rikkoa my\u00f6s t\u00e4t\u00e4 perinteist\u00e4 kaavaa istumalla kavereidemme keskuudessa samassa p\u00f6yd\u00e4ss\u00e4. P\u00e4\u00e4dyimme t\u00e4h\u00e4n ihan siksi, ett\u00e4 omassa p\u00f6yd\u00e4ss\u00e4 h\u00e4\u00e4pari on omassa seurassaan ja joutuu joskus ehk\u00e4 seuraamaan juhlav\u00e4en juhlintaa hieman sivusta. Me halusimme keskelle actionia, joten kavereidemme p\u00f6yt\u00e4 oli mielest\u00e4mme paras ratkaisu meille. Muut p\u00f6yd\u00e4t jakautuivat suunnilleen tyyliin &#8221;vanhempien ja l\u00e4himpien sukulaisten p\u00f6yt\u00e4&#8221;, &#8221;Niinan sukulaisten p\u00f6yt\u00e4&#8221; ja &#8221;Klausin sukulaisten + nuorison p\u00f6yt\u00e4&#8221;.<\/p>\n<p style=\"text-align: justify;\">Seuraavat pari tuntia kuluivatkin sitten hyv\u00e4st\u00e4 ruoasta nauttiessa ja harmitella t\u00e4ytyy, ettei tarjolla ollut ruokaa vain jaksanut sy\u00f6d\u00e4 niin paljon kuin herkullista ruokaa olisi tehnyt mieli. Meist\u00e4 ruoka on juhlissa aina parasta ja olimmekin valinneet monia herkkuja tarjolle, p\u00e4\u00e4ruoan ollessa pekoniin k\u00e4\u00e4ritty\u00e4 sorsaa &#8211; nam! \ud83d\ude1b Ruokailun taustalle olimme valinneet rauhallista jazz-musiikkia, tosin hiljaisia hetki\u00e4 ei juhlav\u00e4en keskuudessa tuntunut olevan, vaan juttua piisasi. Ruokien v\u00e4liss\u00e4 my\u00f6s Niinan is\u00e4 piti pienen puheen.<\/p>\n<p style=\"text-align: justify;\">Pari tuntia rauhassa ruokailtuamme siirryttiin ruokailutilasta juhlatilan puolelle, jossa pistettiin juhlav\u00e4en avioparitiet\u00e4mys koville. A-B-C tyylisiss\u00e4 kysymyksiss\u00e4 arvuuteltiin mm. syit\u00e4 Joensuuhun p\u00e4\u00e4tymiseeni (kalakukko on syyllinen), tapaamistamme (ei tapahtunut netiss\u00e4), lukuisia asuinpaikkojamme sek\u00e4 Saksan k\u00e4\u00e4nteit\u00e4, ett\u00e4 <a title=\"H\u00e4\u00e4matka toiselle puolen maapalloa\" href=\"https:\/\/www.vuosiamaailmalla.fi\/?p=2593\">h\u00e4\u00e4matkamme kohdetta<\/a>. Kun oli ensiksi tentattu yleis\u00f6\u00e4, niin kaaso ja bestmanpa laittoivat puolestaan avioparin koville, sill\u00e4 jouduimme vastailemaan kysymyksiin toisistamme. Hyvin hupaisastihan tuo meni, vaikka t\u00e4ysi\u00e4 pisteit\u00e4 ei tainnutkaan ihan tulla.\u00a0 \ud83d\ude33 My\u00f6s kimppu sek\u00e4 sukkanauha suorittivat ilmalentonsa t\u00e4ss\u00e4 vaiheessa.<\/p>\n<p style=\"text-align: center;\"><a href=\"\/blog\/wp-content\/uploads\/2009\/haapari_tiukkojen_kysymysten_keskel.jpg\" target=\"_blank\" rel=\"noopener noreferrer\"><img decoding=\"async\" style=\"border: 0px none; margin: 5px;\" src=\"\/blog\/wp-content\/uploads\/2009\/haapari_tiukkojen_kysymysten_keskel.jpg\" alt=\"\" \/><\/a><\/p>\n<p style=\"text-align: center;\"><em>Visaisia kysymyksi\u00e4 h\u00e4\u00e4parille<\/em><\/p>\n<p style=\"text-align: center;\"><a href=\"\/blog\/wp-content\/uploads\/2009\/haakimpun_heitto.jpg\"><img decoding=\"async\" style=\"border: 0px none; margin: 5px;\" src=\"\/blog\/wp-content\/uploads\/2009\/haakimpun_heitto.jpg\" \/><\/a><\/p>\n<p style=\"text-align: center;\"><em>H\u00e4\u00e4kimpun heitto<\/em><\/p>\n<p style=\"text-align: justify;\">Visailujen j\u00e4lkeen oli h\u00e4\u00e4kakun ja kahvin vuoro. Kakun leikkauksen yhteydess\u00e4 suoritetun polkemisen tuloksesta ei videolta tarkastuksen yhteydess\u00e4k\u00e4\u00e4n saatu selvyytt\u00e4, mutta konsensus lienee ett\u00e4 kyseess\u00e4 oli melkeinp\u00e4 tasapeli. Tai ehk\u00e4 sulhanen oli aivan pikkasen nopeampi, juu juu.\u00a0 8) Kun kakkua oli sulateltu hetken, olikin aika illan viimeiselle numerolle: h\u00e4\u00e4valssille.<\/p>\n<p style=\"text-align: center;\"><a href=\"\/blog\/wp-content\/uploads\/2009\/kakun_leikkaus_ja_tasapeli.jpg\" target=\"_blank\" rel=\"noopener noreferrer\"><img decoding=\"async\" style=\"border: 0px none; margin: 5px;\" src=\"\/blog\/wp-content\/uploads\/2009\/kakun_leikkaus_ja_tasapeli.jpg\" alt=\"\" \/><\/a><\/p>\n<p style=\"text-align: center;\"><em>H\u00e4\u00e4kakun leikkaus<\/em><\/p>\n<p style=\"text-align: justify;\">Kielt\u00e4m\u00e4tt\u00e4 h\u00e4\u00e4valssi on sangen j\u00e4nn\u00e4 paikka, vaikka parkettien partaveitseksi olikin treenattu edelt\u00e4vin\u00e4 viikkoina. Meill\u00e4h\u00e4n oli pohjalla jopa vuodelta 2004 lavatanssikurssi Joensuussa, mutta tuon ajan opetukset oli jo autuaasti unohtuneet. Noh, Berliiniss\u00e4 suoritettiin monena iltana harjoittelua ja lienee naapuri ihmetellyt tanssista natisevaa lattiaa monena iltana. Niin tai n\u00e4in, h\u00e4\u00e4valssimme (perinteinen <em>Akseli ja Elina<\/em>) meni omasta mielest\u00e4mme sek\u00e4 saadun palautteen mukaan ihan hyvin. Helppoa kahden n\u00e4in eri pituisen ihmisen ei ole tanssia, mutta hyv\u00e4 n\u00e4in. \ud83d\ude00<\/p>\n<p style=\"text-align: center;\"><a href=\"\/blog\/wp-content\/uploads\/2009\/sukkanauhan_metsastys.jpg\" target=\"_blank\" rel=\"noopener noreferrer\"><img decoding=\"async\" style=\"border: 0px none; margin: 5px;\" src=\"\/blog\/wp-content\/uploads\/2009\/thumbs\/thumbs_sukkanauhan_metsastys.jpg\" alt=\"\" \/><\/a><\/p>\n<p style=\"text-align: center;\"><em>Sukkanauhan mets\u00e4stys<\/em><\/p>\n<p style=\"text-align: center;\"><a href=\"\/blog\/wp-content\/uploads\/2009\/tanssin_pyorteissa.jpg\" target=\"_blank\" rel=\"noopener noreferrer\"><img decoding=\"async\" style=\"border: 0px none; margin: 5px;\" src=\"\/blog\/wp-content\/uploads\/2009\/tanssin_pyorteissa.jpg\" alt=\"\" \/><\/a><\/p>\n<p style=\"text-align: center;\"><em>H\u00e4\u00e4valssin py\u00f6rteiss\u00e4<\/em><\/p>\n<p style=\"text-align: justify;\">Loppuilta meni juhlav\u00e4elt\u00e4 tanssiessa ja kun tanssi juhlapaikalla lopulta taukosi, siirryimme kavereidemme kanssa viel\u00e4 Huhmarin p\u00e4\u00e4rakennukseen jatkoille. Siell\u00e4 olikin paljon lavatanssiv\u00e4ke\u00e4 paikalla ja saimme paljon onnitteluja tuntemattomilta tanssijoilta. H\u00e4\u00e4p\u00e4iv\u00e4mme p\u00e4\u00e4ttyi y\u00f6ll\u00e4 h\u00e4\u00e4parin rantam\u00f6kkiin nukkumaan k\u00f6mpien, ainutkertainen p\u00e4iv\u00e4 oli ohitse! \ud83d\ude2e<\/p>\n<p style=\"text-align: center;\"><a href=\"\/blog\/wp-content\/uploads\/2009\/kaveriporukka_kasassa.jpg\" target=\"_blank\" rel=\"noopener noreferrer\"><img decoding=\"async\" style=\"border: 0px none; margin: 5px;\" src=\"\/blog\/wp-content\/uploads\/2009\/kaveriporukka_kasassa.jpg\" alt=\"\" \/><\/a><\/p>\n<p style=\"text-align: center;\"><em>Kaveriporukka yhteiskuvassa<\/em><\/p>\n<p style=\"text-align: center;\"><a href=\"\/blog\/wp-content\/uploads\/2009\/vasynyt_mutta_onnellinen_haapari.jpg\" target=\"_blank\" rel=\"noopener noreferrer\"><img decoding=\"async\" style=\"border: 0px none; margin: 5px;\" src=\"\/blog\/wp-content\/uploads\/2009\/thumbs\/thumbs_vasynyt_mutta_onnellinen_haapari.jpg\" alt=\"\" \/><\/a><\/p>\n<p style=\"text-align: center;\"><em>V\u00e4synyt mutta onnellinen h\u00e4\u00e4pari<\/em><\/p>\n<p style=\"text-align: justify;\">Se on hassua, miten h\u00e4iden l\u00e4hestyminen aluksi rasitti ja j\u00e4nnitti, ja miten sen toivoi vain menev\u00e4t nopeasti ohitse, ett\u00e4 p\u00e4\u00e4st\u00e4isiin takaisin arkeen (n\u00e4in ainakin sulhanen ajatteli). Kuitenkin kun se p\u00e4iv\u00e4 tuli, oli se todella upea ja heti sen j\u00e4lkeen iski haikeus siit\u00e4, ett\u00e4 se on sitten ohitse. Ihanana ja t\u00e4ysin onnistuneena tuo p\u00e4iv\u00e4 silti j\u00e4i muistoihimme ja vaikea on uskoa, ett\u00e4 siit\u00e4kin on jo sangen tarkalleen kaksi kuukautta! Niin se aika menee ja vuodet jatkavat vierimist\u00e4\u00e4n.<\/p>\n<p style=\"text-align: justify;\">T\u00e4llaiset olivat siis meid\u00e4n h\u00e4\u00e4mme. Kaikki tosiaan osui nappiin, sill\u00e4 talvi oli kauneimmillaan juuri tuona viikonloppuna. Esimerkiksi lunta oli Joensuun seudulla noin puolimetri\u00e4 ja pakkasta pari astetta. P\u00e4iv\u00e4 oli p\u00e4\u00e4osin talvisen pilvinen, mutta kuten mainittua, aurinko pilkahti lyhyesti kirkkoseremonian lopulla. Paremmin ei olisi voinut sattua.<\/p>\n<p style=\"text-align: justify;\">Pari p\u00e4iv\u00e4\u00e4 h\u00e4iden j\u00e4lkeen palasimme Berliiniin normaaliin arkeen. Ty\u00f6paikalla tietysti saimme viel\u00e4 onnittelut, kun kerroimme asiasta. T\u00e4m\u00e4n j\u00e4lkeen Niina on hoitanut monenlaisia j\u00e4lkij\u00e4rjestelyit\u00e4. On sit\u00e4 vain paljon kaikenlaista, mit\u00e4 sukunime\u00e4\u00e4n vaihtava joutuu tekem\u00e4\u00e4n: uusi ajokortti (Niina saa saksalaisen ajokortin), uusi passi, ilmoitus pankkeihin ja muihin laitoksiin, uusi s\u00e4hk\u00f6postiosoite, ja niin edelleen. Hommaa on paljon, mutta t\u00e4t\u00e4 kirjoittaessa kaikki on tehtyn\u00e4.<\/p>\n<p style=\"text-align: justify;\">Niin ja se h\u00e4\u00e4matka. Juhlav\u00e4en arvattavana oli kolme kohdetta: Suomi, Kanada sek\u00e4 Australia ja Uusi-Seelanti. Pienen\u00e4 h\u00e4m\u00e4yksen\u00e4 kaikki vastaukset olivat oikein t\u00e4n\u00e4 vuonna teht\u00e4viksi matkoiksi, mutta Australia ja Uusi-Seelanti ovat se varsinainen <a title=\"H\u00e4\u00e4matka toiselle puolen maapalloa\" href=\"https:\/\/www.vuosiamaailmalla.fi\/?p=2593\">h\u00e4\u00e4matkakohde<\/a>. Sinne suuntaamme ihan loppuvuodesta (joka on siell\u00e4 loppukev\u00e4tt\u00e4) ja noin nelj\u00e4n viikon aikana aiomme kulkea autolla tuhansia kilometrej\u00e4 n\u00e4it\u00e4 maita ihmetellen ja ihastellen.<\/p>\n<p style=\"text-align: justify;\">Ja kuten sanoin, Suomeen ja Kanadaankin olemme matkaamassa. Suomeen nyt tietenkin tulee parikin kertaa matkattua vuoden aikana, mutta Kanadaan lenn\u00e4mme vain kahden viikon p\u00e4\u00e4st\u00e4 11 p\u00e4iv\u00e4n kev\u00e4tlomalle. Suunnitelmamme on Kanadassa ajaa autolla Torontosta Niagaran putousten ja Montrealin kautta Yhdysvaltoihin Bostoniin, josta sitten lenn\u00e4mme j\u00e4lleen Berliiniin. T\u00e4st\u00e4 ja muista reissuista sek\u00e4 muista kev\u00e4\u00e4n tapahtumista kerron j\u00e4lleen lis\u00e4\u00e4 seuraavissa viesteiss\u00e4ni!<\/p>\n","protected":false},"excerpt":{"rendered":"<p>Kaksi kuukautta ja kaksi viikkoa on kulunut viime viestist\u00e4ni ja melkoisesti on tapahtunut sittemmin. Tietysti kaikkein suurin asia on viime viestin lopussa lyhyk\u00e4isyydess\u00e4\u00e4n mainittu omat h\u00e4\u00e4mme, joita vietettiin helmikuussa Pohjois-Karjalassa. Mutta ennen noista juhlista kertomista, kerrotaanpa mist\u00e4 kaikki alkoi. \ud83d\ude42 Oikeastaan kaikki juontaa alkunsa vuoden 2004 syksyyn, jolloin olimme Niinan kanssa ensimm\u00e4isell\u00e4 ulkomaanmatkallemme Pietarissa. Olimme &hellip; <a href=\"https:\/\/www.vuosiamaailmalla.fi\/blog\/2009\/ortodoksiset-talvihaamme\/\" class=\"more-link\">Jatka lukemista<span class=\"screen-reader-text\"> &#8221;Ortodoksiset talvih\u00e4\u00e4mme&#8221;<\/span><\/a><\/p>\n","protected":false},"author":1,"featured_media":9973,"comment_status":"open","ping_status":"open","sticky":false,"template":"","format":"standard","meta":{"_jetpack_memberships_contains_paid_content":false,"footnotes":""},"categories":[347],"tags":[34,369,366,367,370,198,202,368],"class_list":["post-1099","post","type-post","status-publish","format-standard","has-post-thumbnail","hentry","category-sekalaista","tag-arki","tag-huhmari","tag-haat","tag-ortodoksihaat","tag-polvijarvi","tag-suomi","tag-talvi","tag-viinijarvi"],"jetpack_featured_media_url":"https:\/\/www.vuosiamaailmalla.fi\/blog\/wp-content\/uploads\/haahumua_banner.jpg","jetpack_sharing_enabled":true,"_links":{"self":[{"href":"https:\/\/www.vuosiamaailmalla.fi\/blog\/wp-json\/wp\/v2\/posts\/1099","targetHints":{"allow":["GET"]}}],"collection":[{"href":"https:\/\/www.vuosiamaailmalla.fi\/blog\/wp-json\/wp\/v2\/posts"}],"about":[{"href":"https:\/\/www.vuosiamaailmalla.fi\/blog\/wp-json\/wp\/v2\/types\/post"}],"author":[{"embeddable":true,"href":"https:\/\/www.vuosiamaailmalla.fi\/blog\/wp-json\/wp\/v2\/users\/1"}],"replies":[{"embeddable":true,"href":"https:\/\/www.vuosiamaailmalla.fi\/blog\/wp-json\/wp\/v2\/comments?post=1099"}],"version-history":[{"count":0,"href":"https:\/\/www.vuosiamaailmalla.fi\/blog\/wp-json\/wp\/v2\/posts\/1099\/revisions"}],"wp:featuredmedia":[{"embeddable":true,"href":"https:\/\/www.vuosiamaailmalla.fi\/blog\/wp-json\/wp\/v2\/media\/9973"}],"wp:attachment":[{"href":"https:\/\/www.vuosiamaailmalla.fi\/blog\/wp-json\/wp\/v2\/media?parent=1099"}],"wp:term":[{"taxonomy":"category","embeddable":true,"href":"https:\/\/www.vuosiamaailmalla.fi\/blog\/wp-json\/wp\/v2\/categories?post=1099"},{"taxonomy":"post_tag","embeddable":true,"href":"https:\/\/www.vuosiamaailmalla.fi\/blog\/wp-json\/wp\/v2\/tags?post=1099"}],"curies":[{"name":"wp","href":"https:\/\/api.w.org\/{rel}","templated":true}]}}